{"id":25946,"date":"2022-06-20T17:51:08","date_gmt":"2022-06-20T20:51:08","guid":{"rendered":"https:\/\/verdadeon.com.br\/portal\/?p=25946"},"modified":"2022-06-20T17:51:08","modified_gmt":"2022-06-20T20:51:08","slug":"obras-do-sapucai-mirim-serao-inauguradas-nesta-terca-feira-em-franca","status":"publish","type":"post","link":"https:\/\/verdadeon.com.br\/portal\/2022\/06\/20\/obras-do-sapucai-mirim-serao-inauguradas-nesta-terca-feira-em-franca\/","title":{"rendered":"Obras do Sapuca\u00ed-Mirim ser\u00e3o inauguradas nesta ter\u00e7a-feira em Franca"},"content":{"rendered":"<h2>O evento contar\u00e1 com a presen\u00e7a do governador Rodrigo Garcia, al\u00e9m de diretores da Sabesp<\/h2>\n<p>Ser\u00e1 inaugurada nesta ter\u00e7a-feira (21), em Franca, as obras de capta\u00e7\u00e3o e tratamento da \u00e1gua do rio Sapuca\u00ed Mirim, que v\u00e3o refor\u00e7ar o abastecimento de \u00e1gua na cidade. De acordo com a Sabesp, as obras possuem investimentos de R$ 300 milh\u00f5es, e v\u00e3o beneficiar todos os 360 mil moradores da cidade.<\/p>\n<p>O atual governador de S\u00e3o Paulo, Rodrigo Garcia (PSDB), j\u00e1 confirmou presen\u00e7a, e por enquanto este \u00e9 o \u00fanico compromisso oficial de Garcia na cidade. Existe a expectativa que o pol\u00edtico anuncie a licita\u00e7\u00e3o para a constru\u00e7\u00e3o de um hospital estadual em Franca, promessa que foi feita pelo pr\u00e9-candidato na \u00faltima visita \u00e0 cidade.<\/p>\n<p>Franca est\u00e1 na rota dos pol\u00edticos que pretendem ocupar a cadeira do Pal\u00e1cio dos Bandeirantes, no final de semana, Tarc\u00edsio de Freitas (Republicanos) esteve na cidade, ele se encontrou com representantes do setor cal\u00e7adista, e no s\u00e1bado se reuniu com correligion\u00e1rios.<\/p>\n<p>O ex-ministro do governo Bolsonaro afirmou em entrevista \u00e0 imprensa, que a cidade pode esperar de um poss\u00edvel governo dele incentivo regional, e que tem acompanhado um processo de desindustrializa\u00e7\u00e3o no Estado de S\u00e3o Paulo, que vem perdendo espa\u00e7o, como o cal\u00e7ado por exemplo, para outros estados. &#8220;Isso muito em fun\u00e7\u00e3o da guerra fiscal. Ent\u00e3o, eu acho que a gente tem que mexer nas alavancas da reindustrializa\u00e7\u00e3o, principalmente a quest\u00e3o tribut\u00e1ria, ter uma reformula\u00e7\u00e3o, para que a gente possa trazer os empregos de volta. A gente ter esse polo cal\u00e7adista que pode gerar muitos mais empregos do que est\u00e1 gerando, pode exportar muito mais cal\u00e7ados do que est\u00e1 exportando, sem falar nas outras ind\u00fastrias, a ind\u00fastria de lingerie, tenho certeza que tem um potencial grande pela frente, investindo na infraestrutura, revendo a quest\u00e3o tribut\u00e1ria, investindo em capacita\u00e7\u00e3o profissional, que \u00e9 fundamental&#8221;, afirmou.<\/p>\n<p>Tarc\u00edsio e Rodrigo Garcia travam praticamente uma &#8220;queda de bra\u00e7o&#8221;, sobre a quest\u00e3o do Hospital Regional em Franca, o republicano afirmou que n\u00e3o faria o investimento, que seria mais vi\u00e1vel enviar recursos para a Santa Casa que j\u00e1 possui a estrutura. Ao mesmo tempo, o psdbista tem o hospital como uma das suas principais bandeiras para angariar votos na regi\u00e3o.<\/p>\n<p>Al\u00e9m de Tarc\u00edsio de Freitas e Rodrigo Garcia, Franca recebeu no in\u00edcio do m\u00eas o petista Fernando Haddad, ele esteve na Unesp onde conversou com apoiadores. &#8220;Eu tenho visto muitas empresas saindo daqui e indo pra Minas Gerais, por causa do aumento dos impostos que o governo Rodrigo Garcia patrocinou aqui em S\u00e3o Paulo. A gente tem que rever isso, estamos perdendo muitas oportunidades de emprego. Franca j\u00e1 passou por poucas e boas, a desindustrializa\u00e7\u00e3o dos anos 90, eu acompanhei todo o setor cal\u00e7adista sofrer muito com a concorr\u00eancia estrangeira, mas ela deu a volta por cima, e o Governo do Estado tem que dar apoio para estas regi\u00f5es encontrarem as suas novas voca\u00e7\u00f5es\u201d, disse ao Verdade.<\/p>\n","protected":false},"excerpt":{"rendered":"<p>O evento contar\u00e1 com a presen\u00e7a do governador Rodrigo Garcia, al\u00e9m de diretores da Sabesp Ser\u00e1 inaugurada nesta ter\u00e7a-feira (21), em Franca, as obras de capta\u00e7\u00e3o<span class=\"excerpt-hellip\"> [\u2026]<\/span><\/p>\n","protected":false},"author":7,"featured_media":12139,"comment_status":"open","ping_status":"open","sticky":false,"template":"","format":"standard","meta":{"_jetpack_memberships_contains_paid_content":false,"footnotes":"","jetpack_publicize_message":"","jetpack_publicize_feature_enabled":true,"jetpack_social_post_already_shared":false,"jetpack_social_options":{"image_generator_settings":{"template":"highway","default_image_id":0,"enabled":false},"version":2}},"categories":[28,81],"tags":[],"class_list":["post-25946","post","type-post","status-publish","format-standard","has-post-thumbnail","hentry","category-cotidiano","category-manchete"],"yoast_head":"<!-- This site is optimized with the Yoast SEO plugin v25.6 - https:\/\/yoast.com\/wordpress\/plugins\/seo\/ -->\n<title>Obras do Sapuca\u00ed-Mirim ser\u00e3o inauguradas nesta ter\u00e7a-feira em Franca - VerdadeOn<\/title>\n<meta name=\"robots\" content=\"index, follow, max-snippet:-1, max-image-preview:large, max-video-preview:-1\" \/>\n<link rel=\"canonical\" href=\"https:\/\/verdadeon.com.br\/portal\/2022\/06\/20\/obras-do-sapucai-mirim-serao-inauguradas-nesta-terca-feira-em-franca\/\" \/>\n<meta property=\"og:locale\" content=\"pt_BR\" \/>\n<meta property=\"og:type\" content=\"article\" \/>\n<meta property=\"og:title\" content=\"Obras do Sapuca\u00ed-Mirim ser\u00e3o inauguradas nesta ter\u00e7a-feira em Franca - VerdadeOn\" \/>\n<meta property=\"og:description\" content=\"O evento contar\u00e1 com a presen\u00e7a do governador Rodrigo Garcia, al\u00e9m de diretores da Sabesp Ser\u00e1 inaugurada nesta ter\u00e7a-feira (21), em Franca, as obras de capta\u00e7\u00e3o [\u2026]\" \/>\n<meta property=\"og:url\" content=\"https:\/\/verdadeon.com.br\/portal\/2022\/06\/20\/obras-do-sapucai-mirim-serao-inauguradas-nesta-terca-feira-em-franca\/\" \/>\n<meta property=\"og:site_name\" content=\"VerdadeOn\" \/>\n<meta property=\"article:published_time\" content=\"2022-06-20T20:51:08+00:00\" \/>\n<meta property=\"og:image\" content=\"https:\/\/verdadeon.com.br\/portal\/wp-content\/uploads\/2020\/11\/WhatsApp-Image-2020-11-24-at-11.17.33.jpeg\" \/>\n\t<meta property=\"og:image:width\" content=\"1000\" \/>\n\t<meta property=\"og:image:height\" content=\"670\" \/>\n\t<meta property=\"og:image:type\" content=\"image\/jpeg\" \/>\n<meta name=\"author\" content=\"Fernando Lima\" \/>\n<meta name=\"twitter:card\" content=\"summary_large_image\" \/>\n<meta name=\"twitter:label1\" content=\"Escrito por\" \/>\n\t<meta name=\"twitter:data1\" content=\"Fernando Lima\" \/>\n\t<meta name=\"twitter:label2\" content=\"Est. tempo de leitura\" \/>\n\t<meta name=\"twitter:data2\" content=\"3 minutos\" \/>\n<script type=\"application\/ld+json\" class=\"yoast-schema-graph\">{\"@context\":\"https:\/\/schema.org\",\"@graph\":[{\"@type\":\"WebPage\",\"@id\":\"https:\/\/verdadeon.com.br\/portal\/2022\/06\/20\/obras-do-sapucai-mirim-serao-inauguradas-nesta-terca-feira-em-franca\/\",\"url\":\"https:\/\/verdadeon.com.br\/portal\/2022\/06\/20\/obras-do-sapucai-mirim-serao-inauguradas-nesta-terca-feira-em-franca\/\",\"name\":\"Obras do Sapuca\u00ed-Mirim ser\u00e3o inauguradas nesta ter\u00e7a-feira em Franca - VerdadeOn\",\"isPartOf\":{\"@id\":\"https:\/\/verdadeon.com.br\/portal\/#website\"},\"primaryImageOfPage\":{\"@id\":\"https:\/\/verdadeon.com.br\/portal\/2022\/06\/20\/obras-do-sapucai-mirim-serao-inauguradas-nesta-terca-feira-em-franca\/#primaryimage\"},\"image\":{\"@id\":\"https:\/\/verdadeon.com.br\/portal\/2022\/06\/20\/obras-do-sapucai-mirim-serao-inauguradas-nesta-terca-feira-em-franca\/#primaryimage\"},\"thumbnailUrl\":\"https:\/\/i0.wp.com\/verdadeon.com.br\/portal\/wp-content\/uploads\/2020\/11\/WhatsApp-Image-2020-11-24-at-11.17.33.jpeg?fit=1000%2C670&ssl=1\",\"datePublished\":\"2022-06-20T20:51:08+00:00\",\"author\":{\"@id\":\"https:\/\/verdadeon.com.br\/portal\/#\/schema\/person\/cc32be22b8e8599387c480bc83e1d11a\"},\"breadcrumb\":{\"@id\":\"https:\/\/verdadeon.com.br\/portal\/2022\/06\/20\/obras-do-sapucai-mirim-serao-inauguradas-nesta-terca-feira-em-franca\/#breadcrumb\"},\"inLanguage\":\"pt-BR\",\"potentialAction\":[{\"@type\":\"ReadAction\",\"target\":[\"https:\/\/verdadeon.com.br\/portal\/2022\/06\/20\/obras-do-sapucai-mirim-serao-inauguradas-nesta-terca-feira-em-franca\/\"]}]},{\"@type\":\"ImageObject\",\"inLanguage\":\"pt-BR\",\"@id\":\"https:\/\/verdadeon.com.br\/portal\/2022\/06\/20\/obras-do-sapucai-mirim-serao-inauguradas-nesta-terca-feira-em-franca\/#primaryimage\",\"url\":\"https:\/\/i0.wp.com\/verdadeon.com.br\/portal\/wp-content\/uploads\/2020\/11\/WhatsApp-Image-2020-11-24-at-11.17.33.jpeg?fit=1000%2C670&ssl=1\",\"contentUrl\":\"https:\/\/i0.wp.com\/verdadeon.com.br\/portal\/wp-content\/uploads\/2020\/11\/WhatsApp-Image-2020-11-24-at-11.17.33.jpeg?fit=1000%2C670&ssl=1\",\"width\":1000,\"height\":670,\"caption\":\"Imagem de arquivo mostra obras para capta\u00e7\u00e3o de \u00e1gua no Rio Sapuca\u00ed, na zona sul de Franca | Foto: Divulga\u00e7\u00e3o\"},{\"@type\":\"BreadcrumbList\",\"@id\":\"https:\/\/verdadeon.com.br\/portal\/2022\/06\/20\/obras-do-sapucai-mirim-serao-inauguradas-nesta-terca-feira-em-franca\/#breadcrumb\",\"itemListElement\":[{\"@type\":\"ListItem\",\"position\":1,\"name\":\"In\u00edcio\",\"item\":\"https:\/\/verdadeon.com.br\/portal\/\"},{\"@type\":\"ListItem\",\"position\":2,\"name\":\"Obras do Sapuca\u00ed-Mirim ser\u00e3o inauguradas nesta ter\u00e7a-feira em Franca\"}]},{\"@type\":\"WebSite\",\"@id\":\"https:\/\/verdadeon.com.br\/portal\/#website\",\"url\":\"https:\/\/verdadeon.com.br\/portal\/\",\"name\":\"VerdadeOn\",\"description\":\"Not\u00edcias di\u00e1rias sobre Franca, Regi\u00e3o, Esporte, Cultura, Cotidiano, Colunas. Cobertura nos principais eventos da cidade \u00e9 aqui - Verdadeon Franca\",\"potentialAction\":[{\"@type\":\"SearchAction\",\"target\":{\"@type\":\"EntryPoint\",\"urlTemplate\":\"https:\/\/verdadeon.com.br\/portal\/?s={search_term_string}\"},\"query-input\":{\"@type\":\"PropertyValueSpecification\",\"valueRequired\":true,\"valueName\":\"search_term_string\"}}],\"inLanguage\":\"pt-BR\"},{\"@type\":\"Person\",\"@id\":\"https:\/\/verdadeon.com.br\/portal\/#\/schema\/person\/cc32be22b8e8599387c480bc83e1d11a\",\"name\":\"Fernando Lima\",\"image\":{\"@type\":\"ImageObject\",\"inLanguage\":\"pt-BR\",\"@id\":\"https:\/\/verdadeon.com.br\/portal\/#\/schema\/person\/image\/\",\"url\":\"https:\/\/secure.gravatar.com\/avatar\/df4c8e132080d2b3a4841d5d232045464e0eed11a1d6e43115ca0843d48768d3?s=96&d=mm&r=g\",\"contentUrl\":\"https:\/\/secure.gravatar.com\/avatar\/df4c8e132080d2b3a4841d5d232045464e0eed11a1d6e43115ca0843d48768d3?s=96&d=mm&r=g\",\"caption\":\"Fernando Lima\"},\"sameAs\":[\"http:\/\/verdadeon.com.br\/\"],\"url\":\"https:\/\/verdadeon.com.br\/portal\/author\/fernando-lima\/\"}]}<\/script>\n<!-- \/ Yoast SEO plugin. -->","yoast_head_json":{"title":"Obras do Sapuca\u00ed-Mirim ser\u00e3o inauguradas nesta ter\u00e7a-feira em Franca - VerdadeOn","robots":{"index":"index","follow":"follow","max-snippet":"max-snippet:-1","max-image-preview":"max-image-preview:large","max-video-preview":"max-video-preview:-1"},"canonical":"https:\/\/verdadeon.com.br\/portal\/2022\/06\/20\/obras-do-sapucai-mirim-serao-inauguradas-nesta-terca-feira-em-franca\/","og_locale":"pt_BR","og_type":"article","og_title":"Obras do Sapuca\u00ed-Mirim ser\u00e3o inauguradas nesta ter\u00e7a-feira em Franca - VerdadeOn","og_description":"O evento contar\u00e1 com a presen\u00e7a do governador Rodrigo Garcia, al\u00e9m de diretores da Sabesp Ser\u00e1 inaugurada nesta ter\u00e7a-feira (21), em Franca, as obras de capta\u00e7\u00e3o [\u2026]","og_url":"https:\/\/verdadeon.com.br\/portal\/2022\/06\/20\/obras-do-sapucai-mirim-serao-inauguradas-nesta-terca-feira-em-franca\/","og_site_name":"VerdadeOn","article_published_time":"2022-06-20T20:51:08+00:00","og_image":[{"width":1000,"height":670,"url":"https:\/\/verdadeon.com.br\/portal\/wp-content\/uploads\/2020\/11\/WhatsApp-Image-2020-11-24-at-11.17.33.jpeg","type":"image\/jpeg"}],"author":"Fernando Lima","twitter_card":"summary_large_image","twitter_misc":{"Escrito por":"Fernando Lima","Est. tempo de leitura":"3 minutos"},"schema":{"@context":"https:\/\/schema.org","@graph":[{"@type":"WebPage","@id":"https:\/\/verdadeon.com.br\/portal\/2022\/06\/20\/obras-do-sapucai-mirim-serao-inauguradas-nesta-terca-feira-em-franca\/","url":"https:\/\/verdadeon.com.br\/portal\/2022\/06\/20\/obras-do-sapucai-mirim-serao-inauguradas-nesta-terca-feira-em-franca\/","name":"Obras do Sapuca\u00ed-Mirim ser\u00e3o inauguradas nesta ter\u00e7a-feira em Franca - VerdadeOn","isPartOf":{"@id":"https:\/\/verdadeon.com.br\/portal\/#website"},"primaryImageOfPage":{"@id":"https:\/\/verdadeon.com.br\/portal\/2022\/06\/20\/obras-do-sapucai-mirim-serao-inauguradas-nesta-terca-feira-em-franca\/#primaryimage"},"image":{"@id":"https:\/\/verdadeon.com.br\/portal\/2022\/06\/20\/obras-do-sapucai-mirim-serao-inauguradas-nesta-terca-feira-em-franca\/#primaryimage"},"thumbnailUrl":"https:\/\/i0.wp.com\/verdadeon.com.br\/portal\/wp-content\/uploads\/2020\/11\/WhatsApp-Image-2020-11-24-at-11.17.33.jpeg?fit=1000%2C670&ssl=1","datePublished":"2022-06-20T20:51:08+00:00","author":{"@id":"https:\/\/verdadeon.com.br\/portal\/#\/schema\/person\/cc32be22b8e8599387c480bc83e1d11a"},"breadcrumb":{"@id":"https:\/\/verdadeon.com.br\/portal\/2022\/06\/20\/obras-do-sapucai-mirim-serao-inauguradas-nesta-terca-feira-em-franca\/#breadcrumb"},"inLanguage":"pt-BR","potentialAction":[{"@type":"ReadAction","target":["https:\/\/verdadeon.com.br\/portal\/2022\/06\/20\/obras-do-sapucai-mirim-serao-inauguradas-nesta-terca-feira-em-franca\/"]}]},{"@type":"ImageObject","inLanguage":"pt-BR","@id":"https:\/\/verdadeon.com.br\/portal\/2022\/06\/20\/obras-do-sapucai-mirim-serao-inauguradas-nesta-terca-feira-em-franca\/#primaryimage","url":"https:\/\/i0.wp.com\/verdadeon.com.br\/portal\/wp-content\/uploads\/2020\/11\/WhatsApp-Image-2020-11-24-at-11.17.33.jpeg?fit=1000%2C670&ssl=1","contentUrl":"https:\/\/i0.wp.com\/verdadeon.com.br\/portal\/wp-content\/uploads\/2020\/11\/WhatsApp-Image-2020-11-24-at-11.17.33.jpeg?fit=1000%2C670&ssl=1","width":1000,"height":670,"caption":"Imagem de arquivo mostra obras para capta\u00e7\u00e3o de \u00e1gua no Rio Sapuca\u00ed, na zona sul de Franca | Foto: Divulga\u00e7\u00e3o"},{"@type":"BreadcrumbList","@id":"https:\/\/verdadeon.com.br\/portal\/2022\/06\/20\/obras-do-sapucai-mirim-serao-inauguradas-nesta-terca-feira-em-franca\/#breadcrumb","itemListElement":[{"@type":"ListItem","position":1,"name":"In\u00edcio","item":"https:\/\/verdadeon.com.br\/portal\/"},{"@type":"ListItem","position":2,"name":"Obras do Sapuca\u00ed-Mirim ser\u00e3o inauguradas nesta ter\u00e7a-feira em Franca"}]},{"@type":"WebSite","@id":"https:\/\/verdadeon.com.br\/portal\/#website","url":"https:\/\/verdadeon.com.br\/portal\/","name":"VerdadeOn","description":"Not\u00edcias di\u00e1rias sobre Franca, Regi\u00e3o, Esporte, Cultura, Cotidiano, Colunas. Cobertura nos principais eventos da cidade \u00e9 aqui - Verdadeon Franca","potentialAction":[{"@type":"SearchAction","target":{"@type":"EntryPoint","urlTemplate":"https:\/\/verdadeon.com.br\/portal\/?s={search_term_string}"},"query-input":{"@type":"PropertyValueSpecification","valueRequired":true,"valueName":"search_term_string"}}],"inLanguage":"pt-BR"},{"@type":"Person","@id":"https:\/\/verdadeon.com.br\/portal\/#\/schema\/person\/cc32be22b8e8599387c480bc83e1d11a","name":"Fernando Lima","image":{"@type":"ImageObject","inLanguage":"pt-BR","@id":"https:\/\/verdadeon.com.br\/portal\/#\/schema\/person\/image\/","url":"https:\/\/secure.gravatar.com\/avatar\/df4c8e132080d2b3a4841d5d232045464e0eed11a1d6e43115ca0843d48768d3?s=96&d=mm&r=g","contentUrl":"https:\/\/secure.gravatar.com\/avatar\/df4c8e132080d2b3a4841d5d232045464e0eed11a1d6e43115ca0843d48768d3?s=96&d=mm&r=g","caption":"Fernando Lima"},"sameAs":["http:\/\/verdadeon.com.br\/"],"url":"https:\/\/verdadeon.com.br\/portal\/author\/fernando-lima\/"}]}},"jetpack_publicize_connections":[],"jetpack_featured_media_url":"https:\/\/i0.wp.com\/verdadeon.com.br\/portal\/wp-content\/uploads\/2020\/11\/WhatsApp-Image-2020-11-24-at-11.17.33.jpeg?fit=1000%2C670&ssl=1","jetpack_sharing_enabled":true,"_links":{"self":[{"href":"https:\/\/verdadeon.com.br\/portal\/wp-json\/wp\/v2\/posts\/25946","targetHints":{"allow":["GET"]}}],"collection":[{"href":"https:\/\/verdadeon.com.br\/portal\/wp-json\/wp\/v2\/posts"}],"about":[{"href":"https:\/\/verdadeon.com.br\/portal\/wp-json\/wp\/v2\/types\/post"}],"author":[{"embeddable":true,"href":"https:\/\/verdadeon.com.br\/portal\/wp-json\/wp\/v2\/users\/7"}],"replies":[{"embeddable":true,"href":"https:\/\/verdadeon.com.br\/portal\/wp-json\/wp\/v2\/comments?post=25946"}],"version-history":[{"count":1,"href":"https:\/\/verdadeon.com.br\/portal\/wp-json\/wp\/v2\/posts\/25946\/revisions"}],"predecessor-version":[{"id":25955,"href":"https:\/\/verdadeon.com.br\/portal\/wp-json\/wp\/v2\/posts\/25946\/revisions\/25955"}],"wp:featuredmedia":[{"embeddable":true,"href":"https:\/\/verdadeon.com.br\/portal\/wp-json\/wp\/v2\/media\/12139"}],"wp:attachment":[{"href":"https:\/\/verdadeon.com.br\/portal\/wp-json\/wp\/v2\/media?parent=25946"}],"wp:term":[{"taxonomy":"category","embeddable":true,"href":"https:\/\/verdadeon.com.br\/portal\/wp-json\/wp\/v2\/categories?post=25946"},{"taxonomy":"post_tag","embeddable":true,"href":"https:\/\/verdadeon.com.br\/portal\/wp-json\/wp\/v2\/tags?post=25946"}],"curies":[{"name":"wp","href":"https:\/\/api.w.org\/{rel}","templated":true}]}}