{"id":25943,"date":"2022-06-20T16:17:10","date_gmt":"2022-06-20T19:17:10","guid":{"rendered":"https:\/\/verdadeon.com.br\/portal\/?p=25943"},"modified":"2022-06-20T16:17:10","modified_gmt":"2022-06-20T19:17:10","slug":"manter-essa-coluna-vertebral-da-equipe-e-muito-importante-diz-helinho-sobre-renovacoes","status":"publish","type":"post","link":"https:\/\/verdadeon.com.br\/portal\/2022\/06\/20\/manter-essa-coluna-vertebral-da-equipe-e-muito-importante-diz-helinho-sobre-renovacoes\/","title":{"rendered":"&#8216;Manter essa coluna vertebral da equipe \u00e9 muito importante&#8217;, diz Helinho sobre renova\u00e7\u00f5es"},"content":{"rendered":"<h2>At\u00e9 o momento tr\u00eas atletas j\u00e1 renovaram o v\u00ednculo com o Franca Basquete, Scala, Jonathan Luz e David Jackson<\/h2>\n<p>Fernando Lima<\/p>\n<p>O Sesi Franca Basquete anunciou nesta segunda-feira (20), a renova\u00e7\u00e3o por mais uma temporada, com Santiago Scala, jogador argentino que foi um dos protagonistas da conquista do Novo Basquete Brasil (NBB). O an\u00fancio foi feito atrav\u00e9s das redes sociais do clube.<\/p>\n<p>\u201cO sniper argentino continua defendendo as cores da Capital do Basquete. Na sua estreia no basquete brasileiro, Santiago Scala foi cir\u00fargico e fez chover bola de 3. Agora o argentino vem para mais uma temporada e promete muito mais\u201d, informou o Franca no an\u00fancio.<\/p>\n<p>Esta \u00e9 a terceira renova\u00e7\u00e3o em menos de uma semana anunciada pela equipe francana, que j\u00e1 havia anunciado a renova\u00e7\u00e3o com o norte americano David Jackson al\u00e9m de Jonathan Luz, ambos titulares da conquista in\u00e9dita do NBB.<\/p>\n<p>O t\u00e9cnico do Franca, Helinho Garcia afirmou que al\u00e9m da parte t\u00e9cnica dos atletas, existe todo o entrosamento entre eles. \u201cAl\u00e9m de serem de \u00f3timo n\u00edvel t\u00e9cnico, s\u00e3o jogadores que j\u00e1 demonstraram que se adaptaram \u00e0 cidade, ao estilo de jogo, gostam de jogar um com o outro e um pelo outro, e isso sendo nosso segundo ano juntos, faz muita diferen\u00e7a para que possamos buscar os objetivos que temos pela frente\u201d disse.<\/p>\n<p>Garcia refor\u00e7ou ainda a import\u00e2ncia de manter a mesma base da equipe durante as temporadas, j\u00e1 que vencer campeonatos \u00e9 um trabalho de longo prazo. \u201cEsses jogadores juntos com outros que j\u00e1 tinham mais um ano de contrato, s\u00e3o atletas que j\u00e1 jogaram juntos e trazem muitos benef\u00edcios para a equipe, n\u00e3o s\u00f3 benef\u00edcios de entrosamento, dentro da parte t\u00e1tica, daquilo que \u00e9 pedido, que \u00e9 feito, mas tamb\u00e9m de um gostar do outro, saber das caracter\u00edsticas que o outros t\u00eam, e naturalmente j\u00e1 est\u00e3o mais adaptados, ent\u00e3o manter essa coluna vertebral da equipe \u00e9 muito importante\u201d, finalizou.<\/p>\n<p>O pr\u00f3ximo campeonato do Franca Basquete \u00e9 o Paulista, que estreia no dia 30 de julho, a expectativa \u00e9 que os francanos entrem em quadra no dia 31.<\/p>\n","protected":false},"excerpt":{"rendered":"<p>At\u00e9 o momento tr\u00eas atletas j\u00e1 renovaram o v\u00ednculo com o Franca Basquete, Scala, Jonathan Luz e David Jackson Fernando Lima O Sesi Franca Basquete anunciou<span class=\"excerpt-hellip\"> [\u2026]<\/span><\/p>\n","protected":false},"author":7,"featured_media":21495,"comment_status":"open","ping_status":"open","sticky":false,"template":"","format":"standard","meta":{"_jetpack_memberships_contains_paid_content":false,"footnotes":"","jetpack_publicize_message":"","jetpack_publicize_feature_enabled":true,"jetpack_social_post_already_shared":false,"jetpack_social_options":{"image_generator_settings":{"template":"highway","default_image_id":0,"enabled":false},"version":2}},"categories":[28,81],"tags":[],"class_list":["post-25943","post","type-post","status-publish","format-standard","has-post-thumbnail","hentry","category-cotidiano","category-manchete"],"yoast_head":"<!-- This site is optimized with the Yoast SEO plugin v25.6 - https:\/\/yoast.com\/wordpress\/plugins\/seo\/ -->\n<title>&#039;Manter essa coluna vertebral da equipe \u00e9 muito importante&#039;, diz Helinho sobre renova\u00e7\u00f5es - VerdadeOn<\/title>\n<meta name=\"robots\" content=\"index, follow, max-snippet:-1, max-image-preview:large, max-video-preview:-1\" \/>\n<link rel=\"canonical\" href=\"https:\/\/verdadeon.com.br\/portal\/2022\/06\/20\/manter-essa-coluna-vertebral-da-equipe-e-muito-importante-diz-helinho-sobre-renovacoes\/\" \/>\n<meta property=\"og:locale\" content=\"pt_BR\" \/>\n<meta property=\"og:type\" content=\"article\" \/>\n<meta property=\"og:title\" content=\"&#039;Manter essa coluna vertebral da equipe \u00e9 muito importante&#039;, diz Helinho sobre renova\u00e7\u00f5es - VerdadeOn\" \/>\n<meta property=\"og:description\" content=\"At\u00e9 o momento tr\u00eas atletas j\u00e1 renovaram o v\u00ednculo com o Franca Basquete, Scala, Jonathan Luz e David Jackson Fernando Lima O Sesi Franca Basquete anunciou [\u2026]\" \/>\n<meta property=\"og:url\" content=\"https:\/\/verdadeon.com.br\/portal\/2022\/06\/20\/manter-essa-coluna-vertebral-da-equipe-e-muito-importante-diz-helinho-sobre-renovacoes\/\" \/>\n<meta property=\"og:site_name\" content=\"VerdadeOn\" \/>\n<meta property=\"article:published_time\" content=\"2022-06-20T19:17:10+00:00\" \/>\n<meta property=\"og:image\" content=\"https:\/\/verdadeon.com.br\/portal\/wp-content\/uploads\/2021\/12\/WhatsApp-Image-2021-12-07-at-18.46.11.jpeg\" \/>\n\t<meta property=\"og:image:width\" content=\"1000\" \/>\n\t<meta property=\"og:image:height\" content=\"670\" \/>\n\t<meta property=\"og:image:type\" content=\"image\/jpeg\" \/>\n<meta name=\"author\" content=\"Fernando Lima\" \/>\n<meta name=\"twitter:card\" content=\"summary_large_image\" \/>\n<meta name=\"twitter:label1\" content=\"Escrito por\" \/>\n\t<meta name=\"twitter:data1\" content=\"Fernando Lima\" \/>\n\t<meta name=\"twitter:label2\" content=\"Est. tempo de leitura\" \/>\n\t<meta name=\"twitter:data2\" content=\"2 minutos\" \/>\n<script type=\"application\/ld+json\" class=\"yoast-schema-graph\">{\"@context\":\"https:\/\/schema.org\",\"@graph\":[{\"@type\":\"WebPage\",\"@id\":\"https:\/\/verdadeon.com.br\/portal\/2022\/06\/20\/manter-essa-coluna-vertebral-da-equipe-e-muito-importante-diz-helinho-sobre-renovacoes\/\",\"url\":\"https:\/\/verdadeon.com.br\/portal\/2022\/06\/20\/manter-essa-coluna-vertebral-da-equipe-e-muito-importante-diz-helinho-sobre-renovacoes\/\",\"name\":\"'Manter essa coluna vertebral da equipe \u00e9 muito importante', diz Helinho sobre renova\u00e7\u00f5es - VerdadeOn\",\"isPartOf\":{\"@id\":\"https:\/\/verdadeon.com.br\/portal\/#website\"},\"primaryImageOfPage\":{\"@id\":\"https:\/\/verdadeon.com.br\/portal\/2022\/06\/20\/manter-essa-coluna-vertebral-da-equipe-e-muito-importante-diz-helinho-sobre-renovacoes\/#primaryimage\"},\"image\":{\"@id\":\"https:\/\/verdadeon.com.br\/portal\/2022\/06\/20\/manter-essa-coluna-vertebral-da-equipe-e-muito-importante-diz-helinho-sobre-renovacoes\/#primaryimage\"},\"thumbnailUrl\":\"https:\/\/i0.wp.com\/verdadeon.com.br\/portal\/wp-content\/uploads\/2021\/12\/WhatsApp-Image-2021-12-07-at-18.46.11.jpeg?fit=1000%2C670&ssl=1\",\"datePublished\":\"2022-06-20T19:17:10+00:00\",\"author\":{\"@id\":\"https:\/\/verdadeon.com.br\/portal\/#\/schema\/person\/cc32be22b8e8599387c480bc83e1d11a\"},\"breadcrumb\":{\"@id\":\"https:\/\/verdadeon.com.br\/portal\/2022\/06\/20\/manter-essa-coluna-vertebral-da-equipe-e-muito-importante-diz-helinho-sobre-renovacoes\/#breadcrumb\"},\"inLanguage\":\"pt-BR\",\"potentialAction\":[{\"@type\":\"ReadAction\",\"target\":[\"https:\/\/verdadeon.com.br\/portal\/2022\/06\/20\/manter-essa-coluna-vertebral-da-equipe-e-muito-importante-diz-helinho-sobre-renovacoes\/\"]}]},{\"@type\":\"ImageObject\",\"inLanguage\":\"pt-BR\",\"@id\":\"https:\/\/verdadeon.com.br\/portal\/2022\/06\/20\/manter-essa-coluna-vertebral-da-equipe-e-muito-importante-diz-helinho-sobre-renovacoes\/#primaryimage\",\"url\":\"https:\/\/i0.wp.com\/verdadeon.com.br\/portal\/wp-content\/uploads\/2021\/12\/WhatsApp-Image-2021-12-07-at-18.46.11.jpeg?fit=1000%2C670&ssl=1\",\"contentUrl\":\"https:\/\/i0.wp.com\/verdadeon.com.br\/portal\/wp-content\/uploads\/2021\/12\/WhatsApp-Image-2021-12-07-at-18.46.11.jpeg?fit=1000%2C670&ssl=1\",\"width\":1000,\"height\":670,\"caption\":\"T\u00e9cnico Helinho Garcia foi quem anunciou que Franca sediar\u00e1 a BCLA\"},{\"@type\":\"BreadcrumbList\",\"@id\":\"https:\/\/verdadeon.com.br\/portal\/2022\/06\/20\/manter-essa-coluna-vertebral-da-equipe-e-muito-importante-diz-helinho-sobre-renovacoes\/#breadcrumb\",\"itemListElement\":[{\"@type\":\"ListItem\",\"position\":1,\"name\":\"In\u00edcio\",\"item\":\"https:\/\/verdadeon.com.br\/portal\/\"},{\"@type\":\"ListItem\",\"position\":2,\"name\":\"&#8216;Manter essa coluna vertebral da equipe \u00e9 muito importante&#8217;, diz Helinho sobre renova\u00e7\u00f5es\"}]},{\"@type\":\"WebSite\",\"@id\":\"https:\/\/verdadeon.com.br\/portal\/#website\",\"url\":\"https:\/\/verdadeon.com.br\/portal\/\",\"name\":\"VerdadeOn\",\"description\":\"Not\u00edcias di\u00e1rias sobre Franca, Regi\u00e3o, Esporte, Cultura, Cotidiano, Colunas. Cobertura nos principais eventos da cidade \u00e9 aqui - Verdadeon Franca\",\"potentialAction\":[{\"@type\":\"SearchAction\",\"target\":{\"@type\":\"EntryPoint\",\"urlTemplate\":\"https:\/\/verdadeon.com.br\/portal\/?s={search_term_string}\"},\"query-input\":{\"@type\":\"PropertyValueSpecification\",\"valueRequired\":true,\"valueName\":\"search_term_string\"}}],\"inLanguage\":\"pt-BR\"},{\"@type\":\"Person\",\"@id\":\"https:\/\/verdadeon.com.br\/portal\/#\/schema\/person\/cc32be22b8e8599387c480bc83e1d11a\",\"name\":\"Fernando Lima\",\"image\":{\"@type\":\"ImageObject\",\"inLanguage\":\"pt-BR\",\"@id\":\"https:\/\/verdadeon.com.br\/portal\/#\/schema\/person\/image\/\",\"url\":\"https:\/\/secure.gravatar.com\/avatar\/df4c8e132080d2b3a4841d5d232045464e0eed11a1d6e43115ca0843d48768d3?s=96&d=mm&r=g\",\"contentUrl\":\"https:\/\/secure.gravatar.com\/avatar\/df4c8e132080d2b3a4841d5d232045464e0eed11a1d6e43115ca0843d48768d3?s=96&d=mm&r=g\",\"caption\":\"Fernando Lima\"},\"sameAs\":[\"http:\/\/verdadeon.com.br\/\"],\"url\":\"https:\/\/verdadeon.com.br\/portal\/author\/fernando-lima\/\"}]}<\/script>\n<!-- \/ Yoast SEO plugin. -->","yoast_head_json":{"title":"'Manter essa coluna vertebral da equipe \u00e9 muito importante', diz Helinho sobre renova\u00e7\u00f5es - VerdadeOn","robots":{"index":"index","follow":"follow","max-snippet":"max-snippet:-1","max-image-preview":"max-image-preview:large","max-video-preview":"max-video-preview:-1"},"canonical":"https:\/\/verdadeon.com.br\/portal\/2022\/06\/20\/manter-essa-coluna-vertebral-da-equipe-e-muito-importante-diz-helinho-sobre-renovacoes\/","og_locale":"pt_BR","og_type":"article","og_title":"'Manter essa coluna vertebral da equipe \u00e9 muito importante', diz Helinho sobre renova\u00e7\u00f5es - VerdadeOn","og_description":"At\u00e9 o momento tr\u00eas atletas j\u00e1 renovaram o v\u00ednculo com o Franca Basquete, Scala, Jonathan Luz e David Jackson Fernando Lima O Sesi Franca Basquete anunciou [\u2026]","og_url":"https:\/\/verdadeon.com.br\/portal\/2022\/06\/20\/manter-essa-coluna-vertebral-da-equipe-e-muito-importante-diz-helinho-sobre-renovacoes\/","og_site_name":"VerdadeOn","article_published_time":"2022-06-20T19:17:10+00:00","og_image":[{"width":1000,"height":670,"url":"https:\/\/verdadeon.com.br\/portal\/wp-content\/uploads\/2021\/12\/WhatsApp-Image-2021-12-07-at-18.46.11.jpeg","type":"image\/jpeg"}],"author":"Fernando Lima","twitter_card":"summary_large_image","twitter_misc":{"Escrito por":"Fernando Lima","Est. tempo de leitura":"2 minutos"},"schema":{"@context":"https:\/\/schema.org","@graph":[{"@type":"WebPage","@id":"https:\/\/verdadeon.com.br\/portal\/2022\/06\/20\/manter-essa-coluna-vertebral-da-equipe-e-muito-importante-diz-helinho-sobre-renovacoes\/","url":"https:\/\/verdadeon.com.br\/portal\/2022\/06\/20\/manter-essa-coluna-vertebral-da-equipe-e-muito-importante-diz-helinho-sobre-renovacoes\/","name":"'Manter essa coluna vertebral da equipe \u00e9 muito importante', diz Helinho sobre renova\u00e7\u00f5es - VerdadeOn","isPartOf":{"@id":"https:\/\/verdadeon.com.br\/portal\/#website"},"primaryImageOfPage":{"@id":"https:\/\/verdadeon.com.br\/portal\/2022\/06\/20\/manter-essa-coluna-vertebral-da-equipe-e-muito-importante-diz-helinho-sobre-renovacoes\/#primaryimage"},"image":{"@id":"https:\/\/verdadeon.com.br\/portal\/2022\/06\/20\/manter-essa-coluna-vertebral-da-equipe-e-muito-importante-diz-helinho-sobre-renovacoes\/#primaryimage"},"thumbnailUrl":"https:\/\/i0.wp.com\/verdadeon.com.br\/portal\/wp-content\/uploads\/2021\/12\/WhatsApp-Image-2021-12-07-at-18.46.11.jpeg?fit=1000%2C670&ssl=1","datePublished":"2022-06-20T19:17:10+00:00","author":{"@id":"https:\/\/verdadeon.com.br\/portal\/#\/schema\/person\/cc32be22b8e8599387c480bc83e1d11a"},"breadcrumb":{"@id":"https:\/\/verdadeon.com.br\/portal\/2022\/06\/20\/manter-essa-coluna-vertebral-da-equipe-e-muito-importante-diz-helinho-sobre-renovacoes\/#breadcrumb"},"inLanguage":"pt-BR","potentialAction":[{"@type":"ReadAction","target":["https:\/\/verdadeon.com.br\/portal\/2022\/06\/20\/manter-essa-coluna-vertebral-da-equipe-e-muito-importante-diz-helinho-sobre-renovacoes\/"]}]},{"@type":"ImageObject","inLanguage":"pt-BR","@id":"https:\/\/verdadeon.com.br\/portal\/2022\/06\/20\/manter-essa-coluna-vertebral-da-equipe-e-muito-importante-diz-helinho-sobre-renovacoes\/#primaryimage","url":"https:\/\/i0.wp.com\/verdadeon.com.br\/portal\/wp-content\/uploads\/2021\/12\/WhatsApp-Image-2021-12-07-at-18.46.11.jpeg?fit=1000%2C670&ssl=1","contentUrl":"https:\/\/i0.wp.com\/verdadeon.com.br\/portal\/wp-content\/uploads\/2021\/12\/WhatsApp-Image-2021-12-07-at-18.46.11.jpeg?fit=1000%2C670&ssl=1","width":1000,"height":670,"caption":"T\u00e9cnico Helinho Garcia foi quem anunciou que Franca sediar\u00e1 a BCLA"},{"@type":"BreadcrumbList","@id":"https:\/\/verdadeon.com.br\/portal\/2022\/06\/20\/manter-essa-coluna-vertebral-da-equipe-e-muito-importante-diz-helinho-sobre-renovacoes\/#breadcrumb","itemListElement":[{"@type":"ListItem","position":1,"name":"In\u00edcio","item":"https:\/\/verdadeon.com.br\/portal\/"},{"@type":"ListItem","position":2,"name":"&#8216;Manter essa coluna vertebral da equipe \u00e9 muito importante&#8217;, diz Helinho sobre renova\u00e7\u00f5es"}]},{"@type":"WebSite","@id":"https:\/\/verdadeon.com.br\/portal\/#website","url":"https:\/\/verdadeon.com.br\/portal\/","name":"VerdadeOn","description":"Not\u00edcias di\u00e1rias sobre Franca, Regi\u00e3o, Esporte, Cultura, Cotidiano, Colunas. Cobertura nos principais eventos da cidade \u00e9 aqui - Verdadeon Franca","potentialAction":[{"@type":"SearchAction","target":{"@type":"EntryPoint","urlTemplate":"https:\/\/verdadeon.com.br\/portal\/?s={search_term_string}"},"query-input":{"@type":"PropertyValueSpecification","valueRequired":true,"valueName":"search_term_string"}}],"inLanguage":"pt-BR"},{"@type":"Person","@id":"https:\/\/verdadeon.com.br\/portal\/#\/schema\/person\/cc32be22b8e8599387c480bc83e1d11a","name":"Fernando Lima","image":{"@type":"ImageObject","inLanguage":"pt-BR","@id":"https:\/\/verdadeon.com.br\/portal\/#\/schema\/person\/image\/","url":"https:\/\/secure.gravatar.com\/avatar\/df4c8e132080d2b3a4841d5d232045464e0eed11a1d6e43115ca0843d48768d3?s=96&d=mm&r=g","contentUrl":"https:\/\/secure.gravatar.com\/avatar\/df4c8e132080d2b3a4841d5d232045464e0eed11a1d6e43115ca0843d48768d3?s=96&d=mm&r=g","caption":"Fernando Lima"},"sameAs":["http:\/\/verdadeon.com.br\/"],"url":"https:\/\/verdadeon.com.br\/portal\/author\/fernando-lima\/"}]}},"jetpack_publicize_connections":[],"jetpack_featured_media_url":"https:\/\/i0.wp.com\/verdadeon.com.br\/portal\/wp-content\/uploads\/2021\/12\/WhatsApp-Image-2021-12-07-at-18.46.11.jpeg?fit=1000%2C670&ssl=1","jetpack_sharing_enabled":true,"_links":{"self":[{"href":"https:\/\/verdadeon.com.br\/portal\/wp-json\/wp\/v2\/posts\/25943","targetHints":{"allow":["GET"]}}],"collection":[{"href":"https:\/\/verdadeon.com.br\/portal\/wp-json\/wp\/v2\/posts"}],"about":[{"href":"https:\/\/verdadeon.com.br\/portal\/wp-json\/wp\/v2\/types\/post"}],"author":[{"embeddable":true,"href":"https:\/\/verdadeon.com.br\/portal\/wp-json\/wp\/v2\/users\/7"}],"replies":[{"embeddable":true,"href":"https:\/\/verdadeon.com.br\/portal\/wp-json\/wp\/v2\/comments?post=25943"}],"version-history":[{"count":1,"href":"https:\/\/verdadeon.com.br\/portal\/wp-json\/wp\/v2\/posts\/25943\/revisions"}],"predecessor-version":[{"id":25945,"href":"https:\/\/verdadeon.com.br\/portal\/wp-json\/wp\/v2\/posts\/25943\/revisions\/25945"}],"wp:featuredmedia":[{"embeddable":true,"href":"https:\/\/verdadeon.com.br\/portal\/wp-json\/wp\/v2\/media\/21495"}],"wp:attachment":[{"href":"https:\/\/verdadeon.com.br\/portal\/wp-json\/wp\/v2\/media?parent=25943"}],"wp:term":[{"taxonomy":"category","embeddable":true,"href":"https:\/\/verdadeon.com.br\/portal\/wp-json\/wp\/v2\/categories?post=25943"},{"taxonomy":"post_tag","embeddable":true,"href":"https:\/\/verdadeon.com.br\/portal\/wp-json\/wp\/v2\/tags?post=25943"}],"curies":[{"name":"wp","href":"https:\/\/api.w.org\/{rel}","templated":true}]}}