{"id":25928,"date":"2022-06-18T14:35:34","date_gmt":"2022-06-18T17:35:34","guid":{"rendered":"https:\/\/verdadeon.com.br\/portal\/?p=25928"},"modified":"2022-06-18T14:35:34","modified_gmt":"2022-06-18T17:35:34","slug":"em-encontro-regional-do-republicanos-tarcisio-de-freitas-destaca-planos-para-emprego-educacao-e-seguranca","status":"publish","type":"post","link":"https:\/\/verdadeon.com.br\/portal\/2022\/06\/18\/em-encontro-regional-do-republicanos-tarcisio-de-freitas-destaca-planos-para-emprego-educacao-e-seguranca\/","title":{"rendered":"Em Encontro Regional do Republicanos, Tarc\u00edsio de Freitas destaca planos para emprego, educa\u00e7\u00e3o e seguran\u00e7a"},"content":{"rendered":"<h2>Ex-ministro da Infraestrutura esteve em Franca neste s\u00e1bado (18); evento reuniu ainda os presidentes nacional e estadual do Partido, pr\u00e9-candidatos e apoiadores<\/h2>\n<p><span style=\"font-weight: 400;\">Franca sediou na manh\u00e3 deste s\u00e1bado (18) o Encontro Regional do Republicanos, no sal\u00e3o social do Clube Castelinho. Com bandeiras estampando fotos dos pr\u00e9-candidatos do partido para as elei\u00e7\u00f5es deste ano e apresenta\u00e7\u00e3o da bateria da Escola de Samba Embaixadores da Esta\u00e7\u00e3o, o evento teve clima de campanha e reuniu pol\u00edticos e apoiadores de Franca, Cristais Paulista, Guar\u00e1, Miguel\u00f3polis, S\u00e3o Jos\u00e9 da Bela Vista, S\u00e3o Joaquim da Barra, S\u00e3o Jos\u00e9 do Rio Preto, S\u00e3o Paulo, Guarulhos, Ribeir\u00e3o Preto, Restinga, Pedregulho, Rifaina, entre outras cidades.<\/span><\/p>\n<p><span style=\"font-weight: 400;\">O encontro contou com a presen\u00e7a do presidente nacional do partido, o deputado federal Marcos Pereira; do presidente estadual, S\u00e9rgio Fontellas; do ex-ministro de Infraestrutura do governo Bolsonaro e pr\u00e9-candidato ao Governo de S\u00e3o Paulo, Tarc\u00edsio de Freitas; do ex-prefeito de Franca, Gilson de Souza, e do ex-secret\u00e1rio Estadual de Esportes de S\u00e3o Paulo, Aildo Rodrigues, ambos pr\u00e9-candidatos a deputado estadual; de S\u00e9rgio Granero, coordenador regional do Republicanos em Franca, empres\u00e1rios e outros pol\u00edticos. Convidados para subir ao palco, Jos\u00e9 Carlos Brigag\u00e3o, presidente do Sindifranca (Sindicato da Ind\u00fastria de Cal\u00e7ados de Franca), e o empres\u00e1rio Wayner Machado representaram o setor coureiro-cal\u00e7adista francano.<\/span><\/p>\n<p><span style=\"font-weight: 400;\">\u00c0s 11h, ap\u00f3s ora\u00e7\u00e3o e b\u00ean\u00e7\u00e3o do pastor Isaac Ribeiro, <\/span><span style=\"font-weight: 400;\">pastor evang\u00e9lico e presidente da Assembleia de Deus (Miss\u00e3o) em Franca, e agradecimentos feitos por S\u00e9rgio Granero, Gilson de Souza deu sequ\u00eancia \u00e0s falas do Encontro Regional do Republicanos. \u201c<\/span><span style=\"font-weight: 400;\">Estou muito feliz por fazer parte do Republicanos, pelo trabalho que o partido tem feito no Brasil\u2026 Se a gente n\u00e3o traz um candidato que pensa no nosso povo, na sa\u00fade, no emprego, na educa\u00e7\u00e3o, nos eixos que o munic\u00edpio precisa para o seu desenvolvimento, ficamos para tr\u00e1s. Ent\u00e3o eu pe\u00e7o para voc\u00eas que pensem em tudo isso que estamos falando, porque precisamos de voc\u00eas para fazermos tudo isso para Franca e nossa regi\u00e3o. Muito obrigada a todos voc\u00eas. Temos toda a regi\u00e3o presente, aqui n\u00e3o tem divis\u00e3o, tem que somar, estamos juntos, juntos para uma nova caminhada, se Deus quiser\u201d, <\/span><span style=\"font-weight: 400;\">disse e foi aplaudido.<\/span><\/p>\n<p><span style=\"font-weight: 400;\">Marcos Pereira, presidente nacional do partido, destacou seu trabalho na C\u00e2mara Federal e nos munic\u00edpios da regi\u00e3o, para os quais, segundo informou, ele indicou R$ 60 milh\u00f5es. \u201cSe estamos aqui no meio de um feriado prolongado \u00e9 porque queremos o melhor para o Brasil, e queremos tamb\u00e9m o melhor para o nosso Estado de S\u00e3o Paulo\u2026 Com a proposta que o Republicanos est\u00e1 apresentando para o Estado S\u00e3o Paulo, a partir de 1\u00ba de janeiro de 2023, no dia que o Tarc\u00edsio se sentar na cadeira como governador, n\u00f3s atingiremos os 645 munic\u00edpios de forma republicana, porque n\u00f3s sabemos que uma coisa \u00e9 certa: ele j\u00e1 provou que sabe fazer, fez como ministro, fez como gestor p\u00fablico e far\u00e1 muito mais como governador de S\u00e3o Paulo\u201d, afirmou Marcos Pereira.<\/span><\/p>\n<p><span style=\"font-weight: 400;\">Para fechar os discursos, ap\u00f3s a exibi\u00e7\u00e3o de um v\u00eddeo institucional sobre suas experi\u00eancias pol\u00edticas e realiza\u00e7\u00f5es enquanto ministro da Infraestrutura, Tarc\u00edsio de Freitas falou aos presentes. Ovacionado como governador, ele destacou a\u00e7\u00f5es para gera\u00e7\u00e3o de emprego e recupera\u00e7\u00e3o do vigor da ind\u00fastria cal\u00e7adista francana caso eleito. \u201cO emprego, a partir de agora, tem que ser uma obsess\u00e3o. A equipe econ\u00f4mica que est\u00e1 comigo tem<\/span><span style=\"font-weight: 400;\"> como foco combater o esvaziamento da ind\u00fastria no Estado de S\u00e3o Paulo (<\/span><i><span style=\"font-weight: 400;\">aplausos<\/span><\/i><span style=\"font-weight: 400;\">). Ent\u00e3o, podem ter certeza que as distor\u00e7\u00f5es tribut\u00e1rias, a falta de agressividade e subtra\u00e7\u00e3o dos empregos daqui est\u00e3o com os dias contados. Vamos estimular o florescimento, o ressurgimento das ind\u00fastrias. Franca vai voltar a ser o maior polo cal\u00e7adista do Brasil (<\/span><i><span style=\"font-weight: 400;\">aplausos<\/span><\/i><span style=\"font-weight: 400;\">). N\u00f3s vamos perseguir os 30 mil, 40 mil postos de trabalho a mais. E \u00e9 interessante, quando voc\u00ea diminui a carga (tribut\u00e1ria), voc\u00ea gera mais investimento, se voc\u00ea gera mais investimento, voc\u00ea gera mais emprego e voc\u00ea gera mais arrecada\u00e7\u00e3o\u201d, afirmou o pr\u00e9-candidato ao governo.<\/span><\/p>\n<p><span style=\"font-weight: 400;\">Tarc\u00edsio, que discursou por mais <\/span><span style=\"font-weight: 400;\">de 25 minutos, ressaltou ainda investimentos planejados para a \u00e1rea de infraestrutura, com recupera\u00e7\u00e3o de ramais ferrovi\u00e1rios; reavalia\u00e7\u00e3o dos conv\u00eanios junto a Santas Casas, como a de Franca, e funda\u00e7\u00f5es filantr\u00f3picas; educa\u00e7\u00e3o, com valoriza\u00e7\u00e3o dos profissionais; e pol\u00edticas para melhorar a seguran\u00e7a p\u00fablica. \u201cN\u00e3o d\u00e1 mais para tratar policial como suspeito e bandido como parceiro\u2026 S\u00e3o 350 mil criminosos, que em fun\u00e7\u00e3o dos seus regimes de progress\u00e3o de pena, andam livremente pelas cidades, com uma reincid\u00eancia que beira os 50%. E o Estado resolveu monitorar o bandido? N\u00e3o, monitora o policial. Uma tornozeleira eletr\u00f4nica custa R$ 290, a c\u00e2mera (na farda) dos policiais, R$ 690, quase tr\u00eas vezes mais, eu prefiro monitorar o bandido.\u201d<\/span><\/p>\n<p><span style=\"font-weight: 400;\">Ao final do evento, os pol\u00edticos se dirigiram \u00e0 frente do palco, foram aplaudidos e se dedicaram a <\/span><i><span style=\"font-weight: 400;\">selfies<\/span><\/i><span style=\"font-weight: 400;\"> e fotos com os apoiadores.<\/span><\/p>\n<p>&nbsp;<\/p>\n<p><img data-recalc-dims=\"1\" loading=\"lazy\" decoding=\"async\" class=\"alignnone wp-image-25931 size-large\" src=\"https:\/\/i0.wp.com\/verdadeon.com.br\/portal\/wp-content\/uploads\/2022\/06\/WhatsApp-Image-2022-06-18-at-14.28.21.jpeg?resize=1024%2C498&#038;ssl=1\" alt=\"\" width=\"1024\" height=\"498\" srcset=\"https:\/\/i0.wp.com\/verdadeon.com.br\/portal\/wp-content\/uploads\/2022\/06\/WhatsApp-Image-2022-06-18-at-14.28.21.jpeg?resize=1024%2C498&amp;ssl=1 1024w, https:\/\/i0.wp.com\/verdadeon.com.br\/portal\/wp-content\/uploads\/2022\/06\/WhatsApp-Image-2022-06-18-at-14.28.21.jpeg?resize=300%2C146&amp;ssl=1 300w, https:\/\/i0.wp.com\/verdadeon.com.br\/portal\/wp-content\/uploads\/2022\/06\/WhatsApp-Image-2022-06-18-at-14.28.21.jpeg?resize=768%2C373&amp;ssl=1 768w, https:\/\/i0.wp.com\/verdadeon.com.br\/portal\/wp-content\/uploads\/2022\/06\/WhatsApp-Image-2022-06-18-at-14.28.21.jpeg?resize=260%2C126&amp;ssl=1 260w, https:\/\/i0.wp.com\/verdadeon.com.br\/portal\/wp-content\/uploads\/2022\/06\/WhatsApp-Image-2022-06-18-at-14.28.21.jpeg?resize=50%2C24&amp;ssl=1 50w, https:\/\/i0.wp.com\/verdadeon.com.br\/portal\/wp-content\/uploads\/2022\/06\/WhatsApp-Image-2022-06-18-at-14.28.21.jpeg?resize=150%2C73&amp;ssl=1 150w, https:\/\/i0.wp.com\/verdadeon.com.br\/portal\/wp-content\/uploads\/2022\/06\/WhatsApp-Image-2022-06-18-at-14.28.21.jpeg?w=1280&amp;ssl=1 1280w\" sizes=\"auto, (max-width: 1024px) 100vw, 1024px\" \/> <img data-recalc-dims=\"1\" loading=\"lazy\" decoding=\"async\" class=\"alignnone wp-image-25932 size-large\" src=\"https:\/\/i0.wp.com\/verdadeon.com.br\/portal\/wp-content\/uploads\/2022\/06\/WhatsApp-Image-2022-06-18-at-13.58.55.jpeg?resize=1024%2C497&#038;ssl=1\" alt=\"\" width=\"1024\" height=\"497\" srcset=\"https:\/\/i0.wp.com\/verdadeon.com.br\/portal\/wp-content\/uploads\/2022\/06\/WhatsApp-Image-2022-06-18-at-13.58.55.jpeg?resize=1024%2C497&amp;ssl=1 1024w, https:\/\/i0.wp.com\/verdadeon.com.br\/portal\/wp-content\/uploads\/2022\/06\/WhatsApp-Image-2022-06-18-at-13.58.55.jpeg?resize=300%2C146&amp;ssl=1 300w, https:\/\/i0.wp.com\/verdadeon.com.br\/portal\/wp-content\/uploads\/2022\/06\/WhatsApp-Image-2022-06-18-at-13.58.55.jpeg?resize=768%2C373&amp;ssl=1 768w, https:\/\/i0.wp.com\/verdadeon.com.br\/portal\/wp-content\/uploads\/2022\/06\/WhatsApp-Image-2022-06-18-at-13.58.55.jpeg?resize=1536%2C746&amp;ssl=1 1536w, https:\/\/i0.wp.com\/verdadeon.com.br\/portal\/wp-content\/uploads\/2022\/06\/WhatsApp-Image-2022-06-18-at-13.58.55.jpeg?resize=260%2C126&amp;ssl=1 260w, https:\/\/i0.wp.com\/verdadeon.com.br\/portal\/wp-content\/uploads\/2022\/06\/WhatsApp-Image-2022-06-18-at-13.58.55.jpeg?resize=50%2C24&amp;ssl=1 50w, https:\/\/i0.wp.com\/verdadeon.com.br\/portal\/wp-content\/uploads\/2022\/06\/WhatsApp-Image-2022-06-18-at-13.58.55.jpeg?resize=150%2C73&amp;ssl=1 150w, https:\/\/i0.wp.com\/verdadeon.com.br\/portal\/wp-content\/uploads\/2022\/06\/WhatsApp-Image-2022-06-18-at-13.58.55.jpeg?w=1600&amp;ssl=1 1600w\" sizes=\"auto, (max-width: 1024px) 100vw, 1024px\" \/><\/p>\n<p><img data-recalc-dims=\"1\" loading=\"lazy\" decoding=\"async\" class=\"alignnone wp-image-25934 size-full\" src=\"https:\/\/i0.wp.com\/verdadeon.com.br\/portal\/wp-content\/uploads\/2022\/06\/WhatsApp-Image-2022-06-18-at-13.58.56-1.jpeg?resize=1220%2C592&#038;ssl=1\" alt=\"\" width=\"1220\" height=\"592\" srcset=\"https:\/\/i0.wp.com\/verdadeon.com.br\/portal\/wp-content\/uploads\/2022\/06\/WhatsApp-Image-2022-06-18-at-13.58.56-1.jpeg?w=1600&amp;ssl=1 1600w, https:\/\/i0.wp.com\/verdadeon.com.br\/portal\/wp-content\/uploads\/2022\/06\/WhatsApp-Image-2022-06-18-at-13.58.56-1.jpeg?resize=300%2C146&amp;ssl=1 300w, https:\/\/i0.wp.com\/verdadeon.com.br\/portal\/wp-content\/uploads\/2022\/06\/WhatsApp-Image-2022-06-18-at-13.58.56-1.jpeg?resize=1024%2C497&amp;ssl=1 1024w, https:\/\/i0.wp.com\/verdadeon.com.br\/portal\/wp-content\/uploads\/2022\/06\/WhatsApp-Image-2022-06-18-at-13.58.56-1.jpeg?resize=768%2C373&amp;ssl=1 768w, https:\/\/i0.wp.com\/verdadeon.com.br\/portal\/wp-content\/uploads\/2022\/06\/WhatsApp-Image-2022-06-18-at-13.58.56-1.jpeg?resize=1536%2C746&amp;ssl=1 1536w, https:\/\/i0.wp.com\/verdadeon.com.br\/portal\/wp-content\/uploads\/2022\/06\/WhatsApp-Image-2022-06-18-at-13.58.56-1.jpeg?resize=260%2C126&amp;ssl=1 260w, https:\/\/i0.wp.com\/verdadeon.com.br\/portal\/wp-content\/uploads\/2022\/06\/WhatsApp-Image-2022-06-18-at-13.58.56-1.jpeg?resize=50%2C24&amp;ssl=1 50w, https:\/\/i0.wp.com\/verdadeon.com.br\/portal\/wp-content\/uploads\/2022\/06\/WhatsApp-Image-2022-06-18-at-13.58.56-1.jpeg?resize=150%2C73&amp;ssl=1 150w\" sizes=\"auto, (max-width: 1220px) 100vw, 1220px\" \/><\/p>\n<p>&nbsp;<\/p>\n","protected":false},"excerpt":{"rendered":"<p>Ex-ministro da Infraestrutura esteve em Franca neste s\u00e1bado (18); evento reuniu ainda os presidentes nacional e estadual do Partido, pr\u00e9-candidatos e apoiadores Franca sediou na manh\u00e3<span class=\"excerpt-hellip\"> [\u2026]<\/span><\/p>\n","protected":false},"author":12,"featured_media":25933,"comment_status":"open","ping_status":"open","sticky":false,"template":"","format":"standard","meta":{"_jetpack_memberships_contains_paid_content":false,"footnotes":"","jetpack_publicize_message":"","jetpack_publicize_feature_enabled":true,"jetpack_social_post_already_shared":false,"jetpack_social_options":{"image_generator_settings":{"template":"highway","default_image_id":0,"enabled":false},"version":2}},"categories":[28,81],"tags":[],"class_list":["post-25928","post","type-post","status-publish","format-standard","has-post-thumbnail","hentry","category-cotidiano","category-manchete"],"yoast_head":"<!-- This site is optimized with the Yoast SEO plugin v25.6 - https:\/\/yoast.com\/wordpress\/plugins\/seo\/ -->\n<title>Em Encontro Regional do Republicanos, Tarc\u00edsio de Freitas destaca planos para emprego, educa\u00e7\u00e3o e seguran\u00e7a - VerdadeOn<\/title>\n<meta name=\"robots\" content=\"index, follow, max-snippet:-1, max-image-preview:large, max-video-preview:-1\" \/>\n<link rel=\"canonical\" href=\"https:\/\/verdadeon.com.br\/portal\/2022\/06\/18\/em-encontro-regional-do-republicanos-tarcisio-de-freitas-destaca-planos-para-emprego-educacao-e-seguranca\/\" \/>\n<meta property=\"og:locale\" content=\"pt_BR\" \/>\n<meta property=\"og:type\" content=\"article\" \/>\n<meta property=\"og:title\" content=\"Em Encontro Regional do Republicanos, Tarc\u00edsio de Freitas destaca planos para emprego, educa\u00e7\u00e3o e seguran\u00e7a - VerdadeOn\" \/>\n<meta property=\"og:description\" content=\"Ex-ministro da Infraestrutura esteve em Franca neste s\u00e1bado (18); evento reuniu ainda os presidentes nacional e estadual do Partido, pr\u00e9-candidatos e apoiadores Franca sediou na manh\u00e3 [\u2026]\" \/>\n<meta property=\"og:url\" content=\"https:\/\/verdadeon.com.br\/portal\/2022\/06\/18\/em-encontro-regional-do-republicanos-tarcisio-de-freitas-destaca-planos-para-emprego-educacao-e-seguranca\/\" \/>\n<meta property=\"og:site_name\" content=\"VerdadeOn\" \/>\n<meta property=\"article:published_time\" content=\"2022-06-18T17:35:34+00:00\" \/>\n<meta property=\"og:image\" content=\"https:\/\/verdadeon.com.br\/portal\/wp-content\/uploads\/2022\/06\/WhatsApp-Image-2022-06-18-at-13.58.55-1.jpeg\" \/>\n\t<meta property=\"og:image:width\" content=\"1600\" \/>\n\t<meta property=\"og:image:height\" content=\"777\" \/>\n\t<meta property=\"og:image:type\" content=\"image\/jpeg\" \/>\n<meta name=\"author\" content=\"Nelise Luques\" \/>\n<meta name=\"twitter:card\" content=\"summary_large_image\" \/>\n<meta name=\"twitter:label1\" content=\"Escrito por\" \/>\n\t<meta name=\"twitter:data1\" content=\"Nelise Luques\" \/>\n\t<meta name=\"twitter:label2\" content=\"Est. tempo de leitura\" \/>\n\t<meta name=\"twitter:data2\" content=\"5 minutos\" \/>\n<script type=\"application\/ld+json\" class=\"yoast-schema-graph\">{\"@context\":\"https:\/\/schema.org\",\"@graph\":[{\"@type\":\"WebPage\",\"@id\":\"https:\/\/verdadeon.com.br\/portal\/2022\/06\/18\/em-encontro-regional-do-republicanos-tarcisio-de-freitas-destaca-planos-para-emprego-educacao-e-seguranca\/\",\"url\":\"https:\/\/verdadeon.com.br\/portal\/2022\/06\/18\/em-encontro-regional-do-republicanos-tarcisio-de-freitas-destaca-planos-para-emprego-educacao-e-seguranca\/\",\"name\":\"Em Encontro Regional do Republicanos, Tarc\u00edsio de Freitas destaca planos para emprego, educa\u00e7\u00e3o e seguran\u00e7a - VerdadeOn\",\"isPartOf\":{\"@id\":\"https:\/\/verdadeon.com.br\/portal\/#website\"},\"primaryImageOfPage\":{\"@id\":\"https:\/\/verdadeon.com.br\/portal\/2022\/06\/18\/em-encontro-regional-do-republicanos-tarcisio-de-freitas-destaca-planos-para-emprego-educacao-e-seguranca\/#primaryimage\"},\"image\":{\"@id\":\"https:\/\/verdadeon.com.br\/portal\/2022\/06\/18\/em-encontro-regional-do-republicanos-tarcisio-de-freitas-destaca-planos-para-emprego-educacao-e-seguranca\/#primaryimage\"},\"thumbnailUrl\":\"https:\/\/i0.wp.com\/verdadeon.com.br\/portal\/wp-content\/uploads\/2022\/06\/WhatsApp-Image-2022-06-18-at-13.58.55-1.jpeg?fit=1600%2C777&ssl=1\",\"datePublished\":\"2022-06-18T17:35:34+00:00\",\"author\":{\"@id\":\"https:\/\/verdadeon.com.br\/portal\/#\/schema\/person\/8248726d36015c1916636fabb175d972\"},\"breadcrumb\":{\"@id\":\"https:\/\/verdadeon.com.br\/portal\/2022\/06\/18\/em-encontro-regional-do-republicanos-tarcisio-de-freitas-destaca-planos-para-emprego-educacao-e-seguranca\/#breadcrumb\"},\"inLanguage\":\"pt-BR\",\"potentialAction\":[{\"@type\":\"ReadAction\",\"target\":[\"https:\/\/verdadeon.com.br\/portal\/2022\/06\/18\/em-encontro-regional-do-republicanos-tarcisio-de-freitas-destaca-planos-para-emprego-educacao-e-seguranca\/\"]}]},{\"@type\":\"ImageObject\",\"inLanguage\":\"pt-BR\",\"@id\":\"https:\/\/verdadeon.com.br\/portal\/2022\/06\/18\/em-encontro-regional-do-republicanos-tarcisio-de-freitas-destaca-planos-para-emprego-educacao-e-seguranca\/#primaryimage\",\"url\":\"https:\/\/i0.wp.com\/verdadeon.com.br\/portal\/wp-content\/uploads\/2022\/06\/WhatsApp-Image-2022-06-18-at-13.58.55-1.jpeg?fit=1600%2C777&ssl=1\",\"contentUrl\":\"https:\/\/i0.wp.com\/verdadeon.com.br\/portal\/wp-content\/uploads\/2022\/06\/WhatsApp-Image-2022-06-18-at-13.58.55-1.jpeg?fit=1600%2C777&ssl=1\",\"width\":1600,\"height\":777,\"caption\":\"Tarc\u00edsio de Freitas, ex-ministro da Infraestrutura do governo Bolsonaro e pr\u00e9-candidato ao governo de SP pelo Republicanos, discursa durante Encontro Regional do Partido em Franca neste s\u00e1bado (18): \\\"\u2018Vamos estimular o florescimento, o ressurgimento das ind\u00fastrias. Franca vai voltar a ser o maior polo cal\u00e7adista do Brasil\\\" | Fotos: Jornal Verdade\"},{\"@type\":\"BreadcrumbList\",\"@id\":\"https:\/\/verdadeon.com.br\/portal\/2022\/06\/18\/em-encontro-regional-do-republicanos-tarcisio-de-freitas-destaca-planos-para-emprego-educacao-e-seguranca\/#breadcrumb\",\"itemListElement\":[{\"@type\":\"ListItem\",\"position\":1,\"name\":\"In\u00edcio\",\"item\":\"https:\/\/verdadeon.com.br\/portal\/\"},{\"@type\":\"ListItem\",\"position\":2,\"name\":\"Em Encontro Regional do Republicanos, Tarc\u00edsio de Freitas destaca planos para emprego, educa\u00e7\u00e3o e seguran\u00e7a\"}]},{\"@type\":\"WebSite\",\"@id\":\"https:\/\/verdadeon.com.br\/portal\/#website\",\"url\":\"https:\/\/verdadeon.com.br\/portal\/\",\"name\":\"VerdadeOn\",\"description\":\"Not\u00edcias di\u00e1rias sobre Franca, Regi\u00e3o, Esporte, Cultura, Cotidiano, Colunas. Cobertura nos principais eventos da cidade \u00e9 aqui - Verdadeon Franca\",\"potentialAction\":[{\"@type\":\"SearchAction\",\"target\":{\"@type\":\"EntryPoint\",\"urlTemplate\":\"https:\/\/verdadeon.com.br\/portal\/?s={search_term_string}\"},\"query-input\":{\"@type\":\"PropertyValueSpecification\",\"valueRequired\":true,\"valueName\":\"search_term_string\"}}],\"inLanguage\":\"pt-BR\"},{\"@type\":\"Person\",\"@id\":\"https:\/\/verdadeon.com.br\/portal\/#\/schema\/person\/8248726d36015c1916636fabb175d972\",\"name\":\"Nelise Luques\",\"image\":{\"@type\":\"ImageObject\",\"inLanguage\":\"pt-BR\",\"@id\":\"https:\/\/verdadeon.com.br\/portal\/#\/schema\/person\/image\/\",\"url\":\"https:\/\/secure.gravatar.com\/avatar\/29b2a17f5bcadeb827411b66f48ac13c3e0ecaf5906c0f5745ecc5d41c24eada?s=96&d=mm&r=g\",\"contentUrl\":\"https:\/\/secure.gravatar.com\/avatar\/29b2a17f5bcadeb827411b66f48ac13c3e0ecaf5906c0f5745ecc5d41c24eada?s=96&d=mm&r=g\",\"caption\":\"Nelise Luques\"},\"url\":\"https:\/\/verdadeon.com.br\/portal\/author\/verdade\/\"}]}<\/script>\n<!-- \/ Yoast SEO plugin. -->","yoast_head_json":{"title":"Em Encontro Regional do Republicanos, Tarc\u00edsio de Freitas destaca planos para emprego, educa\u00e7\u00e3o e seguran\u00e7a - VerdadeOn","robots":{"index":"index","follow":"follow","max-snippet":"max-snippet:-1","max-image-preview":"max-image-preview:large","max-video-preview":"max-video-preview:-1"},"canonical":"https:\/\/verdadeon.com.br\/portal\/2022\/06\/18\/em-encontro-regional-do-republicanos-tarcisio-de-freitas-destaca-planos-para-emprego-educacao-e-seguranca\/","og_locale":"pt_BR","og_type":"article","og_title":"Em Encontro Regional do Republicanos, Tarc\u00edsio de Freitas destaca planos para emprego, educa\u00e7\u00e3o e seguran\u00e7a - VerdadeOn","og_description":"Ex-ministro da Infraestrutura esteve em Franca neste s\u00e1bado (18); evento reuniu ainda os presidentes nacional e estadual do Partido, pr\u00e9-candidatos e apoiadores Franca sediou na manh\u00e3 [\u2026]","og_url":"https:\/\/verdadeon.com.br\/portal\/2022\/06\/18\/em-encontro-regional-do-republicanos-tarcisio-de-freitas-destaca-planos-para-emprego-educacao-e-seguranca\/","og_site_name":"VerdadeOn","article_published_time":"2022-06-18T17:35:34+00:00","og_image":[{"width":1600,"height":777,"url":"https:\/\/verdadeon.com.br\/portal\/wp-content\/uploads\/2022\/06\/WhatsApp-Image-2022-06-18-at-13.58.55-1.jpeg","type":"image\/jpeg"}],"author":"Nelise Luques","twitter_card":"summary_large_image","twitter_misc":{"Escrito por":"Nelise Luques","Est. tempo de leitura":"5 minutos"},"schema":{"@context":"https:\/\/schema.org","@graph":[{"@type":"WebPage","@id":"https:\/\/verdadeon.com.br\/portal\/2022\/06\/18\/em-encontro-regional-do-republicanos-tarcisio-de-freitas-destaca-planos-para-emprego-educacao-e-seguranca\/","url":"https:\/\/verdadeon.com.br\/portal\/2022\/06\/18\/em-encontro-regional-do-republicanos-tarcisio-de-freitas-destaca-planos-para-emprego-educacao-e-seguranca\/","name":"Em Encontro Regional do Republicanos, Tarc\u00edsio de Freitas destaca planos para emprego, educa\u00e7\u00e3o e seguran\u00e7a - VerdadeOn","isPartOf":{"@id":"https:\/\/verdadeon.com.br\/portal\/#website"},"primaryImageOfPage":{"@id":"https:\/\/verdadeon.com.br\/portal\/2022\/06\/18\/em-encontro-regional-do-republicanos-tarcisio-de-freitas-destaca-planos-para-emprego-educacao-e-seguranca\/#primaryimage"},"image":{"@id":"https:\/\/verdadeon.com.br\/portal\/2022\/06\/18\/em-encontro-regional-do-republicanos-tarcisio-de-freitas-destaca-planos-para-emprego-educacao-e-seguranca\/#primaryimage"},"thumbnailUrl":"https:\/\/i0.wp.com\/verdadeon.com.br\/portal\/wp-content\/uploads\/2022\/06\/WhatsApp-Image-2022-06-18-at-13.58.55-1.jpeg?fit=1600%2C777&ssl=1","datePublished":"2022-06-18T17:35:34+00:00","author":{"@id":"https:\/\/verdadeon.com.br\/portal\/#\/schema\/person\/8248726d36015c1916636fabb175d972"},"breadcrumb":{"@id":"https:\/\/verdadeon.com.br\/portal\/2022\/06\/18\/em-encontro-regional-do-republicanos-tarcisio-de-freitas-destaca-planos-para-emprego-educacao-e-seguranca\/#breadcrumb"},"inLanguage":"pt-BR","potentialAction":[{"@type":"ReadAction","target":["https:\/\/verdadeon.com.br\/portal\/2022\/06\/18\/em-encontro-regional-do-republicanos-tarcisio-de-freitas-destaca-planos-para-emprego-educacao-e-seguranca\/"]}]},{"@type":"ImageObject","inLanguage":"pt-BR","@id":"https:\/\/verdadeon.com.br\/portal\/2022\/06\/18\/em-encontro-regional-do-republicanos-tarcisio-de-freitas-destaca-planos-para-emprego-educacao-e-seguranca\/#primaryimage","url":"https:\/\/i0.wp.com\/verdadeon.com.br\/portal\/wp-content\/uploads\/2022\/06\/WhatsApp-Image-2022-06-18-at-13.58.55-1.jpeg?fit=1600%2C777&ssl=1","contentUrl":"https:\/\/i0.wp.com\/verdadeon.com.br\/portal\/wp-content\/uploads\/2022\/06\/WhatsApp-Image-2022-06-18-at-13.58.55-1.jpeg?fit=1600%2C777&ssl=1","width":1600,"height":777,"caption":"Tarc\u00edsio de Freitas, ex-ministro da Infraestrutura do governo Bolsonaro e pr\u00e9-candidato ao governo de SP pelo Republicanos, discursa durante Encontro Regional do Partido em Franca neste s\u00e1bado (18): \"\u2018Vamos estimular o florescimento, o ressurgimento das ind\u00fastrias. Franca vai voltar a ser o maior polo cal\u00e7adista do Brasil\" | Fotos: Jornal Verdade"},{"@type":"BreadcrumbList","@id":"https:\/\/verdadeon.com.br\/portal\/2022\/06\/18\/em-encontro-regional-do-republicanos-tarcisio-de-freitas-destaca-planos-para-emprego-educacao-e-seguranca\/#breadcrumb","itemListElement":[{"@type":"ListItem","position":1,"name":"In\u00edcio","item":"https:\/\/verdadeon.com.br\/portal\/"},{"@type":"ListItem","position":2,"name":"Em Encontro Regional do Republicanos, Tarc\u00edsio de Freitas destaca planos para emprego, educa\u00e7\u00e3o e seguran\u00e7a"}]},{"@type":"WebSite","@id":"https:\/\/verdadeon.com.br\/portal\/#website","url":"https:\/\/verdadeon.com.br\/portal\/","name":"VerdadeOn","description":"Not\u00edcias di\u00e1rias sobre Franca, Regi\u00e3o, Esporte, Cultura, Cotidiano, Colunas. Cobertura nos principais eventos da cidade \u00e9 aqui - Verdadeon Franca","potentialAction":[{"@type":"SearchAction","target":{"@type":"EntryPoint","urlTemplate":"https:\/\/verdadeon.com.br\/portal\/?s={search_term_string}"},"query-input":{"@type":"PropertyValueSpecification","valueRequired":true,"valueName":"search_term_string"}}],"inLanguage":"pt-BR"},{"@type":"Person","@id":"https:\/\/verdadeon.com.br\/portal\/#\/schema\/person\/8248726d36015c1916636fabb175d972","name":"Nelise Luques","image":{"@type":"ImageObject","inLanguage":"pt-BR","@id":"https:\/\/verdadeon.com.br\/portal\/#\/schema\/person\/image\/","url":"https:\/\/secure.gravatar.com\/avatar\/29b2a17f5bcadeb827411b66f48ac13c3e0ecaf5906c0f5745ecc5d41c24eada?s=96&d=mm&r=g","contentUrl":"https:\/\/secure.gravatar.com\/avatar\/29b2a17f5bcadeb827411b66f48ac13c3e0ecaf5906c0f5745ecc5d41c24eada?s=96&d=mm&r=g","caption":"Nelise Luques"},"url":"https:\/\/verdadeon.com.br\/portal\/author\/verdade\/"}]}},"jetpack_publicize_connections":[],"jetpack_featured_media_url":"https:\/\/i0.wp.com\/verdadeon.com.br\/portal\/wp-content\/uploads\/2022\/06\/WhatsApp-Image-2022-06-18-at-13.58.55-1.jpeg?fit=1600%2C777&ssl=1","jetpack_sharing_enabled":true,"_links":{"self":[{"href":"https:\/\/verdadeon.com.br\/portal\/wp-json\/wp\/v2\/posts\/25928","targetHints":{"allow":["GET"]}}],"collection":[{"href":"https:\/\/verdadeon.com.br\/portal\/wp-json\/wp\/v2\/posts"}],"about":[{"href":"https:\/\/verdadeon.com.br\/portal\/wp-json\/wp\/v2\/types\/post"}],"author":[{"embeddable":true,"href":"https:\/\/verdadeon.com.br\/portal\/wp-json\/wp\/v2\/users\/12"}],"replies":[{"embeddable":true,"href":"https:\/\/verdadeon.com.br\/portal\/wp-json\/wp\/v2\/comments?post=25928"}],"version-history":[{"count":1,"href":"https:\/\/verdadeon.com.br\/portal\/wp-json\/wp\/v2\/posts\/25928\/revisions"}],"predecessor-version":[{"id":25935,"href":"https:\/\/verdadeon.com.br\/portal\/wp-json\/wp\/v2\/posts\/25928\/revisions\/25935"}],"wp:featuredmedia":[{"embeddable":true,"href":"https:\/\/verdadeon.com.br\/portal\/wp-json\/wp\/v2\/media\/25933"}],"wp:attachment":[{"href":"https:\/\/verdadeon.com.br\/portal\/wp-json\/wp\/v2\/media?parent=25928"}],"wp:term":[{"taxonomy":"category","embeddable":true,"href":"https:\/\/verdadeon.com.br\/portal\/wp-json\/wp\/v2\/categories?post=25928"},{"taxonomy":"post_tag","embeddable":true,"href":"https:\/\/verdadeon.com.br\/portal\/wp-json\/wp\/v2\/tags?post=25928"}],"curies":[{"name":"wp","href":"https:\/\/api.w.org\/{rel}","templated":true}]}}