{"id":25905,"date":"2022-06-17T16:05:54","date_gmt":"2022-06-17T19:05:54","guid":{"rendered":"https:\/\/verdadeon.com.br\/portal\/?p=25905"},"modified":"2022-06-17T16:05:54","modified_gmt":"2022-06-17T19:05:54","slug":"franca-e-regiao-abrem-concursos-publicos-salarios-ultrapassam-r-5-mil","status":"publish","type":"post","link":"https:\/\/verdadeon.com.br\/portal\/2022\/06\/17\/franca-e-regiao-abrem-concursos-publicos-salarios-ultrapassam-r-5-mil\/","title":{"rendered":"Franca e regi\u00e3o abrem concursos p\u00fablicos, sal\u00e1rios ultrapassam R$ 5 mil"},"content":{"rendered":"<h2>Rifaina e Franca v\u00e3o realizar sele\u00e7\u00f5es para contrata\u00e7\u00e3o imediata e cadastro de reserva<\/h2>\n<p>A Prefeitura de Rifaina lan\u00e7ou edital para concurso p\u00fablico, e vai contratar mais de 20 profissionais em diferentes \u00e1reas. As vagas v\u00e3o desde motorista a at\u00e9 professores. Os sal\u00e1rios variam entre R$1.608, a at\u00e9 R$ 5.246.<\/p>\n<p>De acordo com o comunicado, o concurso compreender\u00e1 avalia\u00e7\u00e3o de conhecimentos atrav\u00e9s de aplica\u00e7\u00e3o de prova objetiva, prova pr\u00e1tica e prova pr\u00e1tica\/discursiva, de acordo com as peculiaridades, e especificidades de cada cargo, ou seja, para motorista por exemplo, ser\u00e1 necess\u00e1ria a prova pr\u00e1tica.<\/p>\n<p>A prova escrita ser\u00e1 aplicada no dia 21 de agosto em Rifaina\/SP, com in\u00edcio \u00e1s 09h \u00e0s 12:00h<\/p>\n<p>Confira os cargos, os sal\u00e1rios e a quantidade de vagas para cada modalidade:<\/p>\n<p>&nbsp;<\/p>\n<table>\n<tbody>\n<tr>\n<td width=\"208\">Cargo<\/td>\n<td width=\"198\">Sal\u00e1rio<\/td>\n<td width=\"160\">Quantidade de vagas<\/td>\n<\/tr>\n<tr>\n<td width=\"208\">Motorista<\/td>\n<td width=\"198\">R$ 1.947,30<\/td>\n<td width=\"160\">3<\/td>\n<\/tr>\n<tr>\n<td width=\"208\">Operador de M\u00e1quina<\/td>\n<td width=\"198\">R$ 2.285,98<\/td>\n<td width=\"160\">1<\/td>\n<\/tr>\n<tr>\n<td width=\"208\">Agente comunit\u00e1rio de Sa\u00fade<\/td>\n<td width=\"198\">R$ 1705,93<\/td>\n<td width=\"160\">2<\/td>\n<\/tr>\n<tr>\n<td width=\"208\">Agente de controle de vetores<\/td>\n<td width=\"198\">R$ 1.608,64<\/td>\n<td width=\"160\">1<\/td>\n<\/tr>\n<tr>\n<td width=\"208\">Assistente Social<\/td>\n<td width=\"198\">R$ 2.793,97<\/td>\n<td width=\"160\">2<\/td>\n<\/tr>\n<tr>\n<td width=\"208\">T\u00e9cnico de enfermagem<\/td>\n<td width=\"198\">R$ 1.947,30<\/td>\n<td width=\"160\">4<\/td>\n<\/tr>\n<tr>\n<td width=\"208\">Enfermeiro<\/td>\n<td width=\"198\">R$ 2.793,97<\/td>\n<td width=\"160\">3<\/td>\n<\/tr>\n<tr>\n<td width=\"208\">Fiscal Municipal<\/td>\n<td width=\"198\">R$ 2.412,96<\/td>\n<td width=\"160\">1<\/td>\n<\/tr>\n<tr>\n<td width=\"208\">Auditor Fiscal Tribut\u00e1rio Municipal<\/td>\n<td width=\"198\">R$ 5.246,71<\/td>\n<td width=\"160\">1<\/td>\n<\/tr>\n<tr>\n<td width=\"208\">Fonoaudi\u00f3logo<\/td>\n<td width=\"198\">R$ 2.793,97<\/td>\n<td width=\"160\">1<\/td>\n<\/tr>\n<tr>\n<td width=\"208\">Nutricionista<\/td>\n<td width=\"198\">R$ 2.793,97<\/td>\n<td width=\"160\">1<\/td>\n<\/tr>\n<tr>\n<td width=\"208\">Psic\u00f3logo<\/td>\n<td width=\"198\">R$2.793,97<\/td>\n<td width=\"160\">2<\/td>\n<\/tr>\n<tr>\n<td width=\"208\">Professor de Educa\u00e7\u00e3o B\u00e1sica- Educa\u00e7\u00e3o F\u00edsica<\/p>\n<p>&nbsp;<\/td>\n<td width=\"198\">R$ 3.195,12<\/td>\n<td width=\"160\">1<\/td>\n<\/tr>\n<\/tbody>\n<\/table>\n<p>&nbsp;<\/p>\n<p>As inscri\u00e7\u00f5es para o Concurso P\u00fablico estar\u00e3o abertas durante o per\u00edodo de 17 de junho de 2022 a 17 de julho de 2022, exclusivamente via internet atrav\u00e9s do endere\u00e7o eletr\u00f4nico https:\/\/portal.agenciatubazul.com.br\/<\/p>\n<p>Inscri\u00e7\u00e3o com pedido de vaga reservada (PcD) at\u00e9 primeiro de julho, mesmo prazo para o pedido de condi\u00e7\u00e3o especial para a realiza\u00e7\u00e3o da prova escrita\/objetiva.<\/p>\n<p>Para os cargos de N\u00edvel Superior, a taxa \u00e9 de R$ 120, para os de n\u00edvel m\u00e9dio, t\u00e9cnico, R$ 100, j\u00e1 para os cargos de n\u00edvel fundamental\/ alfabetizado R$70.<\/p>\n<p>A recomenda\u00e7\u00e3o \u00e9 para que os candidatos compare\u00e7am ao local da prova com anteced\u00eancia de 30 minutos, as orienta\u00e7\u00f5es sobre sala e pr\u00e9dio onde a mesma ser\u00e1 aplicada, ser\u00e1 avisado com anteced\u00eancia. \u201cOs port\u00f5es de acesso ao local da realiza\u00e7\u00e3o da prova objetiva ser\u00e3o fechados pontualmente 10 min antes do in\u00edcio da prova, n\u00e3o sendo permitida a entrada de nenhum candidato ap\u00f3s este hor\u00e1rio. Para fins de identifica\u00e7\u00e3o dos candidatos, dever\u00e3o comparecer no dia da prova com documento com foto, preferencialmente, Carteira de Identidade \u2013 RG; carteiras expedidas pelos \u00f3rg\u00e3os fiscalizadores de exerc\u00edcio profissional (ordens, conselhos etc.); passaporte; carteira de trabalho ou Carteira Nacional de Habilita\u00e7\u00e3o (somente o modelo com foto)\u201d, informou a Prefeitura.<\/p>\n<h4>Franca<\/h4>\n<p>A C\u00e2mara Municipal de Franca tamb\u00e9m realiza concurso p\u00fablico para vagas e forma\u00e7\u00e3o de cadastro de reserva. As vagas s\u00e3o para candidatos com n\u00edvel fundamental, m\u00e9dio\/t\u00e9cnico e superior. Os sal\u00e1rios variam entre R$ 1.796,20 e R$ 4.870,82 de acordo com o cargo. O regime jur\u00eddico dos cargos ser\u00e1 o da Consolida\u00e7\u00e3o das Leis de Trabalho (CLT) e as cargas hor\u00e1rias de trabalho tamb\u00e9m variam de 20h a 40h semanais.<\/p>\n<p>O concurso ser\u00e1 realizado pelo\u00a0Instituto Brasileiro de Forma\u00e7\u00e3o e Capacita\u00e7\u00e3o \u2013 IBFC\u00a0e ter\u00e1 validade por 2 anos a contar da data da publica\u00e7\u00e3o da homologa\u00e7\u00e3o do resultado final, podendo ser prorrogado, uma vez, por igual per\u00edodo. De acordo com edital, uma vaga ser\u00e1 para preenchimento imediato no cargo de motorista. Entre os requisitos exigidos est\u00e3o: Certificado de Ensino Fundamental Completo, tr\u00eas anos de experi\u00eancia e Carteira Nacional de Habilita\u00e7\u00e3o (CNH) nas categorias \u2018A\u2019 e \u2018B\u2019.<\/p>\n<p>Para os demais cargos de n\u00edvel m\u00e9dio como, por exemplo, Assistente Cont\u00e1bil, Oficial Legislativo, Recepcionista, Telefonista, T\u00e9cnico em Manuten\u00e7\u00e3o Hardware, e para os de n\u00edvel superior, Advogado, Analista Legislativo e Contador, s\u00e3o para cadastro de reserva.<\/p>\n<p>Ainda de acordo com as regras, \u00e0s pessoas com defici\u00eancia \u00e9 assegurado o percentual de 5% (cinco por cento) das vagas existentes ou das que vierem a surgir no prazo de validade deste Concurso P\u00fablico, nos termos da Lei municipal n\u00ba 5.234\/1999.<\/p>\n<p>Para pessoas negras \u00e9 assegurado o percentual de 20% (vinte por cento) das vagas existentes ou das que vierem a surgir no prazo de validade deste Concurso P\u00fablico, nos termos da Lei municipal n\u00ba 9.129\/2022.<\/p>\n<p>O valor da taxa de inscri\u00e7\u00e3o ser\u00e1 de R$ 40 para o cargo de N\u00edvel Fundamental, R$ 50 para os cargos de N\u00edvel M\u00e9dio\/T\u00e9cnico e R$ 65 para os cargos de N\u00edvel Superior.<\/p>\n<p>O cronograma ainda prev\u00ea os prazos para pedidos de isen\u00e7\u00e3o do valor da taxa de inscri\u00e7\u00e3o, apresenta\u00e7\u00e3o de documentos e laudos m\u00e9dicos (Pessoas com Defici\u00eancia \u2013 PCD e Atendimento Especial), convoca\u00e7\u00e3o para prova objetiva, divulga\u00e7\u00e3o dos locais de provas e data da prova.<\/p>\n","protected":false},"excerpt":{"rendered":"<p>Rifaina e Franca v\u00e3o realizar sele\u00e7\u00f5es para contrata\u00e7\u00e3o imediata e cadastro de reserva A Prefeitura de Rifaina lan\u00e7ou edital para concurso p\u00fablico, e vai contratar mais<span class=\"excerpt-hellip\"> [\u2026]<\/span><\/p>\n","protected":false},"author":7,"featured_media":8263,"comment_status":"open","ping_status":"open","sticky":false,"template":"","format":"standard","meta":{"_jetpack_memberships_contains_paid_content":false,"footnotes":"","jetpack_publicize_message":"","jetpack_publicize_feature_enabled":true,"jetpack_social_post_already_shared":false,"jetpack_social_options":{"image_generator_settings":{"template":"highway","default_image_id":0,"enabled":false},"version":2}},"categories":[28,81],"tags":[],"class_list":["post-25905","post","type-post","status-publish","format-standard","has-post-thumbnail","hentry","category-cotidiano","category-manchete"],"yoast_head":"<!-- This site is optimized with the Yoast SEO plugin v25.6 - https:\/\/yoast.com\/wordpress\/plugins\/seo\/ -->\n<title>Franca e regi\u00e3o abrem concursos p\u00fablicos, sal\u00e1rios ultrapassam R$ 5 mil - VerdadeOn<\/title>\n<meta name=\"robots\" content=\"index, follow, max-snippet:-1, max-image-preview:large, max-video-preview:-1\" \/>\n<link rel=\"canonical\" href=\"https:\/\/verdadeon.com.br\/portal\/2022\/06\/17\/franca-e-regiao-abrem-concursos-publicos-salarios-ultrapassam-r-5-mil\/\" \/>\n<meta property=\"og:locale\" content=\"pt_BR\" \/>\n<meta property=\"og:type\" content=\"article\" \/>\n<meta property=\"og:title\" content=\"Franca e regi\u00e3o abrem concursos p\u00fablicos, sal\u00e1rios ultrapassam R$ 5 mil - VerdadeOn\" \/>\n<meta property=\"og:description\" content=\"Rifaina e Franca v\u00e3o realizar sele\u00e7\u00f5es para contrata\u00e7\u00e3o imediata e cadastro de reserva A Prefeitura de Rifaina lan\u00e7ou edital para concurso p\u00fablico, e vai contratar mais [\u2026]\" \/>\n<meta property=\"og:url\" content=\"https:\/\/verdadeon.com.br\/portal\/2022\/06\/17\/franca-e-regiao-abrem-concursos-publicos-salarios-ultrapassam-r-5-mil\/\" \/>\n<meta property=\"og:site_name\" content=\"VerdadeOn\" \/>\n<meta property=\"article:published_time\" content=\"2022-06-17T19:05:54+00:00\" \/>\n<meta property=\"og:image\" content=\"https:\/\/verdadeon.com.br\/portal\/wp-content\/uploads\/2020\/06\/WhatsApp-Image-2020-06-25-at-19.39.27.jpeg\" \/>\n\t<meta property=\"og:image:width\" content=\"1000\" \/>\n\t<meta property=\"og:image:height\" content=\"670\" \/>\n\t<meta property=\"og:image:type\" content=\"image\/jpeg\" \/>\n<meta name=\"author\" content=\"Fernando Lima\" \/>\n<meta name=\"twitter:card\" content=\"summary_large_image\" \/>\n<meta name=\"twitter:label1\" content=\"Escrito por\" \/>\n\t<meta name=\"twitter:data1\" content=\"Fernando Lima\" \/>\n\t<meta name=\"twitter:label2\" content=\"Est. tempo de leitura\" \/>\n\t<meta name=\"twitter:data2\" content=\"5 minutos\" \/>\n<script type=\"application\/ld+json\" class=\"yoast-schema-graph\">{\"@context\":\"https:\/\/schema.org\",\"@graph\":[{\"@type\":\"WebPage\",\"@id\":\"https:\/\/verdadeon.com.br\/portal\/2022\/06\/17\/franca-e-regiao-abrem-concursos-publicos-salarios-ultrapassam-r-5-mil\/\",\"url\":\"https:\/\/verdadeon.com.br\/portal\/2022\/06\/17\/franca-e-regiao-abrem-concursos-publicos-salarios-ultrapassam-r-5-mil\/\",\"name\":\"Franca e regi\u00e3o abrem concursos p\u00fablicos, sal\u00e1rios ultrapassam R$ 5 mil - VerdadeOn\",\"isPartOf\":{\"@id\":\"https:\/\/verdadeon.com.br\/portal\/#website\"},\"primaryImageOfPage\":{\"@id\":\"https:\/\/verdadeon.com.br\/portal\/2022\/06\/17\/franca-e-regiao-abrem-concursos-publicos-salarios-ultrapassam-r-5-mil\/#primaryimage\"},\"image\":{\"@id\":\"https:\/\/verdadeon.com.br\/portal\/2022\/06\/17\/franca-e-regiao-abrem-concursos-publicos-salarios-ultrapassam-r-5-mil\/#primaryimage\"},\"thumbnailUrl\":\"https:\/\/i0.wp.com\/verdadeon.com.br\/portal\/wp-content\/uploads\/2020\/06\/WhatsApp-Image-2020-06-25-at-19.39.27.jpeg?fit=1000%2C670&ssl=1\",\"datePublished\":\"2022-06-17T19:05:54+00:00\",\"author\":{\"@id\":\"https:\/\/verdadeon.com.br\/portal\/#\/schema\/person\/cc32be22b8e8599387c480bc83e1d11a\"},\"breadcrumb\":{\"@id\":\"https:\/\/verdadeon.com.br\/portal\/2022\/06\/17\/franca-e-regiao-abrem-concursos-publicos-salarios-ultrapassam-r-5-mil\/#breadcrumb\"},\"inLanguage\":\"pt-BR\",\"potentialAction\":[{\"@type\":\"ReadAction\",\"target\":[\"https:\/\/verdadeon.com.br\/portal\/2022\/06\/17\/franca-e-regiao-abrem-concursos-publicos-salarios-ultrapassam-r-5-mil\/\"]}]},{\"@type\":\"ImageObject\",\"inLanguage\":\"pt-BR\",\"@id\":\"https:\/\/verdadeon.com.br\/portal\/2022\/06\/17\/franca-e-regiao-abrem-concursos-publicos-salarios-ultrapassam-r-5-mil\/#primaryimage\",\"url\":\"https:\/\/i0.wp.com\/verdadeon.com.br\/portal\/wp-content\/uploads\/2020\/06\/WhatsApp-Image-2020-06-25-at-19.39.27.jpeg?fit=1000%2C670&ssl=1\",\"contentUrl\":\"https:\/\/i0.wp.com\/verdadeon.com.br\/portal\/wp-content\/uploads\/2020\/06\/WhatsApp-Image-2020-06-25-at-19.39.27.jpeg?fit=1000%2C670&ssl=1\",\"width\":1000,\"height\":670,\"caption\":\"A Marinha, em parceira com a Prefeitura de Rifaina, promover\u00e1 o Curso de Forma\u00e7\u00e3o de Aquavi\u00e1rios - Marinheiro Fluvial Auxiliar de Conv\u00e9s e Marinho Fluvial de M\u00e1quinas de 15 a 20 de agosto de 2022 | Foto: Divulga\u00e7\u00e3o\"},{\"@type\":\"BreadcrumbList\",\"@id\":\"https:\/\/verdadeon.com.br\/portal\/2022\/06\/17\/franca-e-regiao-abrem-concursos-publicos-salarios-ultrapassam-r-5-mil\/#breadcrumb\",\"itemListElement\":[{\"@type\":\"ListItem\",\"position\":1,\"name\":\"In\u00edcio\",\"item\":\"https:\/\/verdadeon.com.br\/portal\/\"},{\"@type\":\"ListItem\",\"position\":2,\"name\":\"Franca e regi\u00e3o abrem concursos p\u00fablicos, sal\u00e1rios ultrapassam R$ 5 mil\"}]},{\"@type\":\"WebSite\",\"@id\":\"https:\/\/verdadeon.com.br\/portal\/#website\",\"url\":\"https:\/\/verdadeon.com.br\/portal\/\",\"name\":\"VerdadeOn\",\"description\":\"Not\u00edcias di\u00e1rias sobre Franca, Regi\u00e3o, Esporte, Cultura, Cotidiano, Colunas. Cobertura nos principais eventos da cidade \u00e9 aqui - Verdadeon Franca\",\"potentialAction\":[{\"@type\":\"SearchAction\",\"target\":{\"@type\":\"EntryPoint\",\"urlTemplate\":\"https:\/\/verdadeon.com.br\/portal\/?s={search_term_string}\"},\"query-input\":{\"@type\":\"PropertyValueSpecification\",\"valueRequired\":true,\"valueName\":\"search_term_string\"}}],\"inLanguage\":\"pt-BR\"},{\"@type\":\"Person\",\"@id\":\"https:\/\/verdadeon.com.br\/portal\/#\/schema\/person\/cc32be22b8e8599387c480bc83e1d11a\",\"name\":\"Fernando Lima\",\"image\":{\"@type\":\"ImageObject\",\"inLanguage\":\"pt-BR\",\"@id\":\"https:\/\/verdadeon.com.br\/portal\/#\/schema\/person\/image\/\",\"url\":\"https:\/\/secure.gravatar.com\/avatar\/df4c8e132080d2b3a4841d5d232045464e0eed11a1d6e43115ca0843d48768d3?s=96&d=mm&r=g\",\"contentUrl\":\"https:\/\/secure.gravatar.com\/avatar\/df4c8e132080d2b3a4841d5d232045464e0eed11a1d6e43115ca0843d48768d3?s=96&d=mm&r=g\",\"caption\":\"Fernando Lima\"},\"sameAs\":[\"http:\/\/verdadeon.com.br\/\"],\"url\":\"https:\/\/verdadeon.com.br\/portal\/author\/fernando-lima\/\"}]}<\/script>\n<!-- \/ Yoast SEO plugin. -->","yoast_head_json":{"title":"Franca e regi\u00e3o abrem concursos p\u00fablicos, sal\u00e1rios ultrapassam R$ 5 mil - VerdadeOn","robots":{"index":"index","follow":"follow","max-snippet":"max-snippet:-1","max-image-preview":"max-image-preview:large","max-video-preview":"max-video-preview:-1"},"canonical":"https:\/\/verdadeon.com.br\/portal\/2022\/06\/17\/franca-e-regiao-abrem-concursos-publicos-salarios-ultrapassam-r-5-mil\/","og_locale":"pt_BR","og_type":"article","og_title":"Franca e regi\u00e3o abrem concursos p\u00fablicos, sal\u00e1rios ultrapassam R$ 5 mil - VerdadeOn","og_description":"Rifaina e Franca v\u00e3o realizar sele\u00e7\u00f5es para contrata\u00e7\u00e3o imediata e cadastro de reserva A Prefeitura de Rifaina lan\u00e7ou edital para concurso p\u00fablico, e vai contratar mais [\u2026]","og_url":"https:\/\/verdadeon.com.br\/portal\/2022\/06\/17\/franca-e-regiao-abrem-concursos-publicos-salarios-ultrapassam-r-5-mil\/","og_site_name":"VerdadeOn","article_published_time":"2022-06-17T19:05:54+00:00","og_image":[{"width":1000,"height":670,"url":"https:\/\/verdadeon.com.br\/portal\/wp-content\/uploads\/2020\/06\/WhatsApp-Image-2020-06-25-at-19.39.27.jpeg","type":"image\/jpeg"}],"author":"Fernando Lima","twitter_card":"summary_large_image","twitter_misc":{"Escrito por":"Fernando Lima","Est. tempo de leitura":"5 minutos"},"schema":{"@context":"https:\/\/schema.org","@graph":[{"@type":"WebPage","@id":"https:\/\/verdadeon.com.br\/portal\/2022\/06\/17\/franca-e-regiao-abrem-concursos-publicos-salarios-ultrapassam-r-5-mil\/","url":"https:\/\/verdadeon.com.br\/portal\/2022\/06\/17\/franca-e-regiao-abrem-concursos-publicos-salarios-ultrapassam-r-5-mil\/","name":"Franca e regi\u00e3o abrem concursos p\u00fablicos, sal\u00e1rios ultrapassam R$ 5 mil - VerdadeOn","isPartOf":{"@id":"https:\/\/verdadeon.com.br\/portal\/#website"},"primaryImageOfPage":{"@id":"https:\/\/verdadeon.com.br\/portal\/2022\/06\/17\/franca-e-regiao-abrem-concursos-publicos-salarios-ultrapassam-r-5-mil\/#primaryimage"},"image":{"@id":"https:\/\/verdadeon.com.br\/portal\/2022\/06\/17\/franca-e-regiao-abrem-concursos-publicos-salarios-ultrapassam-r-5-mil\/#primaryimage"},"thumbnailUrl":"https:\/\/i0.wp.com\/verdadeon.com.br\/portal\/wp-content\/uploads\/2020\/06\/WhatsApp-Image-2020-06-25-at-19.39.27.jpeg?fit=1000%2C670&ssl=1","datePublished":"2022-06-17T19:05:54+00:00","author":{"@id":"https:\/\/verdadeon.com.br\/portal\/#\/schema\/person\/cc32be22b8e8599387c480bc83e1d11a"},"breadcrumb":{"@id":"https:\/\/verdadeon.com.br\/portal\/2022\/06\/17\/franca-e-regiao-abrem-concursos-publicos-salarios-ultrapassam-r-5-mil\/#breadcrumb"},"inLanguage":"pt-BR","potentialAction":[{"@type":"ReadAction","target":["https:\/\/verdadeon.com.br\/portal\/2022\/06\/17\/franca-e-regiao-abrem-concursos-publicos-salarios-ultrapassam-r-5-mil\/"]}]},{"@type":"ImageObject","inLanguage":"pt-BR","@id":"https:\/\/verdadeon.com.br\/portal\/2022\/06\/17\/franca-e-regiao-abrem-concursos-publicos-salarios-ultrapassam-r-5-mil\/#primaryimage","url":"https:\/\/i0.wp.com\/verdadeon.com.br\/portal\/wp-content\/uploads\/2020\/06\/WhatsApp-Image-2020-06-25-at-19.39.27.jpeg?fit=1000%2C670&ssl=1","contentUrl":"https:\/\/i0.wp.com\/verdadeon.com.br\/portal\/wp-content\/uploads\/2020\/06\/WhatsApp-Image-2020-06-25-at-19.39.27.jpeg?fit=1000%2C670&ssl=1","width":1000,"height":670,"caption":"A Marinha, em parceira com a Prefeitura de Rifaina, promover\u00e1 o Curso de Forma\u00e7\u00e3o de Aquavi\u00e1rios - Marinheiro Fluvial Auxiliar de Conv\u00e9s e Marinho Fluvial de M\u00e1quinas de 15 a 20 de agosto de 2022 | Foto: Divulga\u00e7\u00e3o"},{"@type":"BreadcrumbList","@id":"https:\/\/verdadeon.com.br\/portal\/2022\/06\/17\/franca-e-regiao-abrem-concursos-publicos-salarios-ultrapassam-r-5-mil\/#breadcrumb","itemListElement":[{"@type":"ListItem","position":1,"name":"In\u00edcio","item":"https:\/\/verdadeon.com.br\/portal\/"},{"@type":"ListItem","position":2,"name":"Franca e regi\u00e3o abrem concursos p\u00fablicos, sal\u00e1rios ultrapassam R$ 5 mil"}]},{"@type":"WebSite","@id":"https:\/\/verdadeon.com.br\/portal\/#website","url":"https:\/\/verdadeon.com.br\/portal\/","name":"VerdadeOn","description":"Not\u00edcias di\u00e1rias sobre Franca, Regi\u00e3o, Esporte, Cultura, Cotidiano, Colunas. Cobertura nos principais eventos da cidade \u00e9 aqui - Verdadeon Franca","potentialAction":[{"@type":"SearchAction","target":{"@type":"EntryPoint","urlTemplate":"https:\/\/verdadeon.com.br\/portal\/?s={search_term_string}"},"query-input":{"@type":"PropertyValueSpecification","valueRequired":true,"valueName":"search_term_string"}}],"inLanguage":"pt-BR"},{"@type":"Person","@id":"https:\/\/verdadeon.com.br\/portal\/#\/schema\/person\/cc32be22b8e8599387c480bc83e1d11a","name":"Fernando Lima","image":{"@type":"ImageObject","inLanguage":"pt-BR","@id":"https:\/\/verdadeon.com.br\/portal\/#\/schema\/person\/image\/","url":"https:\/\/secure.gravatar.com\/avatar\/df4c8e132080d2b3a4841d5d232045464e0eed11a1d6e43115ca0843d48768d3?s=96&d=mm&r=g","contentUrl":"https:\/\/secure.gravatar.com\/avatar\/df4c8e132080d2b3a4841d5d232045464e0eed11a1d6e43115ca0843d48768d3?s=96&d=mm&r=g","caption":"Fernando Lima"},"sameAs":["http:\/\/verdadeon.com.br\/"],"url":"https:\/\/verdadeon.com.br\/portal\/author\/fernando-lima\/"}]}},"jetpack_publicize_connections":[],"jetpack_featured_media_url":"https:\/\/i0.wp.com\/verdadeon.com.br\/portal\/wp-content\/uploads\/2020\/06\/WhatsApp-Image-2020-06-25-at-19.39.27.jpeg?fit=1000%2C670&ssl=1","jetpack_sharing_enabled":true,"_links":{"self":[{"href":"https:\/\/verdadeon.com.br\/portal\/wp-json\/wp\/v2\/posts\/25905","targetHints":{"allow":["GET"]}}],"collection":[{"href":"https:\/\/verdadeon.com.br\/portal\/wp-json\/wp\/v2\/posts"}],"about":[{"href":"https:\/\/verdadeon.com.br\/portal\/wp-json\/wp\/v2\/types\/post"}],"author":[{"embeddable":true,"href":"https:\/\/verdadeon.com.br\/portal\/wp-json\/wp\/v2\/users\/7"}],"replies":[{"embeddable":true,"href":"https:\/\/verdadeon.com.br\/portal\/wp-json\/wp\/v2\/comments?post=25905"}],"version-history":[{"count":1,"href":"https:\/\/verdadeon.com.br\/portal\/wp-json\/wp\/v2\/posts\/25905\/revisions"}],"predecessor-version":[{"id":25906,"href":"https:\/\/verdadeon.com.br\/portal\/wp-json\/wp\/v2\/posts\/25905\/revisions\/25906"}],"wp:featuredmedia":[{"embeddable":true,"href":"https:\/\/verdadeon.com.br\/portal\/wp-json\/wp\/v2\/media\/8263"}],"wp:attachment":[{"href":"https:\/\/verdadeon.com.br\/portal\/wp-json\/wp\/v2\/media?parent=25905"}],"wp:term":[{"taxonomy":"category","embeddable":true,"href":"https:\/\/verdadeon.com.br\/portal\/wp-json\/wp\/v2\/categories?post=25905"},{"taxonomy":"post_tag","embeddable":true,"href":"https:\/\/verdadeon.com.br\/portal\/wp-json\/wp\/v2\/tags?post=25905"}],"curies":[{"name":"wp","href":"https:\/\/api.w.org\/{rel}","templated":true}]}}