{"id":25891,"date":"2022-06-17T14:35:46","date_gmt":"2022-06-17T17:35:46","guid":{"rendered":"https:\/\/verdadeon.com.br\/portal\/?p=25891"},"modified":"2022-06-17T14:35:46","modified_gmt":"2022-06-17T17:35:46","slug":"flores-de-outono","status":"publish","type":"post","link":"https:\/\/verdadeon.com.br\/portal\/2022\/06\/17\/flores-de-outono\/","title":{"rendered":"Flores de Outono"},"content":{"rendered":"<p><span style=\"font-weight: 400;\">Floridos, os ip\u00eas-roxos formam buqu\u00eas exuberantes em diversos pontos de Franca e s\u00e3o admirados por quem os avista.<\/span><\/p>\n<p><span style=\"font-weight: 400;\">As flores despertam mem\u00f3rias afetivas, s\u00e3o pontos de contempla\u00e7\u00e3o, descanso e registro em fotografias, que ganham postagens nas redes sociais.<\/span><\/p>\n<p><span style=\"font-weight: 400;\">As Pra\u00e7as na Esta\u00e7\u00e3o, Avenida Major Nic\u00e1cio, Bairro Higien\u00f3polis e Vila Nic\u00e1cio s\u00e3o apenas alguns dos pontos agraciados com as deslumbrantes \u00e1rvores de flores roxas.<\/span><\/p>\n<p>&nbsp;<\/p>\n<p><img data-recalc-dims=\"1\" loading=\"lazy\" decoding=\"async\" class=\"alignnone wp-image-25894 size-full\" src=\"https:\/\/i0.wp.com\/verdadeon.com.br\/portal\/wp-content\/uploads\/2022\/06\/Ipes-Floridos-Franca-Junho-de-2022-Foto-Jornal-Verdade-1.jpeg?resize=622%2C1280&#038;ssl=1\" alt=\"\" width=\"622\" height=\"1280\" srcset=\"https:\/\/i0.wp.com\/verdadeon.com.br\/portal\/wp-content\/uploads\/2022\/06\/Ipes-Floridos-Franca-Junho-de-2022-Foto-Jornal-Verdade-1.jpeg?w=622&amp;ssl=1 622w, https:\/\/i0.wp.com\/verdadeon.com.br\/portal\/wp-content\/uploads\/2022\/06\/Ipes-Floridos-Franca-Junho-de-2022-Foto-Jornal-Verdade-1.jpeg?resize=146%2C300&amp;ssl=1 146w, https:\/\/i0.wp.com\/verdadeon.com.br\/portal\/wp-content\/uploads\/2022\/06\/Ipes-Floridos-Franca-Junho-de-2022-Foto-Jornal-Verdade-1.jpeg?resize=498%2C1024&amp;ssl=1 498w, https:\/\/i0.wp.com\/verdadeon.com.br\/portal\/wp-content\/uploads\/2022\/06\/Ipes-Floridos-Franca-Junho-de-2022-Foto-Jornal-Verdade-1.jpeg?resize=71%2C146&amp;ssl=1 71w, https:\/\/i0.wp.com\/verdadeon.com.br\/portal\/wp-content\/uploads\/2022\/06\/Ipes-Floridos-Franca-Junho-de-2022-Foto-Jornal-Verdade-1.jpeg?resize=24%2C50&amp;ssl=1 24w, https:\/\/i0.wp.com\/verdadeon.com.br\/portal\/wp-content\/uploads\/2022\/06\/Ipes-Floridos-Franca-Junho-de-2022-Foto-Jornal-Verdade-1.jpeg?resize=36%2C75&amp;ssl=1 36w\" sizes=\"auto, (max-width: 622px) 100vw, 622px\" \/> <img data-recalc-dims=\"1\" loading=\"lazy\" decoding=\"async\" class=\"alignnone wp-image-25893 size-full\" src=\"https:\/\/i0.wp.com\/verdadeon.com.br\/portal\/wp-content\/uploads\/2022\/06\/Ipes-Floridos-Franca-Junho-de-2022-Foto-Jornal-Verdade-4.jpeg?resize=777%2C1600&#038;ssl=1\" alt=\"\" width=\"777\" height=\"1600\" srcset=\"https:\/\/i0.wp.com\/verdadeon.com.br\/portal\/wp-content\/uploads\/2022\/06\/Ipes-Floridos-Franca-Junho-de-2022-Foto-Jornal-Verdade-4.jpeg?w=777&amp;ssl=1 777w, https:\/\/i0.wp.com\/verdadeon.com.br\/portal\/wp-content\/uploads\/2022\/06\/Ipes-Floridos-Franca-Junho-de-2022-Foto-Jornal-Verdade-4.jpeg?resize=146%2C300&amp;ssl=1 146w, https:\/\/i0.wp.com\/verdadeon.com.br\/portal\/wp-content\/uploads\/2022\/06\/Ipes-Floridos-Franca-Junho-de-2022-Foto-Jornal-Verdade-4.jpeg?resize=497%2C1024&amp;ssl=1 497w, https:\/\/i0.wp.com\/verdadeon.com.br\/portal\/wp-content\/uploads\/2022\/06\/Ipes-Floridos-Franca-Junho-de-2022-Foto-Jornal-Verdade-4.jpeg?resize=768%2C1581&amp;ssl=1 768w, https:\/\/i0.wp.com\/verdadeon.com.br\/portal\/wp-content\/uploads\/2022\/06\/Ipes-Floridos-Franca-Junho-de-2022-Foto-Jornal-Verdade-4.jpeg?resize=746%2C1536&amp;ssl=1 746w, https:\/\/i0.wp.com\/verdadeon.com.br\/portal\/wp-content\/uploads\/2022\/06\/Ipes-Floridos-Franca-Junho-de-2022-Foto-Jornal-Verdade-4.jpeg?resize=71%2C146&amp;ssl=1 71w, https:\/\/i0.wp.com\/verdadeon.com.br\/portal\/wp-content\/uploads\/2022\/06\/Ipes-Floridos-Franca-Junho-de-2022-Foto-Jornal-Verdade-4.jpeg?resize=24%2C50&amp;ssl=1 24w, https:\/\/i0.wp.com\/verdadeon.com.br\/portal\/wp-content\/uploads\/2022\/06\/Ipes-Floridos-Franca-Junho-de-2022-Foto-Jornal-Verdade-4.jpeg?resize=36%2C75&amp;ssl=1 36w\" sizes=\"auto, (max-width: 777px) 100vw, 777px\" \/> <img data-recalc-dims=\"1\" loading=\"lazy\" decoding=\"async\" class=\"alignnone wp-image-25892 size-full\" src=\"https:\/\/i0.wp.com\/verdadeon.com.br\/portal\/wp-content\/uploads\/2022\/06\/Ipes-Floridos-Franca-Junho-de-2022-Foto-Jornal-Verdade-3.jpeg?resize=1220%2C592&#038;ssl=1\" alt=\"\" width=\"1220\" height=\"592\" srcset=\"https:\/\/i0.wp.com\/verdadeon.com.br\/portal\/wp-content\/uploads\/2022\/06\/Ipes-Floridos-Franca-Junho-de-2022-Foto-Jornal-Verdade-3.jpeg?w=1600&amp;ssl=1 1600w, https:\/\/i0.wp.com\/verdadeon.com.br\/portal\/wp-content\/uploads\/2022\/06\/Ipes-Floridos-Franca-Junho-de-2022-Foto-Jornal-Verdade-3.jpeg?resize=300%2C146&amp;ssl=1 300w, https:\/\/i0.wp.com\/verdadeon.com.br\/portal\/wp-content\/uploads\/2022\/06\/Ipes-Floridos-Franca-Junho-de-2022-Foto-Jornal-Verdade-3.jpeg?resize=1024%2C497&amp;ssl=1 1024w, https:\/\/i0.wp.com\/verdadeon.com.br\/portal\/wp-content\/uploads\/2022\/06\/Ipes-Floridos-Franca-Junho-de-2022-Foto-Jornal-Verdade-3.jpeg?resize=768%2C373&amp;ssl=1 768w, https:\/\/i0.wp.com\/verdadeon.com.br\/portal\/wp-content\/uploads\/2022\/06\/Ipes-Floridos-Franca-Junho-de-2022-Foto-Jornal-Verdade-3.jpeg?resize=1536%2C746&amp;ssl=1 1536w, https:\/\/i0.wp.com\/verdadeon.com.br\/portal\/wp-content\/uploads\/2022\/06\/Ipes-Floridos-Franca-Junho-de-2022-Foto-Jornal-Verdade-3.jpeg?resize=260%2C126&amp;ssl=1 260w, https:\/\/i0.wp.com\/verdadeon.com.br\/portal\/wp-content\/uploads\/2022\/06\/Ipes-Floridos-Franca-Junho-de-2022-Foto-Jornal-Verdade-3.jpeg?resize=50%2C24&amp;ssl=1 50w, https:\/\/i0.wp.com\/verdadeon.com.br\/portal\/wp-content\/uploads\/2022\/06\/Ipes-Floridos-Franca-Junho-de-2022-Foto-Jornal-Verdade-3.jpeg?resize=150%2C73&amp;ssl=1 150w\" sizes=\"auto, (max-width: 1220px) 100vw, 1220px\" \/><\/p>\n","protected":false},"excerpt":{"rendered":"<p>Floridos, os ip\u00eas-roxos formam buqu\u00eas exuberantes em diversos pontos de Franca e s\u00e3o admirados por quem os avista. As flores despertam mem\u00f3rias afetivas, s\u00e3o pontos de<span class=\"excerpt-hellip\"> [\u2026]<\/span><\/p>\n","protected":false},"author":12,"featured_media":25895,"comment_status":"open","ping_status":"open","sticky":false,"template":"","format":"standard","meta":{"_jetpack_memberships_contains_paid_content":false,"footnotes":"","jetpack_publicize_message":"","jetpack_publicize_feature_enabled":true,"jetpack_social_post_already_shared":false,"jetpack_social_options":{"image_generator_settings":{"template":"highway","default_image_id":0,"enabled":false},"version":2}},"categories":[28,81],"tags":[],"class_list":["post-25891","post","type-post","status-publish","format-standard","has-post-thumbnail","hentry","category-cotidiano","category-manchete"],"yoast_head":"<!-- This site is optimized with the Yoast SEO plugin v25.6 - https:\/\/yoast.com\/wordpress\/plugins\/seo\/ -->\n<title>Flores de Outono - VerdadeOn<\/title>\n<meta name=\"robots\" content=\"index, follow, max-snippet:-1, max-image-preview:large, max-video-preview:-1\" \/>\n<link rel=\"canonical\" href=\"https:\/\/verdadeon.com.br\/portal\/2022\/06\/17\/flores-de-outono\/\" \/>\n<meta property=\"og:locale\" content=\"pt_BR\" \/>\n<meta property=\"og:type\" content=\"article\" \/>\n<meta property=\"og:title\" content=\"Flores de Outono - VerdadeOn\" \/>\n<meta property=\"og:description\" content=\"Floridos, os ip\u00eas-roxos formam buqu\u00eas exuberantes em diversos pontos de Franca e s\u00e3o admirados por quem os avista. As flores despertam mem\u00f3rias afetivas, s\u00e3o pontos de [\u2026]\" \/>\n<meta property=\"og:url\" content=\"https:\/\/verdadeon.com.br\/portal\/2022\/06\/17\/flores-de-outono\/\" \/>\n<meta property=\"og:site_name\" content=\"VerdadeOn\" \/>\n<meta property=\"article:published_time\" content=\"2022-06-17T17:35:46+00:00\" \/>\n<meta property=\"og:image\" content=\"https:\/\/verdadeon.com.br\/portal\/wp-content\/uploads\/2022\/06\/Ipes-Floridos-Franca-Junho-de-2022-Foto-Jornal-Verdade-2-e1655487137649.jpeg\" \/>\n\t<meta property=\"og:image:width\" content=\"1001\" \/>\n\t<meta property=\"og:image:height\" content=\"620\" \/>\n\t<meta property=\"og:image:type\" content=\"image\/jpeg\" \/>\n<meta name=\"author\" content=\"Nelise Luques\" \/>\n<meta name=\"twitter:card\" content=\"summary_large_image\" \/>\n<meta name=\"twitter:label1\" content=\"Escrito por\" \/>\n\t<meta name=\"twitter:data1\" content=\"Nelise Luques\" \/>\n\t<meta name=\"twitter:label2\" content=\"Est. tempo de leitura\" \/>\n\t<meta name=\"twitter:data2\" content=\"1 minuto\" \/>\n<script type=\"application\/ld+json\" class=\"yoast-schema-graph\">{\"@context\":\"https:\/\/schema.org\",\"@graph\":[{\"@type\":\"WebPage\",\"@id\":\"https:\/\/verdadeon.com.br\/portal\/2022\/06\/17\/flores-de-outono\/\",\"url\":\"https:\/\/verdadeon.com.br\/portal\/2022\/06\/17\/flores-de-outono\/\",\"name\":\"Flores de Outono - VerdadeOn\",\"isPartOf\":{\"@id\":\"https:\/\/verdadeon.com.br\/portal\/#website\"},\"primaryImageOfPage\":{\"@id\":\"https:\/\/verdadeon.com.br\/portal\/2022\/06\/17\/flores-de-outono\/#primaryimage\"},\"image\":{\"@id\":\"https:\/\/verdadeon.com.br\/portal\/2022\/06\/17\/flores-de-outono\/#primaryimage\"},\"thumbnailUrl\":\"https:\/\/i0.wp.com\/verdadeon.com.br\/portal\/wp-content\/uploads\/2022\/06\/Ipes-Floridos-Franca-Junho-de-2022-Foto-Jornal-Verdade-2-e1655487137649.jpeg?fit=1001%2C620&ssl=1\",\"datePublished\":\"2022-06-17T17:35:46+00:00\",\"author\":{\"@id\":\"https:\/\/verdadeon.com.br\/portal\/#\/schema\/person\/8248726d36015c1916636fabb175d972\"},\"breadcrumb\":{\"@id\":\"https:\/\/verdadeon.com.br\/portal\/2022\/06\/17\/flores-de-outono\/#breadcrumb\"},\"inLanguage\":\"pt-BR\",\"potentialAction\":[{\"@type\":\"ReadAction\",\"target\":[\"https:\/\/verdadeon.com.br\/portal\/2022\/06\/17\/flores-de-outono\/\"]}]},{\"@type\":\"ImageObject\",\"inLanguage\":\"pt-BR\",\"@id\":\"https:\/\/verdadeon.com.br\/portal\/2022\/06\/17\/flores-de-outono\/#primaryimage\",\"url\":\"https:\/\/i0.wp.com\/verdadeon.com.br\/portal\/wp-content\/uploads\/2022\/06\/Ipes-Floridos-Franca-Junho-de-2022-Foto-Jornal-Verdade-2-e1655487137649.jpeg?fit=1001%2C620&ssl=1\",\"contentUrl\":\"https:\/\/i0.wp.com\/verdadeon.com.br\/portal\/wp-content\/uploads\/2022\/06\/Ipes-Floridos-Franca-Junho-de-2022-Foto-Jornal-Verdade-2-e1655487137649.jpeg?fit=1001%2C620&ssl=1\",\"width\":1001,\"height\":620,\"caption\":\"Ip\u00eas-roxos enfeitam Pra\u00e7a 1\u00ba de Maio, no Bairro Esta\u00e7\u00e3o, em Franca | Fotos: Jornal Verdade\"},{\"@type\":\"BreadcrumbList\",\"@id\":\"https:\/\/verdadeon.com.br\/portal\/2022\/06\/17\/flores-de-outono\/#breadcrumb\",\"itemListElement\":[{\"@type\":\"ListItem\",\"position\":1,\"name\":\"In\u00edcio\",\"item\":\"https:\/\/verdadeon.com.br\/portal\/\"},{\"@type\":\"ListItem\",\"position\":2,\"name\":\"Flores de Outono\"}]},{\"@type\":\"WebSite\",\"@id\":\"https:\/\/verdadeon.com.br\/portal\/#website\",\"url\":\"https:\/\/verdadeon.com.br\/portal\/\",\"name\":\"VerdadeOn\",\"description\":\"Not\u00edcias di\u00e1rias sobre Franca, Regi\u00e3o, Esporte, Cultura, Cotidiano, Colunas. Cobertura nos principais eventos da cidade \u00e9 aqui - Verdadeon Franca\",\"potentialAction\":[{\"@type\":\"SearchAction\",\"target\":{\"@type\":\"EntryPoint\",\"urlTemplate\":\"https:\/\/verdadeon.com.br\/portal\/?s={search_term_string}\"},\"query-input\":{\"@type\":\"PropertyValueSpecification\",\"valueRequired\":true,\"valueName\":\"search_term_string\"}}],\"inLanguage\":\"pt-BR\"},{\"@type\":\"Person\",\"@id\":\"https:\/\/verdadeon.com.br\/portal\/#\/schema\/person\/8248726d36015c1916636fabb175d972\",\"name\":\"Nelise Luques\",\"image\":{\"@type\":\"ImageObject\",\"inLanguage\":\"pt-BR\",\"@id\":\"https:\/\/verdadeon.com.br\/portal\/#\/schema\/person\/image\/\",\"url\":\"https:\/\/secure.gravatar.com\/avatar\/29b2a17f5bcadeb827411b66f48ac13c3e0ecaf5906c0f5745ecc5d41c24eada?s=96&d=mm&r=g\",\"contentUrl\":\"https:\/\/secure.gravatar.com\/avatar\/29b2a17f5bcadeb827411b66f48ac13c3e0ecaf5906c0f5745ecc5d41c24eada?s=96&d=mm&r=g\",\"caption\":\"Nelise Luques\"},\"url\":\"https:\/\/verdadeon.com.br\/portal\/author\/verdade\/\"}]}<\/script>\n<!-- \/ Yoast SEO plugin. -->","yoast_head_json":{"title":"Flores de Outono - VerdadeOn","robots":{"index":"index","follow":"follow","max-snippet":"max-snippet:-1","max-image-preview":"max-image-preview:large","max-video-preview":"max-video-preview:-1"},"canonical":"https:\/\/verdadeon.com.br\/portal\/2022\/06\/17\/flores-de-outono\/","og_locale":"pt_BR","og_type":"article","og_title":"Flores de Outono - VerdadeOn","og_description":"Floridos, os ip\u00eas-roxos formam buqu\u00eas exuberantes em diversos pontos de Franca e s\u00e3o admirados por quem os avista. As flores despertam mem\u00f3rias afetivas, s\u00e3o pontos de [\u2026]","og_url":"https:\/\/verdadeon.com.br\/portal\/2022\/06\/17\/flores-de-outono\/","og_site_name":"VerdadeOn","article_published_time":"2022-06-17T17:35:46+00:00","og_image":[{"width":1001,"height":620,"url":"https:\/\/verdadeon.com.br\/portal\/wp-content\/uploads\/2022\/06\/Ipes-Floridos-Franca-Junho-de-2022-Foto-Jornal-Verdade-2-e1655487137649.jpeg","type":"image\/jpeg"}],"author":"Nelise Luques","twitter_card":"summary_large_image","twitter_misc":{"Escrito por":"Nelise Luques","Est. tempo de leitura":"1 minuto"},"schema":{"@context":"https:\/\/schema.org","@graph":[{"@type":"WebPage","@id":"https:\/\/verdadeon.com.br\/portal\/2022\/06\/17\/flores-de-outono\/","url":"https:\/\/verdadeon.com.br\/portal\/2022\/06\/17\/flores-de-outono\/","name":"Flores de Outono - VerdadeOn","isPartOf":{"@id":"https:\/\/verdadeon.com.br\/portal\/#website"},"primaryImageOfPage":{"@id":"https:\/\/verdadeon.com.br\/portal\/2022\/06\/17\/flores-de-outono\/#primaryimage"},"image":{"@id":"https:\/\/verdadeon.com.br\/portal\/2022\/06\/17\/flores-de-outono\/#primaryimage"},"thumbnailUrl":"https:\/\/i0.wp.com\/verdadeon.com.br\/portal\/wp-content\/uploads\/2022\/06\/Ipes-Floridos-Franca-Junho-de-2022-Foto-Jornal-Verdade-2-e1655487137649.jpeg?fit=1001%2C620&ssl=1","datePublished":"2022-06-17T17:35:46+00:00","author":{"@id":"https:\/\/verdadeon.com.br\/portal\/#\/schema\/person\/8248726d36015c1916636fabb175d972"},"breadcrumb":{"@id":"https:\/\/verdadeon.com.br\/portal\/2022\/06\/17\/flores-de-outono\/#breadcrumb"},"inLanguage":"pt-BR","potentialAction":[{"@type":"ReadAction","target":["https:\/\/verdadeon.com.br\/portal\/2022\/06\/17\/flores-de-outono\/"]}]},{"@type":"ImageObject","inLanguage":"pt-BR","@id":"https:\/\/verdadeon.com.br\/portal\/2022\/06\/17\/flores-de-outono\/#primaryimage","url":"https:\/\/i0.wp.com\/verdadeon.com.br\/portal\/wp-content\/uploads\/2022\/06\/Ipes-Floridos-Franca-Junho-de-2022-Foto-Jornal-Verdade-2-e1655487137649.jpeg?fit=1001%2C620&ssl=1","contentUrl":"https:\/\/i0.wp.com\/verdadeon.com.br\/portal\/wp-content\/uploads\/2022\/06\/Ipes-Floridos-Franca-Junho-de-2022-Foto-Jornal-Verdade-2-e1655487137649.jpeg?fit=1001%2C620&ssl=1","width":1001,"height":620,"caption":"Ip\u00eas-roxos enfeitam Pra\u00e7a 1\u00ba de Maio, no Bairro Esta\u00e7\u00e3o, em Franca | Fotos: Jornal Verdade"},{"@type":"BreadcrumbList","@id":"https:\/\/verdadeon.com.br\/portal\/2022\/06\/17\/flores-de-outono\/#breadcrumb","itemListElement":[{"@type":"ListItem","position":1,"name":"In\u00edcio","item":"https:\/\/verdadeon.com.br\/portal\/"},{"@type":"ListItem","position":2,"name":"Flores de Outono"}]},{"@type":"WebSite","@id":"https:\/\/verdadeon.com.br\/portal\/#website","url":"https:\/\/verdadeon.com.br\/portal\/","name":"VerdadeOn","description":"Not\u00edcias di\u00e1rias sobre Franca, Regi\u00e3o, Esporte, Cultura, Cotidiano, Colunas. Cobertura nos principais eventos da cidade \u00e9 aqui - Verdadeon Franca","potentialAction":[{"@type":"SearchAction","target":{"@type":"EntryPoint","urlTemplate":"https:\/\/verdadeon.com.br\/portal\/?s={search_term_string}"},"query-input":{"@type":"PropertyValueSpecification","valueRequired":true,"valueName":"search_term_string"}}],"inLanguage":"pt-BR"},{"@type":"Person","@id":"https:\/\/verdadeon.com.br\/portal\/#\/schema\/person\/8248726d36015c1916636fabb175d972","name":"Nelise Luques","image":{"@type":"ImageObject","inLanguage":"pt-BR","@id":"https:\/\/verdadeon.com.br\/portal\/#\/schema\/person\/image\/","url":"https:\/\/secure.gravatar.com\/avatar\/29b2a17f5bcadeb827411b66f48ac13c3e0ecaf5906c0f5745ecc5d41c24eada?s=96&d=mm&r=g","contentUrl":"https:\/\/secure.gravatar.com\/avatar\/29b2a17f5bcadeb827411b66f48ac13c3e0ecaf5906c0f5745ecc5d41c24eada?s=96&d=mm&r=g","caption":"Nelise Luques"},"url":"https:\/\/verdadeon.com.br\/portal\/author\/verdade\/"}]}},"jetpack_publicize_connections":[],"jetpack_featured_media_url":"https:\/\/i0.wp.com\/verdadeon.com.br\/portal\/wp-content\/uploads\/2022\/06\/Ipes-Floridos-Franca-Junho-de-2022-Foto-Jornal-Verdade-2-e1655487137649.jpeg?fit=1001%2C620&ssl=1","jetpack_sharing_enabled":true,"_links":{"self":[{"href":"https:\/\/verdadeon.com.br\/portal\/wp-json\/wp\/v2\/posts\/25891","targetHints":{"allow":["GET"]}}],"collection":[{"href":"https:\/\/verdadeon.com.br\/portal\/wp-json\/wp\/v2\/posts"}],"about":[{"href":"https:\/\/verdadeon.com.br\/portal\/wp-json\/wp\/v2\/types\/post"}],"author":[{"embeddable":true,"href":"https:\/\/verdadeon.com.br\/portal\/wp-json\/wp\/v2\/users\/12"}],"replies":[{"embeddable":true,"href":"https:\/\/verdadeon.com.br\/portal\/wp-json\/wp\/v2\/comments?post=25891"}],"version-history":[{"count":1,"href":"https:\/\/verdadeon.com.br\/portal\/wp-json\/wp\/v2\/posts\/25891\/revisions"}],"predecessor-version":[{"id":25897,"href":"https:\/\/verdadeon.com.br\/portal\/wp-json\/wp\/v2\/posts\/25891\/revisions\/25897"}],"wp:featuredmedia":[{"embeddable":true,"href":"https:\/\/verdadeon.com.br\/portal\/wp-json\/wp\/v2\/media\/25895"}],"wp:attachment":[{"href":"https:\/\/verdadeon.com.br\/portal\/wp-json\/wp\/v2\/media?parent=25891"}],"wp:term":[{"taxonomy":"category","embeddable":true,"href":"https:\/\/verdadeon.com.br\/portal\/wp-json\/wp\/v2\/categories?post=25891"},{"taxonomy":"post_tag","embeddable":true,"href":"https:\/\/verdadeon.com.br\/portal\/wp-json\/wp\/v2\/tags?post=25891"}],"curies":[{"name":"wp","href":"https:\/\/api.w.org\/{rel}","templated":true}]}}