{"id":25861,"date":"2022-06-15T17:10:28","date_gmt":"2022-06-15T20:10:28","guid":{"rendered":"https:\/\/verdadeon.com.br\/portal\/?p=25861"},"modified":"2022-06-15T17:10:28","modified_gmt":"2022-06-15T20:10:28","slug":"fiquei-muito-feliz-e-honrado-por-ter-sido-escolhido-como-melhor-tecnico-entre-tantos-grandes-afirma-helinho","status":"publish","type":"post","link":"https:\/\/verdadeon.com.br\/portal\/2022\/06\/15\/fiquei-muito-feliz-e-honrado-por-ter-sido-escolhido-como-melhor-tecnico-entre-tantos-grandes-afirma-helinho\/","title":{"rendered":"&#8216;Fiquei muito feliz e honrado por ter sido escolhido como melhor t\u00e9cnico entre tantos grandes&#8217;, afirma Helinho"},"content":{"rendered":"<h2>Premia\u00e7\u00e3o foi realizada nesta ter\u00e7a-feira em S\u00e3o Paulo, Lucas Mariano foi o cestinha da competi\u00e7\u00e3o<\/h2>\n<p>O t\u00e9cnico do Sesi Franca Basquete, Helinho Garcia, foi eleito o melhor t\u00e9cnico do Novo Basquete Brasil (NBB), campeonato que terminou com o t\u00edtulo dos francanos em casa na \u00faltima semana.<\/p>\n<p>\u201cFiquei muito feliz. Esse reconhecimento nos d\u00e1 um norte, mostra que estamos fazendo um trabalho muito bom, que estamos corretos. Fiquei muito feliz e honrado por ter sido escolhido como melhor t\u00e9cnico entre tantos grandes\u201d, afirmou Helinho ao receber o trof\u00e9u Ary Vidal.<\/p>\n<p>A vota\u00e7\u00e3o dos melhores do ano \u00e9 feita por capit\u00e3es das 17 equipes que disputaram o NBB, al\u00e9m da imprensa especializada, personalidades do basquete, \u00e1rbitros, t\u00e9cnicos e assistentes das equipes.<\/p>\n<p>Franca foi a equipe com o melhor ataque, com uma m\u00e9dia de 88 pontos por jogo, o Flamengo ficou com a melhor defesa, com uma m\u00e9dia de 73.3 pontos sofridos por partida.<\/p>\n<p>Franca brilhou na premia\u00e7\u00e3o, Lucas Mariano foi o cestinha com quase 20 pontos por jogo, Georginho foi l\u00edder em efici\u00eancia, com 21.4 por partida. Lucas Marino ainda foi eleito como piv\u00f4 do ano, ao lado de Bruno Caboclo do S\u00e3o Paulo.<\/p>\n<p>\u201cN\u00e3o tem sensa\u00e7\u00e3o melhor do que ganhar o t\u00edtulo. Era a minha meta. Infelizmente n\u00e3o ganhei o MVP, mas faz parte do esporte, Caboclo foi bem demais, mereceu. Gra\u00e7as a Deus pelas conquistas (Cestinha e Piv\u00f4 do Ano). Agora \u00e9 focar no ano que vem, adicionar algo diferente no meu jogo, tentar surpreender, n\u00e3o sei como, mas vou dar um jeito de fazer algo novo. Tem grandes coisas por a\u00ed\u201d, disse Lucas Mariano em entrevista \u00e0 transmiss\u00e3o oficial do NBB.<\/p>\n","protected":false},"excerpt":{"rendered":"<p>Premia\u00e7\u00e3o foi realizada nesta ter\u00e7a-feira em S\u00e3o Paulo, Lucas Mariano foi o cestinha da competi\u00e7\u00e3o O t\u00e9cnico do Sesi Franca Basquete, Helinho Garcia, foi eleito o<span class=\"excerpt-hellip\"> [\u2026]<\/span><\/p>\n","protected":false},"author":7,"featured_media":25865,"comment_status":"open","ping_status":"open","sticky":false,"template":"","format":"standard","meta":{"_jetpack_memberships_contains_paid_content":false,"footnotes":"","jetpack_publicize_message":"","jetpack_publicize_feature_enabled":true,"jetpack_social_post_already_shared":false,"jetpack_social_options":{"image_generator_settings":{"template":"highway","default_image_id":0,"enabled":false},"version":2}},"categories":[28,81],"tags":[],"class_list":["post-25861","post","type-post","status-publish","format-standard","has-post-thumbnail","hentry","category-cotidiano","category-manchete"],"yoast_head":"<!-- This site is optimized with the Yoast SEO plugin v25.6 - https:\/\/yoast.com\/wordpress\/plugins\/seo\/ -->\n<title>&#039;Fiquei muito feliz e honrado por ter sido escolhido como melhor t\u00e9cnico entre tantos grandes&#039;, afirma Helinho - VerdadeOn<\/title>\n<meta name=\"robots\" content=\"index, follow, max-snippet:-1, max-image-preview:large, max-video-preview:-1\" \/>\n<link rel=\"canonical\" href=\"https:\/\/verdadeon.com.br\/portal\/2022\/06\/15\/fiquei-muito-feliz-e-honrado-por-ter-sido-escolhido-como-melhor-tecnico-entre-tantos-grandes-afirma-helinho\/\" \/>\n<meta property=\"og:locale\" content=\"pt_BR\" \/>\n<meta property=\"og:type\" content=\"article\" \/>\n<meta property=\"og:title\" content=\"&#039;Fiquei muito feliz e honrado por ter sido escolhido como melhor t\u00e9cnico entre tantos grandes&#039;, afirma Helinho - VerdadeOn\" \/>\n<meta property=\"og:description\" content=\"Premia\u00e7\u00e3o foi realizada nesta ter\u00e7a-feira em S\u00e3o Paulo, Lucas Mariano foi o cestinha da competi\u00e7\u00e3o O t\u00e9cnico do Sesi Franca Basquete, Helinho Garcia, foi eleito o [\u2026]\" \/>\n<meta property=\"og:url\" content=\"https:\/\/verdadeon.com.br\/portal\/2022\/06\/15\/fiquei-muito-feliz-e-honrado-por-ter-sido-escolhido-como-melhor-tecnico-entre-tantos-grandes-afirma-helinho\/\" \/>\n<meta property=\"og:site_name\" content=\"VerdadeOn\" \/>\n<meta property=\"article:published_time\" content=\"2022-06-15T20:10:28+00:00\" \/>\n<meta property=\"og:image\" content=\"https:\/\/verdadeon.com.br\/portal\/wp-content\/uploads\/2022\/06\/WhatsApp-Image-2022-06-15-at-17.08.23.jpeg\" \/>\n\t<meta property=\"og:image:width\" content=\"1280\" \/>\n\t<meta property=\"og:image:height\" content=\"800\" \/>\n\t<meta property=\"og:image:type\" content=\"image\/jpeg\" \/>\n<meta name=\"author\" content=\"Fernando Lima\" \/>\n<meta name=\"twitter:card\" content=\"summary_large_image\" \/>\n<meta name=\"twitter:label1\" content=\"Escrito por\" \/>\n\t<meta name=\"twitter:data1\" content=\"Fernando Lima\" \/>\n\t<meta name=\"twitter:label2\" content=\"Est. tempo de leitura\" \/>\n\t<meta name=\"twitter:data2\" content=\"2 minutos\" \/>\n<script type=\"application\/ld+json\" class=\"yoast-schema-graph\">{\"@context\":\"https:\/\/schema.org\",\"@graph\":[{\"@type\":\"WebPage\",\"@id\":\"https:\/\/verdadeon.com.br\/portal\/2022\/06\/15\/fiquei-muito-feliz-e-honrado-por-ter-sido-escolhido-como-melhor-tecnico-entre-tantos-grandes-afirma-helinho\/\",\"url\":\"https:\/\/verdadeon.com.br\/portal\/2022\/06\/15\/fiquei-muito-feliz-e-honrado-por-ter-sido-escolhido-como-melhor-tecnico-entre-tantos-grandes-afirma-helinho\/\",\"name\":\"'Fiquei muito feliz e honrado por ter sido escolhido como melhor t\u00e9cnico entre tantos grandes', afirma Helinho - VerdadeOn\",\"isPartOf\":{\"@id\":\"https:\/\/verdadeon.com.br\/portal\/#website\"},\"primaryImageOfPage\":{\"@id\":\"https:\/\/verdadeon.com.br\/portal\/2022\/06\/15\/fiquei-muito-feliz-e-honrado-por-ter-sido-escolhido-como-melhor-tecnico-entre-tantos-grandes-afirma-helinho\/#primaryimage\"},\"image\":{\"@id\":\"https:\/\/verdadeon.com.br\/portal\/2022\/06\/15\/fiquei-muito-feliz-e-honrado-por-ter-sido-escolhido-como-melhor-tecnico-entre-tantos-grandes-afirma-helinho\/#primaryimage\"},\"thumbnailUrl\":\"https:\/\/i0.wp.com\/verdadeon.com.br\/portal\/wp-content\/uploads\/2022\/06\/WhatsApp-Image-2022-06-15-at-17.08.23.jpeg?fit=1280%2C800&ssl=1\",\"datePublished\":\"2022-06-15T20:10:28+00:00\",\"author\":{\"@id\":\"https:\/\/verdadeon.com.br\/portal\/#\/schema\/person\/cc32be22b8e8599387c480bc83e1d11a\"},\"breadcrumb\":{\"@id\":\"https:\/\/verdadeon.com.br\/portal\/2022\/06\/15\/fiquei-muito-feliz-e-honrado-por-ter-sido-escolhido-como-melhor-tecnico-entre-tantos-grandes-afirma-helinho\/#breadcrumb\"},\"inLanguage\":\"pt-BR\",\"potentialAction\":[{\"@type\":\"ReadAction\",\"target\":[\"https:\/\/verdadeon.com.br\/portal\/2022\/06\/15\/fiquei-muito-feliz-e-honrado-por-ter-sido-escolhido-como-melhor-tecnico-entre-tantos-grandes-afirma-helinho\/\"]}]},{\"@type\":\"ImageObject\",\"inLanguage\":\"pt-BR\",\"@id\":\"https:\/\/verdadeon.com.br\/portal\/2022\/06\/15\/fiquei-muito-feliz-e-honrado-por-ter-sido-escolhido-como-melhor-tecnico-entre-tantos-grandes-afirma-helinho\/#primaryimage\",\"url\":\"https:\/\/i0.wp.com\/verdadeon.com.br\/portal\/wp-content\/uploads\/2022\/06\/WhatsApp-Image-2022-06-15-at-17.08.23.jpeg?fit=1280%2C800&ssl=1\",\"contentUrl\":\"https:\/\/i0.wp.com\/verdadeon.com.br\/portal\/wp-content\/uploads\/2022\/06\/WhatsApp-Image-2022-06-15-at-17.08.23.jpeg?fit=1280%2C800&ssl=1\",\"width\":1280,\"height\":800,\"caption\":\"Helinho Garcia foi eleito como o melhor t\u00e9cnico da edi\u00e7\u00e3o 2021\/2022, do Novo Basquete Brasil (NBB) | Foto: Divulga\u00e7\u00e3o NBB\"},{\"@type\":\"BreadcrumbList\",\"@id\":\"https:\/\/verdadeon.com.br\/portal\/2022\/06\/15\/fiquei-muito-feliz-e-honrado-por-ter-sido-escolhido-como-melhor-tecnico-entre-tantos-grandes-afirma-helinho\/#breadcrumb\",\"itemListElement\":[{\"@type\":\"ListItem\",\"position\":1,\"name\":\"In\u00edcio\",\"item\":\"https:\/\/verdadeon.com.br\/portal\/\"},{\"@type\":\"ListItem\",\"position\":2,\"name\":\"&#8216;Fiquei muito feliz e honrado por ter sido escolhido como melhor t\u00e9cnico entre tantos grandes&#8217;, afirma Helinho\"}]},{\"@type\":\"WebSite\",\"@id\":\"https:\/\/verdadeon.com.br\/portal\/#website\",\"url\":\"https:\/\/verdadeon.com.br\/portal\/\",\"name\":\"VerdadeOn\",\"description\":\"Not\u00edcias di\u00e1rias sobre Franca, Regi\u00e3o, Esporte, Cultura, Cotidiano, Colunas. Cobertura nos principais eventos da cidade \u00e9 aqui - Verdadeon Franca\",\"potentialAction\":[{\"@type\":\"SearchAction\",\"target\":{\"@type\":\"EntryPoint\",\"urlTemplate\":\"https:\/\/verdadeon.com.br\/portal\/?s={search_term_string}\"},\"query-input\":{\"@type\":\"PropertyValueSpecification\",\"valueRequired\":true,\"valueName\":\"search_term_string\"}}],\"inLanguage\":\"pt-BR\"},{\"@type\":\"Person\",\"@id\":\"https:\/\/verdadeon.com.br\/portal\/#\/schema\/person\/cc32be22b8e8599387c480bc83e1d11a\",\"name\":\"Fernando Lima\",\"image\":{\"@type\":\"ImageObject\",\"inLanguage\":\"pt-BR\",\"@id\":\"https:\/\/verdadeon.com.br\/portal\/#\/schema\/person\/image\/\",\"url\":\"https:\/\/secure.gravatar.com\/avatar\/df4c8e132080d2b3a4841d5d232045464e0eed11a1d6e43115ca0843d48768d3?s=96&d=mm&r=g\",\"contentUrl\":\"https:\/\/secure.gravatar.com\/avatar\/df4c8e132080d2b3a4841d5d232045464e0eed11a1d6e43115ca0843d48768d3?s=96&d=mm&r=g\",\"caption\":\"Fernando Lima\"},\"sameAs\":[\"http:\/\/verdadeon.com.br\/\"],\"url\":\"https:\/\/verdadeon.com.br\/portal\/author\/fernando-lima\/\"}]}<\/script>\n<!-- \/ Yoast SEO plugin. -->","yoast_head_json":{"title":"'Fiquei muito feliz e honrado por ter sido escolhido como melhor t\u00e9cnico entre tantos grandes', afirma Helinho - VerdadeOn","robots":{"index":"index","follow":"follow","max-snippet":"max-snippet:-1","max-image-preview":"max-image-preview:large","max-video-preview":"max-video-preview:-1"},"canonical":"https:\/\/verdadeon.com.br\/portal\/2022\/06\/15\/fiquei-muito-feliz-e-honrado-por-ter-sido-escolhido-como-melhor-tecnico-entre-tantos-grandes-afirma-helinho\/","og_locale":"pt_BR","og_type":"article","og_title":"'Fiquei muito feliz e honrado por ter sido escolhido como melhor t\u00e9cnico entre tantos grandes', afirma Helinho - VerdadeOn","og_description":"Premia\u00e7\u00e3o foi realizada nesta ter\u00e7a-feira em S\u00e3o Paulo, Lucas Mariano foi o cestinha da competi\u00e7\u00e3o O t\u00e9cnico do Sesi Franca Basquete, Helinho Garcia, foi eleito o [\u2026]","og_url":"https:\/\/verdadeon.com.br\/portal\/2022\/06\/15\/fiquei-muito-feliz-e-honrado-por-ter-sido-escolhido-como-melhor-tecnico-entre-tantos-grandes-afirma-helinho\/","og_site_name":"VerdadeOn","article_published_time":"2022-06-15T20:10:28+00:00","og_image":[{"width":1280,"height":800,"url":"https:\/\/verdadeon.com.br\/portal\/wp-content\/uploads\/2022\/06\/WhatsApp-Image-2022-06-15-at-17.08.23.jpeg","type":"image\/jpeg"}],"author":"Fernando Lima","twitter_card":"summary_large_image","twitter_misc":{"Escrito por":"Fernando Lima","Est. tempo de leitura":"2 minutos"},"schema":{"@context":"https:\/\/schema.org","@graph":[{"@type":"WebPage","@id":"https:\/\/verdadeon.com.br\/portal\/2022\/06\/15\/fiquei-muito-feliz-e-honrado-por-ter-sido-escolhido-como-melhor-tecnico-entre-tantos-grandes-afirma-helinho\/","url":"https:\/\/verdadeon.com.br\/portal\/2022\/06\/15\/fiquei-muito-feliz-e-honrado-por-ter-sido-escolhido-como-melhor-tecnico-entre-tantos-grandes-afirma-helinho\/","name":"'Fiquei muito feliz e honrado por ter sido escolhido como melhor t\u00e9cnico entre tantos grandes', afirma Helinho - VerdadeOn","isPartOf":{"@id":"https:\/\/verdadeon.com.br\/portal\/#website"},"primaryImageOfPage":{"@id":"https:\/\/verdadeon.com.br\/portal\/2022\/06\/15\/fiquei-muito-feliz-e-honrado-por-ter-sido-escolhido-como-melhor-tecnico-entre-tantos-grandes-afirma-helinho\/#primaryimage"},"image":{"@id":"https:\/\/verdadeon.com.br\/portal\/2022\/06\/15\/fiquei-muito-feliz-e-honrado-por-ter-sido-escolhido-como-melhor-tecnico-entre-tantos-grandes-afirma-helinho\/#primaryimage"},"thumbnailUrl":"https:\/\/i0.wp.com\/verdadeon.com.br\/portal\/wp-content\/uploads\/2022\/06\/WhatsApp-Image-2022-06-15-at-17.08.23.jpeg?fit=1280%2C800&ssl=1","datePublished":"2022-06-15T20:10:28+00:00","author":{"@id":"https:\/\/verdadeon.com.br\/portal\/#\/schema\/person\/cc32be22b8e8599387c480bc83e1d11a"},"breadcrumb":{"@id":"https:\/\/verdadeon.com.br\/portal\/2022\/06\/15\/fiquei-muito-feliz-e-honrado-por-ter-sido-escolhido-como-melhor-tecnico-entre-tantos-grandes-afirma-helinho\/#breadcrumb"},"inLanguage":"pt-BR","potentialAction":[{"@type":"ReadAction","target":["https:\/\/verdadeon.com.br\/portal\/2022\/06\/15\/fiquei-muito-feliz-e-honrado-por-ter-sido-escolhido-como-melhor-tecnico-entre-tantos-grandes-afirma-helinho\/"]}]},{"@type":"ImageObject","inLanguage":"pt-BR","@id":"https:\/\/verdadeon.com.br\/portal\/2022\/06\/15\/fiquei-muito-feliz-e-honrado-por-ter-sido-escolhido-como-melhor-tecnico-entre-tantos-grandes-afirma-helinho\/#primaryimage","url":"https:\/\/i0.wp.com\/verdadeon.com.br\/portal\/wp-content\/uploads\/2022\/06\/WhatsApp-Image-2022-06-15-at-17.08.23.jpeg?fit=1280%2C800&ssl=1","contentUrl":"https:\/\/i0.wp.com\/verdadeon.com.br\/portal\/wp-content\/uploads\/2022\/06\/WhatsApp-Image-2022-06-15-at-17.08.23.jpeg?fit=1280%2C800&ssl=1","width":1280,"height":800,"caption":"Helinho Garcia foi eleito como o melhor t\u00e9cnico da edi\u00e7\u00e3o 2021\/2022, do Novo Basquete Brasil (NBB) | Foto: Divulga\u00e7\u00e3o NBB"},{"@type":"BreadcrumbList","@id":"https:\/\/verdadeon.com.br\/portal\/2022\/06\/15\/fiquei-muito-feliz-e-honrado-por-ter-sido-escolhido-como-melhor-tecnico-entre-tantos-grandes-afirma-helinho\/#breadcrumb","itemListElement":[{"@type":"ListItem","position":1,"name":"In\u00edcio","item":"https:\/\/verdadeon.com.br\/portal\/"},{"@type":"ListItem","position":2,"name":"&#8216;Fiquei muito feliz e honrado por ter sido escolhido como melhor t\u00e9cnico entre tantos grandes&#8217;, afirma Helinho"}]},{"@type":"WebSite","@id":"https:\/\/verdadeon.com.br\/portal\/#website","url":"https:\/\/verdadeon.com.br\/portal\/","name":"VerdadeOn","description":"Not\u00edcias di\u00e1rias sobre Franca, Regi\u00e3o, Esporte, Cultura, Cotidiano, Colunas. Cobertura nos principais eventos da cidade \u00e9 aqui - Verdadeon Franca","potentialAction":[{"@type":"SearchAction","target":{"@type":"EntryPoint","urlTemplate":"https:\/\/verdadeon.com.br\/portal\/?s={search_term_string}"},"query-input":{"@type":"PropertyValueSpecification","valueRequired":true,"valueName":"search_term_string"}}],"inLanguage":"pt-BR"},{"@type":"Person","@id":"https:\/\/verdadeon.com.br\/portal\/#\/schema\/person\/cc32be22b8e8599387c480bc83e1d11a","name":"Fernando Lima","image":{"@type":"ImageObject","inLanguage":"pt-BR","@id":"https:\/\/verdadeon.com.br\/portal\/#\/schema\/person\/image\/","url":"https:\/\/secure.gravatar.com\/avatar\/df4c8e132080d2b3a4841d5d232045464e0eed11a1d6e43115ca0843d48768d3?s=96&d=mm&r=g","contentUrl":"https:\/\/secure.gravatar.com\/avatar\/df4c8e132080d2b3a4841d5d232045464e0eed11a1d6e43115ca0843d48768d3?s=96&d=mm&r=g","caption":"Fernando Lima"},"sameAs":["http:\/\/verdadeon.com.br\/"],"url":"https:\/\/verdadeon.com.br\/portal\/author\/fernando-lima\/"}]}},"jetpack_publicize_connections":[],"jetpack_featured_media_url":"https:\/\/i0.wp.com\/verdadeon.com.br\/portal\/wp-content\/uploads\/2022\/06\/WhatsApp-Image-2022-06-15-at-17.08.23.jpeg?fit=1280%2C800&ssl=1","jetpack_sharing_enabled":true,"_links":{"self":[{"href":"https:\/\/verdadeon.com.br\/portal\/wp-json\/wp\/v2\/posts\/25861","targetHints":{"allow":["GET"]}}],"collection":[{"href":"https:\/\/verdadeon.com.br\/portal\/wp-json\/wp\/v2\/posts"}],"about":[{"href":"https:\/\/verdadeon.com.br\/portal\/wp-json\/wp\/v2\/types\/post"}],"author":[{"embeddable":true,"href":"https:\/\/verdadeon.com.br\/portal\/wp-json\/wp\/v2\/users\/7"}],"replies":[{"embeddable":true,"href":"https:\/\/verdadeon.com.br\/portal\/wp-json\/wp\/v2\/comments?post=25861"}],"version-history":[{"count":2,"href":"https:\/\/verdadeon.com.br\/portal\/wp-json\/wp\/v2\/posts\/25861\/revisions"}],"predecessor-version":[{"id":25867,"href":"https:\/\/verdadeon.com.br\/portal\/wp-json\/wp\/v2\/posts\/25861\/revisions\/25867"}],"wp:featuredmedia":[{"embeddable":true,"href":"https:\/\/verdadeon.com.br\/portal\/wp-json\/wp\/v2\/media\/25865"}],"wp:attachment":[{"href":"https:\/\/verdadeon.com.br\/portal\/wp-json\/wp\/v2\/media?parent=25861"}],"wp:term":[{"taxonomy":"category","embeddable":true,"href":"https:\/\/verdadeon.com.br\/portal\/wp-json\/wp\/v2\/categories?post=25861"},{"taxonomy":"post_tag","embeddable":true,"href":"https:\/\/verdadeon.com.br\/portal\/wp-json\/wp\/v2\/tags?post=25861"}],"curies":[{"name":"wp","href":"https:\/\/api.w.org\/{rel}","templated":true}]}}