{"id":25757,"date":"2022-06-11T15:00:07","date_gmt":"2022-06-11T18:00:07","guid":{"rendered":"https:\/\/verdadeon.com.br\/portal\/?p=25757"},"modified":"2022-06-11T12:50:41","modified_gmt":"2022-06-11T15:50:41","slug":"rendimentos-de-brasileiros-cairam-87-no-primeiro-trimestre-de-2022","status":"publish","type":"post","link":"https:\/\/verdadeon.com.br\/portal\/2022\/06\/11\/rendimentos-de-brasileiros-cairam-87-no-primeiro-trimestre-de-2022\/","title":{"rendered":"Rendimentos de brasileiros ca\u00edram 8,7% no primeiro trimestre de 2022"},"content":{"rendered":"<h2 class=\"col-10 offset-1 animated fadeInDown dealy-900 display-8 display-md-8 alt-font font-italic my-1 text-center\">Mulheres tiveram queda maior que os homens nos rendimentos efetivos de acordo com o levantamento<\/h2>\n<p>Um estudo divulgado pelo Instituto de Pesquisa Econ\u00f4mica Aplicada (Ipea) mostra que os rendimentos habituais reais m\u00e9dios dos brasileiros ca\u00edram 8,7% no primeiro trimestre de 2022, ou seja, entre janeiro e mar\u00e7o, em compara\u00e7\u00e3o com o primeiro trimestre de 2021, chegando a um valor de R$ 2.548.<\/p>\n<p>Segundo o Ipea, essa queda impactou mais os domic\u00edlios de renda mais alta, o que fez com que, nos tr\u00eas primeiros meses de 2022, houvesse uma redu\u00e7\u00e3o de desigualdade, em rela\u00e7\u00e3o ao mesmo per\u00edodo de 2021. Os dados do estudo mostram que os domic\u00edlios de renda mais alta foram os que tiveram uma queda da renda habitual de 3,98%, enquanto a faixa de renda baixa teve uma queda de 1,17%.<\/p>\n<p>De acordo com o Ipea, a maior redu\u00e7\u00e3o dos rendimentos entre aqueles com renda mais alta deve-se a queda da renda dos trabalhadores do setor p\u00fablico. Os empregados com carteira no setor privado, sem carteira no setor privado e, sobretudo, do setor p\u00fablico encontraram dificuldade em negociar reposi\u00e7\u00f5es salariais ao longo de 2021, apesar da recupera\u00e7\u00e3o do crescimento da atividade econ\u00f4mica observada no ano.<\/p>\n<p>No primeiro trimestre de 2022 a renda domiciliar do trabalho da faixa de renda alta era 28 vezes maior que a da faixa de renda muito baixa, valor menor que no primeiro trimestre de 2021: que era 28,8.<\/p>\n<p>Em 2022 houve ainda um aumento da propor\u00e7\u00e3o de domic\u00edlios com renda do trabalho. Isso, segundo o Ipea, \u00e9 uma das consequ\u00eancias da pandemia. No primeiro trimestre de 2020, 22,35%, o equivalente a pouco mais de um a cada cinco domic\u00edlios no pa\u00eds, n\u00e3o possu\u00eda renda proveniente do trabalho. Essa porcentagem aumentou para 28,55% no mesmo per\u00edodo de 2021 e, em 2022, chegou a 23,35%.<\/p>\n<p>O recorte regional indica que a renda efetiva mostrou maiores quedas nas regi\u00f5es Sudeste e Sul, com quedas de 8,2% e 6,1% respectivamente. Em rela\u00e7\u00e3o ao g\u00eanero, as mulheres tiveram queda maior que os homens nos rendimentos efetivos e habituais. Segundo o Ipea, essas quedas foram de 6,7% para as mulheres contra 5,5% para os homens na renda efetiva no primeiro trimestre de 2022 e de 8,7% para as mulheres contra 8,3% para os homens na renda habitual.<\/p>\n<p>O estudo mostra ainda que, apesar da queda na renda no primeiro trimestre de 2022 em rela\u00e7\u00e3o ao mesmo trimestre de 2021 se deve, em parte, ao retorno de trabalhadores menos qualificados ao mercado de trabalho, tanto a renda efetiva quanto a habitual ainda est\u00e3o abaixo dos n\u00edveis anteriores \u00e0 pandemia, havendo queda da renda em compara\u00e7\u00e3o com os primeiros trimestres de 2019 e 2020.<\/p>\n<p>O Ipea considera a renda efetiva como o que os trabalhadores receberam de fato pelo trabalho e a habitual como o que costumam receber.<\/p>\n<p>Fonte: Ag\u00eancia Brasil<\/p>\n","protected":false},"excerpt":{"rendered":"<p>Mulheres tiveram queda maior que os homens nos rendimentos efetivos de acordo com o levantamento Um estudo divulgado pelo Instituto de Pesquisa Econ\u00f4mica Aplicada (Ipea) mostra<span class=\"excerpt-hellip\"> [\u2026]<\/span><\/p>\n","protected":false},"author":7,"featured_media":25759,"comment_status":"open","ping_status":"open","sticky":false,"template":"","format":"standard","meta":{"_jetpack_memberships_contains_paid_content":false,"footnotes":"","jetpack_publicize_message":"","jetpack_publicize_feature_enabled":true,"jetpack_social_post_already_shared":false,"jetpack_social_options":{"image_generator_settings":{"template":"highway","default_image_id":0,"enabled":false},"version":2}},"categories":[28,44],"tags":[],"class_list":["post-25757","post","type-post","status-publish","format-standard","has-post-thumbnail","hentry","category-cotidiano","category-noticias"],"yoast_head":"<!-- This site is optimized with the Yoast SEO plugin v25.6 - https:\/\/yoast.com\/wordpress\/plugins\/seo\/ -->\n<title>Rendimentos de brasileiros ca\u00edram 8,7% no primeiro trimestre de 2022 - VerdadeOn<\/title>\n<meta name=\"robots\" content=\"index, follow, max-snippet:-1, max-image-preview:large, max-video-preview:-1\" \/>\n<link rel=\"canonical\" href=\"https:\/\/verdadeon.com.br\/portal\/2022\/06\/11\/rendimentos-de-brasileiros-cairam-87-no-primeiro-trimestre-de-2022\/\" \/>\n<meta property=\"og:locale\" content=\"pt_BR\" \/>\n<meta property=\"og:type\" content=\"article\" \/>\n<meta property=\"og:title\" content=\"Rendimentos de brasileiros ca\u00edram 8,7% no primeiro trimestre de 2022 - VerdadeOn\" \/>\n<meta property=\"og:description\" content=\"Mulheres tiveram queda maior que os homens nos rendimentos efetivos de acordo com o levantamento Um estudo divulgado pelo Instituto de Pesquisa Econ\u00f4mica Aplicada (Ipea) mostra [\u2026]\" \/>\n<meta property=\"og:url\" content=\"https:\/\/verdadeon.com.br\/portal\/2022\/06\/11\/rendimentos-de-brasileiros-cairam-87-no-primeiro-trimestre-de-2022\/\" \/>\n<meta property=\"og:site_name\" content=\"VerdadeOn\" \/>\n<meta property=\"article:published_time\" content=\"2022-06-11T18:00:07+00:00\" \/>\n<meta property=\"og:image\" content=\"https:\/\/verdadeon.com.br\/portal\/wp-content\/uploads\/2022\/06\/RENDIMENTO-e1654962456542.jpg\" \/>\n\t<meta property=\"og:image:width\" content=\"1000\" \/>\n\t<meta property=\"og:image:height\" content=\"669\" \/>\n\t<meta property=\"og:image:type\" content=\"image\/jpeg\" \/>\n<meta name=\"author\" content=\"Fernando Lima\" \/>\n<meta name=\"twitter:card\" content=\"summary_large_image\" \/>\n<meta name=\"twitter:label1\" content=\"Escrito por\" \/>\n\t<meta name=\"twitter:data1\" content=\"Fernando Lima\" \/>\n\t<meta name=\"twitter:label2\" content=\"Est. tempo de leitura\" \/>\n\t<meta name=\"twitter:data2\" content=\"3 minutos\" \/>\n<script type=\"application\/ld+json\" class=\"yoast-schema-graph\">{\"@context\":\"https:\/\/schema.org\",\"@graph\":[{\"@type\":\"WebPage\",\"@id\":\"https:\/\/verdadeon.com.br\/portal\/2022\/06\/11\/rendimentos-de-brasileiros-cairam-87-no-primeiro-trimestre-de-2022\/\",\"url\":\"https:\/\/verdadeon.com.br\/portal\/2022\/06\/11\/rendimentos-de-brasileiros-cairam-87-no-primeiro-trimestre-de-2022\/\",\"name\":\"Rendimentos de brasileiros ca\u00edram 8,7% no primeiro trimestre de 2022 - VerdadeOn\",\"isPartOf\":{\"@id\":\"https:\/\/verdadeon.com.br\/portal\/#website\"},\"primaryImageOfPage\":{\"@id\":\"https:\/\/verdadeon.com.br\/portal\/2022\/06\/11\/rendimentos-de-brasileiros-cairam-87-no-primeiro-trimestre-de-2022\/#primaryimage\"},\"image\":{\"@id\":\"https:\/\/verdadeon.com.br\/portal\/2022\/06\/11\/rendimentos-de-brasileiros-cairam-87-no-primeiro-trimestre-de-2022\/#primaryimage\"},\"thumbnailUrl\":\"https:\/\/i0.wp.com\/verdadeon.com.br\/portal\/wp-content\/uploads\/2022\/06\/RENDIMENTO-e1654962456542.jpg?fit=1000%2C669&ssl=1\",\"datePublished\":\"2022-06-11T18:00:07+00:00\",\"author\":{\"@id\":\"https:\/\/verdadeon.com.br\/portal\/#\/schema\/person\/cc32be22b8e8599387c480bc83e1d11a\"},\"breadcrumb\":{\"@id\":\"https:\/\/verdadeon.com.br\/portal\/2022\/06\/11\/rendimentos-de-brasileiros-cairam-87-no-primeiro-trimestre-de-2022\/#breadcrumb\"},\"inLanguage\":\"pt-BR\",\"potentialAction\":[{\"@type\":\"ReadAction\",\"target\":[\"https:\/\/verdadeon.com.br\/portal\/2022\/06\/11\/rendimentos-de-brasileiros-cairam-87-no-primeiro-trimestre-de-2022\/\"]}]},{\"@type\":\"ImageObject\",\"inLanguage\":\"pt-BR\",\"@id\":\"https:\/\/verdadeon.com.br\/portal\/2022\/06\/11\/rendimentos-de-brasileiros-cairam-87-no-primeiro-trimestre-de-2022\/#primaryimage\",\"url\":\"https:\/\/i0.wp.com\/verdadeon.com.br\/portal\/wp-content\/uploads\/2022\/06\/RENDIMENTO-e1654962456542.jpg?fit=1000%2C669&ssl=1\",\"contentUrl\":\"https:\/\/i0.wp.com\/verdadeon.com.br\/portal\/wp-content\/uploads\/2022\/06\/RENDIMENTO-e1654962456542.jpg?fit=1000%2C669&ssl=1\",\"width\":1000,\"height\":669,\"caption\":\"No primeiro trimestre de 2022 a renda domiciliar do trabalho da faixa de renda alta era 28 vezes maior que a da faixa de renda muito baixa, valor menor que no primeiro trimestre de 2021: que era 28,8 | Foto: Ag\u00eancia Brasil\"},{\"@type\":\"BreadcrumbList\",\"@id\":\"https:\/\/verdadeon.com.br\/portal\/2022\/06\/11\/rendimentos-de-brasileiros-cairam-87-no-primeiro-trimestre-de-2022\/#breadcrumb\",\"itemListElement\":[{\"@type\":\"ListItem\",\"position\":1,\"name\":\"In\u00edcio\",\"item\":\"https:\/\/verdadeon.com.br\/portal\/\"},{\"@type\":\"ListItem\",\"position\":2,\"name\":\"Rendimentos de brasileiros ca\u00edram 8,7% no primeiro trimestre de 2022\"}]},{\"@type\":\"WebSite\",\"@id\":\"https:\/\/verdadeon.com.br\/portal\/#website\",\"url\":\"https:\/\/verdadeon.com.br\/portal\/\",\"name\":\"VerdadeOn\",\"description\":\"Not\u00edcias di\u00e1rias sobre Franca, Regi\u00e3o, Esporte, Cultura, Cotidiano, Colunas. Cobertura nos principais eventos da cidade \u00e9 aqui - Verdadeon Franca\",\"potentialAction\":[{\"@type\":\"SearchAction\",\"target\":{\"@type\":\"EntryPoint\",\"urlTemplate\":\"https:\/\/verdadeon.com.br\/portal\/?s={search_term_string}\"},\"query-input\":{\"@type\":\"PropertyValueSpecification\",\"valueRequired\":true,\"valueName\":\"search_term_string\"}}],\"inLanguage\":\"pt-BR\"},{\"@type\":\"Person\",\"@id\":\"https:\/\/verdadeon.com.br\/portal\/#\/schema\/person\/cc32be22b8e8599387c480bc83e1d11a\",\"name\":\"Fernando Lima\",\"image\":{\"@type\":\"ImageObject\",\"inLanguage\":\"pt-BR\",\"@id\":\"https:\/\/verdadeon.com.br\/portal\/#\/schema\/person\/image\/\",\"url\":\"https:\/\/secure.gravatar.com\/avatar\/df4c8e132080d2b3a4841d5d232045464e0eed11a1d6e43115ca0843d48768d3?s=96&d=mm&r=g\",\"contentUrl\":\"https:\/\/secure.gravatar.com\/avatar\/df4c8e132080d2b3a4841d5d232045464e0eed11a1d6e43115ca0843d48768d3?s=96&d=mm&r=g\",\"caption\":\"Fernando Lima\"},\"sameAs\":[\"http:\/\/verdadeon.com.br\/\"],\"url\":\"https:\/\/verdadeon.com.br\/portal\/author\/fernando-lima\/\"}]}<\/script>\n<!-- \/ Yoast SEO plugin. -->","yoast_head_json":{"title":"Rendimentos de brasileiros ca\u00edram 8,7% no primeiro trimestre de 2022 - VerdadeOn","robots":{"index":"index","follow":"follow","max-snippet":"max-snippet:-1","max-image-preview":"max-image-preview:large","max-video-preview":"max-video-preview:-1"},"canonical":"https:\/\/verdadeon.com.br\/portal\/2022\/06\/11\/rendimentos-de-brasileiros-cairam-87-no-primeiro-trimestre-de-2022\/","og_locale":"pt_BR","og_type":"article","og_title":"Rendimentos de brasileiros ca\u00edram 8,7% no primeiro trimestre de 2022 - VerdadeOn","og_description":"Mulheres tiveram queda maior que os homens nos rendimentos efetivos de acordo com o levantamento Um estudo divulgado pelo Instituto de Pesquisa Econ\u00f4mica Aplicada (Ipea) mostra [\u2026]","og_url":"https:\/\/verdadeon.com.br\/portal\/2022\/06\/11\/rendimentos-de-brasileiros-cairam-87-no-primeiro-trimestre-de-2022\/","og_site_name":"VerdadeOn","article_published_time":"2022-06-11T18:00:07+00:00","og_image":[{"width":1000,"height":669,"url":"https:\/\/verdadeon.com.br\/portal\/wp-content\/uploads\/2022\/06\/RENDIMENTO-e1654962456542.jpg","type":"image\/jpeg"}],"author":"Fernando Lima","twitter_card":"summary_large_image","twitter_misc":{"Escrito por":"Fernando Lima","Est. tempo de leitura":"3 minutos"},"schema":{"@context":"https:\/\/schema.org","@graph":[{"@type":"WebPage","@id":"https:\/\/verdadeon.com.br\/portal\/2022\/06\/11\/rendimentos-de-brasileiros-cairam-87-no-primeiro-trimestre-de-2022\/","url":"https:\/\/verdadeon.com.br\/portal\/2022\/06\/11\/rendimentos-de-brasileiros-cairam-87-no-primeiro-trimestre-de-2022\/","name":"Rendimentos de brasileiros ca\u00edram 8,7% no primeiro trimestre de 2022 - VerdadeOn","isPartOf":{"@id":"https:\/\/verdadeon.com.br\/portal\/#website"},"primaryImageOfPage":{"@id":"https:\/\/verdadeon.com.br\/portal\/2022\/06\/11\/rendimentos-de-brasileiros-cairam-87-no-primeiro-trimestre-de-2022\/#primaryimage"},"image":{"@id":"https:\/\/verdadeon.com.br\/portal\/2022\/06\/11\/rendimentos-de-brasileiros-cairam-87-no-primeiro-trimestre-de-2022\/#primaryimage"},"thumbnailUrl":"https:\/\/i0.wp.com\/verdadeon.com.br\/portal\/wp-content\/uploads\/2022\/06\/RENDIMENTO-e1654962456542.jpg?fit=1000%2C669&ssl=1","datePublished":"2022-06-11T18:00:07+00:00","author":{"@id":"https:\/\/verdadeon.com.br\/portal\/#\/schema\/person\/cc32be22b8e8599387c480bc83e1d11a"},"breadcrumb":{"@id":"https:\/\/verdadeon.com.br\/portal\/2022\/06\/11\/rendimentos-de-brasileiros-cairam-87-no-primeiro-trimestre-de-2022\/#breadcrumb"},"inLanguage":"pt-BR","potentialAction":[{"@type":"ReadAction","target":["https:\/\/verdadeon.com.br\/portal\/2022\/06\/11\/rendimentos-de-brasileiros-cairam-87-no-primeiro-trimestre-de-2022\/"]}]},{"@type":"ImageObject","inLanguage":"pt-BR","@id":"https:\/\/verdadeon.com.br\/portal\/2022\/06\/11\/rendimentos-de-brasileiros-cairam-87-no-primeiro-trimestre-de-2022\/#primaryimage","url":"https:\/\/i0.wp.com\/verdadeon.com.br\/portal\/wp-content\/uploads\/2022\/06\/RENDIMENTO-e1654962456542.jpg?fit=1000%2C669&ssl=1","contentUrl":"https:\/\/i0.wp.com\/verdadeon.com.br\/portal\/wp-content\/uploads\/2022\/06\/RENDIMENTO-e1654962456542.jpg?fit=1000%2C669&ssl=1","width":1000,"height":669,"caption":"No primeiro trimestre de 2022 a renda domiciliar do trabalho da faixa de renda alta era 28 vezes maior que a da faixa de renda muito baixa, valor menor que no primeiro trimestre de 2021: que era 28,8 | Foto: Ag\u00eancia Brasil"},{"@type":"BreadcrumbList","@id":"https:\/\/verdadeon.com.br\/portal\/2022\/06\/11\/rendimentos-de-brasileiros-cairam-87-no-primeiro-trimestre-de-2022\/#breadcrumb","itemListElement":[{"@type":"ListItem","position":1,"name":"In\u00edcio","item":"https:\/\/verdadeon.com.br\/portal\/"},{"@type":"ListItem","position":2,"name":"Rendimentos de brasileiros ca\u00edram 8,7% no primeiro trimestre de 2022"}]},{"@type":"WebSite","@id":"https:\/\/verdadeon.com.br\/portal\/#website","url":"https:\/\/verdadeon.com.br\/portal\/","name":"VerdadeOn","description":"Not\u00edcias di\u00e1rias sobre Franca, Regi\u00e3o, Esporte, Cultura, Cotidiano, Colunas. Cobertura nos principais eventos da cidade \u00e9 aqui - Verdadeon Franca","potentialAction":[{"@type":"SearchAction","target":{"@type":"EntryPoint","urlTemplate":"https:\/\/verdadeon.com.br\/portal\/?s={search_term_string}"},"query-input":{"@type":"PropertyValueSpecification","valueRequired":true,"valueName":"search_term_string"}}],"inLanguage":"pt-BR"},{"@type":"Person","@id":"https:\/\/verdadeon.com.br\/portal\/#\/schema\/person\/cc32be22b8e8599387c480bc83e1d11a","name":"Fernando Lima","image":{"@type":"ImageObject","inLanguage":"pt-BR","@id":"https:\/\/verdadeon.com.br\/portal\/#\/schema\/person\/image\/","url":"https:\/\/secure.gravatar.com\/avatar\/df4c8e132080d2b3a4841d5d232045464e0eed11a1d6e43115ca0843d48768d3?s=96&d=mm&r=g","contentUrl":"https:\/\/secure.gravatar.com\/avatar\/df4c8e132080d2b3a4841d5d232045464e0eed11a1d6e43115ca0843d48768d3?s=96&d=mm&r=g","caption":"Fernando Lima"},"sameAs":["http:\/\/verdadeon.com.br\/"],"url":"https:\/\/verdadeon.com.br\/portal\/author\/fernando-lima\/"}]}},"jetpack_publicize_connections":[],"jetpack_featured_media_url":"https:\/\/i0.wp.com\/verdadeon.com.br\/portal\/wp-content\/uploads\/2022\/06\/RENDIMENTO-e1654962456542.jpg?fit=1000%2C669&ssl=1","jetpack_sharing_enabled":true,"_links":{"self":[{"href":"https:\/\/verdadeon.com.br\/portal\/wp-json\/wp\/v2\/posts\/25757","targetHints":{"allow":["GET"]}}],"collection":[{"href":"https:\/\/verdadeon.com.br\/portal\/wp-json\/wp\/v2\/posts"}],"about":[{"href":"https:\/\/verdadeon.com.br\/portal\/wp-json\/wp\/v2\/types\/post"}],"author":[{"embeddable":true,"href":"https:\/\/verdadeon.com.br\/portal\/wp-json\/wp\/v2\/users\/7"}],"replies":[{"embeddable":true,"href":"https:\/\/verdadeon.com.br\/portal\/wp-json\/wp\/v2\/comments?post=25757"}],"version-history":[{"count":1,"href":"https:\/\/verdadeon.com.br\/portal\/wp-json\/wp\/v2\/posts\/25757\/revisions"}],"predecessor-version":[{"id":25760,"href":"https:\/\/verdadeon.com.br\/portal\/wp-json\/wp\/v2\/posts\/25757\/revisions\/25760"}],"wp:featuredmedia":[{"embeddable":true,"href":"https:\/\/verdadeon.com.br\/portal\/wp-json\/wp\/v2\/media\/25759"}],"wp:attachment":[{"href":"https:\/\/verdadeon.com.br\/portal\/wp-json\/wp\/v2\/media?parent=25757"}],"wp:term":[{"taxonomy":"category","embeddable":true,"href":"https:\/\/verdadeon.com.br\/portal\/wp-json\/wp\/v2\/categories?post=25757"},{"taxonomy":"post_tag","embeddable":true,"href":"https:\/\/verdadeon.com.br\/portal\/wp-json\/wp\/v2\/tags?post=25757"}],"curies":[{"name":"wp","href":"https:\/\/api.w.org\/{rel}","templated":true}]}}