{"id":25749,"date":"2022-06-10T18:42:09","date_gmt":"2022-06-10T21:42:09","guid":{"rendered":"https:\/\/verdadeon.com.br\/portal\/?p=25749"},"modified":"2022-06-10T18:41:13","modified_gmt":"2022-06-10T21:41:13","slug":"uab-oferece-32-vagas-para-curso-de-pedagogia","status":"publish","type":"post","link":"https:\/\/verdadeon.com.br\/portal\/2022\/06\/10\/uab-oferece-32-vagas-para-curso-de-pedagogia\/","title":{"rendered":"UAB oferece 32 vagas para Curso de Pedagogia"},"content":{"rendered":"<h2>Inscri\u00e7\u00f5es seguem at\u00e9 dia 30 de junho para o modelo EAD, em parceria com a Universidade Federal do Tri\u00e2ngulo Mineiro<\/h2>\n<p><span style=\"font-weight: 400;\">\u00a0<\/span><\/p>\n<p><span style=\"font-weight: 400;\">Com prazo at\u00e9 dia 30 deste m\u00eas, a Universidade Federal do Tri\u00e2ngulo Mineiro &#8211; UFTM segue com inscri\u00e7\u00f5es abertas para o processo seletivo do curso de licenciatura em Pedagogia EAD, para ingresso no 2\u00ba semestre letivo de 2022. O n\u00facleo de Franca, instalado no antigo Col\u00e9gio Champagnat, tem reservadas 32 vagas, sendo 16 para ampla concorr\u00eancia e 16 para os candidatos egressos de escola p\u00fablica.<\/span><\/p>\n<p><span style=\"font-weight: 400;\">Conforme o que consta do edital, o n\u00facleo local da UAB, mantido pela Prefeitura, funciona em parceria com a UFTM. O presente processo seletivo est\u00e1 oferecendo 256 vagas no curso de licenciatura em Pedagogia, na modalidade de Educa\u00e7\u00e3o \u00e0 Dist\u00e2ncia, com vagas para os polos nas cidades mineiras de Arax\u00e1, Coromandel, Ituiutaba e Uberaba; e nas cidades paulistas de B\u00e1lsamo, Franca, Serrana e Mat\u00e3o.<\/span><\/p>\n<p><span style=\"font-weight: 400;\">As vagas ofertadas ser\u00e3o distribu\u00eddas entre Categoria 1: Professores em exerc\u00edcio em escolas da rede p\u00fablica ou privada e que n\u00e3o possuam diploma de curso superior; e Categoria 2: P\u00fablico jovem e adulto egresso do ensino m\u00e9dio. A prefer\u00eancia ser\u00e1 para preenchimento com a primeira categoria, observada tamb\u00e9m a propor\u00e7\u00e3o de vagas para a\u00e7\u00f5es afirmativas, conforme o edital.\u00a0<\/span><\/p>\n<p><span style=\"font-weight: 400;\">As inscri\u00e7\u00f5es abertas dia 9 devem ser feitas at\u00e9 o dia 30 deste m\u00eas, exclusivamente pela internet, atrav\u00e9s do link:\u00a0 <\/span><a href=\"http:\/\/www.uftm.edu.br\/graduacao\/ead\/pedagogia-editais-em-andamento\"><span style=\"font-weight: 400;\">http:\/\/www.uftm.edu.br\/graduacao\/ead\/pedagogia-editais-em-andamento<\/span><\/a><\/p>\n<p><span style=\"font-weight: 400;\">Deve ser paga taxa de inscri\u00e7\u00e3o de R$ 90. Para mais informa\u00e7\u00f5es sobre possibilidade de isen\u00e7\u00e3o de pagamento de taxa de inscri\u00e7\u00e3o, crit\u00e9rios de classifica\u00e7\u00e3o, recursos, documenta\u00e7\u00e3o completa para matr\u00edcula, demais normas, prazos e procedimentos, os interessados dever\u00e3o ler na \u00edntegra o edital. Lembrando que o prazo para pedir isen\u00e7\u00e3o da taxa vai at\u00e9 o pr\u00f3ximo dia 14. Mais informa\u00e7\u00f5es em: <\/span><a href=\"http:\/\/www.uabpolofranca.com.br\/\"><span style=\"font-weight: 400;\">http:\/\/www.uabpolofranca.com.br<\/span><\/a><span style=\"font-weight: 400;\"> ou no tel. 3711-9224 ou Av. Champagnat, 1808, sala 11, a partir das 13h, de segunda a sexta-feira.<\/span><\/p>\n<p><span style=\"font-weight: 400;\">\u00a0<\/span><\/p>\n<p>&nbsp;<\/p>\n","protected":false},"excerpt":{"rendered":"<p>Inscri\u00e7\u00f5es seguem at\u00e9 dia 30 de junho para o modelo EAD, em parceria com a Universidade Federal do Tri\u00e2ngulo Mineiro \u00a0 Com prazo at\u00e9 dia 30<span class=\"excerpt-hellip\"> [\u2026]<\/span><\/p>\n","protected":false},"author":10,"featured_media":24589,"comment_status":"open","ping_status":"open","sticky":false,"template":"","format":"standard","meta":{"_jetpack_memberships_contains_paid_content":false,"footnotes":"","jetpack_publicize_message":"","jetpack_publicize_feature_enabled":true,"jetpack_social_post_already_shared":false,"jetpack_social_options":{"image_generator_settings":{"template":"highway","default_image_id":0,"enabled":false},"version":2}},"categories":[28,44],"tags":[],"class_list":["post-25749","post","type-post","status-publish","format-standard","has-post-thumbnail","hentry","category-cotidiano","category-noticias"],"yoast_head":"<!-- This site is optimized with the Yoast SEO plugin v25.6 - https:\/\/yoast.com\/wordpress\/plugins\/seo\/ -->\n<title>UAB oferece 32 vagas para Curso de Pedagogia - VerdadeOn<\/title>\n<meta name=\"robots\" content=\"index, follow, max-snippet:-1, max-image-preview:large, max-video-preview:-1\" \/>\n<link rel=\"canonical\" href=\"https:\/\/verdadeon.com.br\/portal\/2022\/06\/10\/uab-oferece-32-vagas-para-curso-de-pedagogia\/\" \/>\n<meta property=\"og:locale\" content=\"pt_BR\" \/>\n<meta property=\"og:type\" content=\"article\" \/>\n<meta property=\"og:title\" content=\"UAB oferece 32 vagas para Curso de Pedagogia - VerdadeOn\" \/>\n<meta property=\"og:description\" content=\"Inscri\u00e7\u00f5es seguem at\u00e9 dia 30 de junho para o modelo EAD, em parceria com a Universidade Federal do Tri\u00e2ngulo Mineiro \u00a0 Com prazo at\u00e9 dia 30 [\u2026]\" \/>\n<meta property=\"og:url\" content=\"https:\/\/verdadeon.com.br\/portal\/2022\/06\/10\/uab-oferece-32-vagas-para-curso-de-pedagogia\/\" \/>\n<meta property=\"og:site_name\" content=\"VerdadeOn\" \/>\n<meta property=\"article:published_time\" content=\"2022-06-10T21:42:09+00:00\" \/>\n<meta property=\"og:image\" content=\"https:\/\/verdadeon.com.br\/portal\/wp-content\/uploads\/2022\/04\/freelance-asia-lady-using-laptop-hard-work-living-room-house.jpg\" \/>\n\t<meta property=\"og:image:width\" content=\"1000\" \/>\n\t<meta property=\"og:image:height\" content=\"670\" \/>\n\t<meta property=\"og:image:type\" content=\"image\/jpeg\" \/>\n<meta name=\"author\" content=\"Redacao VerdadeOn\" \/>\n<meta name=\"twitter:card\" content=\"summary_large_image\" \/>\n<meta name=\"twitter:label1\" content=\"Escrito por\" \/>\n\t<meta name=\"twitter:data1\" content=\"Redacao VerdadeOn\" \/>\n\t<meta name=\"twitter:label2\" content=\"Est. tempo de leitura\" \/>\n\t<meta name=\"twitter:data2\" content=\"2 minutos\" \/>\n<script type=\"application\/ld+json\" class=\"yoast-schema-graph\">{\"@context\":\"https:\/\/schema.org\",\"@graph\":[{\"@type\":\"WebPage\",\"@id\":\"https:\/\/verdadeon.com.br\/portal\/2022\/06\/10\/uab-oferece-32-vagas-para-curso-de-pedagogia\/\",\"url\":\"https:\/\/verdadeon.com.br\/portal\/2022\/06\/10\/uab-oferece-32-vagas-para-curso-de-pedagogia\/\",\"name\":\"UAB oferece 32 vagas para Curso de Pedagogia - VerdadeOn\",\"isPartOf\":{\"@id\":\"https:\/\/verdadeon.com.br\/portal\/#website\"},\"primaryImageOfPage\":{\"@id\":\"https:\/\/verdadeon.com.br\/portal\/2022\/06\/10\/uab-oferece-32-vagas-para-curso-de-pedagogia\/#primaryimage\"},\"image\":{\"@id\":\"https:\/\/verdadeon.com.br\/portal\/2022\/06\/10\/uab-oferece-32-vagas-para-curso-de-pedagogia\/#primaryimage\"},\"thumbnailUrl\":\"https:\/\/i0.wp.com\/verdadeon.com.br\/portal\/wp-content\/uploads\/2022\/04\/freelance-asia-lady-using-laptop-hard-work-living-room-house.jpg?fit=1000%2C670&ssl=1\",\"datePublished\":\"2022-06-10T21:42:09+00:00\",\"author\":{\"@id\":\"https:\/\/verdadeon.com.br\/portal\/#\/schema\/person\/a5060ad1e9ea3df545188fc93ce43d2f\"},\"breadcrumb\":{\"@id\":\"https:\/\/verdadeon.com.br\/portal\/2022\/06\/10\/uab-oferece-32-vagas-para-curso-de-pedagogia\/#breadcrumb\"},\"inLanguage\":\"pt-BR\",\"potentialAction\":[{\"@type\":\"ReadAction\",\"target\":[\"https:\/\/verdadeon.com.br\/portal\/2022\/06\/10\/uab-oferece-32-vagas-para-curso-de-pedagogia\/\"]}]},{\"@type\":\"ImageObject\",\"inLanguage\":\"pt-BR\",\"@id\":\"https:\/\/verdadeon.com.br\/portal\/2022\/06\/10\/uab-oferece-32-vagas-para-curso-de-pedagogia\/#primaryimage\",\"url\":\"https:\/\/i0.wp.com\/verdadeon.com.br\/portal\/wp-content\/uploads\/2022\/04\/freelance-asia-lady-using-laptop-hard-work-living-room-house.jpg?fit=1000%2C670&ssl=1\",\"contentUrl\":\"https:\/\/i0.wp.com\/verdadeon.com.br\/portal\/wp-content\/uploads\/2022\/04\/freelance-asia-lady-using-laptop-hard-work-living-room-house.jpg?fit=1000%2C670&ssl=1\",\"width\":1000,\"height\":670,\"caption\":\"O P\u00f3lo da UAB de Franca, em parceria com UFTM, est\u00e1 com Processo Seletivo aberto para o curso de Pedagogia\"},{\"@type\":\"BreadcrumbList\",\"@id\":\"https:\/\/verdadeon.com.br\/portal\/2022\/06\/10\/uab-oferece-32-vagas-para-curso-de-pedagogia\/#breadcrumb\",\"itemListElement\":[{\"@type\":\"ListItem\",\"position\":1,\"name\":\"In\u00edcio\",\"item\":\"https:\/\/verdadeon.com.br\/portal\/\"},{\"@type\":\"ListItem\",\"position\":2,\"name\":\"UAB oferece 32 vagas para Curso de Pedagogia\"}]},{\"@type\":\"WebSite\",\"@id\":\"https:\/\/verdadeon.com.br\/portal\/#website\",\"url\":\"https:\/\/verdadeon.com.br\/portal\/\",\"name\":\"VerdadeOn\",\"description\":\"Not\u00edcias di\u00e1rias sobre Franca, Regi\u00e3o, Esporte, Cultura, Cotidiano, Colunas. Cobertura nos principais eventos da cidade \u00e9 aqui - Verdadeon Franca\",\"potentialAction\":[{\"@type\":\"SearchAction\",\"target\":{\"@type\":\"EntryPoint\",\"urlTemplate\":\"https:\/\/verdadeon.com.br\/portal\/?s={search_term_string}\"},\"query-input\":{\"@type\":\"PropertyValueSpecification\",\"valueRequired\":true,\"valueName\":\"search_term_string\"}}],\"inLanguage\":\"pt-BR\"},{\"@type\":\"Person\",\"@id\":\"https:\/\/verdadeon.com.br\/portal\/#\/schema\/person\/a5060ad1e9ea3df545188fc93ce43d2f\",\"name\":\"Redacao VerdadeOn\",\"image\":{\"@type\":\"ImageObject\",\"inLanguage\":\"pt-BR\",\"@id\":\"https:\/\/verdadeon.com.br\/portal\/#\/schema\/person\/image\/\",\"url\":\"https:\/\/secure.gravatar.com\/avatar\/459a9613caaaf07f582c3d0841eea68bdd66f533e465e6ba8b9cb45619572cf4?s=96&d=mm&r=g\",\"contentUrl\":\"https:\/\/secure.gravatar.com\/avatar\/459a9613caaaf07f582c3d0841eea68bdd66f533e465e6ba8b9cb45619572cf4?s=96&d=mm&r=g\",\"caption\":\"Redacao VerdadeOn\"},\"url\":\"https:\/\/verdadeon.com.br\/portal\/author\/redacao\/\"}]}<\/script>\n<!-- \/ Yoast SEO plugin. -->","yoast_head_json":{"title":"UAB oferece 32 vagas para Curso de Pedagogia - VerdadeOn","robots":{"index":"index","follow":"follow","max-snippet":"max-snippet:-1","max-image-preview":"max-image-preview:large","max-video-preview":"max-video-preview:-1"},"canonical":"https:\/\/verdadeon.com.br\/portal\/2022\/06\/10\/uab-oferece-32-vagas-para-curso-de-pedagogia\/","og_locale":"pt_BR","og_type":"article","og_title":"UAB oferece 32 vagas para Curso de Pedagogia - VerdadeOn","og_description":"Inscri\u00e7\u00f5es seguem at\u00e9 dia 30 de junho para o modelo EAD, em parceria com a Universidade Federal do Tri\u00e2ngulo Mineiro \u00a0 Com prazo at\u00e9 dia 30 [\u2026]","og_url":"https:\/\/verdadeon.com.br\/portal\/2022\/06\/10\/uab-oferece-32-vagas-para-curso-de-pedagogia\/","og_site_name":"VerdadeOn","article_published_time":"2022-06-10T21:42:09+00:00","og_image":[{"width":1000,"height":670,"url":"https:\/\/verdadeon.com.br\/portal\/wp-content\/uploads\/2022\/04\/freelance-asia-lady-using-laptop-hard-work-living-room-house.jpg","type":"image\/jpeg"}],"author":"Redacao VerdadeOn","twitter_card":"summary_large_image","twitter_misc":{"Escrito por":"Redacao VerdadeOn","Est. tempo de leitura":"2 minutos"},"schema":{"@context":"https:\/\/schema.org","@graph":[{"@type":"WebPage","@id":"https:\/\/verdadeon.com.br\/portal\/2022\/06\/10\/uab-oferece-32-vagas-para-curso-de-pedagogia\/","url":"https:\/\/verdadeon.com.br\/portal\/2022\/06\/10\/uab-oferece-32-vagas-para-curso-de-pedagogia\/","name":"UAB oferece 32 vagas para Curso de Pedagogia - VerdadeOn","isPartOf":{"@id":"https:\/\/verdadeon.com.br\/portal\/#website"},"primaryImageOfPage":{"@id":"https:\/\/verdadeon.com.br\/portal\/2022\/06\/10\/uab-oferece-32-vagas-para-curso-de-pedagogia\/#primaryimage"},"image":{"@id":"https:\/\/verdadeon.com.br\/portal\/2022\/06\/10\/uab-oferece-32-vagas-para-curso-de-pedagogia\/#primaryimage"},"thumbnailUrl":"https:\/\/i0.wp.com\/verdadeon.com.br\/portal\/wp-content\/uploads\/2022\/04\/freelance-asia-lady-using-laptop-hard-work-living-room-house.jpg?fit=1000%2C670&ssl=1","datePublished":"2022-06-10T21:42:09+00:00","author":{"@id":"https:\/\/verdadeon.com.br\/portal\/#\/schema\/person\/a5060ad1e9ea3df545188fc93ce43d2f"},"breadcrumb":{"@id":"https:\/\/verdadeon.com.br\/portal\/2022\/06\/10\/uab-oferece-32-vagas-para-curso-de-pedagogia\/#breadcrumb"},"inLanguage":"pt-BR","potentialAction":[{"@type":"ReadAction","target":["https:\/\/verdadeon.com.br\/portal\/2022\/06\/10\/uab-oferece-32-vagas-para-curso-de-pedagogia\/"]}]},{"@type":"ImageObject","inLanguage":"pt-BR","@id":"https:\/\/verdadeon.com.br\/portal\/2022\/06\/10\/uab-oferece-32-vagas-para-curso-de-pedagogia\/#primaryimage","url":"https:\/\/i0.wp.com\/verdadeon.com.br\/portal\/wp-content\/uploads\/2022\/04\/freelance-asia-lady-using-laptop-hard-work-living-room-house.jpg?fit=1000%2C670&ssl=1","contentUrl":"https:\/\/i0.wp.com\/verdadeon.com.br\/portal\/wp-content\/uploads\/2022\/04\/freelance-asia-lady-using-laptop-hard-work-living-room-house.jpg?fit=1000%2C670&ssl=1","width":1000,"height":670,"caption":"O P\u00f3lo da UAB de Franca, em parceria com UFTM, est\u00e1 com Processo Seletivo aberto para o curso de Pedagogia"},{"@type":"BreadcrumbList","@id":"https:\/\/verdadeon.com.br\/portal\/2022\/06\/10\/uab-oferece-32-vagas-para-curso-de-pedagogia\/#breadcrumb","itemListElement":[{"@type":"ListItem","position":1,"name":"In\u00edcio","item":"https:\/\/verdadeon.com.br\/portal\/"},{"@type":"ListItem","position":2,"name":"UAB oferece 32 vagas para Curso de Pedagogia"}]},{"@type":"WebSite","@id":"https:\/\/verdadeon.com.br\/portal\/#website","url":"https:\/\/verdadeon.com.br\/portal\/","name":"VerdadeOn","description":"Not\u00edcias di\u00e1rias sobre Franca, Regi\u00e3o, Esporte, Cultura, Cotidiano, Colunas. Cobertura nos principais eventos da cidade \u00e9 aqui - Verdadeon Franca","potentialAction":[{"@type":"SearchAction","target":{"@type":"EntryPoint","urlTemplate":"https:\/\/verdadeon.com.br\/portal\/?s={search_term_string}"},"query-input":{"@type":"PropertyValueSpecification","valueRequired":true,"valueName":"search_term_string"}}],"inLanguage":"pt-BR"},{"@type":"Person","@id":"https:\/\/verdadeon.com.br\/portal\/#\/schema\/person\/a5060ad1e9ea3df545188fc93ce43d2f","name":"Redacao VerdadeOn","image":{"@type":"ImageObject","inLanguage":"pt-BR","@id":"https:\/\/verdadeon.com.br\/portal\/#\/schema\/person\/image\/","url":"https:\/\/secure.gravatar.com\/avatar\/459a9613caaaf07f582c3d0841eea68bdd66f533e465e6ba8b9cb45619572cf4?s=96&d=mm&r=g","contentUrl":"https:\/\/secure.gravatar.com\/avatar\/459a9613caaaf07f582c3d0841eea68bdd66f533e465e6ba8b9cb45619572cf4?s=96&d=mm&r=g","caption":"Redacao VerdadeOn"},"url":"https:\/\/verdadeon.com.br\/portal\/author\/redacao\/"}]}},"jetpack_publicize_connections":[],"jetpack_featured_media_url":"https:\/\/i0.wp.com\/verdadeon.com.br\/portal\/wp-content\/uploads\/2022\/04\/freelance-asia-lady-using-laptop-hard-work-living-room-house.jpg?fit=1000%2C670&ssl=1","jetpack_sharing_enabled":true,"_links":{"self":[{"href":"https:\/\/verdadeon.com.br\/portal\/wp-json\/wp\/v2\/posts\/25749","targetHints":{"allow":["GET"]}}],"collection":[{"href":"https:\/\/verdadeon.com.br\/portal\/wp-json\/wp\/v2\/posts"}],"about":[{"href":"https:\/\/verdadeon.com.br\/portal\/wp-json\/wp\/v2\/types\/post"}],"author":[{"embeddable":true,"href":"https:\/\/verdadeon.com.br\/portal\/wp-json\/wp\/v2\/users\/10"}],"replies":[{"embeddable":true,"href":"https:\/\/verdadeon.com.br\/portal\/wp-json\/wp\/v2\/comments?post=25749"}],"version-history":[{"count":1,"href":"https:\/\/verdadeon.com.br\/portal\/wp-json\/wp\/v2\/posts\/25749\/revisions"}],"predecessor-version":[{"id":25752,"href":"https:\/\/verdadeon.com.br\/portal\/wp-json\/wp\/v2\/posts\/25749\/revisions\/25752"}],"wp:featuredmedia":[{"embeddable":true,"href":"https:\/\/verdadeon.com.br\/portal\/wp-json\/wp\/v2\/media\/24589"}],"wp:attachment":[{"href":"https:\/\/verdadeon.com.br\/portal\/wp-json\/wp\/v2\/media?parent=25749"}],"wp:term":[{"taxonomy":"category","embeddable":true,"href":"https:\/\/verdadeon.com.br\/portal\/wp-json\/wp\/v2\/categories?post=25749"},{"taxonomy":"post_tag","embeddable":true,"href":"https:\/\/verdadeon.com.br\/portal\/wp-json\/wp\/v2\/tags?post=25749"}],"curies":[{"name":"wp","href":"https:\/\/api.w.org\/{rel}","templated":true}]}}