{"id":25746,"date":"2022-06-10T18:18:01","date_gmt":"2022-06-10T21:18:01","guid":{"rendered":"https:\/\/verdadeon.com.br\/portal\/?p=25746"},"modified":"2022-06-10T18:18:02","modified_gmt":"2022-06-10T21:18:02","slug":"vacinacao-contra-febre-amarela-caiu-durante-a-pandemia","status":"publish","type":"post","link":"https:\/\/verdadeon.com.br\/portal\/2022\/06\/10\/vacinacao-contra-febre-amarela-caiu-durante-a-pandemia\/","title":{"rendered":"Vacina\u00e7\u00e3o contra febre amarela caiu durante a pandemia"},"content":{"rendered":"<h2 class=\"col-10 offset-1 animated fadeInDown dealy-900 display-8 display-md-8 alt-font font-italic my-1 text-center\">Especialistas alertam para risco da doen\u00e7a em centros urbanos, taxa de letalidade da doen\u00e7a chegou a 47,8%<\/h2>\n<p>A cobertura vacinal contra a febre amarela, doen\u00e7a hemorr\u00e1gica com alta letalidade, caiu no pa\u00eds, revelou\u00a0estudo\u00a0realizado por pesquisadores da Escola de Enfermagem da Universidade Federal de Minas Gerais (UFMG). O levantamento mostrou que, desde o in\u00edcio da pandemia de covid-19, o n\u00famero de doses da vacina contra a febre amarela administradas diminuiu em quatro regi\u00f5es do Brasil. Os dados mostram que, na Regi\u00e3o Norte, foi registrada queda de 34,71%, na Centro-Oeste, 21,72%, na Sul, 63,50%, e na Sudeste, 34,42%.<img data-recalc-dims=\"1\" decoding=\"async\" src=\"https:\/\/i0.wp.com\/agenciabrasil.ebc.com.br\/ebc.png?w=1220&#038;ssl=1\" \/><img data-recalc-dims=\"1\" decoding=\"async\" src=\"https:\/\/i0.wp.com\/agenciabrasil.ebc.com.br\/ebc.gif?w=1220&#038;ssl=1\" \/><\/p>\n<p>Professora do Departamento de Enfermagem Maternoinfantil e Sa\u00fade P\u00fablica e uma das autoras do artigo T\u00e9rcia Moreira Ribeiro da Silva disse que o levantamento \u00e9 um estudo ecol\u00f3gico [dados referem-se a grupos de pessoas e n\u00e3o a indiv\u00edduos], de s\u00e9rie temporal, baseado em dados do Programa Nacional de Imuniza\u00e7\u00f5es (PNI). \u201cO objetivo do trabalho foi analisar o n\u00famero de doses da vacina contra febre amarela aplicadas antes e durante a pandemia. Conclu\u00edmos que a redu\u00e7\u00e3o do n\u00famero de doses da vacina pode favorecer o ressurgimento de casos de febre amarela urbana no pa\u00eds&#8221;.<\/p>\n<h4>Fatores e riscos<\/h4>\n<p>T\u00e9rcia Moreira explica que muitos fatores t\u00eam favorecido a redu\u00e7\u00e3o da cobertura vacinal, como a implanta\u00e7\u00e3o do novo sistema de informa\u00e7\u00e3o sobre imuniza\u00e7\u00e3o (SI-PNI), fatores sociais e culturais que afetam a aceita\u00e7\u00e3o da vacina\u00e7\u00e3o e a disponibilidade inconstante de imunobiol\u00f3gicos nos servi\u00e7os de aten\u00e7\u00e3o b\u00e1sica.<\/p>\n<p>\u201cAl\u00e9m disso, a cobertura vacinal no Brasil n\u00e3o \u00e9 homog\u00eanea. Investigar e monitorar zonas de baixa cobertura vacinal \u00e9 um eixo estrat\u00e9gico de boas pr\u00e1ticas de gest\u00e3o destinadas aos programas de imuniza\u00e7\u00e3o e preconizadas pela Organiza\u00e7\u00e3o Mundial da Sa\u00fade (OMS)\u201d, observa.<\/p>\n<p>O risco da queda da vacina\u00e7\u00e3o contra a febre amarela, alerta a professora, \u00e9 o surgimento de nova onda da doen\u00e7a no Brasil. \u201cA incid\u00eancia em cidades de grande porte pode favorecer o ressurgimento da febre amarela urbana. Os resultados desse estudo podem orientar estrat\u00e9gias e pol\u00edticas de sa\u00fade focadas em zonas geogr\u00e1ficas priorit\u00e1rias que mostraram diminui\u00e7\u00e3o da taxa de doses de vacina contra febre amarela aplicadas ao longo do tempo\u201d, concluiu.<\/p>\n<h4>A doen\u00e7a<\/h4>\n<p>A febre amarela \u00e9 uma doen\u00e7a hemorr\u00e1gica causada por um v\u00edrus do g\u00eanero flaviv\u00edrus, que se destaca entre as doen\u00e7as infecciosas que podem ser evitadas por meio de vacinas, dispon\u00edvel gratuitamente pelo Sistema \u00danico de Sa\u00fade (SUS) para pessoas acima de seis meses.\u00a0 A doen\u00e7a \u00e9 comum em 47 pa\u00edses de baixa e m\u00e9dia renda nos continentes africano e sul-americano. Com n\u00edveis variados de gravidade e letalidade, a febre amarela \u00e9 respons\u00e1vel por ao menos 60 mil mortes por ano. Segundo estimativas, no per\u00edodo de 2000 a 2021, a doen\u00e7a apresentou taxa de letalidade de 47,8%, considerada elevada.<\/p>\n<p>Fonte: Ag\u00eancia Brasil<\/p>\n","protected":false},"excerpt":{"rendered":"<p>Especialistas alertam para risco da doen\u00e7a em centros urbanos, taxa de letalidade da doen\u00e7a chegou a 47,8% A cobertura vacinal contra a febre amarela, doen\u00e7a hemorr\u00e1gica<span class=\"excerpt-hellip\"> [\u2026]<\/span><\/p>\n","protected":false},"author":7,"featured_media":25747,"comment_status":"open","ping_status":"open","sticky":false,"template":"","format":"standard","meta":{"_jetpack_memberships_contains_paid_content":false,"footnotes":"","jetpack_publicize_message":"","jetpack_publicize_feature_enabled":true,"jetpack_social_post_already_shared":false,"jetpack_social_options":{"image_generator_settings":{"template":"highway","default_image_id":0,"enabled":false},"version":2}},"categories":[28,44],"tags":[],"class_list":["post-25746","post","type-post","status-publish","format-standard","has-post-thumbnail","hentry","category-cotidiano","category-noticias"],"yoast_head":"<!-- This site is optimized with the Yoast SEO plugin v25.6 - https:\/\/yoast.com\/wordpress\/plugins\/seo\/ -->\n<title>Vacina\u00e7\u00e3o contra febre amarela caiu durante a pandemia - VerdadeOn<\/title>\n<meta name=\"robots\" content=\"index, follow, max-snippet:-1, max-image-preview:large, max-video-preview:-1\" \/>\n<link rel=\"canonical\" href=\"https:\/\/verdadeon.com.br\/portal\/2022\/06\/10\/vacinacao-contra-febre-amarela-caiu-durante-a-pandemia\/\" \/>\n<meta property=\"og:locale\" content=\"pt_BR\" \/>\n<meta property=\"og:type\" content=\"article\" \/>\n<meta property=\"og:title\" content=\"Vacina\u00e7\u00e3o contra febre amarela caiu durante a pandemia - VerdadeOn\" \/>\n<meta property=\"og:description\" content=\"Especialistas alertam para risco da doen\u00e7a em centros urbanos, taxa de letalidade da doen\u00e7a chegou a 47,8% A cobertura vacinal contra a febre amarela, doen\u00e7a hemorr\u00e1gica [\u2026]\" \/>\n<meta property=\"og:url\" content=\"https:\/\/verdadeon.com.br\/portal\/2022\/06\/10\/vacinacao-contra-febre-amarela-caiu-durante-a-pandemia\/\" \/>\n<meta property=\"og:site_name\" content=\"VerdadeOn\" \/>\n<meta property=\"article:published_time\" content=\"2022-06-10T21:18:01+00:00\" \/>\n<meta property=\"article:modified_time\" content=\"2022-06-10T21:18:02+00:00\" \/>\n<meta property=\"og:image\" content=\"https:\/\/verdadeon.com.br\/portal\/wp-content\/uploads\/2022\/06\/FEBRE-AMARELA-e1654895792136.jpg\" \/>\n\t<meta property=\"og:image:width\" content=\"1000\" \/>\n\t<meta property=\"og:image:height\" content=\"669\" \/>\n\t<meta property=\"og:image:type\" content=\"image\/jpeg\" \/>\n<meta name=\"author\" content=\"Fernando Lima\" \/>\n<meta name=\"twitter:card\" content=\"summary_large_image\" \/>\n<meta name=\"twitter:label1\" content=\"Escrito por\" \/>\n\t<meta name=\"twitter:data1\" content=\"Fernando Lima\" \/>\n\t<meta name=\"twitter:label2\" content=\"Est. tempo de leitura\" \/>\n\t<meta name=\"twitter:data2\" content=\"3 minutos\" \/>\n<script type=\"application\/ld+json\" class=\"yoast-schema-graph\">{\"@context\":\"https:\/\/schema.org\",\"@graph\":[{\"@type\":\"WebPage\",\"@id\":\"https:\/\/verdadeon.com.br\/portal\/2022\/06\/10\/vacinacao-contra-febre-amarela-caiu-durante-a-pandemia\/\",\"url\":\"https:\/\/verdadeon.com.br\/portal\/2022\/06\/10\/vacinacao-contra-febre-amarela-caiu-durante-a-pandemia\/\",\"name\":\"Vacina\u00e7\u00e3o contra febre amarela caiu durante a pandemia - VerdadeOn\",\"isPartOf\":{\"@id\":\"https:\/\/verdadeon.com.br\/portal\/#website\"},\"primaryImageOfPage\":{\"@id\":\"https:\/\/verdadeon.com.br\/portal\/2022\/06\/10\/vacinacao-contra-febre-amarela-caiu-durante-a-pandemia\/#primaryimage\"},\"image\":{\"@id\":\"https:\/\/verdadeon.com.br\/portal\/2022\/06\/10\/vacinacao-contra-febre-amarela-caiu-durante-a-pandemia\/#primaryimage\"},\"thumbnailUrl\":\"https:\/\/i0.wp.com\/verdadeon.com.br\/portal\/wp-content\/uploads\/2022\/06\/FEBRE-AMARELA-e1654895792136.jpg?fit=1000%2C669&ssl=1\",\"datePublished\":\"2022-06-10T21:18:01+00:00\",\"dateModified\":\"2022-06-10T21:18:02+00:00\",\"author\":{\"@id\":\"https:\/\/verdadeon.com.br\/portal\/#\/schema\/person\/cc32be22b8e8599387c480bc83e1d11a\"},\"breadcrumb\":{\"@id\":\"https:\/\/verdadeon.com.br\/portal\/2022\/06\/10\/vacinacao-contra-febre-amarela-caiu-durante-a-pandemia\/#breadcrumb\"},\"inLanguage\":\"pt-BR\",\"potentialAction\":[{\"@type\":\"ReadAction\",\"target\":[\"https:\/\/verdadeon.com.br\/portal\/2022\/06\/10\/vacinacao-contra-febre-amarela-caiu-durante-a-pandemia\/\"]}]},{\"@type\":\"ImageObject\",\"inLanguage\":\"pt-BR\",\"@id\":\"https:\/\/verdadeon.com.br\/portal\/2022\/06\/10\/vacinacao-contra-febre-amarela-caiu-durante-a-pandemia\/#primaryimage\",\"url\":\"https:\/\/i0.wp.com\/verdadeon.com.br\/portal\/wp-content\/uploads\/2022\/06\/FEBRE-AMARELA-e1654895792136.jpg?fit=1000%2C669&ssl=1\",\"contentUrl\":\"https:\/\/i0.wp.com\/verdadeon.com.br\/portal\/wp-content\/uploads\/2022\/06\/FEBRE-AMARELA-e1654895792136.jpg?fit=1000%2C669&ssl=1\",\"width\":1000,\"height\":669,\"caption\":\"O risco da queda da vacina\u00e7\u00e3o contra a febre amarela \u00e9 o surgimento de nova onda da doen\u00e7a no Brasil | Foto: Tomaz Silva\/Ag\u00eancia Brasil\"},{\"@type\":\"BreadcrumbList\",\"@id\":\"https:\/\/verdadeon.com.br\/portal\/2022\/06\/10\/vacinacao-contra-febre-amarela-caiu-durante-a-pandemia\/#breadcrumb\",\"itemListElement\":[{\"@type\":\"ListItem\",\"position\":1,\"name\":\"In\u00edcio\",\"item\":\"https:\/\/verdadeon.com.br\/portal\/\"},{\"@type\":\"ListItem\",\"position\":2,\"name\":\"Vacina\u00e7\u00e3o contra febre amarela caiu durante a pandemia\"}]},{\"@type\":\"WebSite\",\"@id\":\"https:\/\/verdadeon.com.br\/portal\/#website\",\"url\":\"https:\/\/verdadeon.com.br\/portal\/\",\"name\":\"VerdadeOn\",\"description\":\"Not\u00edcias di\u00e1rias sobre Franca, Regi\u00e3o, Esporte, Cultura, Cotidiano, Colunas. Cobertura nos principais eventos da cidade \u00e9 aqui - Verdadeon Franca\",\"potentialAction\":[{\"@type\":\"SearchAction\",\"target\":{\"@type\":\"EntryPoint\",\"urlTemplate\":\"https:\/\/verdadeon.com.br\/portal\/?s={search_term_string}\"},\"query-input\":{\"@type\":\"PropertyValueSpecification\",\"valueRequired\":true,\"valueName\":\"search_term_string\"}}],\"inLanguage\":\"pt-BR\"},{\"@type\":\"Person\",\"@id\":\"https:\/\/verdadeon.com.br\/portal\/#\/schema\/person\/cc32be22b8e8599387c480bc83e1d11a\",\"name\":\"Fernando Lima\",\"image\":{\"@type\":\"ImageObject\",\"inLanguage\":\"pt-BR\",\"@id\":\"https:\/\/verdadeon.com.br\/portal\/#\/schema\/person\/image\/\",\"url\":\"https:\/\/secure.gravatar.com\/avatar\/df4c8e132080d2b3a4841d5d232045464e0eed11a1d6e43115ca0843d48768d3?s=96&d=mm&r=g\",\"contentUrl\":\"https:\/\/secure.gravatar.com\/avatar\/df4c8e132080d2b3a4841d5d232045464e0eed11a1d6e43115ca0843d48768d3?s=96&d=mm&r=g\",\"caption\":\"Fernando Lima\"},\"sameAs\":[\"http:\/\/verdadeon.com.br\/\"],\"url\":\"https:\/\/verdadeon.com.br\/portal\/author\/fernando-lima\/\"}]}<\/script>\n<!-- \/ Yoast SEO plugin. -->","yoast_head_json":{"title":"Vacina\u00e7\u00e3o contra febre amarela caiu durante a pandemia - VerdadeOn","robots":{"index":"index","follow":"follow","max-snippet":"max-snippet:-1","max-image-preview":"max-image-preview:large","max-video-preview":"max-video-preview:-1"},"canonical":"https:\/\/verdadeon.com.br\/portal\/2022\/06\/10\/vacinacao-contra-febre-amarela-caiu-durante-a-pandemia\/","og_locale":"pt_BR","og_type":"article","og_title":"Vacina\u00e7\u00e3o contra febre amarela caiu durante a pandemia - VerdadeOn","og_description":"Especialistas alertam para risco da doen\u00e7a em centros urbanos, taxa de letalidade da doen\u00e7a chegou a 47,8% A cobertura vacinal contra a febre amarela, doen\u00e7a hemorr\u00e1gica [\u2026]","og_url":"https:\/\/verdadeon.com.br\/portal\/2022\/06\/10\/vacinacao-contra-febre-amarela-caiu-durante-a-pandemia\/","og_site_name":"VerdadeOn","article_published_time":"2022-06-10T21:18:01+00:00","article_modified_time":"2022-06-10T21:18:02+00:00","og_image":[{"width":1000,"height":669,"url":"https:\/\/verdadeon.com.br\/portal\/wp-content\/uploads\/2022\/06\/FEBRE-AMARELA-e1654895792136.jpg","type":"image\/jpeg"}],"author":"Fernando Lima","twitter_card":"summary_large_image","twitter_misc":{"Escrito por":"Fernando Lima","Est. tempo de leitura":"3 minutos"},"schema":{"@context":"https:\/\/schema.org","@graph":[{"@type":"WebPage","@id":"https:\/\/verdadeon.com.br\/portal\/2022\/06\/10\/vacinacao-contra-febre-amarela-caiu-durante-a-pandemia\/","url":"https:\/\/verdadeon.com.br\/portal\/2022\/06\/10\/vacinacao-contra-febre-amarela-caiu-durante-a-pandemia\/","name":"Vacina\u00e7\u00e3o contra febre amarela caiu durante a pandemia - VerdadeOn","isPartOf":{"@id":"https:\/\/verdadeon.com.br\/portal\/#website"},"primaryImageOfPage":{"@id":"https:\/\/verdadeon.com.br\/portal\/2022\/06\/10\/vacinacao-contra-febre-amarela-caiu-durante-a-pandemia\/#primaryimage"},"image":{"@id":"https:\/\/verdadeon.com.br\/portal\/2022\/06\/10\/vacinacao-contra-febre-amarela-caiu-durante-a-pandemia\/#primaryimage"},"thumbnailUrl":"https:\/\/i0.wp.com\/verdadeon.com.br\/portal\/wp-content\/uploads\/2022\/06\/FEBRE-AMARELA-e1654895792136.jpg?fit=1000%2C669&ssl=1","datePublished":"2022-06-10T21:18:01+00:00","dateModified":"2022-06-10T21:18:02+00:00","author":{"@id":"https:\/\/verdadeon.com.br\/portal\/#\/schema\/person\/cc32be22b8e8599387c480bc83e1d11a"},"breadcrumb":{"@id":"https:\/\/verdadeon.com.br\/portal\/2022\/06\/10\/vacinacao-contra-febre-amarela-caiu-durante-a-pandemia\/#breadcrumb"},"inLanguage":"pt-BR","potentialAction":[{"@type":"ReadAction","target":["https:\/\/verdadeon.com.br\/portal\/2022\/06\/10\/vacinacao-contra-febre-amarela-caiu-durante-a-pandemia\/"]}]},{"@type":"ImageObject","inLanguage":"pt-BR","@id":"https:\/\/verdadeon.com.br\/portal\/2022\/06\/10\/vacinacao-contra-febre-amarela-caiu-durante-a-pandemia\/#primaryimage","url":"https:\/\/i0.wp.com\/verdadeon.com.br\/portal\/wp-content\/uploads\/2022\/06\/FEBRE-AMARELA-e1654895792136.jpg?fit=1000%2C669&ssl=1","contentUrl":"https:\/\/i0.wp.com\/verdadeon.com.br\/portal\/wp-content\/uploads\/2022\/06\/FEBRE-AMARELA-e1654895792136.jpg?fit=1000%2C669&ssl=1","width":1000,"height":669,"caption":"O risco da queda da vacina\u00e7\u00e3o contra a febre amarela \u00e9 o surgimento de nova onda da doen\u00e7a no Brasil | Foto: Tomaz Silva\/Ag\u00eancia Brasil"},{"@type":"BreadcrumbList","@id":"https:\/\/verdadeon.com.br\/portal\/2022\/06\/10\/vacinacao-contra-febre-amarela-caiu-durante-a-pandemia\/#breadcrumb","itemListElement":[{"@type":"ListItem","position":1,"name":"In\u00edcio","item":"https:\/\/verdadeon.com.br\/portal\/"},{"@type":"ListItem","position":2,"name":"Vacina\u00e7\u00e3o contra febre amarela caiu durante a pandemia"}]},{"@type":"WebSite","@id":"https:\/\/verdadeon.com.br\/portal\/#website","url":"https:\/\/verdadeon.com.br\/portal\/","name":"VerdadeOn","description":"Not\u00edcias di\u00e1rias sobre Franca, Regi\u00e3o, Esporte, Cultura, Cotidiano, Colunas. Cobertura nos principais eventos da cidade \u00e9 aqui - Verdadeon Franca","potentialAction":[{"@type":"SearchAction","target":{"@type":"EntryPoint","urlTemplate":"https:\/\/verdadeon.com.br\/portal\/?s={search_term_string}"},"query-input":{"@type":"PropertyValueSpecification","valueRequired":true,"valueName":"search_term_string"}}],"inLanguage":"pt-BR"},{"@type":"Person","@id":"https:\/\/verdadeon.com.br\/portal\/#\/schema\/person\/cc32be22b8e8599387c480bc83e1d11a","name":"Fernando Lima","image":{"@type":"ImageObject","inLanguage":"pt-BR","@id":"https:\/\/verdadeon.com.br\/portal\/#\/schema\/person\/image\/","url":"https:\/\/secure.gravatar.com\/avatar\/df4c8e132080d2b3a4841d5d232045464e0eed11a1d6e43115ca0843d48768d3?s=96&d=mm&r=g","contentUrl":"https:\/\/secure.gravatar.com\/avatar\/df4c8e132080d2b3a4841d5d232045464e0eed11a1d6e43115ca0843d48768d3?s=96&d=mm&r=g","caption":"Fernando Lima"},"sameAs":["http:\/\/verdadeon.com.br\/"],"url":"https:\/\/verdadeon.com.br\/portal\/author\/fernando-lima\/"}]}},"jetpack_publicize_connections":[],"jetpack_featured_media_url":"https:\/\/i0.wp.com\/verdadeon.com.br\/portal\/wp-content\/uploads\/2022\/06\/FEBRE-AMARELA-e1654895792136.jpg?fit=1000%2C669&ssl=1","jetpack_sharing_enabled":true,"_links":{"self":[{"href":"https:\/\/verdadeon.com.br\/portal\/wp-json\/wp\/v2\/posts\/25746","targetHints":{"allow":["GET"]}}],"collection":[{"href":"https:\/\/verdadeon.com.br\/portal\/wp-json\/wp\/v2\/posts"}],"about":[{"href":"https:\/\/verdadeon.com.br\/portal\/wp-json\/wp\/v2\/types\/post"}],"author":[{"embeddable":true,"href":"https:\/\/verdadeon.com.br\/portal\/wp-json\/wp\/v2\/users\/7"}],"replies":[{"embeddable":true,"href":"https:\/\/verdadeon.com.br\/portal\/wp-json\/wp\/v2\/comments?post=25746"}],"version-history":[{"count":1,"href":"https:\/\/verdadeon.com.br\/portal\/wp-json\/wp\/v2\/posts\/25746\/revisions"}],"predecessor-version":[{"id":25748,"href":"https:\/\/verdadeon.com.br\/portal\/wp-json\/wp\/v2\/posts\/25746\/revisions\/25748"}],"wp:featuredmedia":[{"embeddable":true,"href":"https:\/\/verdadeon.com.br\/portal\/wp-json\/wp\/v2\/media\/25747"}],"wp:attachment":[{"href":"https:\/\/verdadeon.com.br\/portal\/wp-json\/wp\/v2\/media?parent=25746"}],"wp:term":[{"taxonomy":"category","embeddable":true,"href":"https:\/\/verdadeon.com.br\/portal\/wp-json\/wp\/v2\/categories?post=25746"},{"taxonomy":"post_tag","embeddable":true,"href":"https:\/\/verdadeon.com.br\/portal\/wp-json\/wp\/v2\/tags?post=25746"}],"curies":[{"name":"wp","href":"https:\/\/api.w.org\/{rel}","templated":true}]}}