{"id":25735,"date":"2022-06-11T14:30:23","date_gmt":"2022-06-11T17:30:23","guid":{"rendered":"https:\/\/verdadeon.com.br\/portal\/?p=25735"},"modified":"2022-06-11T11:26:44","modified_gmt":"2022-06-11T14:26:44","slug":"o-brasil-tem-somente-a-ganhar-com-a-preservacao-do-meio-ambiente-principalmente-no-quesito-de-valor-agregado","status":"publish","type":"post","link":"https:\/\/verdadeon.com.br\/portal\/2022\/06\/11\/o-brasil-tem-somente-a-ganhar-com-a-preservacao-do-meio-ambiente-principalmente-no-quesito-de-valor-agregado\/","title":{"rendered":"&#8216;O Brasil tem somente a ganhar com a preserva\u00e7\u00e3o do Meio Ambiente, principalmente, no quesito de valor agregado&#8217;"},"content":{"rendered":"<h2>A frase \u00e9 de Renato Maso Previde, advogado e Professor Doutor em Direito Econ\u00f4mico pela PUCSP<\/h2>\n<p>Fernando Lima<\/p>\n<p>Em alus\u00e3o ao m\u00eas em que refletimos sobre o meio ambiente, o Jornal Verdade traz nesta edi\u00e7\u00e3o, uma entrevista com o advogado Renato Maso Previde, que trabalha com empresas e meio ambiente, e que tem um grupo de pesquisa sobre Capitalismo de Desenvolvimento Sustent\u00e1vel.<\/p>\n<p>Durante a conversa, o profissional destacou pontos de vista importantes sobre avan\u00e7os e retrocessos na preserva\u00e7\u00e3o da natureza, al\u00e9m de pontuar o que pol\u00edticos e sociedade podem fazer para mudar cen\u00e1rios ca\u00f3ticos que se desenham para o futuro.<\/p>\n<p>Confira a entrevista:<\/p>\n<p><strong>O dia 5 \u00e9 lembrado como o do Meio Ambiente. Qual a import\u00e2ncia desse dia?<\/strong><\/p>\n<p>\u00c9 um marco para a humanidade, funcionando como uma agenda civilizat\u00f3ria quanto ao entendimento do ser Humano quanto \u00e0 sua import\u00e2ncia no meio em que vive, bem como a grande import\u00e2ncia do Meio Ambiente na qualidade de vida das pessoas. Assim, a civiliza\u00e7\u00e3o deve entender e sempre relembrar de que tamb\u00e9m estamos inseridos no Meio Ambiente e qualquer mal a este importa em um mal a todos n\u00f3s.<\/p>\n<p>&nbsp;<\/p>\n<p><strong>Como avalia as atuais pol\u00edticas p\u00fablicas voltadas para o Meio Ambiente? <\/strong><\/p>\n<p>S\u00e3o insuficientes e at\u00e9 mesmo retr\u00f3gradas no sentido da conserva\u00e7\u00e3o do Meio Ambiente. O mundo como um todo passa por um momento de grande retrocesso, que \u00e9 algo at\u00e9 previs\u00edvel, em raz\u00e3o do efeito pendular dos Direitos, mas o atual momento em que vivemos \u00e9 um ponto de inflex\u00e3o, em que n\u00e3o haver\u00e1 mais retorno sobre o que o clima era h\u00e1 20 anos, por exemplo. Importa em que nos esforcemos no sentido de relembrarmos nosso posicionamento enquanto civiliza\u00e7\u00e3o e a responsabiliza\u00e7\u00e3o que recai sobre n\u00f3s ante as altera\u00e7\u00f5es no clima mundial, por marcarmos uma era em que o indiv\u00edduo foi determinante nessas altera\u00e7\u00f5es, ou seja, estamos vivendo o Antropoceno (a \u00e9poca em que humanos substitu\u00edram a natureza como a for\u00e7a ambiental dominante na Terra).<\/p>\n<p>&nbsp;<\/p>\n<p><strong> Quais avan\u00e7os destaca nos \u00faltimos anos? <\/strong><\/p>\n<p>A ONU (Organiza\u00e7\u00e3o das Na\u00e7\u00f5es Unidas) marca as diretrizes destes avan\u00e7os, primeiramente, atrav\u00e9s dos Objetivos do Mil\u00eanio de 2000 a 2015 e, agora, com os Objetivos de Desenvolvimento Sustent\u00e1vel (ODSs) de 2015 a 2030, que forma a chamada Agenda 2030. Estes projetos chamaram os pa\u00edses ao debate quanto \u00e0 preserva\u00e7\u00e3o do Meio Ambiente, demonstrando os pontos sens\u00edveis de cada Pa\u00eds. O Brasil destacou-se em cumprir todas as metas e at\u00e9 super\u00e1-las de 2000 a 2015, sendo exemplo para o restante do mundo. Esse chamamento de defesa ao planeta gerou ganhos interessantes tamb\u00e9m no setor privado, que adotou projetos de E.S.G. (&#8220;Environmental, Social and Governance&#8221;), ou seja, as empresas come\u00e7aram a adotar projetos Ambiental, Social e de Governan\u00e7a, em tradu\u00e7\u00e3o livre da sigla inglesa. Esta conscientiza\u00e7\u00e3o no setor privado influenciou novas exig\u00eancias na Comiss\u00e3o de Valores Imobili\u00e1rios (CVM), que atualmente exige um projeto de E.S.G. para que uma empresa comece a operar na Bolsa de Valores, como tamb\u00e9m come\u00e7a a repercutir em rela\u00e7\u00e3o aos consumidores que est\u00e3o cada vez mais conscientes da necessidade das empresas adotarem atitudes mais respons\u00e1veis perante a sociedade e a natureza. Esta conscientiza\u00e7\u00e3o chega aos acad\u00eamicos, onde hoje, ao lecionar como professor titular de Direito Empresarial na Universidade do Estado de Minas Gerais, em Passos\/MG, faz parte de nossas aulas o enfoque das ODSs e dos projetos E.S.G. na viv\u00eancia das empresas, como tamb\u00e9m em nosso escrit\u00f3rio de advocacia na cidade de Franca\/SP, na vis\u00e3o de que aquelas que n\u00e3o tiverem uma preocupa\u00e7\u00e3o social, ambiental e de governan\u00e7a, n\u00e3o sobreviver\u00e3o daqui h\u00e1 10 anos ou se estagnar\u00e3o sendo suprimidas do mercado pela concorr\u00eancia.<\/p>\n<p>&nbsp;<\/p>\n<p><strong>E quais retrocessos? <\/strong><\/p>\n<p>Esses s\u00e3o in\u00fameros, justamente em uma \u00e9poca em que mais dever\u00edamos ter caminhado na preserva\u00e7\u00e3o e conserva\u00e7\u00e3o do Meio Ambiente. Talvez o maior deles seja ainda entender a Natureza como um \u00f4nus \u00e0 sociedade, quando a evolu\u00e7\u00e3o civilizat\u00f3ria interpreta a Natureza como um valor inestim\u00e1vel. O Brasil tem somente a ganhar com a preserva\u00e7\u00e3o do Meio Ambiente, principalmente, no quesito de valor agregado, pois h\u00e1 o envio de recursos externos para o Pa\u00eds em aten\u00e7\u00e3o \u00e0 essa necessidade de preserva\u00e7\u00e3o da Floresta, bem como este complexo de fauna e flora pode render recursos internos atrav\u00e9s do uso consciente de seus atributos que possuem maior valor agregado do que aquele comparado \u00e0 cultura agr\u00edcola e pastoril com a Floresta tombada. Assim, estamos perdendo o respeito mundialmente por n\u00e3o entendermos a nova din\u00e2mica financeira mundial e de urg\u00eancia na preserva\u00e7\u00e3o da Natureza.<\/p>\n<p><strong>Neste contexto de avan\u00e7os, atualiza\u00e7\u00f5es e retrocessos, como voc\u00ea avalia o C\u00f3digo Florestal vigente? <\/strong><\/p>\n<p>\u00c9 um marco important\u00edssimo por mudar o entendimento de preserva\u00e7\u00e3o para conserva\u00e7\u00e3o dos recursos naturais. Mas h\u00e1 necessidade de cuidados em sua interpreta\u00e7\u00e3o com a finalidade de n\u00e3o gerar compet\u00eancias demasiadas a prefeituras e retrocessos de entendimentos sobre \u00c1reas de Preserva\u00e7\u00e3o Permanente (APP) e Reserva Legal.<\/p>\n<p>&nbsp;<\/p>\n<p><strong>Como voc\u00ea avalia as mobiliza\u00e7\u00f5es coletivas dos pa\u00edses para preservar o Meio Ambiente, como controle da emiss\u00e3o de CO2?<\/strong><\/p>\n<p>Essa mobiliza\u00e7\u00e3o dos Pa\u00edses j\u00e1 foi maior, at\u00e9 mesmo pelo efeito pendular dos Direitos, como dito acima, mas se traduz em grande import\u00e2ncia para a forma\u00e7\u00e3o de novas normativas mundiais no sentido de prote\u00e7\u00e3o do planeta. Estamos atrasados em rela\u00e7\u00e3o \u00e0 Agenda 2030 e, sem d\u00favidas, muitos pontos sens\u00edveis n\u00e3o ser\u00e3o atingidos, o que torna a necessidade de uni\u00e3o dos povos em torno desse grande tema mundial determinante sobre como iremos viver ou sobreviver nas pr\u00f3ximas d\u00e9cadas.<\/p>\n<p>&nbsp;<\/p>\n<p><strong>Estamos em um ano de elei\u00e7\u00e3o. Qual a import\u00e2ncia de ficarmos atentos as propostas para a pasta?<\/strong><\/p>\n<p>\u00c9 fundamental questionarmos sobre o que cada um pensa e j\u00e1 construiu ou desconstruiu sobre o tema. \u00c9 essencial para as futuras gera\u00e7\u00f5es, pois o Brasil tem uma fun\u00e7\u00e3o marcante para o resto do mundo. Temos recursos infind\u00e1veis oriundos da Natureza, como a energia solar, por exemplo, mas necessitamos de propostas realistas para que o Brasil volte a crescer economicamente. Imagine uma agenda pol\u00edtica em que este assunto seja efetivado e, como um exemplo, a implanta\u00e7\u00e3o da energia solar seja melhor subsidiada. Seremos, todos, microprodutores de energia el\u00e9trica, o que poderemos abastecer nossas casas, ve\u00edculos (desde que subsidiados), eletrodom\u00e9sticos e at\u00e9 mesmo compensar esta produ\u00e7\u00e3o em outra resid\u00eancia, deixando a produ\u00e7\u00e3o da energia el\u00e9trica mais barata e melhor distribu\u00edda para a ind\u00fastria. Esse \u00e9 apenas um exemplo de uma agenda ambiental s\u00e9ria.<\/p>\n<p>&nbsp;<\/p>\n<p><strong>Como podemos colaborar com o Meio Ambiente? <\/strong><\/p>\n<p>Podemos colaborar pensando que somos marcos civilizat\u00f3rios e respons\u00e1veis pela evolu\u00e7\u00e3o da sociedade, n\u00e3o pelo retrocesso, pois isso muda toda a forma de pensar em rela\u00e7\u00e3o ao Meio Ambiente, \u00e0 sociedade e a n\u00f3s mesmos. Gosto muito do pensamento do fil\u00f3sofo italiano Giorgio Agamben quando este analisa em sua obra &#8220;Homo Sacer&#8221; e aponta a dualidade intr\u00ednseca ao Ser: \u201caugusto e maldito, digno de venera\u00e7\u00e3o e suscitante de horror\u201d. Que o Ser Humano seja augusto, digno de venera\u00e7\u00e3o.<\/p>\n","protected":false},"excerpt":{"rendered":"<p>A frase \u00e9 de Renato Maso Previde, advogado e Professor Doutor em Direito Econ\u00f4mico pela PUCSP Fernando Lima Em alus\u00e3o ao m\u00eas em que refletimos sobre<span class=\"excerpt-hellip\"> [\u2026]<\/span><\/p>\n","protected":false},"author":7,"featured_media":25744,"comment_status":"open","ping_status":"open","sticky":false,"template":"","format":"standard","meta":{"_jetpack_memberships_contains_paid_content":false,"footnotes":"","jetpack_publicize_message":"","jetpack_publicize_feature_enabled":true,"jetpack_social_post_already_shared":false,"jetpack_social_options":{"image_generator_settings":{"template":"highway","default_image_id":0,"enabled":false},"version":2}},"categories":[28,81],"tags":[],"class_list":["post-25735","post","type-post","status-publish","format-standard","has-post-thumbnail","hentry","category-cotidiano","category-manchete"],"yoast_head":"<!-- This site is optimized with the Yoast SEO plugin v25.6 - https:\/\/yoast.com\/wordpress\/plugins\/seo\/ -->\n<title>&#039;O Brasil tem somente a ganhar com a preserva\u00e7\u00e3o do Meio Ambiente, principalmente, no quesito de valor agregado&#039; - VerdadeOn<\/title>\n<meta name=\"robots\" content=\"index, follow, max-snippet:-1, max-image-preview:large, max-video-preview:-1\" \/>\n<link rel=\"canonical\" href=\"https:\/\/verdadeon.com.br\/portal\/2022\/06\/11\/o-brasil-tem-somente-a-ganhar-com-a-preservacao-do-meio-ambiente-principalmente-no-quesito-de-valor-agregado\/\" \/>\n<meta property=\"og:locale\" content=\"pt_BR\" \/>\n<meta property=\"og:type\" content=\"article\" \/>\n<meta property=\"og:title\" content=\"&#039;O Brasil tem somente a ganhar com a preserva\u00e7\u00e3o do Meio Ambiente, principalmente, no quesito de valor agregado&#039; - VerdadeOn\" \/>\n<meta property=\"og:description\" content=\"A frase \u00e9 de Renato Maso Previde, advogado e Professor Doutor em Direito Econ\u00f4mico pela PUCSP Fernando Lima Em alus\u00e3o ao m\u00eas em que refletimos sobre [\u2026]\" \/>\n<meta property=\"og:url\" content=\"https:\/\/verdadeon.com.br\/portal\/2022\/06\/11\/o-brasil-tem-somente-a-ganhar-com-a-preservacao-do-meio-ambiente-principalmente-no-quesito-de-valor-agregado\/\" \/>\n<meta property=\"og:site_name\" content=\"VerdadeOn\" \/>\n<meta property=\"article:published_time\" content=\"2022-06-11T17:30:23+00:00\" \/>\n<meta property=\"og:image\" content=\"https:\/\/verdadeon.com.br\/portal\/wp-content\/uploads\/2022\/06\/RENATO-PREVIDE.jpeg\" \/>\n\t<meta property=\"og:image:width\" content=\"931\" \/>\n\t<meta property=\"og:image:height\" content=\"1024\" \/>\n\t<meta property=\"og:image:type\" content=\"image\/jpeg\" \/>\n<meta name=\"author\" content=\"Fernando Lima\" \/>\n<meta name=\"twitter:card\" content=\"summary_large_image\" \/>\n<meta name=\"twitter:label1\" content=\"Escrito por\" \/>\n\t<meta name=\"twitter:data1\" content=\"Fernando Lima\" \/>\n\t<meta name=\"twitter:label2\" content=\"Est. tempo de leitura\" \/>\n\t<meta name=\"twitter:data2\" content=\"7 minutos\" \/>\n<script type=\"application\/ld+json\" class=\"yoast-schema-graph\">{\"@context\":\"https:\/\/schema.org\",\"@graph\":[{\"@type\":\"WebPage\",\"@id\":\"https:\/\/verdadeon.com.br\/portal\/2022\/06\/11\/o-brasil-tem-somente-a-ganhar-com-a-preservacao-do-meio-ambiente-principalmente-no-quesito-de-valor-agregado\/\",\"url\":\"https:\/\/verdadeon.com.br\/portal\/2022\/06\/11\/o-brasil-tem-somente-a-ganhar-com-a-preservacao-do-meio-ambiente-principalmente-no-quesito-de-valor-agregado\/\",\"name\":\"'O Brasil tem somente a ganhar com a preserva\u00e7\u00e3o do Meio Ambiente, principalmente, no quesito de valor agregado' - VerdadeOn\",\"isPartOf\":{\"@id\":\"https:\/\/verdadeon.com.br\/portal\/#website\"},\"primaryImageOfPage\":{\"@id\":\"https:\/\/verdadeon.com.br\/portal\/2022\/06\/11\/o-brasil-tem-somente-a-ganhar-com-a-preservacao-do-meio-ambiente-principalmente-no-quesito-de-valor-agregado\/#primaryimage\"},\"image\":{\"@id\":\"https:\/\/verdadeon.com.br\/portal\/2022\/06\/11\/o-brasil-tem-somente-a-ganhar-com-a-preservacao-do-meio-ambiente-principalmente-no-quesito-de-valor-agregado\/#primaryimage\"},\"thumbnailUrl\":\"https:\/\/i0.wp.com\/verdadeon.com.br\/portal\/wp-content\/uploads\/2022\/06\/RENATO-PREVIDE.jpeg?fit=931%2C1024&ssl=1\",\"datePublished\":\"2022-06-11T17:30:23+00:00\",\"author\":{\"@id\":\"https:\/\/verdadeon.com.br\/portal\/#\/schema\/person\/cc32be22b8e8599387c480bc83e1d11a\"},\"breadcrumb\":{\"@id\":\"https:\/\/verdadeon.com.br\/portal\/2022\/06\/11\/o-brasil-tem-somente-a-ganhar-com-a-preservacao-do-meio-ambiente-principalmente-no-quesito-de-valor-agregado\/#breadcrumb\"},\"inLanguage\":\"pt-BR\",\"potentialAction\":[{\"@type\":\"ReadAction\",\"target\":[\"https:\/\/verdadeon.com.br\/portal\/2022\/06\/11\/o-brasil-tem-somente-a-ganhar-com-a-preservacao-do-meio-ambiente-principalmente-no-quesito-de-valor-agregado\/\"]}]},{\"@type\":\"ImageObject\",\"inLanguage\":\"pt-BR\",\"@id\":\"https:\/\/verdadeon.com.br\/portal\/2022\/06\/11\/o-brasil-tem-somente-a-ganhar-com-a-preservacao-do-meio-ambiente-principalmente-no-quesito-de-valor-agregado\/#primaryimage\",\"url\":\"https:\/\/i0.wp.com\/verdadeon.com.br\/portal\/wp-content\/uploads\/2022\/06\/RENATO-PREVIDE.jpeg?fit=931%2C1024&ssl=1\",\"contentUrl\":\"https:\/\/i0.wp.com\/verdadeon.com.br\/portal\/wp-content\/uploads\/2022\/06\/RENATO-PREVIDE.jpeg?fit=931%2C1024&ssl=1\",\"width\":931,\"height\":1024,\"caption\":\"Renato Previde acredita que a natureza deve ser vista como um valor inestim\u00e1vel, e n\u00e3o como um \u00f4nus para a sociedade | Foto: Arquivo pessoal\"},{\"@type\":\"BreadcrumbList\",\"@id\":\"https:\/\/verdadeon.com.br\/portal\/2022\/06\/11\/o-brasil-tem-somente-a-ganhar-com-a-preservacao-do-meio-ambiente-principalmente-no-quesito-de-valor-agregado\/#breadcrumb\",\"itemListElement\":[{\"@type\":\"ListItem\",\"position\":1,\"name\":\"In\u00edcio\",\"item\":\"https:\/\/verdadeon.com.br\/portal\/\"},{\"@type\":\"ListItem\",\"position\":2,\"name\":\"&#8216;O Brasil tem somente a ganhar com a preserva\u00e7\u00e3o do Meio Ambiente, principalmente, no quesito de valor agregado&#8217;\"}]},{\"@type\":\"WebSite\",\"@id\":\"https:\/\/verdadeon.com.br\/portal\/#website\",\"url\":\"https:\/\/verdadeon.com.br\/portal\/\",\"name\":\"VerdadeOn\",\"description\":\"Not\u00edcias di\u00e1rias sobre Franca, Regi\u00e3o, Esporte, Cultura, Cotidiano, Colunas. Cobertura nos principais eventos da cidade \u00e9 aqui - Verdadeon Franca\",\"potentialAction\":[{\"@type\":\"SearchAction\",\"target\":{\"@type\":\"EntryPoint\",\"urlTemplate\":\"https:\/\/verdadeon.com.br\/portal\/?s={search_term_string}\"},\"query-input\":{\"@type\":\"PropertyValueSpecification\",\"valueRequired\":true,\"valueName\":\"search_term_string\"}}],\"inLanguage\":\"pt-BR\"},{\"@type\":\"Person\",\"@id\":\"https:\/\/verdadeon.com.br\/portal\/#\/schema\/person\/cc32be22b8e8599387c480bc83e1d11a\",\"name\":\"Fernando Lima\",\"image\":{\"@type\":\"ImageObject\",\"inLanguage\":\"pt-BR\",\"@id\":\"https:\/\/verdadeon.com.br\/portal\/#\/schema\/person\/image\/\",\"url\":\"https:\/\/secure.gravatar.com\/avatar\/df4c8e132080d2b3a4841d5d232045464e0eed11a1d6e43115ca0843d48768d3?s=96&d=mm&r=g\",\"contentUrl\":\"https:\/\/secure.gravatar.com\/avatar\/df4c8e132080d2b3a4841d5d232045464e0eed11a1d6e43115ca0843d48768d3?s=96&d=mm&r=g\",\"caption\":\"Fernando Lima\"},\"sameAs\":[\"http:\/\/verdadeon.com.br\/\"],\"url\":\"https:\/\/verdadeon.com.br\/portal\/author\/fernando-lima\/\"}]}<\/script>\n<!-- \/ Yoast SEO plugin. -->","yoast_head_json":{"title":"'O Brasil tem somente a ganhar com a preserva\u00e7\u00e3o do Meio Ambiente, principalmente, no quesito de valor agregado' - VerdadeOn","robots":{"index":"index","follow":"follow","max-snippet":"max-snippet:-1","max-image-preview":"max-image-preview:large","max-video-preview":"max-video-preview:-1"},"canonical":"https:\/\/verdadeon.com.br\/portal\/2022\/06\/11\/o-brasil-tem-somente-a-ganhar-com-a-preservacao-do-meio-ambiente-principalmente-no-quesito-de-valor-agregado\/","og_locale":"pt_BR","og_type":"article","og_title":"'O Brasil tem somente a ganhar com a preserva\u00e7\u00e3o do Meio Ambiente, principalmente, no quesito de valor agregado' - VerdadeOn","og_description":"A frase \u00e9 de Renato Maso Previde, advogado e Professor Doutor em Direito Econ\u00f4mico pela PUCSP Fernando Lima Em alus\u00e3o ao m\u00eas em que refletimos sobre [\u2026]","og_url":"https:\/\/verdadeon.com.br\/portal\/2022\/06\/11\/o-brasil-tem-somente-a-ganhar-com-a-preservacao-do-meio-ambiente-principalmente-no-quesito-de-valor-agregado\/","og_site_name":"VerdadeOn","article_published_time":"2022-06-11T17:30:23+00:00","og_image":[{"width":931,"height":1024,"url":"https:\/\/verdadeon.com.br\/portal\/wp-content\/uploads\/2022\/06\/RENATO-PREVIDE.jpeg","type":"image\/jpeg"}],"author":"Fernando Lima","twitter_card":"summary_large_image","twitter_misc":{"Escrito por":"Fernando Lima","Est. tempo de leitura":"7 minutos"},"schema":{"@context":"https:\/\/schema.org","@graph":[{"@type":"WebPage","@id":"https:\/\/verdadeon.com.br\/portal\/2022\/06\/11\/o-brasil-tem-somente-a-ganhar-com-a-preservacao-do-meio-ambiente-principalmente-no-quesito-de-valor-agregado\/","url":"https:\/\/verdadeon.com.br\/portal\/2022\/06\/11\/o-brasil-tem-somente-a-ganhar-com-a-preservacao-do-meio-ambiente-principalmente-no-quesito-de-valor-agregado\/","name":"'O Brasil tem somente a ganhar com a preserva\u00e7\u00e3o do Meio Ambiente, principalmente, no quesito de valor agregado' - VerdadeOn","isPartOf":{"@id":"https:\/\/verdadeon.com.br\/portal\/#website"},"primaryImageOfPage":{"@id":"https:\/\/verdadeon.com.br\/portal\/2022\/06\/11\/o-brasil-tem-somente-a-ganhar-com-a-preservacao-do-meio-ambiente-principalmente-no-quesito-de-valor-agregado\/#primaryimage"},"image":{"@id":"https:\/\/verdadeon.com.br\/portal\/2022\/06\/11\/o-brasil-tem-somente-a-ganhar-com-a-preservacao-do-meio-ambiente-principalmente-no-quesito-de-valor-agregado\/#primaryimage"},"thumbnailUrl":"https:\/\/i0.wp.com\/verdadeon.com.br\/portal\/wp-content\/uploads\/2022\/06\/RENATO-PREVIDE.jpeg?fit=931%2C1024&ssl=1","datePublished":"2022-06-11T17:30:23+00:00","author":{"@id":"https:\/\/verdadeon.com.br\/portal\/#\/schema\/person\/cc32be22b8e8599387c480bc83e1d11a"},"breadcrumb":{"@id":"https:\/\/verdadeon.com.br\/portal\/2022\/06\/11\/o-brasil-tem-somente-a-ganhar-com-a-preservacao-do-meio-ambiente-principalmente-no-quesito-de-valor-agregado\/#breadcrumb"},"inLanguage":"pt-BR","potentialAction":[{"@type":"ReadAction","target":["https:\/\/verdadeon.com.br\/portal\/2022\/06\/11\/o-brasil-tem-somente-a-ganhar-com-a-preservacao-do-meio-ambiente-principalmente-no-quesito-de-valor-agregado\/"]}]},{"@type":"ImageObject","inLanguage":"pt-BR","@id":"https:\/\/verdadeon.com.br\/portal\/2022\/06\/11\/o-brasil-tem-somente-a-ganhar-com-a-preservacao-do-meio-ambiente-principalmente-no-quesito-de-valor-agregado\/#primaryimage","url":"https:\/\/i0.wp.com\/verdadeon.com.br\/portal\/wp-content\/uploads\/2022\/06\/RENATO-PREVIDE.jpeg?fit=931%2C1024&ssl=1","contentUrl":"https:\/\/i0.wp.com\/verdadeon.com.br\/portal\/wp-content\/uploads\/2022\/06\/RENATO-PREVIDE.jpeg?fit=931%2C1024&ssl=1","width":931,"height":1024,"caption":"Renato Previde acredita que a natureza deve ser vista como um valor inestim\u00e1vel, e n\u00e3o como um \u00f4nus para a sociedade | Foto: Arquivo pessoal"},{"@type":"BreadcrumbList","@id":"https:\/\/verdadeon.com.br\/portal\/2022\/06\/11\/o-brasil-tem-somente-a-ganhar-com-a-preservacao-do-meio-ambiente-principalmente-no-quesito-de-valor-agregado\/#breadcrumb","itemListElement":[{"@type":"ListItem","position":1,"name":"In\u00edcio","item":"https:\/\/verdadeon.com.br\/portal\/"},{"@type":"ListItem","position":2,"name":"&#8216;O Brasil tem somente a ganhar com a preserva\u00e7\u00e3o do Meio Ambiente, principalmente, no quesito de valor agregado&#8217;"}]},{"@type":"WebSite","@id":"https:\/\/verdadeon.com.br\/portal\/#website","url":"https:\/\/verdadeon.com.br\/portal\/","name":"VerdadeOn","description":"Not\u00edcias di\u00e1rias sobre Franca, Regi\u00e3o, Esporte, Cultura, Cotidiano, Colunas. Cobertura nos principais eventos da cidade \u00e9 aqui - Verdadeon Franca","potentialAction":[{"@type":"SearchAction","target":{"@type":"EntryPoint","urlTemplate":"https:\/\/verdadeon.com.br\/portal\/?s={search_term_string}"},"query-input":{"@type":"PropertyValueSpecification","valueRequired":true,"valueName":"search_term_string"}}],"inLanguage":"pt-BR"},{"@type":"Person","@id":"https:\/\/verdadeon.com.br\/portal\/#\/schema\/person\/cc32be22b8e8599387c480bc83e1d11a","name":"Fernando Lima","image":{"@type":"ImageObject","inLanguage":"pt-BR","@id":"https:\/\/verdadeon.com.br\/portal\/#\/schema\/person\/image\/","url":"https:\/\/secure.gravatar.com\/avatar\/df4c8e132080d2b3a4841d5d232045464e0eed11a1d6e43115ca0843d48768d3?s=96&d=mm&r=g","contentUrl":"https:\/\/secure.gravatar.com\/avatar\/df4c8e132080d2b3a4841d5d232045464e0eed11a1d6e43115ca0843d48768d3?s=96&d=mm&r=g","caption":"Fernando Lima"},"sameAs":["http:\/\/verdadeon.com.br\/"],"url":"https:\/\/verdadeon.com.br\/portal\/author\/fernando-lima\/"}]}},"jetpack_publicize_connections":[],"jetpack_featured_media_url":"https:\/\/i0.wp.com\/verdadeon.com.br\/portal\/wp-content\/uploads\/2022\/06\/RENATO-PREVIDE.jpeg?fit=931%2C1024&ssl=1","jetpack_sharing_enabled":true,"_links":{"self":[{"href":"https:\/\/verdadeon.com.br\/portal\/wp-json\/wp\/v2\/posts\/25735","targetHints":{"allow":["GET"]}}],"collection":[{"href":"https:\/\/verdadeon.com.br\/portal\/wp-json\/wp\/v2\/posts"}],"about":[{"href":"https:\/\/verdadeon.com.br\/portal\/wp-json\/wp\/v2\/types\/post"}],"author":[{"embeddable":true,"href":"https:\/\/verdadeon.com.br\/portal\/wp-json\/wp\/v2\/users\/7"}],"replies":[{"embeddable":true,"href":"https:\/\/verdadeon.com.br\/portal\/wp-json\/wp\/v2\/comments?post=25735"}],"version-history":[{"count":1,"href":"https:\/\/verdadeon.com.br\/portal\/wp-json\/wp\/v2\/posts\/25735\/revisions"}],"predecessor-version":[{"id":25745,"href":"https:\/\/verdadeon.com.br\/portal\/wp-json\/wp\/v2\/posts\/25735\/revisions\/25745"}],"wp:featuredmedia":[{"embeddable":true,"href":"https:\/\/verdadeon.com.br\/portal\/wp-json\/wp\/v2\/media\/25744"}],"wp:attachment":[{"href":"https:\/\/verdadeon.com.br\/portal\/wp-json\/wp\/v2\/media?parent=25735"}],"wp:term":[{"taxonomy":"category","embeddable":true,"href":"https:\/\/verdadeon.com.br\/portal\/wp-json\/wp\/v2\/categories?post=25735"},{"taxonomy":"post_tag","embeddable":true,"href":"https:\/\/verdadeon.com.br\/portal\/wp-json\/wp\/v2\/tags?post=25735"}],"curies":[{"name":"wp","href":"https:\/\/api.w.org\/{rel}","templated":true}]}}