{"id":25728,"date":"2022-06-10T17:32:05","date_gmt":"2022-06-10T20:32:05","guid":{"rendered":"https:\/\/verdadeon.com.br\/portal\/?p=25728"},"modified":"2022-06-10T17:32:05","modified_gmt":"2022-06-10T20:32:05","slug":"pre-candidato-fernando-hadadd-cumpre-agenda-em-franca","status":"publish","type":"post","link":"https:\/\/verdadeon.com.br\/portal\/2022\/06\/10\/pre-candidato-fernando-hadadd-cumpre-agenda-em-franca\/","title":{"rendered":"Pr\u00e9-candidato Fernando Hadadd cumpre agenda em Franca"},"content":{"rendered":"<h2>O pol\u00edtico lidera as inten\u00e7\u00f5es de voto nas pesquisas eleitorais, PT nunca governou estado de S\u00e3o Paulo<\/h2>\n<p>O pr\u00e9- candidato ao governo do Estado de S\u00e3o Paulo, pelo Partido dos Trabalhadores (PT), Fernando Haddad, esteve em Franca nesta sexta-feira (10). O pol\u00edtico cumpre agenda na regi\u00e3o, e j\u00e1 passou por cidades como S\u00e3o Carlos e Ribeir\u00e3o Preto. &#8220;Como ministro da Educa\u00e7\u00e3o, eu trouxe uma s\u00e9rie de investimentos, eu acho que o desenvolvimento econ\u00f4mico tem que ser descentralizado, tudo o que voc\u00ea concentra demais d\u00e1 mais trabalho. N\u00f3s precisamos oferecer para todas as regi\u00f5es de S\u00e3o Paulo, um desenvolvimento econ\u00f4mico pr\u00f3prio&#8221;, disse em entrevista ao Verdade.<\/p>\n<p>Haddad comentou ainda sobre a ind\u00fastria do cal\u00e7ado em Franca, que tem sofrido especialmente com a concorr\u00eancia internacional e alta taxa tribut\u00e1ria. &#8220;Eu tenho visto muitas empresas saindo daqui e indo pra Minas Gerais, por causa do aumento dos impostos que o governo Rodrigo Garcia patrocinou aqui em S\u00e3o Paulo. A gente tem que rever isso, estamos perdendo muitas oportunidades de emprego. Franca j\u00e1 passou por poucas e boas, a desindustrializa\u00e7\u00e3o dos anos 90, eu acompanhei todo o setor cal\u00e7adista sofrer muito com a concorr\u00eancia estrangeira, mas ela deu a volta por cima, e o Governo do Estado tem que dar apoio para estas regi\u00f5es encontrarem as suas novas voca\u00e7\u00f5es&#8221;, disse.<\/p>\n<p>O principal compromisso do petista foi uma reuni\u00e3o com alunos da Unesp, na zona norte da cidade. O evento estava marcado para come\u00e7ar 9h30, mas atrasou em cerca de uma hora, tendo in\u00edcio j\u00e1 por volta das 10h30. Durante a sua fala, o pr\u00e9 candidato teceu cr\u00edticas ao atual governo, al\u00e9m de responder quest\u00f5es dos presentes.<\/p>\n<p>O Partido dos Trabalhadores nunca governou o estado de S\u00e3o Paulo, e nas pesquisas de inten\u00e7\u00e3o de votos, Haddad aparece em primeiro. &#8220;Boas propostas \u00e9 o que mant\u00e9m uma candidatura, se voc\u00ea n\u00e3o tiver um plano de governo consistente, as pessoas v\u00e3o procurar alternativas. N\u00f3s estamos h\u00e1 muito tempo trabalhando, sobretudo no interior do estado para apresentar a melhor proposta para a popula\u00e7\u00e3o&#8221;, finalizou.<\/p>\n","protected":false},"excerpt":{"rendered":"<p>O pol\u00edtico lidera as inten\u00e7\u00f5es de voto nas pesquisas eleitorais, PT nunca governou estado de S\u00e3o Paulo O pr\u00e9- candidato ao governo do Estado de S\u00e3o<span class=\"excerpt-hellip\"> [\u2026]<\/span><\/p>\n","protected":false},"author":7,"featured_media":25733,"comment_status":"open","ping_status":"open","sticky":false,"template":"","format":"standard","meta":{"_jetpack_memberships_contains_paid_content":false,"footnotes":"","jetpack_publicize_message":"","jetpack_publicize_feature_enabled":true,"jetpack_social_post_already_shared":false,"jetpack_social_options":{"image_generator_settings":{"template":"highway","default_image_id":0,"enabled":false},"version":2}},"categories":[28,44],"tags":[],"class_list":["post-25728","post","type-post","status-publish","format-standard","has-post-thumbnail","hentry","category-cotidiano","category-noticias"],"yoast_head":"<!-- This site is optimized with the Yoast SEO plugin v25.6 - https:\/\/yoast.com\/wordpress\/plugins\/seo\/ -->\n<title>Pr\u00e9-candidato Fernando Hadadd cumpre agenda em Franca - VerdadeOn<\/title>\n<meta name=\"robots\" content=\"index, follow, max-snippet:-1, max-image-preview:large, max-video-preview:-1\" \/>\n<link rel=\"canonical\" href=\"https:\/\/verdadeon.com.br\/portal\/2022\/06\/10\/pre-candidato-fernando-hadadd-cumpre-agenda-em-franca\/\" \/>\n<meta property=\"og:locale\" content=\"pt_BR\" \/>\n<meta property=\"og:type\" content=\"article\" \/>\n<meta property=\"og:title\" content=\"Pr\u00e9-candidato Fernando Hadadd cumpre agenda em Franca - VerdadeOn\" \/>\n<meta property=\"og:description\" content=\"O pol\u00edtico lidera as inten\u00e7\u00f5es de voto nas pesquisas eleitorais, PT nunca governou estado de S\u00e3o Paulo O pr\u00e9- candidato ao governo do Estado de S\u00e3o [\u2026]\" \/>\n<meta property=\"og:url\" content=\"https:\/\/verdadeon.com.br\/portal\/2022\/06\/10\/pre-candidato-fernando-hadadd-cumpre-agenda-em-franca\/\" \/>\n<meta property=\"og:site_name\" content=\"VerdadeOn\" \/>\n<meta property=\"article:published_time\" content=\"2022-06-10T20:32:05+00:00\" \/>\n<meta property=\"og:image\" content=\"https:\/\/verdadeon.com.br\/portal\/wp-content\/uploads\/2022\/06\/fernando-haddad.jpg\" \/>\n\t<meta property=\"og:image:width\" content=\"1280\" \/>\n\t<meta property=\"og:image:height\" content=\"853\" \/>\n\t<meta property=\"og:image:type\" content=\"image\/jpeg\" \/>\n<meta name=\"author\" content=\"Fernando Lima\" \/>\n<meta name=\"twitter:card\" content=\"summary_large_image\" \/>\n<meta name=\"twitter:label1\" content=\"Escrito por\" \/>\n\t<meta name=\"twitter:data1\" content=\"Fernando Lima\" \/>\n\t<meta name=\"twitter:label2\" content=\"Est. tempo de leitura\" \/>\n\t<meta name=\"twitter:data2\" content=\"2 minutos\" \/>\n<script type=\"application\/ld+json\" class=\"yoast-schema-graph\">{\"@context\":\"https:\/\/schema.org\",\"@graph\":[{\"@type\":\"WebPage\",\"@id\":\"https:\/\/verdadeon.com.br\/portal\/2022\/06\/10\/pre-candidato-fernando-hadadd-cumpre-agenda-em-franca\/\",\"url\":\"https:\/\/verdadeon.com.br\/portal\/2022\/06\/10\/pre-candidato-fernando-hadadd-cumpre-agenda-em-franca\/\",\"name\":\"Pr\u00e9-candidato Fernando Hadadd cumpre agenda em Franca - VerdadeOn\",\"isPartOf\":{\"@id\":\"https:\/\/verdadeon.com.br\/portal\/#website\"},\"primaryImageOfPage\":{\"@id\":\"https:\/\/verdadeon.com.br\/portal\/2022\/06\/10\/pre-candidato-fernando-hadadd-cumpre-agenda-em-franca\/#primaryimage\"},\"image\":{\"@id\":\"https:\/\/verdadeon.com.br\/portal\/2022\/06\/10\/pre-candidato-fernando-hadadd-cumpre-agenda-em-franca\/#primaryimage\"},\"thumbnailUrl\":\"https:\/\/i0.wp.com\/verdadeon.com.br\/portal\/wp-content\/uploads\/2022\/06\/fernando-haddad.jpg?fit=1280%2C853&ssl=1\",\"datePublished\":\"2022-06-10T20:32:05+00:00\",\"author\":{\"@id\":\"https:\/\/verdadeon.com.br\/portal\/#\/schema\/person\/cc32be22b8e8599387c480bc83e1d11a\"},\"breadcrumb\":{\"@id\":\"https:\/\/verdadeon.com.br\/portal\/2022\/06\/10\/pre-candidato-fernando-hadadd-cumpre-agenda-em-franca\/#breadcrumb\"},\"inLanguage\":\"pt-BR\",\"potentialAction\":[{\"@type\":\"ReadAction\",\"target\":[\"https:\/\/verdadeon.com.br\/portal\/2022\/06\/10\/pre-candidato-fernando-hadadd-cumpre-agenda-em-franca\/\"]}]},{\"@type\":\"ImageObject\",\"inLanguage\":\"pt-BR\",\"@id\":\"https:\/\/verdadeon.com.br\/portal\/2022\/06\/10\/pre-candidato-fernando-hadadd-cumpre-agenda-em-franca\/#primaryimage\",\"url\":\"https:\/\/i0.wp.com\/verdadeon.com.br\/portal\/wp-content\/uploads\/2022\/06\/fernando-haddad.jpg?fit=1280%2C853&ssl=1\",\"contentUrl\":\"https:\/\/i0.wp.com\/verdadeon.com.br\/portal\/wp-content\/uploads\/2022\/06\/fernando-haddad.jpg?fit=1280%2C853&ssl=1\",\"width\":1280,\"height\":853,\"caption\":\"Pol\u00edtico esteve na Unesp em Franca nesta sexta-feira, onde falou por cerca de 20 minutos | Foto: Divulga\u00e7\u00e3o\"},{\"@type\":\"BreadcrumbList\",\"@id\":\"https:\/\/verdadeon.com.br\/portal\/2022\/06\/10\/pre-candidato-fernando-hadadd-cumpre-agenda-em-franca\/#breadcrumb\",\"itemListElement\":[{\"@type\":\"ListItem\",\"position\":1,\"name\":\"In\u00edcio\",\"item\":\"https:\/\/verdadeon.com.br\/portal\/\"},{\"@type\":\"ListItem\",\"position\":2,\"name\":\"Pr\u00e9-candidato Fernando Hadadd cumpre agenda em Franca\"}]},{\"@type\":\"WebSite\",\"@id\":\"https:\/\/verdadeon.com.br\/portal\/#website\",\"url\":\"https:\/\/verdadeon.com.br\/portal\/\",\"name\":\"VerdadeOn\",\"description\":\"Not\u00edcias di\u00e1rias sobre Franca, Regi\u00e3o, Esporte, Cultura, Cotidiano, Colunas. Cobertura nos principais eventos da cidade \u00e9 aqui - Verdadeon Franca\",\"potentialAction\":[{\"@type\":\"SearchAction\",\"target\":{\"@type\":\"EntryPoint\",\"urlTemplate\":\"https:\/\/verdadeon.com.br\/portal\/?s={search_term_string}\"},\"query-input\":{\"@type\":\"PropertyValueSpecification\",\"valueRequired\":true,\"valueName\":\"search_term_string\"}}],\"inLanguage\":\"pt-BR\"},{\"@type\":\"Person\",\"@id\":\"https:\/\/verdadeon.com.br\/portal\/#\/schema\/person\/cc32be22b8e8599387c480bc83e1d11a\",\"name\":\"Fernando Lima\",\"image\":{\"@type\":\"ImageObject\",\"inLanguage\":\"pt-BR\",\"@id\":\"https:\/\/verdadeon.com.br\/portal\/#\/schema\/person\/image\/\",\"url\":\"https:\/\/secure.gravatar.com\/avatar\/df4c8e132080d2b3a4841d5d232045464e0eed11a1d6e43115ca0843d48768d3?s=96&d=mm&r=g\",\"contentUrl\":\"https:\/\/secure.gravatar.com\/avatar\/df4c8e132080d2b3a4841d5d232045464e0eed11a1d6e43115ca0843d48768d3?s=96&d=mm&r=g\",\"caption\":\"Fernando Lima\"},\"sameAs\":[\"http:\/\/verdadeon.com.br\/\"],\"url\":\"https:\/\/verdadeon.com.br\/portal\/author\/fernando-lima\/\"}]}<\/script>\n<!-- \/ Yoast SEO plugin. -->","yoast_head_json":{"title":"Pr\u00e9-candidato Fernando Hadadd cumpre agenda em Franca - VerdadeOn","robots":{"index":"index","follow":"follow","max-snippet":"max-snippet:-1","max-image-preview":"max-image-preview:large","max-video-preview":"max-video-preview:-1"},"canonical":"https:\/\/verdadeon.com.br\/portal\/2022\/06\/10\/pre-candidato-fernando-hadadd-cumpre-agenda-em-franca\/","og_locale":"pt_BR","og_type":"article","og_title":"Pr\u00e9-candidato Fernando Hadadd cumpre agenda em Franca - VerdadeOn","og_description":"O pol\u00edtico lidera as inten\u00e7\u00f5es de voto nas pesquisas eleitorais, PT nunca governou estado de S\u00e3o Paulo O pr\u00e9- candidato ao governo do Estado de S\u00e3o [\u2026]","og_url":"https:\/\/verdadeon.com.br\/portal\/2022\/06\/10\/pre-candidato-fernando-hadadd-cumpre-agenda-em-franca\/","og_site_name":"VerdadeOn","article_published_time":"2022-06-10T20:32:05+00:00","og_image":[{"width":1280,"height":853,"url":"https:\/\/verdadeon.com.br\/portal\/wp-content\/uploads\/2022\/06\/fernando-haddad.jpg","type":"image\/jpeg"}],"author":"Fernando Lima","twitter_card":"summary_large_image","twitter_misc":{"Escrito por":"Fernando Lima","Est. tempo de leitura":"2 minutos"},"schema":{"@context":"https:\/\/schema.org","@graph":[{"@type":"WebPage","@id":"https:\/\/verdadeon.com.br\/portal\/2022\/06\/10\/pre-candidato-fernando-hadadd-cumpre-agenda-em-franca\/","url":"https:\/\/verdadeon.com.br\/portal\/2022\/06\/10\/pre-candidato-fernando-hadadd-cumpre-agenda-em-franca\/","name":"Pr\u00e9-candidato Fernando Hadadd cumpre agenda em Franca - VerdadeOn","isPartOf":{"@id":"https:\/\/verdadeon.com.br\/portal\/#website"},"primaryImageOfPage":{"@id":"https:\/\/verdadeon.com.br\/portal\/2022\/06\/10\/pre-candidato-fernando-hadadd-cumpre-agenda-em-franca\/#primaryimage"},"image":{"@id":"https:\/\/verdadeon.com.br\/portal\/2022\/06\/10\/pre-candidato-fernando-hadadd-cumpre-agenda-em-franca\/#primaryimage"},"thumbnailUrl":"https:\/\/i0.wp.com\/verdadeon.com.br\/portal\/wp-content\/uploads\/2022\/06\/fernando-haddad.jpg?fit=1280%2C853&ssl=1","datePublished":"2022-06-10T20:32:05+00:00","author":{"@id":"https:\/\/verdadeon.com.br\/portal\/#\/schema\/person\/cc32be22b8e8599387c480bc83e1d11a"},"breadcrumb":{"@id":"https:\/\/verdadeon.com.br\/portal\/2022\/06\/10\/pre-candidato-fernando-hadadd-cumpre-agenda-em-franca\/#breadcrumb"},"inLanguage":"pt-BR","potentialAction":[{"@type":"ReadAction","target":["https:\/\/verdadeon.com.br\/portal\/2022\/06\/10\/pre-candidato-fernando-hadadd-cumpre-agenda-em-franca\/"]}]},{"@type":"ImageObject","inLanguage":"pt-BR","@id":"https:\/\/verdadeon.com.br\/portal\/2022\/06\/10\/pre-candidato-fernando-hadadd-cumpre-agenda-em-franca\/#primaryimage","url":"https:\/\/i0.wp.com\/verdadeon.com.br\/portal\/wp-content\/uploads\/2022\/06\/fernando-haddad.jpg?fit=1280%2C853&ssl=1","contentUrl":"https:\/\/i0.wp.com\/verdadeon.com.br\/portal\/wp-content\/uploads\/2022\/06\/fernando-haddad.jpg?fit=1280%2C853&ssl=1","width":1280,"height":853,"caption":"Pol\u00edtico esteve na Unesp em Franca nesta sexta-feira, onde falou por cerca de 20 minutos | Foto: Divulga\u00e7\u00e3o"},{"@type":"BreadcrumbList","@id":"https:\/\/verdadeon.com.br\/portal\/2022\/06\/10\/pre-candidato-fernando-hadadd-cumpre-agenda-em-franca\/#breadcrumb","itemListElement":[{"@type":"ListItem","position":1,"name":"In\u00edcio","item":"https:\/\/verdadeon.com.br\/portal\/"},{"@type":"ListItem","position":2,"name":"Pr\u00e9-candidato Fernando Hadadd cumpre agenda em Franca"}]},{"@type":"WebSite","@id":"https:\/\/verdadeon.com.br\/portal\/#website","url":"https:\/\/verdadeon.com.br\/portal\/","name":"VerdadeOn","description":"Not\u00edcias di\u00e1rias sobre Franca, Regi\u00e3o, Esporte, Cultura, Cotidiano, Colunas. Cobertura nos principais eventos da cidade \u00e9 aqui - Verdadeon Franca","potentialAction":[{"@type":"SearchAction","target":{"@type":"EntryPoint","urlTemplate":"https:\/\/verdadeon.com.br\/portal\/?s={search_term_string}"},"query-input":{"@type":"PropertyValueSpecification","valueRequired":true,"valueName":"search_term_string"}}],"inLanguage":"pt-BR"},{"@type":"Person","@id":"https:\/\/verdadeon.com.br\/portal\/#\/schema\/person\/cc32be22b8e8599387c480bc83e1d11a","name":"Fernando Lima","image":{"@type":"ImageObject","inLanguage":"pt-BR","@id":"https:\/\/verdadeon.com.br\/portal\/#\/schema\/person\/image\/","url":"https:\/\/secure.gravatar.com\/avatar\/df4c8e132080d2b3a4841d5d232045464e0eed11a1d6e43115ca0843d48768d3?s=96&d=mm&r=g","contentUrl":"https:\/\/secure.gravatar.com\/avatar\/df4c8e132080d2b3a4841d5d232045464e0eed11a1d6e43115ca0843d48768d3?s=96&d=mm&r=g","caption":"Fernando Lima"},"sameAs":["http:\/\/verdadeon.com.br\/"],"url":"https:\/\/verdadeon.com.br\/portal\/author\/fernando-lima\/"}]}},"jetpack_publicize_connections":[],"jetpack_featured_media_url":"https:\/\/i0.wp.com\/verdadeon.com.br\/portal\/wp-content\/uploads\/2022\/06\/fernando-haddad.jpg?fit=1280%2C853&ssl=1","jetpack_sharing_enabled":true,"_links":{"self":[{"href":"https:\/\/verdadeon.com.br\/portal\/wp-json\/wp\/v2\/posts\/25728","targetHints":{"allow":["GET"]}}],"collection":[{"href":"https:\/\/verdadeon.com.br\/portal\/wp-json\/wp\/v2\/posts"}],"about":[{"href":"https:\/\/verdadeon.com.br\/portal\/wp-json\/wp\/v2\/types\/post"}],"author":[{"embeddable":true,"href":"https:\/\/verdadeon.com.br\/portal\/wp-json\/wp\/v2\/users\/7"}],"replies":[{"embeddable":true,"href":"https:\/\/verdadeon.com.br\/portal\/wp-json\/wp\/v2\/comments?post=25728"}],"version-history":[{"count":1,"href":"https:\/\/verdadeon.com.br\/portal\/wp-json\/wp\/v2\/posts\/25728\/revisions"}],"predecessor-version":[{"id":25734,"href":"https:\/\/verdadeon.com.br\/portal\/wp-json\/wp\/v2\/posts\/25728\/revisions\/25734"}],"wp:featuredmedia":[{"embeddable":true,"href":"https:\/\/verdadeon.com.br\/portal\/wp-json\/wp\/v2\/media\/25733"}],"wp:attachment":[{"href":"https:\/\/verdadeon.com.br\/portal\/wp-json\/wp\/v2\/media?parent=25728"}],"wp:term":[{"taxonomy":"category","embeddable":true,"href":"https:\/\/verdadeon.com.br\/portal\/wp-json\/wp\/v2\/categories?post=25728"},{"taxonomy":"post_tag","embeddable":true,"href":"https:\/\/verdadeon.com.br\/portal\/wp-json\/wp\/v2\/tags?post=25728"}],"curies":[{"name":"wp","href":"https:\/\/api.w.org\/{rel}","templated":true}]}}