{"id":2571,"date":"2020-01-22T16:28:42","date_gmt":"2020-01-22T19:28:42","guid":{"rendered":"http:\/\/verdadeon.com.br\/portal\/?p=2571"},"modified":"2020-01-22T16:35:56","modified_gmt":"2020-01-22T19:35:56","slug":"senado-dos-eua-julgamento-de-impeachment-dia-3","status":"publish","type":"post","link":"https:\/\/verdadeon.com.br\/portal\/2020\/01\/22\/senado-dos-eua-julgamento-de-impeachment-dia-3\/","title":{"rendered":"Forte divis\u00e3o marca in\u00edcio de julgamento do impeachment de Trump"},"content":{"rendered":"\n<h2 class=\"wp-block-heading\">Sess\u00e3o do Senado norte-americano come\u00e7ou nessa ter\u00e7a-feira (21)<\/h2>\n\n\n\n<figure class=\"wp-block-embed-youtube wp-block-embed is-type-video is-provider-youtube wp-embed-aspect-4-3 wp-has-aspect-ratio\"><div class=\"wp-block-embed__wrapper\">\n<iframe loading=\"lazy\" title=\"U.S. Senate: Impeachment Trial (Day 3)\" width=\"1220\" height=\"915\" src=\"https:\/\/www.youtube.com\/embed\/b_-WhVNnIHQ?feature=oembed\" frameborder=\"0\" allow=\"accelerometer; autoplay; encrypted-media; gyroscope; picture-in-picture\" allowfullscreen><\/iframe>\n<\/div><\/figure>\n\n\n\n<p>O julgamento do&nbsp;<em>impeachment<\/em>&nbsp;do presidente dos Estados Unidos (EUA), Donald Trump teve in\u00edcio com forte divis\u00e3o sobre as regras que v\u00e3o reger os procedimentos. O julgamento come\u00e7ou no Senado dos EUA nessa ter\u00e7a-feira (21).<\/p>\n\n\n\n<p>A C\u00e2mara dos Representantes, controlada pelos Democratas, aprovou o&nbsp;<em>impeachment<\/em>&nbsp;de Trump no m\u00eas passado, sob acusa\u00e7\u00f5es de abuso de poder e obstru\u00e7\u00e3o do Congresso.<\/p>\n\n\n\n<p>Trump foi acusado de abuso de poder por ter pressionado, visando ganho pol\u00edtico e pessoal, a Ucr\u00e2nia a investigar Joe Biden, ex-vice-presidente dos EUA e l\u00edder na disputa por uma indica\u00e7\u00e3o para disputar a presid\u00eancia pelo Partido Democrata.<\/p>\n\n\n\n<p>O caso avan\u00e7ou para o Senado, onde membros da C\u00e2mara v\u00e3o atuar como promotores, liderados pelo presidente da Comiss\u00e3o de Intelig\u00eancia Adam Schiff.<\/p>\n\n\n\n<p>No primeiro dia, o advogado de Trump, Pat Cipollone, destacou a determina\u00e7\u00e3o da equipe de defesa de afirmar a inoc\u00eancia do presidente. Ele disse que &#8220;a \u00fanica conclus\u00e3o ser\u00e1 de que o presidente n\u00e3o fez absolutamente nada de errado&#8221;.<\/p>\n\n\n\n<p>O l\u00edder do&nbsp;<em>impeachment<\/em>, Adam Schiff, disse que &#8220;a maioria dos americanos n\u00e3o acredita que haver\u00e1 um julgamento justo. Eles acreditam que o resultado j\u00e1 foi previamente definido&#8221;. Schiff afirma que testemunhas, incluindo o ex-secret\u00e1rio de Seguran\u00e7a Nacional John Bolton, deveriam receber permiss\u00e3o para depor.<\/p>\n\n\n\n<p>O Partido Democrata tamb\u00e9m pediu que fossem apresentados documentos da Casa Branca e outros registros relacionados \u00e0 suspens\u00e3o tempor\u00e1ria de ajuda militar dos EUA \u00e0 Ucr\u00e2nia. O Senado, liderado pelos Republicanos, se op\u00f5e \u00e0 medida.<\/p>\n\n\n\n<p>O Partido Republicano quer concluir o julgamento provavelmente at\u00e9 o fim de janeiro. Democratas est\u00e3o tentando conquistar o apoio da popula\u00e7\u00e3o, convocando testemunhas para o julgamento.<\/p>\n\n\n\n<h2 class=\"wp-block-heading\">Pr\u00f3ximos passos<\/h2>\n\n\n\n<p>Donald Trump \u00e9 o terceiro presidente da hist\u00f3ria dos Estados Unidos a enfrentar um processo de&nbsp;<em>impeachment<\/em>, depois de Andrew Johnson em 1868 e Bill Clinton, em 1999 \u2013 ambos absolvidos.<\/p>\n\n\n\n<p>O julgamento no Senado \u00e9 conduzido pelo presidente da Suprema Corte, John Roberts, com todos os senadores servindo como jurados.<\/p>\n\n\n\n<p>Sete parlamentares da C\u00e2mara dos Representantes est\u00e3o atuando como promotores. A equipe \u00e9 chefiada pelo presidente da Comiss\u00e3o de Intelig\u00eancia da C\u00e2mara, Adam Schiff, um democrata que liderou as investiga\u00e7\u00f5es do&nbsp;<em>impeachment<\/em>.<\/p>\n\n\n\n<p>O advogado da Casa Branca, Pat Cipollone, lidera a equipe de defesa, que inclui advogados renomados. Um deles \u00e9 Ken Starr, que investigou Clinton como promotor independente.<\/p>\n\n\n\n<p>Outra personalidade \u00e9 Alan Dershowitz, que foi parte da equipe legal que ajudou o astro do futebol americano O. J. Simpson a ser absolvido em um julgamento por assassinato, de grande repercuss\u00e3o na d\u00e9cada de 90.<\/p>\n\n\n\n<p>O julgamento come\u00e7ou estabelecendo as regras dos procedimentos, seguido pelos discursos de abertura da defesa e acusa\u00e7\u00e3o. Os lados t\u00eam 24 horas para apresentar seus argumentos.<\/p>\n\n\n\n<p>Ap\u00f3s as delibera\u00e7\u00f5es, senadores v\u00e3o votar &#8220;culpado&#8221; ou &#8220;inocente&#8221; para cada uma das duas acusa\u00e7\u00f5es de abuso de poder e obstru\u00e7\u00e3o do congresso, enfrentadas por Trump.<\/p>\n\n\n\n<p>Uma maioria de dois ter\u00e7os \u00e9 necess\u00e1ria para condenar e retirar o presidente em exerc\u00edcio do poder. No entanto, \u00e9 esperado que ele seja absolvido, j\u00e1 que os republicanos s\u00e3o maioria no Senado.<\/p>\n\n\n\n<p>Fonte:<a href=\"http:\/\/agenciabrasil.ebc.com.br\/internacional\/noticia\/2020-01\/forte-divisao-marca-inicio-de-julgamento-do-impeachment-de-trump\">Ag\u00eancia Brasil<\/a><\/p>\n","protected":false},"excerpt":{"rendered":"<p>Sess\u00e3o do Senado norte-americano come\u00e7ou nessa ter\u00e7a-feira (21) O julgamento do&nbsp;impeachment&nbsp;do presidente dos Estados Unidos (EUA), Donald Trump teve in\u00edcio com forte divis\u00e3o sobre as regras<span class=\"excerpt-hellip\"> [\u2026]<\/span><\/p>\n","protected":false},"author":3,"featured_media":2575,"comment_status":"open","ping_status":"open","sticky":false,"template":"","format":"standard","meta":{"_jetpack_memberships_contains_paid_content":false,"footnotes":"","jetpack_publicize_message":"","jetpack_publicize_feature_enabled":true,"jetpack_social_post_already_shared":false,"jetpack_social_options":{"image_generator_settings":{"template":"highway","default_image_id":0,"enabled":false},"version":2}},"categories":[7],"tags":[42],"class_list":["post-2571","post","type-post","status-publish","format-standard","has-post-thumbnail","hentry","category-news","tag-internacional"],"yoast_head":"<!-- This site is optimized with the Yoast SEO plugin v25.6 - https:\/\/yoast.com\/wordpress\/plugins\/seo\/ -->\n<title>Forte divis\u00e3o marca in\u00edcio de julgamento do impeachment de Trump - VerdadeOn<\/title>\n<meta name=\"robots\" content=\"index, follow, max-snippet:-1, max-image-preview:large, max-video-preview:-1\" \/>\n<link rel=\"canonical\" href=\"https:\/\/verdadeon.com.br\/portal\/2020\/01\/22\/senado-dos-eua-julgamento-de-impeachment-dia-3\/\" \/>\n<meta property=\"og:locale\" content=\"pt_BR\" \/>\n<meta property=\"og:type\" content=\"article\" \/>\n<meta property=\"og:title\" content=\"Forte divis\u00e3o marca in\u00edcio de julgamento do impeachment de Trump - VerdadeOn\" \/>\n<meta property=\"og:description\" content=\"Sess\u00e3o do Senado norte-americano come\u00e7ou nessa ter\u00e7a-feira (21) O julgamento do&nbsp;impeachment&nbsp;do presidente dos Estados Unidos (EUA), Donald Trump teve in\u00edcio com forte divis\u00e3o sobre as regras [\u2026]\" \/>\n<meta property=\"og:url\" content=\"https:\/\/verdadeon.com.br\/portal\/2020\/01\/22\/senado-dos-eua-julgamento-de-impeachment-dia-3\/\" \/>\n<meta property=\"og:site_name\" content=\"VerdadeOn\" \/>\n<meta property=\"article:published_time\" content=\"2020-01-22T19:28:42+00:00\" \/>\n<meta property=\"article:modified_time\" content=\"2020-01-22T19:35:56+00:00\" \/>\n<meta property=\"og:image\" content=\"https:\/\/verdadeon.com.br\/portal\/wp-content\/uploads\/2020\/01\/sddefault_live.jpg\" \/>\n\t<meta property=\"og:image:width\" content=\"640\" \/>\n\t<meta property=\"og:image:height\" content=\"480\" \/>\n\t<meta property=\"og:image:type\" content=\"image\/jpeg\" \/>\n<meta name=\"author\" content=\"Admin\" \/>\n<meta name=\"twitter:card\" content=\"summary_large_image\" \/>\n<meta name=\"twitter:label1\" content=\"Escrito por\" \/>\n\t<meta name=\"twitter:data1\" content=\"Admin\" \/>\n\t<meta name=\"twitter:label2\" content=\"Est. tempo de leitura\" \/>\n\t<meta name=\"twitter:data2\" content=\"3 minutos\" \/>\n<script type=\"application\/ld+json\" class=\"yoast-schema-graph\">{\"@context\":\"https:\/\/schema.org\",\"@graph\":[{\"@type\":\"WebPage\",\"@id\":\"https:\/\/verdadeon.com.br\/portal\/2020\/01\/22\/senado-dos-eua-julgamento-de-impeachment-dia-3\/\",\"url\":\"https:\/\/verdadeon.com.br\/portal\/2020\/01\/22\/senado-dos-eua-julgamento-de-impeachment-dia-3\/\",\"name\":\"Forte divis\u00e3o marca in\u00edcio de julgamento do impeachment de Trump - VerdadeOn\",\"isPartOf\":{\"@id\":\"https:\/\/verdadeon.com.br\/portal\/#website\"},\"primaryImageOfPage\":{\"@id\":\"https:\/\/verdadeon.com.br\/portal\/2020\/01\/22\/senado-dos-eua-julgamento-de-impeachment-dia-3\/#primaryimage\"},\"image\":{\"@id\":\"https:\/\/verdadeon.com.br\/portal\/2020\/01\/22\/senado-dos-eua-julgamento-de-impeachment-dia-3\/#primaryimage\"},\"thumbnailUrl\":\"https:\/\/i0.wp.com\/verdadeon.com.br\/portal\/wp-content\/uploads\/2020\/01\/sddefault_live.jpg?fit=640%2C480&ssl=1\",\"datePublished\":\"2020-01-22T19:28:42+00:00\",\"dateModified\":\"2020-01-22T19:35:56+00:00\",\"author\":{\"@id\":\"https:\/\/verdadeon.com.br\/portal\/#\/schema\/person\/31b3f1eb559e4ce9d3c1dc1f2268a70c\"},\"breadcrumb\":{\"@id\":\"https:\/\/verdadeon.com.br\/portal\/2020\/01\/22\/senado-dos-eua-julgamento-de-impeachment-dia-3\/#breadcrumb\"},\"inLanguage\":\"pt-BR\",\"potentialAction\":[{\"@type\":\"ReadAction\",\"target\":[\"https:\/\/verdadeon.com.br\/portal\/2020\/01\/22\/senado-dos-eua-julgamento-de-impeachment-dia-3\/\"]}]},{\"@type\":\"ImageObject\",\"inLanguage\":\"pt-BR\",\"@id\":\"https:\/\/verdadeon.com.br\/portal\/2020\/01\/22\/senado-dos-eua-julgamento-de-impeachment-dia-3\/#primaryimage\",\"url\":\"https:\/\/i0.wp.com\/verdadeon.com.br\/portal\/wp-content\/uploads\/2020\/01\/sddefault_live.jpg?fit=640%2C480&ssl=1\",\"contentUrl\":\"https:\/\/i0.wp.com\/verdadeon.com.br\/portal\/wp-content\/uploads\/2020\/01\/sddefault_live.jpg?fit=640%2C480&ssl=1\",\"width\":640,\"height\":480},{\"@type\":\"BreadcrumbList\",\"@id\":\"https:\/\/verdadeon.com.br\/portal\/2020\/01\/22\/senado-dos-eua-julgamento-de-impeachment-dia-3\/#breadcrumb\",\"itemListElement\":[{\"@type\":\"ListItem\",\"position\":1,\"name\":\"In\u00edcio\",\"item\":\"https:\/\/verdadeon.com.br\/portal\/\"},{\"@type\":\"ListItem\",\"position\":2,\"name\":\"Forte divis\u00e3o marca in\u00edcio de julgamento do impeachment de Trump\"}]},{\"@type\":\"WebSite\",\"@id\":\"https:\/\/verdadeon.com.br\/portal\/#website\",\"url\":\"https:\/\/verdadeon.com.br\/portal\/\",\"name\":\"VerdadeOn\",\"description\":\"Not\u00edcias di\u00e1rias sobre Franca, Regi\u00e3o, Esporte, Cultura, Cotidiano, Colunas. Cobertura nos principais eventos da cidade \u00e9 aqui - Verdadeon Franca\",\"potentialAction\":[{\"@type\":\"SearchAction\",\"target\":{\"@type\":\"EntryPoint\",\"urlTemplate\":\"https:\/\/verdadeon.com.br\/portal\/?s={search_term_string}\"},\"query-input\":{\"@type\":\"PropertyValueSpecification\",\"valueRequired\":true,\"valueName\":\"search_term_string\"}}],\"inLanguage\":\"pt-BR\"},{\"@type\":\"Person\",\"@id\":\"https:\/\/verdadeon.com.br\/portal\/#\/schema\/person\/31b3f1eb559e4ce9d3c1dc1f2268a70c\",\"name\":\"Admin\",\"image\":{\"@type\":\"ImageObject\",\"inLanguage\":\"pt-BR\",\"@id\":\"https:\/\/verdadeon.com.br\/portal\/#\/schema\/person\/image\/\",\"url\":\"https:\/\/secure.gravatar.com\/avatar\/e550a5b4dab3efe8ca3a8bf0fb981073a921f9a24159040707270602980dd8af?s=96&d=mm&r=g\",\"contentUrl\":\"https:\/\/secure.gravatar.com\/avatar\/e550a5b4dab3efe8ca3a8bf0fb981073a921f9a24159040707270602980dd8af?s=96&d=mm&r=g\",\"caption\":\"Admin\"},\"url\":\"https:\/\/verdadeon.com.br\/portal\/author\/admin\/\"}]}<\/script>\n<!-- \/ Yoast SEO plugin. -->","yoast_head_json":{"title":"Forte divis\u00e3o marca in\u00edcio de julgamento do impeachment de Trump - VerdadeOn","robots":{"index":"index","follow":"follow","max-snippet":"max-snippet:-1","max-image-preview":"max-image-preview:large","max-video-preview":"max-video-preview:-1"},"canonical":"https:\/\/verdadeon.com.br\/portal\/2020\/01\/22\/senado-dos-eua-julgamento-de-impeachment-dia-3\/","og_locale":"pt_BR","og_type":"article","og_title":"Forte divis\u00e3o marca in\u00edcio de julgamento do impeachment de Trump - VerdadeOn","og_description":"Sess\u00e3o do Senado norte-americano come\u00e7ou nessa ter\u00e7a-feira (21) O julgamento do&nbsp;impeachment&nbsp;do presidente dos Estados Unidos (EUA), Donald Trump teve in\u00edcio com forte divis\u00e3o sobre as regras [\u2026]","og_url":"https:\/\/verdadeon.com.br\/portal\/2020\/01\/22\/senado-dos-eua-julgamento-de-impeachment-dia-3\/","og_site_name":"VerdadeOn","article_published_time":"2020-01-22T19:28:42+00:00","article_modified_time":"2020-01-22T19:35:56+00:00","og_image":[{"width":640,"height":480,"url":"https:\/\/verdadeon.com.br\/portal\/wp-content\/uploads\/2020\/01\/sddefault_live.jpg","type":"image\/jpeg"}],"author":"Admin","twitter_card":"summary_large_image","twitter_misc":{"Escrito por":"Admin","Est. tempo de leitura":"3 minutos"},"schema":{"@context":"https:\/\/schema.org","@graph":[{"@type":"WebPage","@id":"https:\/\/verdadeon.com.br\/portal\/2020\/01\/22\/senado-dos-eua-julgamento-de-impeachment-dia-3\/","url":"https:\/\/verdadeon.com.br\/portal\/2020\/01\/22\/senado-dos-eua-julgamento-de-impeachment-dia-3\/","name":"Forte divis\u00e3o marca in\u00edcio de julgamento do impeachment de Trump - VerdadeOn","isPartOf":{"@id":"https:\/\/verdadeon.com.br\/portal\/#website"},"primaryImageOfPage":{"@id":"https:\/\/verdadeon.com.br\/portal\/2020\/01\/22\/senado-dos-eua-julgamento-de-impeachment-dia-3\/#primaryimage"},"image":{"@id":"https:\/\/verdadeon.com.br\/portal\/2020\/01\/22\/senado-dos-eua-julgamento-de-impeachment-dia-3\/#primaryimage"},"thumbnailUrl":"https:\/\/i0.wp.com\/verdadeon.com.br\/portal\/wp-content\/uploads\/2020\/01\/sddefault_live.jpg?fit=640%2C480&ssl=1","datePublished":"2020-01-22T19:28:42+00:00","dateModified":"2020-01-22T19:35:56+00:00","author":{"@id":"https:\/\/verdadeon.com.br\/portal\/#\/schema\/person\/31b3f1eb559e4ce9d3c1dc1f2268a70c"},"breadcrumb":{"@id":"https:\/\/verdadeon.com.br\/portal\/2020\/01\/22\/senado-dos-eua-julgamento-de-impeachment-dia-3\/#breadcrumb"},"inLanguage":"pt-BR","potentialAction":[{"@type":"ReadAction","target":["https:\/\/verdadeon.com.br\/portal\/2020\/01\/22\/senado-dos-eua-julgamento-de-impeachment-dia-3\/"]}]},{"@type":"ImageObject","inLanguage":"pt-BR","@id":"https:\/\/verdadeon.com.br\/portal\/2020\/01\/22\/senado-dos-eua-julgamento-de-impeachment-dia-3\/#primaryimage","url":"https:\/\/i0.wp.com\/verdadeon.com.br\/portal\/wp-content\/uploads\/2020\/01\/sddefault_live.jpg?fit=640%2C480&ssl=1","contentUrl":"https:\/\/i0.wp.com\/verdadeon.com.br\/portal\/wp-content\/uploads\/2020\/01\/sddefault_live.jpg?fit=640%2C480&ssl=1","width":640,"height":480},{"@type":"BreadcrumbList","@id":"https:\/\/verdadeon.com.br\/portal\/2020\/01\/22\/senado-dos-eua-julgamento-de-impeachment-dia-3\/#breadcrumb","itemListElement":[{"@type":"ListItem","position":1,"name":"In\u00edcio","item":"https:\/\/verdadeon.com.br\/portal\/"},{"@type":"ListItem","position":2,"name":"Forte divis\u00e3o marca in\u00edcio de julgamento do impeachment de Trump"}]},{"@type":"WebSite","@id":"https:\/\/verdadeon.com.br\/portal\/#website","url":"https:\/\/verdadeon.com.br\/portal\/","name":"VerdadeOn","description":"Not\u00edcias di\u00e1rias sobre Franca, Regi\u00e3o, Esporte, Cultura, Cotidiano, Colunas. Cobertura nos principais eventos da cidade \u00e9 aqui - Verdadeon Franca","potentialAction":[{"@type":"SearchAction","target":{"@type":"EntryPoint","urlTemplate":"https:\/\/verdadeon.com.br\/portal\/?s={search_term_string}"},"query-input":{"@type":"PropertyValueSpecification","valueRequired":true,"valueName":"search_term_string"}}],"inLanguage":"pt-BR"},{"@type":"Person","@id":"https:\/\/verdadeon.com.br\/portal\/#\/schema\/person\/31b3f1eb559e4ce9d3c1dc1f2268a70c","name":"Admin","image":{"@type":"ImageObject","inLanguage":"pt-BR","@id":"https:\/\/verdadeon.com.br\/portal\/#\/schema\/person\/image\/","url":"https:\/\/secure.gravatar.com\/avatar\/e550a5b4dab3efe8ca3a8bf0fb981073a921f9a24159040707270602980dd8af?s=96&d=mm&r=g","contentUrl":"https:\/\/secure.gravatar.com\/avatar\/e550a5b4dab3efe8ca3a8bf0fb981073a921f9a24159040707270602980dd8af?s=96&d=mm&r=g","caption":"Admin"},"url":"https:\/\/verdadeon.com.br\/portal\/author\/admin\/"}]}},"jetpack_publicize_connections":[],"jetpack_featured_media_url":"https:\/\/i0.wp.com\/verdadeon.com.br\/portal\/wp-content\/uploads\/2020\/01\/sddefault_live.jpg?fit=640%2C480&ssl=1","jetpack_sharing_enabled":true,"_links":{"self":[{"href":"https:\/\/verdadeon.com.br\/portal\/wp-json\/wp\/v2\/posts\/2571","targetHints":{"allow":["GET"]}}],"collection":[{"href":"https:\/\/verdadeon.com.br\/portal\/wp-json\/wp\/v2\/posts"}],"about":[{"href":"https:\/\/verdadeon.com.br\/portal\/wp-json\/wp\/v2\/types\/post"}],"author":[{"embeddable":true,"href":"https:\/\/verdadeon.com.br\/portal\/wp-json\/wp\/v2\/users\/3"}],"replies":[{"embeddable":true,"href":"https:\/\/verdadeon.com.br\/portal\/wp-json\/wp\/v2\/comments?post=2571"}],"version-history":[{"count":0,"href":"https:\/\/verdadeon.com.br\/portal\/wp-json\/wp\/v2\/posts\/2571\/revisions"}],"wp:featuredmedia":[{"embeddable":true,"href":"https:\/\/verdadeon.com.br\/portal\/wp-json\/wp\/v2\/media\/2575"}],"wp:attachment":[{"href":"https:\/\/verdadeon.com.br\/portal\/wp-json\/wp\/v2\/media?parent=2571"}],"wp:term":[{"taxonomy":"category","embeddable":true,"href":"https:\/\/verdadeon.com.br\/portal\/wp-json\/wp\/v2\/categories?post=2571"},{"taxonomy":"post_tag","embeddable":true,"href":"https:\/\/verdadeon.com.br\/portal\/wp-json\/wp\/v2\/tags?post=2571"}],"curies":[{"name":"wp","href":"https:\/\/api.w.org\/{rel}","templated":true}]}}