{"id":25663,"date":"2022-06-08T17:42:31","date_gmt":"2022-06-08T20:42:31","guid":{"rendered":"https:\/\/verdadeon.com.br\/portal\/?p=25663"},"modified":"2022-06-08T17:40:43","modified_gmt":"2022-06-08T20:40:43","slug":"sao-paulo-confirma-primeiro-caso-de-variola-dos-macacos","status":"publish","type":"post","link":"https:\/\/verdadeon.com.br\/portal\/2022\/06\/08\/sao-paulo-confirma-primeiro-caso-de-variola-dos-macacos\/","title":{"rendered":"S\u00e3o Paulo confirma primeiro caso de var\u00edola dos macacos"},"content":{"rendered":"<h2><span style=\"font-weight: 400;\">Homem tem 41 anos, fez viagem recente para a Espanha e est\u00e1 em isolamento no Instituto de Infectologia Em\u00edlio Ribas<\/span><\/h2>\n<p>&nbsp;<\/p>\n<p><span style=\"font-weight: 400;\">A cidade de S\u00e3o Paulo confirmou nesta quarta-feira (8) o primeiro caso de var\u00edola dos macacos no Brasil. O homem, de 41 anos, viajou h\u00e1 pouco tempo para a Espanha, e est\u00e1 em isolamento no Instituto de Infectologia Em\u00edlio Ribas.<\/span><\/p>\n<p><span style=\"font-weight: 400;\">No pa\u00eds, existem pelo menos sete casos suspeitos sendo investigados, de acordo com atualiza\u00e7\u00e3o feita pelo Minist\u00e9rio da Sa\u00fade na segunda (6). S\u00e3o moradores de Santa Catarina, Cear\u00e1, Mato Grosso do Sul, Rio Grande do Sul, Rond\u00f4nia e S\u00e3o Paulo.<\/span><\/p>\n<p><span style=\"font-weight: 400;\">H\u00e1 dois casos sob monitoramento em hospitais, conforme informado pela Sala de Situa\u00e7\u00e3o da Monkeypox, do Minist\u00e9rio da Sa\u00fade.<\/span><\/p>\n<p><span style=\"font-weight: 400;\">A Sala de Situa\u00e7\u00e3o tem por objetivo divulgar orienta\u00e7\u00f5es para resposta a casos dessa doen\u00e7a no Brasil, bem como direcionar as a\u00e7\u00f5es de vigil\u00e2ncia quanto \u00e0 defini\u00e7\u00e3o de caso, processo de notifica\u00e7\u00e3o, fluxo laboratorial e investiga\u00e7\u00e3o epidemiol\u00f3gica no pa\u00eds.<\/span><\/p>\n<p><span style=\"font-weight: 400;\">Patr\u00edcia Carvalho, integrante do comando da sala, disse hoje (8), durante uma webinar promovida pelo minist\u00e9rio, que, entre os oito casos suspeitos, dois encontram-se em Santa Catarina, nos munic\u00edpios de Blumenau e Dion\u00edsio Cerqueira. Outros dois est\u00e3o sob acompanhamento em Rond\u00f4nia. \u201cTrata-se de um casal de Rio Crespo (RO)\u201d, disse.<\/span><\/p>\n<p><span style=\"font-weight: 400;\">H\u00e1, ainda, um caso suspeito em S\u00e3o Paulo (capital); um em Pacatuba (CE); um em Porto Alegre; e um em Corumb\u00e1. Segundo Patr\u00edcia, o caso suspeito em Corumb\u00e1 \u201c\u00e9 de um boliviano, que encontra-se internado e est\u00e1 sendo acompanhado no Brasil\u201d.<\/span><\/p>\n<p><span style=\"font-weight: 400;\">\u201cDos casos suspeitos, tr\u00eas t\u00eam hist\u00f3ricos de viagem para fora do Brasil\u201d, acrescentou ela referindo-se a pessoas que vieram de Portugal, Argentina e Bol\u00edvia.<\/span><\/p>\n<p><span style=\"font-weight: 400;\">A representante da Secretaria de Vigil\u00e2ncia de Sa\u00fade, Jana\u00edna Sallas, detalhou que, dos casos em situa\u00e7\u00e3o suspeita, cinco t\u00eam at\u00e9 28 anos de idade. Os cinco do sexo masculino tem idades entre 15 e 51 anos; e os do sexo feminino, idades entre 25 e 27 anos.<\/span><\/p>\n<p><span style=\"font-weight: 400;\">At\u00e9 o momento, segundo as autoridades brasileiras, existe aumento de casos confirmados em pelo menos 31 pa\u00edses. O n\u00famero est\u00e1 em 1.077 casos, sendo a maior parte em pa\u00edses onde a doen\u00e7a \u00e9 end\u00eamica, localizados no continente africano.<\/span><\/p>\n<p><span style=\"font-weight: 400;\">\u201cEssa doen\u00e7a \u00e9 um evento incomum e inesperado em \u00e1reas n\u00e3o end\u00eamicas. Trata-se de um agente com alto potencial de transmiss\u00e3o por contato atrav\u00e9s de got\u00edculas, principalmente por fluidos corporais, e existe a necessidade de assegurar a assist\u00eancia \u2013 o que inclui tratamento, capacidade laboratorial, equipamentos de prote\u00e7\u00e3o, e descontamina\u00e7\u00e3o\u201d, disse Jana\u00edna Sallas.<\/span><\/p>\n<h4><span style=\"font-weight: 400;\">Notifica\u00e7\u00e3o x sintomas<\/span><\/h4>\n<p><span style=\"font-weight: 400;\">Patr\u00edcia Carvalho destacou, tamb\u00e9m, a import\u00e2ncia de se notificar, o quanto antes, casos suspeitos que apresentem sinais e sintomas como febre, erup\u00e7\u00e3o cut\u00e2nea e adenomegalia (esp\u00e9cie de \u00edngua). Como a transmiss\u00e3o pode ser por fluidos corporais, got\u00edculas ou materiais contaminados, ela sugere, como medida de preven\u00e7\u00e3o, o uso de m\u00e1scaras e a lavagem de m\u00e3os.<\/span><\/p>\n<h4><span style=\"font-weight: 400;\">Europa<\/span><\/h4>\n<p><span style=\"font-weight: 400;\">O representando da Organiza\u00e7\u00e3o Pan-Americana de Sa\u00fade (Opas), Wildo Navegantes, falou sobre o cen\u00e1rio epidemiol\u00f3gico internacional, em especial sobre os casos de var\u00edola dos macacos registrados em europeus que adquiriram a doen\u00e7a sem terem ido aos pa\u00edses end\u00eamicos.<\/span><\/p>\n<p><span style=\"font-weight: 400;\">\u201cAo que tudo indica, o surto teve in\u00edcio em meados de abril. H\u00e1 alguns casos de transmiss\u00f5es relacionadas a atividades sexuais. Em boa parte, envolvendo rela\u00e7\u00f5es sexuais fortuitas e com multiparceiros\u201d, disse.<\/span><\/p>\n<p><span style=\"font-weight: 400;\">Conforme os especialistas, a vacina contra a var\u00edola humana apresenta bons resultados contra essa vers\u00e3o, que costuma estar mais presente em macacos e roedores. \u201cInfelizmente, um estudo feito no Reino Unido mostrou que apenas 14% das pessoas da comunidade tomariam a vacina, caso tivessem acesso a ela\u201d, disse.<\/span><\/p>\n<p>&nbsp;<\/p>\n<p><span style=\"font-weight: 400;\">\u201cMas o mais incr\u00edvel \u00e9 que apenas 69% dos contatos pertencentes a um grupo de trabalhadores da sa\u00fade disseram que, se tivessem a vacina dispon\u00edvel para tomar, aceitariam tomar. Acreditamos que um dado como esse envolvendo profissionais da sa\u00fade, 100% deveria aderir\u201d, lamentou o representante da Opas.<\/span><\/p>\n<h4><span style=\"font-weight: 400;\">Hist\u00f3rico<\/span><\/h4>\n<p><span style=\"font-weight: 400;\">A var\u00edola dos macacos foi descoberta pela primeira vez em 1958, quando dois surtos de uma doen\u00e7a semelhante \u00e0 var\u00edola ocorreram em col\u00f4nias de macacos mantidos para pesquisa. O primeiro caso humano dessa variante foi registrado em 1970 no Congo. Posteriormente, foi relatada em humanos em outros pa\u00edses da \u00c1frica Central e Ocidental.<\/span><\/p>\n<p><span style=\"font-weight: 400;\">A var\u00edola dos macacos ressurgiu na Nig\u00e9ria em 2017, ap\u00f3s mais de 40 anos sem casos relatados. Desde ent\u00e3o, houve mais de 450 casos relatados no pa\u00eds africano. Entre 2018 e 2021, foram relatados sete casos de var\u00edola dos macacos no Reino Unido, principalmente em pessoas com hist\u00f3rico de viagens para pa\u00edses end\u00eamicos.<\/span><\/p>\n<p>&nbsp;<\/p>\n","protected":false},"excerpt":{"rendered":"<p>Homem tem 41 anos, fez viagem recente para a Espanha e est\u00e1 em isolamento no Instituto de Infectologia Em\u00edlio Ribas &nbsp; A cidade de S\u00e3o Paulo<span class=\"excerpt-hellip\"> [\u2026]<\/span><\/p>\n","protected":false},"author":10,"featured_media":25664,"comment_status":"open","ping_status":"open","sticky":false,"template":"","format":"standard","meta":{"_jetpack_memberships_contains_paid_content":false,"footnotes":"","jetpack_publicize_message":"","jetpack_publicize_feature_enabled":true,"jetpack_social_post_already_shared":false,"jetpack_social_options":{"image_generator_settings":{"template":"highway","default_image_id":0,"enabled":false},"version":2}},"categories":[28,44],"tags":[],"class_list":["post-25663","post","type-post","status-publish","format-standard","has-post-thumbnail","hentry","category-cotidiano","category-noticias"],"yoast_head":"<!-- This site is optimized with the Yoast SEO plugin v25.6 - https:\/\/yoast.com\/wordpress\/plugins\/seo\/ -->\n<title>S\u00e3o Paulo confirma primeiro caso de var\u00edola dos macacos - VerdadeOn<\/title>\n<meta name=\"robots\" content=\"index, follow, max-snippet:-1, max-image-preview:large, max-video-preview:-1\" \/>\n<link rel=\"canonical\" href=\"https:\/\/verdadeon.com.br\/portal\/2022\/06\/08\/sao-paulo-confirma-primeiro-caso-de-variola-dos-macacos\/\" \/>\n<meta property=\"og:locale\" content=\"pt_BR\" \/>\n<meta property=\"og:type\" content=\"article\" \/>\n<meta property=\"og:title\" content=\"S\u00e3o Paulo confirma primeiro caso de var\u00edola dos macacos - VerdadeOn\" \/>\n<meta property=\"og:description\" content=\"Homem tem 41 anos, fez viagem recente para a Espanha e est\u00e1 em isolamento no Instituto de Infectologia Em\u00edlio Ribas &nbsp; A cidade de S\u00e3o Paulo [\u2026]\" \/>\n<meta property=\"og:url\" content=\"https:\/\/verdadeon.com.br\/portal\/2022\/06\/08\/sao-paulo-confirma-primeiro-caso-de-variola-dos-macacos\/\" \/>\n<meta property=\"og:site_name\" content=\"VerdadeOn\" \/>\n<meta property=\"article:published_time\" content=\"2022-06-08T20:42:31+00:00\" \/>\n<meta property=\"og:image\" content=\"https:\/\/verdadeon.com.br\/portal\/wp-content\/uploads\/2022\/06\/variola-dos-macacos-agencia-brasil-e1654720758710.jpg\" \/>\n\t<meta property=\"og:image:width\" content=\"1000\" \/>\n\t<meta property=\"og:image:height\" content=\"669\" \/>\n\t<meta property=\"og:image:type\" content=\"image\/jpeg\" \/>\n<meta name=\"author\" content=\"Redacao VerdadeOn\" \/>\n<meta name=\"twitter:card\" content=\"summary_large_image\" \/>\n<meta name=\"twitter:label1\" content=\"Escrito por\" \/>\n\t<meta name=\"twitter:data1\" content=\"Redacao VerdadeOn\" \/>\n\t<meta name=\"twitter:label2\" content=\"Est. tempo de leitura\" \/>\n\t<meta name=\"twitter:data2\" content=\"5 minutos\" \/>\n<script type=\"application\/ld+json\" class=\"yoast-schema-graph\">{\"@context\":\"https:\/\/schema.org\",\"@graph\":[{\"@type\":\"WebPage\",\"@id\":\"https:\/\/verdadeon.com.br\/portal\/2022\/06\/08\/sao-paulo-confirma-primeiro-caso-de-variola-dos-macacos\/\",\"url\":\"https:\/\/verdadeon.com.br\/portal\/2022\/06\/08\/sao-paulo-confirma-primeiro-caso-de-variola-dos-macacos\/\",\"name\":\"S\u00e3o Paulo confirma primeiro caso de var\u00edola dos macacos - VerdadeOn\",\"isPartOf\":{\"@id\":\"https:\/\/verdadeon.com.br\/portal\/#website\"},\"primaryImageOfPage\":{\"@id\":\"https:\/\/verdadeon.com.br\/portal\/2022\/06\/08\/sao-paulo-confirma-primeiro-caso-de-variola-dos-macacos\/#primaryimage\"},\"image\":{\"@id\":\"https:\/\/verdadeon.com.br\/portal\/2022\/06\/08\/sao-paulo-confirma-primeiro-caso-de-variola-dos-macacos\/#primaryimage\"},\"thumbnailUrl\":\"https:\/\/i0.wp.com\/verdadeon.com.br\/portal\/wp-content\/uploads\/2022\/06\/variola-dos-macacos-agencia-brasil-e1654720758710.jpg?fit=1000%2C669&ssl=1\",\"datePublished\":\"2022-06-08T20:42:31+00:00\",\"author\":{\"@id\":\"https:\/\/verdadeon.com.br\/portal\/#\/schema\/person\/a5060ad1e9ea3df545188fc93ce43d2f\"},\"breadcrumb\":{\"@id\":\"https:\/\/verdadeon.com.br\/portal\/2022\/06\/08\/sao-paulo-confirma-primeiro-caso-de-variola-dos-macacos\/#breadcrumb\"},\"inLanguage\":\"pt-BR\",\"potentialAction\":[{\"@type\":\"ReadAction\",\"target\":[\"https:\/\/verdadeon.com.br\/portal\/2022\/06\/08\/sao-paulo-confirma-primeiro-caso-de-variola-dos-macacos\/\"]}]},{\"@type\":\"ImageObject\",\"inLanguage\":\"pt-BR\",\"@id\":\"https:\/\/verdadeon.com.br\/portal\/2022\/06\/08\/sao-paulo-confirma-primeiro-caso-de-variola-dos-macacos\/#primaryimage\",\"url\":\"https:\/\/i0.wp.com\/verdadeon.com.br\/portal\/wp-content\/uploads\/2022\/06\/variola-dos-macacos-agencia-brasil-e1654720758710.jpg?fit=1000%2C669&ssl=1\",\"contentUrl\":\"https:\/\/i0.wp.com\/verdadeon.com.br\/portal\/wp-content\/uploads\/2022\/06\/variola-dos-macacos-agencia-brasil-e1654720758710.jpg?fit=1000%2C669&ssl=1\",\"width\":1000,\"height\":669,\"caption\":\"At\u00e9 o momento a doen\u00e7a atingiu apenas homens na cidade | Foto: Ag\u00eancia Brasil\"},{\"@type\":\"BreadcrumbList\",\"@id\":\"https:\/\/verdadeon.com.br\/portal\/2022\/06\/08\/sao-paulo-confirma-primeiro-caso-de-variola-dos-macacos\/#breadcrumb\",\"itemListElement\":[{\"@type\":\"ListItem\",\"position\":1,\"name\":\"In\u00edcio\",\"item\":\"https:\/\/verdadeon.com.br\/portal\/\"},{\"@type\":\"ListItem\",\"position\":2,\"name\":\"S\u00e3o Paulo confirma primeiro caso de var\u00edola dos macacos\"}]},{\"@type\":\"WebSite\",\"@id\":\"https:\/\/verdadeon.com.br\/portal\/#website\",\"url\":\"https:\/\/verdadeon.com.br\/portal\/\",\"name\":\"VerdadeOn\",\"description\":\"Not\u00edcias di\u00e1rias sobre Franca, Regi\u00e3o, Esporte, Cultura, Cotidiano, Colunas. Cobertura nos principais eventos da cidade \u00e9 aqui - Verdadeon Franca\",\"potentialAction\":[{\"@type\":\"SearchAction\",\"target\":{\"@type\":\"EntryPoint\",\"urlTemplate\":\"https:\/\/verdadeon.com.br\/portal\/?s={search_term_string}\"},\"query-input\":{\"@type\":\"PropertyValueSpecification\",\"valueRequired\":true,\"valueName\":\"search_term_string\"}}],\"inLanguage\":\"pt-BR\"},{\"@type\":\"Person\",\"@id\":\"https:\/\/verdadeon.com.br\/portal\/#\/schema\/person\/a5060ad1e9ea3df545188fc93ce43d2f\",\"name\":\"Redacao VerdadeOn\",\"image\":{\"@type\":\"ImageObject\",\"inLanguage\":\"pt-BR\",\"@id\":\"https:\/\/verdadeon.com.br\/portal\/#\/schema\/person\/image\/\",\"url\":\"https:\/\/secure.gravatar.com\/avatar\/459a9613caaaf07f582c3d0841eea68bdd66f533e465e6ba8b9cb45619572cf4?s=96&d=mm&r=g\",\"contentUrl\":\"https:\/\/secure.gravatar.com\/avatar\/459a9613caaaf07f582c3d0841eea68bdd66f533e465e6ba8b9cb45619572cf4?s=96&d=mm&r=g\",\"caption\":\"Redacao VerdadeOn\"},\"url\":\"https:\/\/verdadeon.com.br\/portal\/author\/redacao\/\"}]}<\/script>\n<!-- \/ Yoast SEO plugin. -->","yoast_head_json":{"title":"S\u00e3o Paulo confirma primeiro caso de var\u00edola dos macacos - VerdadeOn","robots":{"index":"index","follow":"follow","max-snippet":"max-snippet:-1","max-image-preview":"max-image-preview:large","max-video-preview":"max-video-preview:-1"},"canonical":"https:\/\/verdadeon.com.br\/portal\/2022\/06\/08\/sao-paulo-confirma-primeiro-caso-de-variola-dos-macacos\/","og_locale":"pt_BR","og_type":"article","og_title":"S\u00e3o Paulo confirma primeiro caso de var\u00edola dos macacos - VerdadeOn","og_description":"Homem tem 41 anos, fez viagem recente para a Espanha e est\u00e1 em isolamento no Instituto de Infectologia Em\u00edlio Ribas &nbsp; A cidade de S\u00e3o Paulo [\u2026]","og_url":"https:\/\/verdadeon.com.br\/portal\/2022\/06\/08\/sao-paulo-confirma-primeiro-caso-de-variola-dos-macacos\/","og_site_name":"VerdadeOn","article_published_time":"2022-06-08T20:42:31+00:00","og_image":[{"width":1000,"height":669,"url":"https:\/\/verdadeon.com.br\/portal\/wp-content\/uploads\/2022\/06\/variola-dos-macacos-agencia-brasil-e1654720758710.jpg","type":"image\/jpeg"}],"author":"Redacao VerdadeOn","twitter_card":"summary_large_image","twitter_misc":{"Escrito por":"Redacao VerdadeOn","Est. tempo de leitura":"5 minutos"},"schema":{"@context":"https:\/\/schema.org","@graph":[{"@type":"WebPage","@id":"https:\/\/verdadeon.com.br\/portal\/2022\/06\/08\/sao-paulo-confirma-primeiro-caso-de-variola-dos-macacos\/","url":"https:\/\/verdadeon.com.br\/portal\/2022\/06\/08\/sao-paulo-confirma-primeiro-caso-de-variola-dos-macacos\/","name":"S\u00e3o Paulo confirma primeiro caso de var\u00edola dos macacos - VerdadeOn","isPartOf":{"@id":"https:\/\/verdadeon.com.br\/portal\/#website"},"primaryImageOfPage":{"@id":"https:\/\/verdadeon.com.br\/portal\/2022\/06\/08\/sao-paulo-confirma-primeiro-caso-de-variola-dos-macacos\/#primaryimage"},"image":{"@id":"https:\/\/verdadeon.com.br\/portal\/2022\/06\/08\/sao-paulo-confirma-primeiro-caso-de-variola-dos-macacos\/#primaryimage"},"thumbnailUrl":"https:\/\/i0.wp.com\/verdadeon.com.br\/portal\/wp-content\/uploads\/2022\/06\/variola-dos-macacos-agencia-brasil-e1654720758710.jpg?fit=1000%2C669&ssl=1","datePublished":"2022-06-08T20:42:31+00:00","author":{"@id":"https:\/\/verdadeon.com.br\/portal\/#\/schema\/person\/a5060ad1e9ea3df545188fc93ce43d2f"},"breadcrumb":{"@id":"https:\/\/verdadeon.com.br\/portal\/2022\/06\/08\/sao-paulo-confirma-primeiro-caso-de-variola-dos-macacos\/#breadcrumb"},"inLanguage":"pt-BR","potentialAction":[{"@type":"ReadAction","target":["https:\/\/verdadeon.com.br\/portal\/2022\/06\/08\/sao-paulo-confirma-primeiro-caso-de-variola-dos-macacos\/"]}]},{"@type":"ImageObject","inLanguage":"pt-BR","@id":"https:\/\/verdadeon.com.br\/portal\/2022\/06\/08\/sao-paulo-confirma-primeiro-caso-de-variola-dos-macacos\/#primaryimage","url":"https:\/\/i0.wp.com\/verdadeon.com.br\/portal\/wp-content\/uploads\/2022\/06\/variola-dos-macacos-agencia-brasil-e1654720758710.jpg?fit=1000%2C669&ssl=1","contentUrl":"https:\/\/i0.wp.com\/verdadeon.com.br\/portal\/wp-content\/uploads\/2022\/06\/variola-dos-macacos-agencia-brasil-e1654720758710.jpg?fit=1000%2C669&ssl=1","width":1000,"height":669,"caption":"At\u00e9 o momento a doen\u00e7a atingiu apenas homens na cidade | Foto: Ag\u00eancia Brasil"},{"@type":"BreadcrumbList","@id":"https:\/\/verdadeon.com.br\/portal\/2022\/06\/08\/sao-paulo-confirma-primeiro-caso-de-variola-dos-macacos\/#breadcrumb","itemListElement":[{"@type":"ListItem","position":1,"name":"In\u00edcio","item":"https:\/\/verdadeon.com.br\/portal\/"},{"@type":"ListItem","position":2,"name":"S\u00e3o Paulo confirma primeiro caso de var\u00edola dos macacos"}]},{"@type":"WebSite","@id":"https:\/\/verdadeon.com.br\/portal\/#website","url":"https:\/\/verdadeon.com.br\/portal\/","name":"VerdadeOn","description":"Not\u00edcias di\u00e1rias sobre Franca, Regi\u00e3o, Esporte, Cultura, Cotidiano, Colunas. Cobertura nos principais eventos da cidade \u00e9 aqui - Verdadeon Franca","potentialAction":[{"@type":"SearchAction","target":{"@type":"EntryPoint","urlTemplate":"https:\/\/verdadeon.com.br\/portal\/?s={search_term_string}"},"query-input":{"@type":"PropertyValueSpecification","valueRequired":true,"valueName":"search_term_string"}}],"inLanguage":"pt-BR"},{"@type":"Person","@id":"https:\/\/verdadeon.com.br\/portal\/#\/schema\/person\/a5060ad1e9ea3df545188fc93ce43d2f","name":"Redacao VerdadeOn","image":{"@type":"ImageObject","inLanguage":"pt-BR","@id":"https:\/\/verdadeon.com.br\/portal\/#\/schema\/person\/image\/","url":"https:\/\/secure.gravatar.com\/avatar\/459a9613caaaf07f582c3d0841eea68bdd66f533e465e6ba8b9cb45619572cf4?s=96&d=mm&r=g","contentUrl":"https:\/\/secure.gravatar.com\/avatar\/459a9613caaaf07f582c3d0841eea68bdd66f533e465e6ba8b9cb45619572cf4?s=96&d=mm&r=g","caption":"Redacao VerdadeOn"},"url":"https:\/\/verdadeon.com.br\/portal\/author\/redacao\/"}]}},"jetpack_publicize_connections":[],"jetpack_featured_media_url":"https:\/\/i0.wp.com\/verdadeon.com.br\/portal\/wp-content\/uploads\/2022\/06\/variola-dos-macacos-agencia-brasil-e1654720758710.jpg?fit=1000%2C669&ssl=1","jetpack_sharing_enabled":true,"_links":{"self":[{"href":"https:\/\/verdadeon.com.br\/portal\/wp-json\/wp\/v2\/posts\/25663","targetHints":{"allow":["GET"]}}],"collection":[{"href":"https:\/\/verdadeon.com.br\/portal\/wp-json\/wp\/v2\/posts"}],"about":[{"href":"https:\/\/verdadeon.com.br\/portal\/wp-json\/wp\/v2\/types\/post"}],"author":[{"embeddable":true,"href":"https:\/\/verdadeon.com.br\/portal\/wp-json\/wp\/v2\/users\/10"}],"replies":[{"embeddable":true,"href":"https:\/\/verdadeon.com.br\/portal\/wp-json\/wp\/v2\/comments?post=25663"}],"version-history":[{"count":2,"href":"https:\/\/verdadeon.com.br\/portal\/wp-json\/wp\/v2\/posts\/25663\/revisions"}],"predecessor-version":[{"id":25666,"href":"https:\/\/verdadeon.com.br\/portal\/wp-json\/wp\/v2\/posts\/25663\/revisions\/25666"}],"wp:featuredmedia":[{"embeddable":true,"href":"https:\/\/verdadeon.com.br\/portal\/wp-json\/wp\/v2\/media\/25664"}],"wp:attachment":[{"href":"https:\/\/verdadeon.com.br\/portal\/wp-json\/wp\/v2\/media?parent=25663"}],"wp:term":[{"taxonomy":"category","embeddable":true,"href":"https:\/\/verdadeon.com.br\/portal\/wp-json\/wp\/v2\/categories?post=25663"},{"taxonomy":"post_tag","embeddable":true,"href":"https:\/\/verdadeon.com.br\/portal\/wp-json\/wp\/v2\/tags?post=25663"}],"curies":[{"name":"wp","href":"https:\/\/api.w.org\/{rel}","templated":true}]}}