{"id":25656,"date":"2022-06-08T17:52:31","date_gmt":"2022-06-08T20:52:31","guid":{"rendered":"https:\/\/verdadeon.com.br\/portal\/?p=25656"},"modified":"2022-06-08T17:52:31","modified_gmt":"2022-06-08T20:52:31","slug":"advogada-de-franca-aposta-em-camisa-da-sorte-para-final-do-nbb","status":"publish","type":"post","link":"https:\/\/verdadeon.com.br\/portal\/2022\/06\/08\/advogada-de-franca-aposta-em-camisa-da-sorte-para-final-do-nbb\/","title":{"rendered":"Advogada de Franca aposta em \u2018camisa da sorte\u2019 para final do NBB"},"content":{"rendered":"<h2>Torcedora fan\u00e1tica do Sesi Franca Basquete, Gabriela Rezende j\u00e1 est\u00e1 com o ingresso garantido para a final<\/h2>\n<p>Fernando Lima<\/p>\n<p>O Sesi Franca Basquete pode levantar o t\u00edtulo de campe\u00e3o nesta quinta-feira (9), no Pedroc\u00e3o. Com casa cheia, a torcida promete fazer bonito. A advogada de Franca Gabriela Rezende, conta que tem um ritual para assistir aos jogos decisivos como o de quinta-feira, ela usa a mesma camisa desde a final do Paulista de 2018, que terminou com vit\u00f3ria dos francanos em cima do Paulistano.<br \/>\n\u201cEu sempre usava camisa do Franca para os jogos, mas nesse dia a minha n\u00e3o estava lavada e n\u00e3o pude usar, a\u00ed fui com essa branca, calhou que a gente ganhou. Agora eu s\u00f3 uso em finais, seja por debaixo, seja s\u00f3 ela, virou um amuleto\u201d.<br \/>\nA torcedora contou ainda que nos outros t\u00edtulos que foram vencidos pelo Franca, ela estava usando a mesma camisa. \u201cVieram outros campeonatos estaduais, a Sul Americana tamb\u00e9m. Em 2019 eu n\u00e3o usei e perdemos a final do NBB para o Flamengo. Virou amuleto real\u201d.<br \/>\nPara este jogo, Gabriela garantiu o ingresso pela internet assim que as vendas come\u00e7aram \u00e0s 12h de segunda-feira (6), e a ansiedade j\u00e1 toma conta da rotina dela. \u201cDesde que descobri que ter\u00edamos o quarto jogo da s\u00e9rie os dias ficaram mais longos! Parece uma eternidade at\u00e9 quinta-feira! Sinto que dessa vez nada \u00e9 capaz de tirar esse t\u00edtulo, o Pedroc\u00e3o vai ficar pequeno quando soltarmos o grito de campe\u00e3o l\u00e1 dentro\u201d.<br \/>\nA advogada \u00e9 mineira e acompanha o time desde 2015, quando se mudou para Franca, desde ent\u00e3o ela n\u00e3o perdeu mais nada da equipe, j\u00e1 foi s\u00f3cio-torcedora e, quando o time joga fora da cidade, ela acompanha as partidas pela TV.<br \/>\n\u201cEste NBB foi diferenciado, pois estamos com uma campanha invicta dentro de casa. Sair do Pedroc\u00e3o comemorando vit\u00f3ria em todos os jogos s\u00f3 fez o sonho do t\u00edtulo crescer. Deixando o cora\u00e7\u00e3o de torcedora de lado e analisando como amante do basquete, acredito que Franca teve o melhor time da temporada, tanto em qualidade t\u00e9cnica como preparo psicol\u00f3gico dos jogadores. O Franca foi o \u00fanico time capaz de me fazer torcer contra o Corinthians, o qual sou fan\u00e1tica no futebol\u201d.<\/p>\n<h4>Final<\/h4>\n<p>A partir das 18h30, Franca e Flamengo entram em quadra pelo quarto jogo pela final do Novo Basquete Brasil. No primeiro jogo realizado em Franca, o time do t\u00e9cnico Helinho Garcia garantiu a vit\u00f3ria, o mesmo aconteceu no segundo confronto.<br \/>\nJ\u00e1 na \u00faltima partida no Rio de Janeiro, os cariocas levaram a melhor ap\u00f3s um apag\u00e3o dos paulistas em quadra. Se vencer, os francanos levantam o t\u00edtulo, caso percam, um quinto e decisivo duelo tamb\u00e9m ser\u00e1 realizado no Pedroc\u00e3o.<\/p>\n","protected":false},"excerpt":{"rendered":"<p>Torcedora fan\u00e1tica do Sesi Franca Basquete, Gabriela Rezende j\u00e1 est\u00e1 com o ingresso garantido para a final Fernando Lima O Sesi Franca Basquete pode levantar o<span class=\"excerpt-hellip\"> [\u2026]<\/span><\/p>\n","protected":false},"author":7,"featured_media":25669,"comment_status":"open","ping_status":"open","sticky":false,"template":"","format":"standard","meta":{"_jetpack_memberships_contains_paid_content":false,"footnotes":"","jetpack_publicize_message":"","jetpack_publicize_feature_enabled":true,"jetpack_social_post_already_shared":false,"jetpack_social_options":{"image_generator_settings":{"template":"highway","default_image_id":0,"enabled":false},"version":2}},"categories":[28,81],"tags":[],"class_list":["post-25656","post","type-post","status-publish","format-standard","has-post-thumbnail","hentry","category-cotidiano","category-manchete"],"yoast_head":"<!-- This site is optimized with the Yoast SEO plugin v25.6 - https:\/\/yoast.com\/wordpress\/plugins\/seo\/ -->\n<title>Advogada de Franca aposta em \u2018camisa da sorte\u2019 para final do NBB - VerdadeOn<\/title>\n<meta name=\"robots\" content=\"index, follow, max-snippet:-1, max-image-preview:large, max-video-preview:-1\" \/>\n<link rel=\"canonical\" href=\"https:\/\/verdadeon.com.br\/portal\/2022\/06\/08\/advogada-de-franca-aposta-em-camisa-da-sorte-para-final-do-nbb\/\" \/>\n<meta property=\"og:locale\" content=\"pt_BR\" \/>\n<meta property=\"og:type\" content=\"article\" \/>\n<meta property=\"og:title\" content=\"Advogada de Franca aposta em \u2018camisa da sorte\u2019 para final do NBB - VerdadeOn\" \/>\n<meta property=\"og:description\" content=\"Torcedora fan\u00e1tica do Sesi Franca Basquete, Gabriela Rezende j\u00e1 est\u00e1 com o ingresso garantido para a final Fernando Lima O Sesi Franca Basquete pode levantar o [\u2026]\" \/>\n<meta property=\"og:url\" content=\"https:\/\/verdadeon.com.br\/portal\/2022\/06\/08\/advogada-de-franca-aposta-em-camisa-da-sorte-para-final-do-nbb\/\" \/>\n<meta property=\"og:site_name\" content=\"VerdadeOn\" \/>\n<meta property=\"article:published_time\" content=\"2022-06-08T20:52:31+00:00\" \/>\n<meta property=\"og:image\" content=\"https:\/\/verdadeon.com.br\/portal\/wp-content\/uploads\/2022\/06\/WhatsApp-Image-2022-06-08-at-17.48.29.jpeg\" \/>\n\t<meta property=\"og:image:width\" content=\"1280\" \/>\n\t<meta property=\"og:image:height\" content=\"858\" \/>\n\t<meta property=\"og:image:type\" content=\"image\/jpeg\" \/>\n<meta name=\"author\" content=\"Fernando Lima\" \/>\n<meta name=\"twitter:card\" content=\"summary_large_image\" \/>\n<meta name=\"twitter:label1\" content=\"Escrito por\" \/>\n\t<meta name=\"twitter:data1\" content=\"Fernando Lima\" \/>\n\t<meta name=\"twitter:label2\" content=\"Est. tempo de leitura\" \/>\n\t<meta name=\"twitter:data2\" content=\"3 minutos\" \/>\n<script type=\"application\/ld+json\" class=\"yoast-schema-graph\">{\"@context\":\"https:\/\/schema.org\",\"@graph\":[{\"@type\":\"WebPage\",\"@id\":\"https:\/\/verdadeon.com.br\/portal\/2022\/06\/08\/advogada-de-franca-aposta-em-camisa-da-sorte-para-final-do-nbb\/\",\"url\":\"https:\/\/verdadeon.com.br\/portal\/2022\/06\/08\/advogada-de-franca-aposta-em-camisa-da-sorte-para-final-do-nbb\/\",\"name\":\"Advogada de Franca aposta em \u2018camisa da sorte\u2019 para final do NBB - VerdadeOn\",\"isPartOf\":{\"@id\":\"https:\/\/verdadeon.com.br\/portal\/#website\"},\"primaryImageOfPage\":{\"@id\":\"https:\/\/verdadeon.com.br\/portal\/2022\/06\/08\/advogada-de-franca-aposta-em-camisa-da-sorte-para-final-do-nbb\/#primaryimage\"},\"image\":{\"@id\":\"https:\/\/verdadeon.com.br\/portal\/2022\/06\/08\/advogada-de-franca-aposta-em-camisa-da-sorte-para-final-do-nbb\/#primaryimage\"},\"thumbnailUrl\":\"https:\/\/i0.wp.com\/verdadeon.com.br\/portal\/wp-content\/uploads\/2022\/06\/WhatsApp-Image-2022-06-08-at-17.48.29.jpeg?fit=1280%2C858&ssl=1\",\"datePublished\":\"2022-06-08T20:52:31+00:00\",\"author\":{\"@id\":\"https:\/\/verdadeon.com.br\/portal\/#\/schema\/person\/cc32be22b8e8599387c480bc83e1d11a\"},\"breadcrumb\":{\"@id\":\"https:\/\/verdadeon.com.br\/portal\/2022\/06\/08\/advogada-de-franca-aposta-em-camisa-da-sorte-para-final-do-nbb\/#breadcrumb\"},\"inLanguage\":\"pt-BR\",\"potentialAction\":[{\"@type\":\"ReadAction\",\"target\":[\"https:\/\/verdadeon.com.br\/portal\/2022\/06\/08\/advogada-de-franca-aposta-em-camisa-da-sorte-para-final-do-nbb\/\"]}]},{\"@type\":\"ImageObject\",\"inLanguage\":\"pt-BR\",\"@id\":\"https:\/\/verdadeon.com.br\/portal\/2022\/06\/08\/advogada-de-franca-aposta-em-camisa-da-sorte-para-final-do-nbb\/#primaryimage\",\"url\":\"https:\/\/i0.wp.com\/verdadeon.com.br\/portal\/wp-content\/uploads\/2022\/06\/WhatsApp-Image-2022-06-08-at-17.48.29.jpeg?fit=1280%2C858&ssl=1\",\"contentUrl\":\"https:\/\/i0.wp.com\/verdadeon.com.br\/portal\/wp-content\/uploads\/2022\/06\/WhatsApp-Image-2022-06-08-at-17.48.29.jpeg?fit=1280%2C858&ssl=1\",\"width\":1280,\"height\":858,\"caption\":\"A torcedora acompanha os jogos desde 2015, quando se mudou para Franca. A camisa branca, usada na foto com o mascote e Lucas Dias na montagem acima, \u00e9 o \\\"amuleto da sorte\\\" da advogada | Foto: Arquivo pessoal\"},{\"@type\":\"BreadcrumbList\",\"@id\":\"https:\/\/verdadeon.com.br\/portal\/2022\/06\/08\/advogada-de-franca-aposta-em-camisa-da-sorte-para-final-do-nbb\/#breadcrumb\",\"itemListElement\":[{\"@type\":\"ListItem\",\"position\":1,\"name\":\"In\u00edcio\",\"item\":\"https:\/\/verdadeon.com.br\/portal\/\"},{\"@type\":\"ListItem\",\"position\":2,\"name\":\"Advogada de Franca aposta em \u2018camisa da sorte\u2019 para final do NBB\"}]},{\"@type\":\"WebSite\",\"@id\":\"https:\/\/verdadeon.com.br\/portal\/#website\",\"url\":\"https:\/\/verdadeon.com.br\/portal\/\",\"name\":\"VerdadeOn\",\"description\":\"Not\u00edcias di\u00e1rias sobre Franca, Regi\u00e3o, Esporte, Cultura, Cotidiano, Colunas. Cobertura nos principais eventos da cidade \u00e9 aqui - Verdadeon Franca\",\"potentialAction\":[{\"@type\":\"SearchAction\",\"target\":{\"@type\":\"EntryPoint\",\"urlTemplate\":\"https:\/\/verdadeon.com.br\/portal\/?s={search_term_string}\"},\"query-input\":{\"@type\":\"PropertyValueSpecification\",\"valueRequired\":true,\"valueName\":\"search_term_string\"}}],\"inLanguage\":\"pt-BR\"},{\"@type\":\"Person\",\"@id\":\"https:\/\/verdadeon.com.br\/portal\/#\/schema\/person\/cc32be22b8e8599387c480bc83e1d11a\",\"name\":\"Fernando Lima\",\"image\":{\"@type\":\"ImageObject\",\"inLanguage\":\"pt-BR\",\"@id\":\"https:\/\/verdadeon.com.br\/portal\/#\/schema\/person\/image\/\",\"url\":\"https:\/\/secure.gravatar.com\/avatar\/df4c8e132080d2b3a4841d5d232045464e0eed11a1d6e43115ca0843d48768d3?s=96&d=mm&r=g\",\"contentUrl\":\"https:\/\/secure.gravatar.com\/avatar\/df4c8e132080d2b3a4841d5d232045464e0eed11a1d6e43115ca0843d48768d3?s=96&d=mm&r=g\",\"caption\":\"Fernando Lima\"},\"sameAs\":[\"http:\/\/verdadeon.com.br\/\"],\"url\":\"https:\/\/verdadeon.com.br\/portal\/author\/fernando-lima\/\"}]}<\/script>\n<!-- \/ Yoast SEO plugin. -->","yoast_head_json":{"title":"Advogada de Franca aposta em \u2018camisa da sorte\u2019 para final do NBB - VerdadeOn","robots":{"index":"index","follow":"follow","max-snippet":"max-snippet:-1","max-image-preview":"max-image-preview:large","max-video-preview":"max-video-preview:-1"},"canonical":"https:\/\/verdadeon.com.br\/portal\/2022\/06\/08\/advogada-de-franca-aposta-em-camisa-da-sorte-para-final-do-nbb\/","og_locale":"pt_BR","og_type":"article","og_title":"Advogada de Franca aposta em \u2018camisa da sorte\u2019 para final do NBB - VerdadeOn","og_description":"Torcedora fan\u00e1tica do Sesi Franca Basquete, Gabriela Rezende j\u00e1 est\u00e1 com o ingresso garantido para a final Fernando Lima O Sesi Franca Basquete pode levantar o [\u2026]","og_url":"https:\/\/verdadeon.com.br\/portal\/2022\/06\/08\/advogada-de-franca-aposta-em-camisa-da-sorte-para-final-do-nbb\/","og_site_name":"VerdadeOn","article_published_time":"2022-06-08T20:52:31+00:00","og_image":[{"width":1280,"height":858,"url":"https:\/\/verdadeon.com.br\/portal\/wp-content\/uploads\/2022\/06\/WhatsApp-Image-2022-06-08-at-17.48.29.jpeg","type":"image\/jpeg"}],"author":"Fernando Lima","twitter_card":"summary_large_image","twitter_misc":{"Escrito por":"Fernando Lima","Est. tempo de leitura":"3 minutos"},"schema":{"@context":"https:\/\/schema.org","@graph":[{"@type":"WebPage","@id":"https:\/\/verdadeon.com.br\/portal\/2022\/06\/08\/advogada-de-franca-aposta-em-camisa-da-sorte-para-final-do-nbb\/","url":"https:\/\/verdadeon.com.br\/portal\/2022\/06\/08\/advogada-de-franca-aposta-em-camisa-da-sorte-para-final-do-nbb\/","name":"Advogada de Franca aposta em \u2018camisa da sorte\u2019 para final do NBB - VerdadeOn","isPartOf":{"@id":"https:\/\/verdadeon.com.br\/portal\/#website"},"primaryImageOfPage":{"@id":"https:\/\/verdadeon.com.br\/portal\/2022\/06\/08\/advogada-de-franca-aposta-em-camisa-da-sorte-para-final-do-nbb\/#primaryimage"},"image":{"@id":"https:\/\/verdadeon.com.br\/portal\/2022\/06\/08\/advogada-de-franca-aposta-em-camisa-da-sorte-para-final-do-nbb\/#primaryimage"},"thumbnailUrl":"https:\/\/i0.wp.com\/verdadeon.com.br\/portal\/wp-content\/uploads\/2022\/06\/WhatsApp-Image-2022-06-08-at-17.48.29.jpeg?fit=1280%2C858&ssl=1","datePublished":"2022-06-08T20:52:31+00:00","author":{"@id":"https:\/\/verdadeon.com.br\/portal\/#\/schema\/person\/cc32be22b8e8599387c480bc83e1d11a"},"breadcrumb":{"@id":"https:\/\/verdadeon.com.br\/portal\/2022\/06\/08\/advogada-de-franca-aposta-em-camisa-da-sorte-para-final-do-nbb\/#breadcrumb"},"inLanguage":"pt-BR","potentialAction":[{"@type":"ReadAction","target":["https:\/\/verdadeon.com.br\/portal\/2022\/06\/08\/advogada-de-franca-aposta-em-camisa-da-sorte-para-final-do-nbb\/"]}]},{"@type":"ImageObject","inLanguage":"pt-BR","@id":"https:\/\/verdadeon.com.br\/portal\/2022\/06\/08\/advogada-de-franca-aposta-em-camisa-da-sorte-para-final-do-nbb\/#primaryimage","url":"https:\/\/i0.wp.com\/verdadeon.com.br\/portal\/wp-content\/uploads\/2022\/06\/WhatsApp-Image-2022-06-08-at-17.48.29.jpeg?fit=1280%2C858&ssl=1","contentUrl":"https:\/\/i0.wp.com\/verdadeon.com.br\/portal\/wp-content\/uploads\/2022\/06\/WhatsApp-Image-2022-06-08-at-17.48.29.jpeg?fit=1280%2C858&ssl=1","width":1280,"height":858,"caption":"A torcedora acompanha os jogos desde 2015, quando se mudou para Franca. A camisa branca, usada na foto com o mascote e Lucas Dias na montagem acima, \u00e9 o \"amuleto da sorte\" da advogada | Foto: Arquivo pessoal"},{"@type":"BreadcrumbList","@id":"https:\/\/verdadeon.com.br\/portal\/2022\/06\/08\/advogada-de-franca-aposta-em-camisa-da-sorte-para-final-do-nbb\/#breadcrumb","itemListElement":[{"@type":"ListItem","position":1,"name":"In\u00edcio","item":"https:\/\/verdadeon.com.br\/portal\/"},{"@type":"ListItem","position":2,"name":"Advogada de Franca aposta em \u2018camisa da sorte\u2019 para final do NBB"}]},{"@type":"WebSite","@id":"https:\/\/verdadeon.com.br\/portal\/#website","url":"https:\/\/verdadeon.com.br\/portal\/","name":"VerdadeOn","description":"Not\u00edcias di\u00e1rias sobre Franca, Regi\u00e3o, Esporte, Cultura, Cotidiano, Colunas. Cobertura nos principais eventos da cidade \u00e9 aqui - Verdadeon Franca","potentialAction":[{"@type":"SearchAction","target":{"@type":"EntryPoint","urlTemplate":"https:\/\/verdadeon.com.br\/portal\/?s={search_term_string}"},"query-input":{"@type":"PropertyValueSpecification","valueRequired":true,"valueName":"search_term_string"}}],"inLanguage":"pt-BR"},{"@type":"Person","@id":"https:\/\/verdadeon.com.br\/portal\/#\/schema\/person\/cc32be22b8e8599387c480bc83e1d11a","name":"Fernando Lima","image":{"@type":"ImageObject","inLanguage":"pt-BR","@id":"https:\/\/verdadeon.com.br\/portal\/#\/schema\/person\/image\/","url":"https:\/\/secure.gravatar.com\/avatar\/df4c8e132080d2b3a4841d5d232045464e0eed11a1d6e43115ca0843d48768d3?s=96&d=mm&r=g","contentUrl":"https:\/\/secure.gravatar.com\/avatar\/df4c8e132080d2b3a4841d5d232045464e0eed11a1d6e43115ca0843d48768d3?s=96&d=mm&r=g","caption":"Fernando Lima"},"sameAs":["http:\/\/verdadeon.com.br\/"],"url":"https:\/\/verdadeon.com.br\/portal\/author\/fernando-lima\/"}]}},"jetpack_publicize_connections":[],"jetpack_featured_media_url":"https:\/\/i0.wp.com\/verdadeon.com.br\/portal\/wp-content\/uploads\/2022\/06\/WhatsApp-Image-2022-06-08-at-17.48.29.jpeg?fit=1280%2C858&ssl=1","jetpack_sharing_enabled":true,"_links":{"self":[{"href":"https:\/\/verdadeon.com.br\/portal\/wp-json\/wp\/v2\/posts\/25656","targetHints":{"allow":["GET"]}}],"collection":[{"href":"https:\/\/verdadeon.com.br\/portal\/wp-json\/wp\/v2\/posts"}],"about":[{"href":"https:\/\/verdadeon.com.br\/portal\/wp-json\/wp\/v2\/types\/post"}],"author":[{"embeddable":true,"href":"https:\/\/verdadeon.com.br\/portal\/wp-json\/wp\/v2\/users\/7"}],"replies":[{"embeddable":true,"href":"https:\/\/verdadeon.com.br\/portal\/wp-json\/wp\/v2\/comments?post=25656"}],"version-history":[{"count":1,"href":"https:\/\/verdadeon.com.br\/portal\/wp-json\/wp\/v2\/posts\/25656\/revisions"}],"predecessor-version":[{"id":25670,"href":"https:\/\/verdadeon.com.br\/portal\/wp-json\/wp\/v2\/posts\/25656\/revisions\/25670"}],"wp:featuredmedia":[{"embeddable":true,"href":"https:\/\/verdadeon.com.br\/portal\/wp-json\/wp\/v2\/media\/25669"}],"wp:attachment":[{"href":"https:\/\/verdadeon.com.br\/portal\/wp-json\/wp\/v2\/media?parent=25656"}],"wp:term":[{"taxonomy":"category","embeddable":true,"href":"https:\/\/verdadeon.com.br\/portal\/wp-json\/wp\/v2\/categories?post=25656"},{"taxonomy":"post_tag","embeddable":true,"href":"https:\/\/verdadeon.com.br\/portal\/wp-json\/wp\/v2\/tags?post=25656"}],"curies":[{"name":"wp","href":"https:\/\/api.w.org\/{rel}","templated":true}]}}