{"id":25550,"date":"2022-06-03T17:40:17","date_gmt":"2022-06-03T20:40:17","guid":{"rendered":"https:\/\/verdadeon.com.br\/portal\/?p=25550"},"modified":"2022-06-03T17:40:17","modified_gmt":"2022-06-03T20:40:17","slug":"camara-de-franca-abre-concurso-publico-salarios-chegam-a-quase-r-5-mil","status":"publish","type":"post","link":"https:\/\/verdadeon.com.br\/portal\/2022\/06\/03\/camara-de-franca-abre-concurso-publico-salarios-chegam-a-quase-r-5-mil\/","title":{"rendered":"C\u00e2mara de Franca abre concurso p\u00fablico, sal\u00e1rios chegam a quase R$ 5 mil \u00a0"},"content":{"rendered":"<h2>Ser\u00e3o nove vagas, algumas para preenchimento imediato e outras para cadastro de reserva<\/h2>\n<p>A C\u00e2mara Municipal de Franca publicou nesta sexta-feira (3), o Edital para realiza\u00e7\u00e3o de concurso p\u00fablico para vagas e forma\u00e7\u00e3o de cadastro de reserva. As vagas s\u00e3o para candidatos com n\u00edvel fundamental, m\u00e9dio\/t\u00e9cnico e superior. Os sal\u00e1rios variam entre R$ 1.796,20 e R$ 4.870,82 de acordo com o cargo. O regime jur\u00eddico dos cargos ser\u00e1 o da Consolida\u00e7\u00e3o das Leis de Trabalho (CLT) e as cargas hor\u00e1rias de trabalho tamb\u00e9m variam de 20h a 40h semanais.<\/p>\n<p>O concurso ser\u00e1 realizado pelo\u00a0Instituto Brasileiro de Forma\u00e7\u00e3o e Capacita\u00e7\u00e3o \u2013 IBFC\u00a0e ter\u00e1 validade por 2 anos a contar da data da publica\u00e7\u00e3o da homologa\u00e7\u00e3o do resultado final, podendo ser prorrogado, uma vez, por igual per\u00edodo. De acordo com edital, uma vaga ser\u00e1 para preenchimento imediato no cargo de motorista. Entre os requisitos exigidos est\u00e3o: Certificado de Ensino Fundamental Completo, tr\u00eas anos de experi\u00eancia e Carteira Nacional de Habilita\u00e7\u00e3o (CNH) nas categorias \u2018A\u2019 e \u2018B\u2019.<\/p>\n<p>Para os demais cargos de n\u00edvel m\u00e9dio como, por exemplo, Assistente Cont\u00e1bil, Oficial Legislativo, Recepcionista, Telefonista, T\u00e9cnico em Manuten\u00e7\u00e3o Hardware, e para os de n\u00edvel superior, Advogado, Analista Legislativo e Contador, s\u00e3o para cadastro de reserva.<\/p>\n<p>Ainda de acordo com as regras, \u00e0s pessoas com defici\u00eancia \u00e9 assegurado o percentual de 5% (cinco por cento) das vagas existentes ou das que vierem a surgir no prazo de validade deste Concurso P\u00fablico, nos termos da Lei municipal n\u00ba 5.234\/1999.<\/p>\n<p>Para pessoas negras \u00e9 assegurado o percentual de 20% (vinte por cento) das vagas existentes ou das que vierem a surgir no prazo de validade deste Concurso P\u00fablico, nos termos da Lei municipal n\u00ba 9.129\/2022.<\/p>\n<p>O concurso p\u00fablico ter\u00e1 realiza\u00e7\u00e3o de prova objetiva e de car\u00e1ter eliminat\u00f3rio e classificat\u00f3rio. As inscri\u00e7\u00f5es ser\u00e3o iniciadas \u00e0s 10h no dia 6 de junho de 2022 at\u00e9 \u00e0s 23h do dia 4 de julho de 2022.<\/p>\n<p>O valor da taxa de inscri\u00e7\u00e3o ser\u00e1 de R$ 40 para o cargo de N\u00edvel Fundamental, R$ 50 para os cargos de N\u00edvel M\u00e9dio\/T\u00e9cnico e R$ 65 para os cargos de N\u00edvel Superior.<\/p>\n<p>O cronograma ainda prev\u00ea os prazos para pedidos de isen\u00e7\u00e3o do valor da taxa de inscri\u00e7\u00e3o, apresenta\u00e7\u00e3o de documentos e laudos m\u00e9dicos (Pessoas com Defici\u00eancia \u2013 PCD e Atendimento Especial), convoca\u00e7\u00e3o para prova objetiva, divulga\u00e7\u00e3o dos locais de provas e data da prova.<\/p>\n","protected":false},"excerpt":{"rendered":"<p>Ser\u00e3o nove vagas, algumas para preenchimento imediato e outras para cadastro de reserva A C\u00e2mara Municipal de Franca publicou nesta sexta-feira (3), o Edital para realiza\u00e7\u00e3o<span class=\"excerpt-hellip\"> [\u2026]<\/span><\/p>\n","protected":false},"author":7,"featured_media":24949,"comment_status":"open","ping_status":"open","sticky":false,"template":"","format":"standard","meta":{"_jetpack_memberships_contains_paid_content":false,"footnotes":"","jetpack_publicize_message":"","jetpack_publicize_feature_enabled":true,"jetpack_social_post_already_shared":false,"jetpack_social_options":{"image_generator_settings":{"template":"highway","default_image_id":0,"enabled":false},"version":2}},"categories":[28,81],"tags":[],"class_list":["post-25550","post","type-post","status-publish","format-standard","has-post-thumbnail","hentry","category-cotidiano","category-manchete"],"yoast_head":"<!-- This site is optimized with the Yoast SEO plugin v25.6 - https:\/\/yoast.com\/wordpress\/plugins\/seo\/ -->\n<title>C\u00e2mara de Franca abre concurso p\u00fablico, sal\u00e1rios chegam a quase R$ 5 mil \u00a0 - VerdadeOn<\/title>\n<meta name=\"robots\" content=\"index, follow, max-snippet:-1, max-image-preview:large, max-video-preview:-1\" \/>\n<link rel=\"canonical\" href=\"https:\/\/verdadeon.com.br\/portal\/2022\/06\/03\/camara-de-franca-abre-concurso-publico-salarios-chegam-a-quase-r-5-mil\/\" \/>\n<meta property=\"og:locale\" content=\"pt_BR\" \/>\n<meta property=\"og:type\" content=\"article\" \/>\n<meta property=\"og:title\" content=\"C\u00e2mara de Franca abre concurso p\u00fablico, sal\u00e1rios chegam a quase R$ 5 mil \u00a0 - VerdadeOn\" \/>\n<meta property=\"og:description\" content=\"Ser\u00e3o nove vagas, algumas para preenchimento imediato e outras para cadastro de reserva A C\u00e2mara Municipal de Franca publicou nesta sexta-feira (3), o Edital para realiza\u00e7\u00e3o [\u2026]\" \/>\n<meta property=\"og:url\" content=\"https:\/\/verdadeon.com.br\/portal\/2022\/06\/03\/camara-de-franca-abre-concurso-publico-salarios-chegam-a-quase-r-5-mil\/\" \/>\n<meta property=\"og:site_name\" content=\"VerdadeOn\" \/>\n<meta property=\"article:published_time\" content=\"2022-06-03T20:40:17+00:00\" \/>\n<meta property=\"og:image\" content=\"https:\/\/verdadeon.com.br\/portal\/wp-content\/uploads\/2022\/05\/fachadaplenario2022-2.jpeg\" \/>\n\t<meta property=\"og:image:width\" content=\"1000\" \/>\n\t<meta property=\"og:image:height\" content=\"666\" \/>\n\t<meta property=\"og:image:type\" content=\"image\/jpeg\" \/>\n<meta name=\"author\" content=\"Fernando Lima\" \/>\n<meta name=\"twitter:card\" content=\"summary_large_image\" \/>\n<meta name=\"twitter:label1\" content=\"Escrito por\" \/>\n\t<meta name=\"twitter:data1\" content=\"Fernando Lima\" \/>\n\t<meta name=\"twitter:label2\" content=\"Est. tempo de leitura\" \/>\n\t<meta name=\"twitter:data2\" content=\"3 minutos\" \/>\n<script type=\"application\/ld+json\" class=\"yoast-schema-graph\">{\"@context\":\"https:\/\/schema.org\",\"@graph\":[{\"@type\":\"WebPage\",\"@id\":\"https:\/\/verdadeon.com.br\/portal\/2022\/06\/03\/camara-de-franca-abre-concurso-publico-salarios-chegam-a-quase-r-5-mil\/\",\"url\":\"https:\/\/verdadeon.com.br\/portal\/2022\/06\/03\/camara-de-franca-abre-concurso-publico-salarios-chegam-a-quase-r-5-mil\/\",\"name\":\"C\u00e2mara de Franca abre concurso p\u00fablico, sal\u00e1rios chegam a quase R$ 5 mil \u00a0 - VerdadeOn\",\"isPartOf\":{\"@id\":\"https:\/\/verdadeon.com.br\/portal\/#website\"},\"primaryImageOfPage\":{\"@id\":\"https:\/\/verdadeon.com.br\/portal\/2022\/06\/03\/camara-de-franca-abre-concurso-publico-salarios-chegam-a-quase-r-5-mil\/#primaryimage\"},\"image\":{\"@id\":\"https:\/\/verdadeon.com.br\/portal\/2022\/06\/03\/camara-de-franca-abre-concurso-publico-salarios-chegam-a-quase-r-5-mil\/#primaryimage\"},\"thumbnailUrl\":\"https:\/\/i0.wp.com\/verdadeon.com.br\/portal\/wp-content\/uploads\/2022\/05\/fachadaplenario2022-2.jpeg?fit=1000%2C666&ssl=1\",\"datePublished\":\"2022-06-03T20:40:17+00:00\",\"author\":{\"@id\":\"https:\/\/verdadeon.com.br\/portal\/#\/schema\/person\/cc32be22b8e8599387c480bc83e1d11a\"},\"breadcrumb\":{\"@id\":\"https:\/\/verdadeon.com.br\/portal\/2022\/06\/03\/camara-de-franca-abre-concurso-publico-salarios-chegam-a-quase-r-5-mil\/#breadcrumb\"},\"inLanguage\":\"pt-BR\",\"potentialAction\":[{\"@type\":\"ReadAction\",\"target\":[\"https:\/\/verdadeon.com.br\/portal\/2022\/06\/03\/camara-de-franca-abre-concurso-publico-salarios-chegam-a-quase-r-5-mil\/\"]}]},{\"@type\":\"ImageObject\",\"inLanguage\":\"pt-BR\",\"@id\":\"https:\/\/verdadeon.com.br\/portal\/2022\/06\/03\/camara-de-franca-abre-concurso-publico-salarios-chegam-a-quase-r-5-mil\/#primaryimage\",\"url\":\"https:\/\/i0.wp.com\/verdadeon.com.br\/portal\/wp-content\/uploads\/2022\/05\/fachadaplenario2022-2.jpeg?fit=1000%2C666&ssl=1\",\"contentUrl\":\"https:\/\/i0.wp.com\/verdadeon.com.br\/portal\/wp-content\/uploads\/2022\/05\/fachadaplenario2022-2.jpeg?fit=1000%2C666&ssl=1\",\"width\":1000,\"height\":666,\"caption\":\"O texto segue agora para ser sancionado pela prefeitura, a data limite \u00e9 o dia 21 de setembro | Foto: C\u00e2mara Municipal\"},{\"@type\":\"BreadcrumbList\",\"@id\":\"https:\/\/verdadeon.com.br\/portal\/2022\/06\/03\/camara-de-franca-abre-concurso-publico-salarios-chegam-a-quase-r-5-mil\/#breadcrumb\",\"itemListElement\":[{\"@type\":\"ListItem\",\"position\":1,\"name\":\"In\u00edcio\",\"item\":\"https:\/\/verdadeon.com.br\/portal\/\"},{\"@type\":\"ListItem\",\"position\":2,\"name\":\"C\u00e2mara de Franca abre concurso p\u00fablico, sal\u00e1rios chegam a quase R$ 5 mil \u00a0\"}]},{\"@type\":\"WebSite\",\"@id\":\"https:\/\/verdadeon.com.br\/portal\/#website\",\"url\":\"https:\/\/verdadeon.com.br\/portal\/\",\"name\":\"VerdadeOn\",\"description\":\"Not\u00edcias di\u00e1rias sobre Franca, Regi\u00e3o, Esporte, Cultura, Cotidiano, Colunas. Cobertura nos principais eventos da cidade \u00e9 aqui - Verdadeon Franca\",\"potentialAction\":[{\"@type\":\"SearchAction\",\"target\":{\"@type\":\"EntryPoint\",\"urlTemplate\":\"https:\/\/verdadeon.com.br\/portal\/?s={search_term_string}\"},\"query-input\":{\"@type\":\"PropertyValueSpecification\",\"valueRequired\":true,\"valueName\":\"search_term_string\"}}],\"inLanguage\":\"pt-BR\"},{\"@type\":\"Person\",\"@id\":\"https:\/\/verdadeon.com.br\/portal\/#\/schema\/person\/cc32be22b8e8599387c480bc83e1d11a\",\"name\":\"Fernando Lima\",\"image\":{\"@type\":\"ImageObject\",\"inLanguage\":\"pt-BR\",\"@id\":\"https:\/\/verdadeon.com.br\/portal\/#\/schema\/person\/image\/\",\"url\":\"https:\/\/secure.gravatar.com\/avatar\/df4c8e132080d2b3a4841d5d232045464e0eed11a1d6e43115ca0843d48768d3?s=96&d=mm&r=g\",\"contentUrl\":\"https:\/\/secure.gravatar.com\/avatar\/df4c8e132080d2b3a4841d5d232045464e0eed11a1d6e43115ca0843d48768d3?s=96&d=mm&r=g\",\"caption\":\"Fernando Lima\"},\"sameAs\":[\"http:\/\/verdadeon.com.br\/\"],\"url\":\"https:\/\/verdadeon.com.br\/portal\/author\/fernando-lima\/\"}]}<\/script>\n<!-- \/ Yoast SEO plugin. -->","yoast_head_json":{"title":"C\u00e2mara de Franca abre concurso p\u00fablico, sal\u00e1rios chegam a quase R$ 5 mil \u00a0 - VerdadeOn","robots":{"index":"index","follow":"follow","max-snippet":"max-snippet:-1","max-image-preview":"max-image-preview:large","max-video-preview":"max-video-preview:-1"},"canonical":"https:\/\/verdadeon.com.br\/portal\/2022\/06\/03\/camara-de-franca-abre-concurso-publico-salarios-chegam-a-quase-r-5-mil\/","og_locale":"pt_BR","og_type":"article","og_title":"C\u00e2mara de Franca abre concurso p\u00fablico, sal\u00e1rios chegam a quase R$ 5 mil \u00a0 - VerdadeOn","og_description":"Ser\u00e3o nove vagas, algumas para preenchimento imediato e outras para cadastro de reserva A C\u00e2mara Municipal de Franca publicou nesta sexta-feira (3), o Edital para realiza\u00e7\u00e3o [\u2026]","og_url":"https:\/\/verdadeon.com.br\/portal\/2022\/06\/03\/camara-de-franca-abre-concurso-publico-salarios-chegam-a-quase-r-5-mil\/","og_site_name":"VerdadeOn","article_published_time":"2022-06-03T20:40:17+00:00","og_image":[{"width":1000,"height":666,"url":"https:\/\/verdadeon.com.br\/portal\/wp-content\/uploads\/2022\/05\/fachadaplenario2022-2.jpeg","type":"image\/jpeg"}],"author":"Fernando Lima","twitter_card":"summary_large_image","twitter_misc":{"Escrito por":"Fernando Lima","Est. tempo de leitura":"3 minutos"},"schema":{"@context":"https:\/\/schema.org","@graph":[{"@type":"WebPage","@id":"https:\/\/verdadeon.com.br\/portal\/2022\/06\/03\/camara-de-franca-abre-concurso-publico-salarios-chegam-a-quase-r-5-mil\/","url":"https:\/\/verdadeon.com.br\/portal\/2022\/06\/03\/camara-de-franca-abre-concurso-publico-salarios-chegam-a-quase-r-5-mil\/","name":"C\u00e2mara de Franca abre concurso p\u00fablico, sal\u00e1rios chegam a quase R$ 5 mil \u00a0 - VerdadeOn","isPartOf":{"@id":"https:\/\/verdadeon.com.br\/portal\/#website"},"primaryImageOfPage":{"@id":"https:\/\/verdadeon.com.br\/portal\/2022\/06\/03\/camara-de-franca-abre-concurso-publico-salarios-chegam-a-quase-r-5-mil\/#primaryimage"},"image":{"@id":"https:\/\/verdadeon.com.br\/portal\/2022\/06\/03\/camara-de-franca-abre-concurso-publico-salarios-chegam-a-quase-r-5-mil\/#primaryimage"},"thumbnailUrl":"https:\/\/i0.wp.com\/verdadeon.com.br\/portal\/wp-content\/uploads\/2022\/05\/fachadaplenario2022-2.jpeg?fit=1000%2C666&ssl=1","datePublished":"2022-06-03T20:40:17+00:00","author":{"@id":"https:\/\/verdadeon.com.br\/portal\/#\/schema\/person\/cc32be22b8e8599387c480bc83e1d11a"},"breadcrumb":{"@id":"https:\/\/verdadeon.com.br\/portal\/2022\/06\/03\/camara-de-franca-abre-concurso-publico-salarios-chegam-a-quase-r-5-mil\/#breadcrumb"},"inLanguage":"pt-BR","potentialAction":[{"@type":"ReadAction","target":["https:\/\/verdadeon.com.br\/portal\/2022\/06\/03\/camara-de-franca-abre-concurso-publico-salarios-chegam-a-quase-r-5-mil\/"]}]},{"@type":"ImageObject","inLanguage":"pt-BR","@id":"https:\/\/verdadeon.com.br\/portal\/2022\/06\/03\/camara-de-franca-abre-concurso-publico-salarios-chegam-a-quase-r-5-mil\/#primaryimage","url":"https:\/\/i0.wp.com\/verdadeon.com.br\/portal\/wp-content\/uploads\/2022\/05\/fachadaplenario2022-2.jpeg?fit=1000%2C666&ssl=1","contentUrl":"https:\/\/i0.wp.com\/verdadeon.com.br\/portal\/wp-content\/uploads\/2022\/05\/fachadaplenario2022-2.jpeg?fit=1000%2C666&ssl=1","width":1000,"height":666,"caption":"O texto segue agora para ser sancionado pela prefeitura, a data limite \u00e9 o dia 21 de setembro | Foto: C\u00e2mara Municipal"},{"@type":"BreadcrumbList","@id":"https:\/\/verdadeon.com.br\/portal\/2022\/06\/03\/camara-de-franca-abre-concurso-publico-salarios-chegam-a-quase-r-5-mil\/#breadcrumb","itemListElement":[{"@type":"ListItem","position":1,"name":"In\u00edcio","item":"https:\/\/verdadeon.com.br\/portal\/"},{"@type":"ListItem","position":2,"name":"C\u00e2mara de Franca abre concurso p\u00fablico, sal\u00e1rios chegam a quase R$ 5 mil \u00a0"}]},{"@type":"WebSite","@id":"https:\/\/verdadeon.com.br\/portal\/#website","url":"https:\/\/verdadeon.com.br\/portal\/","name":"VerdadeOn","description":"Not\u00edcias di\u00e1rias sobre Franca, Regi\u00e3o, Esporte, Cultura, Cotidiano, Colunas. Cobertura nos principais eventos da cidade \u00e9 aqui - Verdadeon Franca","potentialAction":[{"@type":"SearchAction","target":{"@type":"EntryPoint","urlTemplate":"https:\/\/verdadeon.com.br\/portal\/?s={search_term_string}"},"query-input":{"@type":"PropertyValueSpecification","valueRequired":true,"valueName":"search_term_string"}}],"inLanguage":"pt-BR"},{"@type":"Person","@id":"https:\/\/verdadeon.com.br\/portal\/#\/schema\/person\/cc32be22b8e8599387c480bc83e1d11a","name":"Fernando Lima","image":{"@type":"ImageObject","inLanguage":"pt-BR","@id":"https:\/\/verdadeon.com.br\/portal\/#\/schema\/person\/image\/","url":"https:\/\/secure.gravatar.com\/avatar\/df4c8e132080d2b3a4841d5d232045464e0eed11a1d6e43115ca0843d48768d3?s=96&d=mm&r=g","contentUrl":"https:\/\/secure.gravatar.com\/avatar\/df4c8e132080d2b3a4841d5d232045464e0eed11a1d6e43115ca0843d48768d3?s=96&d=mm&r=g","caption":"Fernando Lima"},"sameAs":["http:\/\/verdadeon.com.br\/"],"url":"https:\/\/verdadeon.com.br\/portal\/author\/fernando-lima\/"}]}},"jetpack_publicize_connections":[],"jetpack_featured_media_url":"https:\/\/i0.wp.com\/verdadeon.com.br\/portal\/wp-content\/uploads\/2022\/05\/fachadaplenario2022-2.jpeg?fit=1000%2C666&ssl=1","jetpack_sharing_enabled":true,"_links":{"self":[{"href":"https:\/\/verdadeon.com.br\/portal\/wp-json\/wp\/v2\/posts\/25550","targetHints":{"allow":["GET"]}}],"collection":[{"href":"https:\/\/verdadeon.com.br\/portal\/wp-json\/wp\/v2\/posts"}],"about":[{"href":"https:\/\/verdadeon.com.br\/portal\/wp-json\/wp\/v2\/types\/post"}],"author":[{"embeddable":true,"href":"https:\/\/verdadeon.com.br\/portal\/wp-json\/wp\/v2\/users\/7"}],"replies":[{"embeddable":true,"href":"https:\/\/verdadeon.com.br\/portal\/wp-json\/wp\/v2\/comments?post=25550"}],"version-history":[{"count":1,"href":"https:\/\/verdadeon.com.br\/portal\/wp-json\/wp\/v2\/posts\/25550\/revisions"}],"predecessor-version":[{"id":25551,"href":"https:\/\/verdadeon.com.br\/portal\/wp-json\/wp\/v2\/posts\/25550\/revisions\/25551"}],"wp:featuredmedia":[{"embeddable":true,"href":"https:\/\/verdadeon.com.br\/portal\/wp-json\/wp\/v2\/media\/24949"}],"wp:attachment":[{"href":"https:\/\/verdadeon.com.br\/portal\/wp-json\/wp\/v2\/media?parent=25550"}],"wp:term":[{"taxonomy":"category","embeddable":true,"href":"https:\/\/verdadeon.com.br\/portal\/wp-json\/wp\/v2\/categories?post=25550"},{"taxonomy":"post_tag","embeddable":true,"href":"https:\/\/verdadeon.com.br\/portal\/wp-json\/wp\/v2\/tags?post=25550"}],"curies":[{"name":"wp","href":"https:\/\/api.w.org\/{rel}","templated":true}]}}