{"id":25545,"date":"2022-06-03T17:19:33","date_gmt":"2022-06-03T20:19:33","guid":{"rendered":"https:\/\/verdadeon.com.br\/portal\/?p=25545"},"modified":"2022-06-04T09:07:07","modified_gmt":"2022-06-04T12:07:07","slug":"o-pt-chega-fortalecido-ele-representa-hoje-a-esperanca-de-um-de-um-pais-melhor","status":"publish","type":"post","link":"https:\/\/verdadeon.com.br\/portal\/2022\/06\/03\/o-pt-chega-fortalecido-ele-representa-hoje-a-esperanca-de-um-de-um-pais-melhor\/","title":{"rendered":"Em entrevista ao Verdade Beth Sah\u00e3o diz: &#8216;O PT chega fortalecido, ele representa hoje a esperan\u00e7a de um pa\u00eds melhor&#8217;"},"content":{"rendered":"<h2>Deputada estadual pelo Partido dos Trabalhadores, a parlamentar esteve no Jornal Verdade<\/h2>\n<p>Fernando Lima<\/p>\n<p>No seu quinto mandato como deputada estadual, Beth Sah\u00e3o visitou Franca nesta semana, a parlamentar esteve no Jornal Verdade onde concedeu entrevista. Entre v\u00e1rios assuntos, Sah\u00e3o contou que est\u00e1 otimista com o futuro do pa\u00eds e que o PT chega fortalecido em 2022.<\/p>\n<p>A psic\u00f3loga tamb\u00e9m destacou que luta pelos direitos das mulheres e levanta a bandeira da Educa\u00e7\u00e3o. Confira a entrevista:<\/p>\n<p><strong>De todos estes anos que a senhora est\u00e1 na ALESP, o que destacaria do seu trabalho?<\/strong><\/p>\n<p>\u00c9 dif\u00edcil a gente pontuar aquilo que \u00e9 melhor, que foi o mais impactante. Na verdade, eu tive v\u00e1rios projetos que tiveram impactos importantes, como por exemplo o parcelamento do IPVA em dez vezes. Esse foi um projeto que eu considero interessante porque todos os impostos voc\u00ea pode parcelar, o IPTU voc\u00ea parcela em dez vezes, o ICMS, o ISS, voc\u00ea pode parcelar, voc\u00ea negocia e o IPVA n\u00e3o. Ele coincide no in\u00edcio do ano com outras responsabilidades e pagamentos, o que acaba sobrecarregando o or\u00e7amento dom\u00e9stico. A gente lutou muito para isso, os sucessivos governadores vetaram, mas agora recentemente o pr\u00f3prio governo j\u00e1 mandou um projeto de parcelamento. A gente n\u00e3o pode deixar de destacar que o IPTU do estado de S\u00e3o Paulo \u00e9 dos mais caros do Brasil, se n\u00e3o o mais caro. Isso faz com que o estado perca receitas, porque muita gente embora seja proibido, acaba fazendo o licenciamento de seus ve\u00edculos em outros estados vizinhos nossos, como Minas Gerais. Outra coisa que eu destacaria muito \u00e9 a luta para zerar os impostos sobre medicamentos, al\u00e9m do funcionamento das delegacias de defesa da mulher por 24 horas, esse foi um projeto aprovado por unanimidade na assembleia, mas o Doria acabou vetando. Duas leis que eu destacaria tamb\u00e9m \u00e9 a que obriga o governo a colocar alimentos org\u00e2nicos na merenda, melhoraria muito a sa\u00fade das nossas crian\u00e7as e tamb\u00e9m ajudaria esse importante segmento da agricultura. Por fim, aquele que cria a a lei estadual de enfrentamento ao c\u00e2ncer de mama, esse tamb\u00e9m \u00e9 uma coisa que a gente trabalhou muito, n\u00f3s conseguimos que o governo instale mam\u00f3grafos e crie uma campanha permanente de atendimento \u00e0s mulheres, sobretudo aquelas que j\u00e1 passaram dos 40 anos de idade.<\/p>\n<p>&nbsp;<\/p>\n<p><strong>A senhora tamb\u00e9m j\u00e1 atuou como professora na rede estadual de ensino. O que a pasta da Educa\u00e7\u00e3o poderia esperar de um eventual novo mandato seu?<\/strong><\/p>\n<p>Eu espero sinceramente que esse novo mandato seja acompanhado tamb\u00e9m de um novo governo, que priorize a educa\u00e7\u00e3o. O nosso partido tem um pr\u00e9-candidato que foi ministro da Educa\u00e7\u00e3o e cujas a\u00e7\u00f5es foram fundamentais para melhorar a educa\u00e7\u00e3o no pa\u00eds. Claro que como n\u00f3s sempre tivemos muito atrasados nessa \u00e1rea, muito que se faz ainda \u00e9 pouco para poder atingir n\u00edveis que n\u00f3s precisar\u00edamos atingir. A\u00ed veio o governo Bolsonaro que j\u00e1 teve v\u00e1rias trocas de ministros, cada um com pol\u00edticas diferentes, agora tem essa hist\u00f3ria do home schooling que eu acho um absurdo. A educa\u00e7\u00e3o n\u00e3o \u00e9 s\u00f3 a forma\u00e7\u00e3o do ensino convencional. Os nossos alunos n\u00e3o v\u00e3o para a escola s\u00f3 para aprender o conte\u00fado program\u00e1tico dos curr\u00edculos e da grade curricular. \u00c9 preciso ampliar isso, tem a socializa\u00e7\u00e3o, resist\u00eancia a frustra\u00e7\u00e3o, tudo isso se aprende na escola, n\u00e9? A fam\u00edlia por melhor que ela possa educar, ela n\u00e3o tem as condi\u00e7\u00f5es inteiras de poder promover tudo isso, sen\u00e3o daqui a pouco n\u00f3s vamos criar uma sociedade isolad\u00edssima e individualizada, o que seria o caos para todos. No estado de S\u00e3o Paulo a a gente sempre trabalhou para promover uma melhor qualidade de ensino, seja atrav\u00e9s da melhoria das condi\u00e7\u00f5es de trabalho. Eu fui presidente da comiss\u00e3o de educa\u00e7\u00e3o tamb\u00e9m e cultura na assembleia, e quando eu estava ali naquela comiss\u00e3o, a gente fez muitas dilig\u00eancias pelo interior do estado, visitamos muitas escolas, vimos desde troca de fia\u00e7\u00e3o que colocavam em risco os alunos, os funcion\u00e1rios e os professores. A\u00ed o governo prop\u00f5e o ensino integral, mas n\u00e3o basta voc\u00ea propor, essa medida precisa ser acompanhada de muitas outras coisas, de muitas outras transforma\u00e7\u00f5es, de muitas outras mudan\u00e7as, porque essas propostas acabam sendo colocadas sem o debate com os envolvidos, que \u00e9 a comunidade, a associa\u00e7\u00e3o de pais e alunos que precisam participar ativamente de qualquer mudan\u00e7a que seja feita na educa\u00e7\u00e3o. A educa\u00e7\u00e3o sempre foi pauta de discursos de muitas candidaturas, mas na hora da a\u00e7\u00e3o em si, da pr\u00e1tica de concretizar essas propostas apresentadas tem uma longa dist\u00e2ncia, e \u00e0s vezes n\u00e3o se consegue fazer. Eu acho que cabe a sociedade cobrar e a quem est\u00e1 na no parlamento tamb\u00e9m a execu\u00e7\u00e3o dessas propostas, para que n\u00f3s possamos um dia, quem sabe, ter uma educa\u00e7\u00e3o de qualidade.<\/p>\n<p>&nbsp;<\/p>\n<p><strong>No seu ponto de vista, o que podemos fazer para mudar a realidade da viol\u00eancia contra a mulher?<\/strong><\/p>\n<p>Eu acho que quanto maior o empoderamento feminino, menor a viol\u00eancia sobre a mulher. Quanto mais empoderada for a mulher, menos suscet\u00edvel ela vai ficar em rela\u00e7\u00e3o a viol\u00eancia. Setenta por cento dessa viol\u00eancia seja um feminic\u00eddio, seja o pr\u00f3prio estupro, acontece por parceiros, com pessoas pr\u00f3ximas, dentro de casa, em sua maioria. Essa \u00e9 uma tarefa que n\u00f3s precisamos nos propor, n\u00e3o \u00e9 s\u00f3 a mulher na pol\u00edtica, essa \u00e9 uma das a\u00e7\u00f5es, mas a mulher ocupando espa\u00e7os de poder. Seja aqui no jornal, seja na empresa, seja na loja, seja nas tarefas dentro de casa, seja impondo na sua opini\u00e3o, enfim, eu acho que essas quest\u00f5es s\u00e3o muito caras para n\u00f3s mulheres, e a gente precisa trabalhar nesse sentido e despertar isso nas mulheres. As vezes o que a gente v\u00ea \u00e9 que h\u00e1 pouco engajamento ainda, precisa ter um n\u00famero grande de mulheres engajadas buscando essa redu\u00e7\u00e3o. O Brasil desponta hoje com o quarto pa\u00eds no mundo com o maior n\u00famero de feminic\u00eddio, ent\u00e3o o ambiente que n\u00f3s estamos vivendo neste momento \u00e9 prop\u00edcio para isso, quando voc\u00ea tem um presidente da Rep\u00fablica que fala que teve quatro filhos homens e a mulher que ele teve foi um acidente de percurso, o que voc\u00ea espera do pa\u00eds? Se o p\u00e9ssimo exemplo vem de cima, ele acaba criando condi\u00e7\u00f5es para essa viol\u00eancia se intensificar. N\u00f3s precisamos de leis cada vez mais rigorosas, medidas protetivas precisam ser mais intensas ainda e talvez at\u00e9 com acompanhamentos, porque a gente v\u00ea que muitas medidas protetivas s\u00e3o tomadas pela Justi\u00e7a, mas a mulher dali uns dias, semanas, meses acaba sendo assassinada pelo seu parceiro. \u00c9 fundamental ainda a educa\u00e7\u00e3o de g\u00eaneros na escola, eu n\u00e3o tenho nenhum receio em falar sobre isso. Defendi essa medida quando fui presidente da comiss\u00e3o de Educa\u00e7\u00e3o e cultura. Quando a gente come\u00e7ar a criar uma gera\u00e7\u00e3o que entenda que a mulher n\u00e3o \u00e9 propriedade do homem, que a mulher tem os mesmos direitos, tem a mesma capacidade de decis\u00e3o, ela tem que estar onde ela quiser, o seu corpo \u00e9 ela que \u00e9 dona, o n\u00e3o \u00e9 n\u00e3o, quer dizer, tem v\u00e1rios componentes que precisam ser trabalhados, isso n\u00e3o significa que voc\u00ea vai aviltar qualquer preceito moral quando voc\u00ea trata disso, muito pelo contr\u00e1rio, voc\u00ea vai estar trabalhando para uma cultura de paz entre homens e mulheres, porque \u00e9 isso que a gente busca, \u00e9 essa igualdade que a gente clama tanto e que n\u00e3o conseguem imprimir isso nas \u00a0escolas. Eu sou otimista, acho que um dia a gente chega l\u00e1.<\/p>\n<p>&nbsp;<\/p>\n<p><strong>Falando sobre o seu partido, voc\u00ea est\u00e1 no PT desde a d\u00e9cada de 80, acompanhou o auge no in\u00edcio dos anos 2000, desde a fase de baixa, por volta de 2014. Como acredita que o PT chega agora nas elei\u00e7\u00f5es de 2022?<\/strong><\/p>\n<p>O PT chega fortalecido, ele representa hoje a esperan\u00e7a de um de um pa\u00eds melhor, de um mundo melhor, das pessoas poderem ter uma vida melhor, de ter novas oportunidades, de ter um sal\u00e1rio melhor, de ter uma educa\u00e7\u00e3o melhor, de ter uma sa\u00fade sobretudo melhor. Ent\u00e3o, acho que o Lula personifica isso, ele materializa isso. As pessoas t\u00eam essa lembran\u00e7a muito forte, ou seja, na \u00e9poca do presidente Lula eu vivia melhor, eu comia melhor, eu podia ir no supermercado, eu podia comprar coisas que eu nunca tive dentro da minha geladeira, sonhar em ampliar a minha casa, trocar meu carrinho ou comprar um novo. Enfim, era uma outra vida, n\u00e9? Eu me lembro que muitas vezes andando pelos bairros via as fam\u00edlias todas fazendo seu churrasco, sua cervejinha, seu refrigerante, comendo, tomando um sorvete. Hoje voc\u00ea n\u00e3o v\u00ea mais, os pre\u00e7os das coisas dispararam, a infla\u00e7\u00e3o \u00e9 alt\u00edssima, uma das maiores nos \u00faltimos vinte anos. A gente n\u00e3o pode esquecer que o Bolsonaro n\u00e3o deu um centavo de aumento real paro o sal\u00e1rio m\u00ednimo, foram s\u00f3 os aumentos corrigidos pela infla\u00e7\u00e3o. Ent\u00e3o tudo isso eh \u00e9 um desastre para popula\u00e7\u00e3o e reflete no aumento da popula\u00e7\u00e3o em situa\u00e7\u00e3o de rua, do desemprego tamb\u00e9m batendo na casa de milh\u00f5es. Ent\u00e3o acho que o momento \u00e9 muito duro e tudo isso remete a uma parcela expressiva da popula\u00e7\u00e3o, segundo o Datafolha, 48% \u00e9 para votar no Lula, porque ele representa essa esperan\u00e7a.<\/p>\n<p>&nbsp;<\/p>\n<p><strong>Fernando Haddad est\u00e1 em primeiro lugar nas inten\u00e7\u00f5es de votos aqui para o Governo do Estado de S\u00e3o Paulo, mas a gente tamb\u00e9m uma crescente dos outros candidatos. O que pode ser feito para que ele administre essa vantagem?<\/strong><\/p>\n<p>Olha n\u00f3s nunca governamos o estado de S\u00e3o Paulo, acho que o Haddad re\u00fane todas as condi\u00e7\u00f5es para ser um excelente governador. Claro que S\u00e3o Paulo tem peculiaridades que s\u00e3o muito diferentes de outros estados, sobretudo o nosso interior. Eu tamb\u00e9m sou do interior, de Catanduva. Ent\u00e3o eu vejo que pela primeira vez um candidato do Partido dos Trabalhadores j\u00e1 sai na frente. A perspectiva do Haddad poder chegar ao segundo turno num bom posicionamento \u00e9 grande, e o atual governador est\u00e1 muito desgastado porque tamb\u00e9m carrega o desgaste do Doria. O PSDB h\u00e1 trinta anos governa esse estado, ent\u00e3o eu creio que h\u00e1 um sentimento na popula\u00e7\u00e3o paulista de querer mudar. Agora precisa saber como \u00e9 que ela vai se comportar, voc\u00ea tem claro que o Haddad tamb\u00e9m se beneficia pelo crescimento do Lula, agora falando assim mais friamente. Quanto mais o Lula cresce, acho que mais as chances de alavancar a candidatura do Haddad. Na eventualidade do Lula ganhar no primeiro turno e o Haddad for para o segundo turno, \u00e9 claro que o Haddad vai chegar bastante fortalecido. Resta saber como que se comportam as outras candidaturas. Precisa ver se o M\u00e1rcio Fran\u00e7a fica candidato ou se ele n\u00e3o fica candidato, se por ventura ele sair, para onde v\u00e3o esses votos, migram para quem? V\u00e3o paro PT? V\u00e3o para o Rodrigo? Talvez possa se dividir? Ent\u00e3o acho que tem todo um cen\u00e1rio a\u00ed, S\u00e3o Paulo est\u00e1 mais complexo um pouco. \u00a0Nos colocarmos sempre \u00e0 disposi\u00e7\u00e3o de Franca, para as suas demandas.<\/p>\n","protected":false},"excerpt":{"rendered":"<p>Deputada estadual pelo Partido dos Trabalhadores, a parlamentar esteve no Jornal Verdade Fernando Lima No seu quinto mandato como deputada estadual, Beth Sah\u00e3o visitou Franca nesta<span class=\"excerpt-hellip\"> [\u2026]<\/span><\/p>\n","protected":false},"author":7,"featured_media":25548,"comment_status":"open","ping_status":"open","sticky":false,"template":"","format":"standard","meta":{"_jetpack_memberships_contains_paid_content":false,"footnotes":"","jetpack_publicize_message":"","jetpack_publicize_feature_enabled":true,"jetpack_social_post_already_shared":false,"jetpack_social_options":{"image_generator_settings":{"template":"highway","default_image_id":0,"enabled":false},"version":2}},"categories":[28,81],"tags":[],"class_list":["post-25545","post","type-post","status-publish","format-standard","has-post-thumbnail","hentry","category-cotidiano","category-manchete"],"yoast_head":"<!-- This site is optimized with the Yoast SEO plugin v25.6 - https:\/\/yoast.com\/wordpress\/plugins\/seo\/ -->\n<title>Em entrevista ao Verdade Beth Sah\u00e3o diz: &#039;O PT chega fortalecido, ele representa hoje a esperan\u00e7a de um pa\u00eds melhor&#039; - VerdadeOn<\/title>\n<meta name=\"robots\" content=\"index, follow, max-snippet:-1, max-image-preview:large, max-video-preview:-1\" \/>\n<link rel=\"canonical\" href=\"https:\/\/verdadeon.com.br\/portal\/2022\/06\/03\/o-pt-chega-fortalecido-ele-representa-hoje-a-esperanca-de-um-de-um-pais-melhor\/\" \/>\n<meta property=\"og:locale\" content=\"pt_BR\" \/>\n<meta property=\"og:type\" content=\"article\" \/>\n<meta property=\"og:title\" content=\"Em entrevista ao Verdade Beth Sah\u00e3o diz: &#039;O PT chega fortalecido, ele representa hoje a esperan\u00e7a de um pa\u00eds melhor&#039; - VerdadeOn\" \/>\n<meta property=\"og:description\" content=\"Deputada estadual pelo Partido dos Trabalhadores, a parlamentar esteve no Jornal Verdade Fernando Lima No seu quinto mandato como deputada estadual, Beth Sah\u00e3o visitou Franca nesta [\u2026]\" \/>\n<meta property=\"og:url\" content=\"https:\/\/verdadeon.com.br\/portal\/2022\/06\/03\/o-pt-chega-fortalecido-ele-representa-hoje-a-esperanca-de-um-de-um-pais-melhor\/\" \/>\n<meta property=\"og:site_name\" content=\"VerdadeOn\" \/>\n<meta property=\"article:published_time\" content=\"2022-06-03T20:19:33+00:00\" \/>\n<meta property=\"article:modified_time\" content=\"2022-06-04T12:07:07+00:00\" \/>\n<meta property=\"og:image\" content=\"https:\/\/verdadeon.com.br\/portal\/wp-content\/uploads\/2022\/06\/WhatsApp-Image-2022-06-03-at-17.15.04.jpeg\" \/>\n\t<meta property=\"og:image:width\" content=\"1000\" \/>\n\t<meta property=\"og:image:height\" content=\"670\" \/>\n\t<meta property=\"og:image:type\" content=\"image\/jpeg\" \/>\n<meta name=\"author\" content=\"Fernando Lima\" \/>\n<meta name=\"twitter:card\" content=\"summary_large_image\" \/>\n<meta name=\"twitter:label1\" content=\"Escrito por\" \/>\n\t<meta name=\"twitter:data1\" content=\"Fernando Lima\" \/>\n\t<meta name=\"twitter:label2\" content=\"Est. tempo de leitura\" \/>\n\t<meta name=\"twitter:data2\" content=\"10 minutos\" \/>\n<script type=\"application\/ld+json\" class=\"yoast-schema-graph\">{\"@context\":\"https:\/\/schema.org\",\"@graph\":[{\"@type\":\"WebPage\",\"@id\":\"https:\/\/verdadeon.com.br\/portal\/2022\/06\/03\/o-pt-chega-fortalecido-ele-representa-hoje-a-esperanca-de-um-de-um-pais-melhor\/\",\"url\":\"https:\/\/verdadeon.com.br\/portal\/2022\/06\/03\/o-pt-chega-fortalecido-ele-representa-hoje-a-esperanca-de-um-de-um-pais-melhor\/\",\"name\":\"Em entrevista ao Verdade Beth Sah\u00e3o diz: 'O PT chega fortalecido, ele representa hoje a esperan\u00e7a de um pa\u00eds melhor' - VerdadeOn\",\"isPartOf\":{\"@id\":\"https:\/\/verdadeon.com.br\/portal\/#website\"},\"primaryImageOfPage\":{\"@id\":\"https:\/\/verdadeon.com.br\/portal\/2022\/06\/03\/o-pt-chega-fortalecido-ele-representa-hoje-a-esperanca-de-um-de-um-pais-melhor\/#primaryimage\"},\"image\":{\"@id\":\"https:\/\/verdadeon.com.br\/portal\/2022\/06\/03\/o-pt-chega-fortalecido-ele-representa-hoje-a-esperanca-de-um-de-um-pais-melhor\/#primaryimage\"},\"thumbnailUrl\":\"https:\/\/i0.wp.com\/verdadeon.com.br\/portal\/wp-content\/uploads\/2022\/06\/WhatsApp-Image-2022-06-03-at-17.15.04.jpeg?fit=1000%2C670&ssl=1\",\"datePublished\":\"2022-06-03T20:19:33+00:00\",\"dateModified\":\"2022-06-04T12:07:07+00:00\",\"author\":{\"@id\":\"https:\/\/verdadeon.com.br\/portal\/#\/schema\/person\/cc32be22b8e8599387c480bc83e1d11a\"},\"breadcrumb\":{\"@id\":\"https:\/\/verdadeon.com.br\/portal\/2022\/06\/03\/o-pt-chega-fortalecido-ele-representa-hoje-a-esperanca-de-um-de-um-pais-melhor\/#breadcrumb\"},\"inLanguage\":\"pt-BR\",\"potentialAction\":[{\"@type\":\"ReadAction\",\"target\":[\"https:\/\/verdadeon.com.br\/portal\/2022\/06\/03\/o-pt-chega-fortalecido-ele-representa-hoje-a-esperanca-de-um-de-um-pais-melhor\/\"]}]},{\"@type\":\"ImageObject\",\"inLanguage\":\"pt-BR\",\"@id\":\"https:\/\/verdadeon.com.br\/portal\/2022\/06\/03\/o-pt-chega-fortalecido-ele-representa-hoje-a-esperanca-de-um-de-um-pais-melhor\/#primaryimage\",\"url\":\"https:\/\/i0.wp.com\/verdadeon.com.br\/portal\/wp-content\/uploads\/2022\/06\/WhatsApp-Image-2022-06-03-at-17.15.04.jpeg?fit=1000%2C670&ssl=1\",\"contentUrl\":\"https:\/\/i0.wp.com\/verdadeon.com.br\/portal\/wp-content\/uploads\/2022\/06\/WhatsApp-Image-2022-06-03-at-17.15.04.jpeg?fit=1000%2C670&ssl=1\",\"width\":1000,\"height\":670,\"caption\":\"Beth Sah\u00e3o esteve no Jornal Verdade durante a passagem por Franca. Parlamentar destacou v\u00e1rios assuntos, entre eles as pesquisas eleitorais para outubro | Foto: Nelise Luques\"},{\"@type\":\"BreadcrumbList\",\"@id\":\"https:\/\/verdadeon.com.br\/portal\/2022\/06\/03\/o-pt-chega-fortalecido-ele-representa-hoje-a-esperanca-de-um-de-um-pais-melhor\/#breadcrumb\",\"itemListElement\":[{\"@type\":\"ListItem\",\"position\":1,\"name\":\"In\u00edcio\",\"item\":\"https:\/\/verdadeon.com.br\/portal\/\"},{\"@type\":\"ListItem\",\"position\":2,\"name\":\"Em entrevista ao Verdade Beth Sah\u00e3o diz: &#8216;O PT chega fortalecido, ele representa hoje a esperan\u00e7a de um pa\u00eds melhor&#8217;\"}]},{\"@type\":\"WebSite\",\"@id\":\"https:\/\/verdadeon.com.br\/portal\/#website\",\"url\":\"https:\/\/verdadeon.com.br\/portal\/\",\"name\":\"VerdadeOn\",\"description\":\"Not\u00edcias di\u00e1rias sobre Franca, Regi\u00e3o, Esporte, Cultura, Cotidiano, Colunas. Cobertura nos principais eventos da cidade \u00e9 aqui - Verdadeon Franca\",\"potentialAction\":[{\"@type\":\"SearchAction\",\"target\":{\"@type\":\"EntryPoint\",\"urlTemplate\":\"https:\/\/verdadeon.com.br\/portal\/?s={search_term_string}\"},\"query-input\":{\"@type\":\"PropertyValueSpecification\",\"valueRequired\":true,\"valueName\":\"search_term_string\"}}],\"inLanguage\":\"pt-BR\"},{\"@type\":\"Person\",\"@id\":\"https:\/\/verdadeon.com.br\/portal\/#\/schema\/person\/cc32be22b8e8599387c480bc83e1d11a\",\"name\":\"Fernando Lima\",\"image\":{\"@type\":\"ImageObject\",\"inLanguage\":\"pt-BR\",\"@id\":\"https:\/\/verdadeon.com.br\/portal\/#\/schema\/person\/image\/\",\"url\":\"https:\/\/secure.gravatar.com\/avatar\/df4c8e132080d2b3a4841d5d232045464e0eed11a1d6e43115ca0843d48768d3?s=96&d=mm&r=g\",\"contentUrl\":\"https:\/\/secure.gravatar.com\/avatar\/df4c8e132080d2b3a4841d5d232045464e0eed11a1d6e43115ca0843d48768d3?s=96&d=mm&r=g\",\"caption\":\"Fernando Lima\"},\"sameAs\":[\"http:\/\/verdadeon.com.br\/\"],\"url\":\"https:\/\/verdadeon.com.br\/portal\/author\/fernando-lima\/\"}]}<\/script>\n<!-- \/ Yoast SEO plugin. -->","yoast_head_json":{"title":"Em entrevista ao Verdade Beth Sah\u00e3o diz: 'O PT chega fortalecido, ele representa hoje a esperan\u00e7a de um pa\u00eds melhor' - VerdadeOn","robots":{"index":"index","follow":"follow","max-snippet":"max-snippet:-1","max-image-preview":"max-image-preview:large","max-video-preview":"max-video-preview:-1"},"canonical":"https:\/\/verdadeon.com.br\/portal\/2022\/06\/03\/o-pt-chega-fortalecido-ele-representa-hoje-a-esperanca-de-um-de-um-pais-melhor\/","og_locale":"pt_BR","og_type":"article","og_title":"Em entrevista ao Verdade Beth Sah\u00e3o diz: 'O PT chega fortalecido, ele representa hoje a esperan\u00e7a de um pa\u00eds melhor' - VerdadeOn","og_description":"Deputada estadual pelo Partido dos Trabalhadores, a parlamentar esteve no Jornal Verdade Fernando Lima No seu quinto mandato como deputada estadual, Beth Sah\u00e3o visitou Franca nesta [\u2026]","og_url":"https:\/\/verdadeon.com.br\/portal\/2022\/06\/03\/o-pt-chega-fortalecido-ele-representa-hoje-a-esperanca-de-um-de-um-pais-melhor\/","og_site_name":"VerdadeOn","article_published_time":"2022-06-03T20:19:33+00:00","article_modified_time":"2022-06-04T12:07:07+00:00","og_image":[{"width":1000,"height":670,"url":"https:\/\/verdadeon.com.br\/portal\/wp-content\/uploads\/2022\/06\/WhatsApp-Image-2022-06-03-at-17.15.04.jpeg","type":"image\/jpeg"}],"author":"Fernando Lima","twitter_card":"summary_large_image","twitter_misc":{"Escrito por":"Fernando Lima","Est. tempo de leitura":"10 minutos"},"schema":{"@context":"https:\/\/schema.org","@graph":[{"@type":"WebPage","@id":"https:\/\/verdadeon.com.br\/portal\/2022\/06\/03\/o-pt-chega-fortalecido-ele-representa-hoje-a-esperanca-de-um-de-um-pais-melhor\/","url":"https:\/\/verdadeon.com.br\/portal\/2022\/06\/03\/o-pt-chega-fortalecido-ele-representa-hoje-a-esperanca-de-um-de-um-pais-melhor\/","name":"Em entrevista ao Verdade Beth Sah\u00e3o diz: 'O PT chega fortalecido, ele representa hoje a esperan\u00e7a de um pa\u00eds melhor' - VerdadeOn","isPartOf":{"@id":"https:\/\/verdadeon.com.br\/portal\/#website"},"primaryImageOfPage":{"@id":"https:\/\/verdadeon.com.br\/portal\/2022\/06\/03\/o-pt-chega-fortalecido-ele-representa-hoje-a-esperanca-de-um-de-um-pais-melhor\/#primaryimage"},"image":{"@id":"https:\/\/verdadeon.com.br\/portal\/2022\/06\/03\/o-pt-chega-fortalecido-ele-representa-hoje-a-esperanca-de-um-de-um-pais-melhor\/#primaryimage"},"thumbnailUrl":"https:\/\/i0.wp.com\/verdadeon.com.br\/portal\/wp-content\/uploads\/2022\/06\/WhatsApp-Image-2022-06-03-at-17.15.04.jpeg?fit=1000%2C670&ssl=1","datePublished":"2022-06-03T20:19:33+00:00","dateModified":"2022-06-04T12:07:07+00:00","author":{"@id":"https:\/\/verdadeon.com.br\/portal\/#\/schema\/person\/cc32be22b8e8599387c480bc83e1d11a"},"breadcrumb":{"@id":"https:\/\/verdadeon.com.br\/portal\/2022\/06\/03\/o-pt-chega-fortalecido-ele-representa-hoje-a-esperanca-de-um-de-um-pais-melhor\/#breadcrumb"},"inLanguage":"pt-BR","potentialAction":[{"@type":"ReadAction","target":["https:\/\/verdadeon.com.br\/portal\/2022\/06\/03\/o-pt-chega-fortalecido-ele-representa-hoje-a-esperanca-de-um-de-um-pais-melhor\/"]}]},{"@type":"ImageObject","inLanguage":"pt-BR","@id":"https:\/\/verdadeon.com.br\/portal\/2022\/06\/03\/o-pt-chega-fortalecido-ele-representa-hoje-a-esperanca-de-um-de-um-pais-melhor\/#primaryimage","url":"https:\/\/i0.wp.com\/verdadeon.com.br\/portal\/wp-content\/uploads\/2022\/06\/WhatsApp-Image-2022-06-03-at-17.15.04.jpeg?fit=1000%2C670&ssl=1","contentUrl":"https:\/\/i0.wp.com\/verdadeon.com.br\/portal\/wp-content\/uploads\/2022\/06\/WhatsApp-Image-2022-06-03-at-17.15.04.jpeg?fit=1000%2C670&ssl=1","width":1000,"height":670,"caption":"Beth Sah\u00e3o esteve no Jornal Verdade durante a passagem por Franca. Parlamentar destacou v\u00e1rios assuntos, entre eles as pesquisas eleitorais para outubro | Foto: Nelise Luques"},{"@type":"BreadcrumbList","@id":"https:\/\/verdadeon.com.br\/portal\/2022\/06\/03\/o-pt-chega-fortalecido-ele-representa-hoje-a-esperanca-de-um-de-um-pais-melhor\/#breadcrumb","itemListElement":[{"@type":"ListItem","position":1,"name":"In\u00edcio","item":"https:\/\/verdadeon.com.br\/portal\/"},{"@type":"ListItem","position":2,"name":"Em entrevista ao Verdade Beth Sah\u00e3o diz: &#8216;O PT chega fortalecido, ele representa hoje a esperan\u00e7a de um pa\u00eds melhor&#8217;"}]},{"@type":"WebSite","@id":"https:\/\/verdadeon.com.br\/portal\/#website","url":"https:\/\/verdadeon.com.br\/portal\/","name":"VerdadeOn","description":"Not\u00edcias di\u00e1rias sobre Franca, Regi\u00e3o, Esporte, Cultura, Cotidiano, Colunas. Cobertura nos principais eventos da cidade \u00e9 aqui - Verdadeon Franca","potentialAction":[{"@type":"SearchAction","target":{"@type":"EntryPoint","urlTemplate":"https:\/\/verdadeon.com.br\/portal\/?s={search_term_string}"},"query-input":{"@type":"PropertyValueSpecification","valueRequired":true,"valueName":"search_term_string"}}],"inLanguage":"pt-BR"},{"@type":"Person","@id":"https:\/\/verdadeon.com.br\/portal\/#\/schema\/person\/cc32be22b8e8599387c480bc83e1d11a","name":"Fernando Lima","image":{"@type":"ImageObject","inLanguage":"pt-BR","@id":"https:\/\/verdadeon.com.br\/portal\/#\/schema\/person\/image\/","url":"https:\/\/secure.gravatar.com\/avatar\/df4c8e132080d2b3a4841d5d232045464e0eed11a1d6e43115ca0843d48768d3?s=96&d=mm&r=g","contentUrl":"https:\/\/secure.gravatar.com\/avatar\/df4c8e132080d2b3a4841d5d232045464e0eed11a1d6e43115ca0843d48768d3?s=96&d=mm&r=g","caption":"Fernando Lima"},"sameAs":["http:\/\/verdadeon.com.br\/"],"url":"https:\/\/verdadeon.com.br\/portal\/author\/fernando-lima\/"}]}},"jetpack_publicize_connections":[],"jetpack_featured_media_url":"https:\/\/i0.wp.com\/verdadeon.com.br\/portal\/wp-content\/uploads\/2022\/06\/WhatsApp-Image-2022-06-03-at-17.15.04.jpeg?fit=1000%2C670&ssl=1","jetpack_sharing_enabled":true,"_links":{"self":[{"href":"https:\/\/verdadeon.com.br\/portal\/wp-json\/wp\/v2\/posts\/25545","targetHints":{"allow":["GET"]}}],"collection":[{"href":"https:\/\/verdadeon.com.br\/portal\/wp-json\/wp\/v2\/posts"}],"about":[{"href":"https:\/\/verdadeon.com.br\/portal\/wp-json\/wp\/v2\/types\/post"}],"author":[{"embeddable":true,"href":"https:\/\/verdadeon.com.br\/portal\/wp-json\/wp\/v2\/users\/7"}],"replies":[{"embeddable":true,"href":"https:\/\/verdadeon.com.br\/portal\/wp-json\/wp\/v2\/comments?post=25545"}],"version-history":[{"count":4,"href":"https:\/\/verdadeon.com.br\/portal\/wp-json\/wp\/v2\/posts\/25545\/revisions"}],"predecessor-version":[{"id":25570,"href":"https:\/\/verdadeon.com.br\/portal\/wp-json\/wp\/v2\/posts\/25545\/revisions\/25570"}],"wp:featuredmedia":[{"embeddable":true,"href":"https:\/\/verdadeon.com.br\/portal\/wp-json\/wp\/v2\/media\/25548"}],"wp:attachment":[{"href":"https:\/\/verdadeon.com.br\/portal\/wp-json\/wp\/v2\/media?parent=25545"}],"wp:term":[{"taxonomy":"category","embeddable":true,"href":"https:\/\/verdadeon.com.br\/portal\/wp-json\/wp\/v2\/categories?post=25545"},{"taxonomy":"post_tag","embeddable":true,"href":"https:\/\/verdadeon.com.br\/portal\/wp-json\/wp\/v2\/tags?post=25545"}],"curies":[{"name":"wp","href":"https:\/\/api.w.org\/{rel}","templated":true}]}}