{"id":25526,"date":"2022-06-02T18:02:58","date_gmt":"2022-06-02T21:02:58","guid":{"rendered":"https:\/\/verdadeon.com.br\/portal\/?p=25526"},"modified":"2022-06-02T18:02:58","modified_gmt":"2022-06-02T21:02:58","slug":"rifaina-realiza-a-175a-festa-de-santo-antonio-com-leilao-e-shows","status":"publish","type":"post","link":"https:\/\/verdadeon.com.br\/portal\/2022\/06\/02\/rifaina-realiza-a-175a-festa-de-santo-antonio-com-leilao-e-shows\/","title":{"rendered":"Rifaina realiza a 175\u00aa Festa de Santo Ant\u00f4nio, com leil\u00e3o e shows"},"content":{"rendered":"<h2>P\u00fablico da regi\u00e3o toda \u00e9 esperado para prestigiar evento durante os pr\u00f3ximos tr\u00eas finais de semana do m\u00eas de junho<\/h2>\n<p><span style=\"font-weight: 400;\">A 175\u00aa Festa de Santo Ant\u00f4nio de Rifaina &#8211; 2022 retorna ap\u00f3s dois anos suspensa por causa da pandemia da covid-19. O evento ser\u00e1 realizado em frente \u00e0 igreja durante os pr\u00f3ximos tr\u00eas fins de semana do m\u00eas de junho e promete atrair pessoas de v\u00e1rias cidades da regi\u00e3o, como Franca, Pedregulho, Itirapu\u00e3, Arax\u00e1, Uberl\u00e2ndia e Ribeir\u00e3o Preto.<\/span><\/p>\n<p><span style=\"font-weight: 400;\">A abertura da festa estava prevista para esta quinta-feira (2), com missa, quadrilha da Creche Escola S\u00edlvia Helena Mendon\u00e7a Louren\u00e7o, a festa e leil\u00e3o. Nesta sexta-feira (3), haver\u00e1 quermesse e leil\u00e3o, al\u00e9m do show de Andr\u00e9 de Guar\u00e1. No s\u00e1bado (4), ter\u00e1 in\u00edcio a Novena de Santo Ant\u00f4nio, com missa \u00e0s 19h, a quermesse e show musical da Banda Cervo. No domingo (5), a missa est\u00e1 programada para 9h e \u00e0s 19h, o p\u00fablico poder\u00e1 assistir \u00e0 apresenta\u00e7\u00e3o da Quadrilha Melhor Idade, curtir a festa e participar do leil\u00e3o.<\/span><\/p>\n<p><span style=\"font-weight: 400;\">A programa\u00e7\u00e3o inclui tamb\u00e9m no dia 12 junho, domingo, o levantamento do Mastro de Santo Ant\u00f4nio na pra\u00e7a de Rifaina, com apresenta\u00e7\u00e3o da Quadrilha das crian\u00e7as da par\u00f3quia, festa e leil\u00f5es. A atra\u00e7\u00e3o musical ficar\u00e1 por conta do Conjunto Copa\u00edba.<\/span><\/p>\n<p><span style=\"font-weight: 400;\">\u201cEste ser\u00e1 um momento marcante da festa, a imagem de Santo Ant\u00f4nio ser\u00e1 erguida na pra\u00e7a e ficar\u00e1 exposta o m\u00eas todo, aben\u00e7oando a cidade inteira. A festa ficou dois anos suspensa por causa das proibi\u00e7\u00f5es da pandemia, ent\u00e3o temos boas expectativas para este ano\u201d, afirmou Ronan Donizete do Nascimento, da comiss\u00e3o organizadora, que espera entre 200 e 300 pessoas por dia no evento em Rifaina.<\/span><\/p>\n<p><span style=\"font-weight: 400;\">O leiloeiro oficial da festa ser\u00e1 o Gilmar do Chap\u00e9u. Ele destaca que haver\u00e1 prendas variadas, como os tradicionais frango assado, leitoa, pernil, al\u00e9m de mesas e cadeiras trabalhadas, bicicleta, gado, entre outras. \u201cEsperamos arrecadar no m\u00ednimo R$ 150 mil com o leil\u00e3o neste ano. Vamos trabalhar para superar a arrecada\u00e7\u00e3o da \u00faltima edi\u00e7\u00e3o, que foi de R$ 136 mil\u201d, afirmou Gilmar.<\/span><\/p>\n<p><span style=\"font-weight: 400;\">O p\u00fablico poder\u00e1 apreciar o card\u00e1pio servido nas barracas, como salgados, caldos, quent\u00e3o e doces. Os recursos arrecadados ser\u00e3o destinados para manuten\u00e7\u00e3o dos projetos sociais, catequese e reformas na igreja.<\/span><\/p>\n<p><span style=\"font-weight: 400;\">Os organizadores ressaltam que a Festa de Santo Ant\u00f4nio \u00e9 de cunho familiar e ter\u00e1 o apoio da Pol\u00edcia Militar e Guarda Municipal. O evento tem apoio da Prefeitura Municipal de Rifaina e outros parceiros.<\/span><\/p>\n<h4><span style=\"font-weight: 400;\">Ben\u00e7\u00e3o dos Barcos<\/span><\/h4>\n<p><span style=\"font-weight: 400;\">Outra tradi\u00e7\u00e3o do m\u00eas de Santo Ant\u00f4nio ser\u00e1 a Prociss\u00e3o N\u00e1utica, agendada para o dia 11 de junho, \u00e0s 10h, com sa\u00edda do Pier Municipal.\u00a0<\/span><\/p>\n<p>&nbsp;<\/p>\n<p><img data-recalc-dims=\"1\" loading=\"lazy\" decoding=\"async\" class=\"alignnone wp-image-25527 size-full\" src=\"https:\/\/i0.wp.com\/verdadeon.com.br\/portal\/wp-content\/uploads\/2022\/06\/WhatsApp-Image-2022-05-20-at-14.04.16.jpeg?resize=862%2C1280&#038;ssl=1\" alt=\"\" width=\"862\" height=\"1280\" srcset=\"https:\/\/i0.wp.com\/verdadeon.com.br\/portal\/wp-content\/uploads\/2022\/06\/WhatsApp-Image-2022-05-20-at-14.04.16.jpeg?w=862&amp;ssl=1 862w, https:\/\/i0.wp.com\/verdadeon.com.br\/portal\/wp-content\/uploads\/2022\/06\/WhatsApp-Image-2022-05-20-at-14.04.16.jpeg?resize=202%2C300&amp;ssl=1 202w, https:\/\/i0.wp.com\/verdadeon.com.br\/portal\/wp-content\/uploads\/2022\/06\/WhatsApp-Image-2022-05-20-at-14.04.16.jpeg?resize=690%2C1024&amp;ssl=1 690w, https:\/\/i0.wp.com\/verdadeon.com.br\/portal\/wp-content\/uploads\/2022\/06\/WhatsApp-Image-2022-05-20-at-14.04.16.jpeg?resize=768%2C1140&amp;ssl=1 768w, https:\/\/i0.wp.com\/verdadeon.com.br\/portal\/wp-content\/uploads\/2022\/06\/WhatsApp-Image-2022-05-20-at-14.04.16.jpeg?resize=98%2C146&amp;ssl=1 98w, https:\/\/i0.wp.com\/verdadeon.com.br\/portal\/wp-content\/uploads\/2022\/06\/WhatsApp-Image-2022-05-20-at-14.04.16.jpeg?resize=34%2C50&amp;ssl=1 34w, https:\/\/i0.wp.com\/verdadeon.com.br\/portal\/wp-content\/uploads\/2022\/06\/WhatsApp-Image-2022-05-20-at-14.04.16.jpeg?resize=51%2C75&amp;ssl=1 51w\" sizes=\"auto, (max-width: 862px) 100vw, 862px\" \/><\/p>\n","protected":false},"excerpt":{"rendered":"<p>P\u00fablico da regi\u00e3o toda \u00e9 esperado para prestigiar evento durante os pr\u00f3ximos tr\u00eas finais de semana do m\u00eas de junho A 175\u00aa Festa de Santo Ant\u00f4nio<span class=\"excerpt-hellip\"> [\u2026]<\/span><\/p>\n","protected":false},"author":12,"featured_media":25529,"comment_status":"open","ping_status":"open","sticky":false,"template":"","format":"standard","meta":{"_jetpack_memberships_contains_paid_content":false,"footnotes":"","jetpack_publicize_message":"","jetpack_publicize_feature_enabled":true,"jetpack_social_post_already_shared":false,"jetpack_social_options":{"image_generator_settings":{"template":"highway","default_image_id":0,"enabled":false},"version":2}},"categories":[28,44],"tags":[],"class_list":["post-25526","post","type-post","status-publish","format-standard","has-post-thumbnail","hentry","category-cotidiano","category-noticias"],"yoast_head":"<!-- This site is optimized with the Yoast SEO plugin v25.6 - https:\/\/yoast.com\/wordpress\/plugins\/seo\/ -->\n<title>Rifaina realiza a 175\u00aa Festa de Santo Ant\u00f4nio, com leil\u00e3o e shows - VerdadeOn<\/title>\n<meta name=\"robots\" content=\"index, follow, max-snippet:-1, max-image-preview:large, max-video-preview:-1\" \/>\n<link rel=\"canonical\" href=\"https:\/\/verdadeon.com.br\/portal\/2022\/06\/02\/rifaina-realiza-a-175a-festa-de-santo-antonio-com-leilao-e-shows\/\" \/>\n<meta property=\"og:locale\" content=\"pt_BR\" \/>\n<meta property=\"og:type\" content=\"article\" \/>\n<meta property=\"og:title\" content=\"Rifaina realiza a 175\u00aa Festa de Santo Ant\u00f4nio, com leil\u00e3o e shows - VerdadeOn\" \/>\n<meta property=\"og:description\" content=\"P\u00fablico da regi\u00e3o toda \u00e9 esperado para prestigiar evento durante os pr\u00f3ximos tr\u00eas finais de semana do m\u00eas de junho A 175\u00aa Festa de Santo Ant\u00f4nio [\u2026]\" \/>\n<meta property=\"og:url\" content=\"https:\/\/verdadeon.com.br\/portal\/2022\/06\/02\/rifaina-realiza-a-175a-festa-de-santo-antonio-com-leilao-e-shows\/\" \/>\n<meta property=\"og:site_name\" content=\"VerdadeOn\" \/>\n<meta property=\"article:published_time\" content=\"2022-06-02T21:02:58+00:00\" \/>\n<meta property=\"og:image\" content=\"https:\/\/verdadeon.com.br\/portal\/wp-content\/uploads\/2022\/06\/WhatsApp-Image-2022-06-02-at-16.13.10-e1654203691324.jpeg\" \/>\n\t<meta property=\"og:image:width\" content=\"1001\" \/>\n\t<meta property=\"og:image:height\" content=\"668\" \/>\n\t<meta property=\"og:image:type\" content=\"image\/jpeg\" \/>\n<meta name=\"author\" content=\"Nelise Luques\" \/>\n<meta name=\"twitter:card\" content=\"summary_large_image\" \/>\n<meta name=\"twitter:label1\" content=\"Escrito por\" \/>\n\t<meta name=\"twitter:data1\" content=\"Nelise Luques\" \/>\n\t<meta name=\"twitter:label2\" content=\"Est. tempo de leitura\" \/>\n\t<meta name=\"twitter:data2\" content=\"2 minutos\" \/>\n<script type=\"application\/ld+json\" class=\"yoast-schema-graph\">{\"@context\":\"https:\/\/schema.org\",\"@graph\":[{\"@type\":\"WebPage\",\"@id\":\"https:\/\/verdadeon.com.br\/portal\/2022\/06\/02\/rifaina-realiza-a-175a-festa-de-santo-antonio-com-leilao-e-shows\/\",\"url\":\"https:\/\/verdadeon.com.br\/portal\/2022\/06\/02\/rifaina-realiza-a-175a-festa-de-santo-antonio-com-leilao-e-shows\/\",\"name\":\"Rifaina realiza a 175\u00aa Festa de Santo Ant\u00f4nio, com leil\u00e3o e shows - VerdadeOn\",\"isPartOf\":{\"@id\":\"https:\/\/verdadeon.com.br\/portal\/#website\"},\"primaryImageOfPage\":{\"@id\":\"https:\/\/verdadeon.com.br\/portal\/2022\/06\/02\/rifaina-realiza-a-175a-festa-de-santo-antonio-com-leilao-e-shows\/#primaryimage\"},\"image\":{\"@id\":\"https:\/\/verdadeon.com.br\/portal\/2022\/06\/02\/rifaina-realiza-a-175a-festa-de-santo-antonio-com-leilao-e-shows\/#primaryimage\"},\"thumbnailUrl\":\"https:\/\/i0.wp.com\/verdadeon.com.br\/portal\/wp-content\/uploads\/2022\/06\/WhatsApp-Image-2022-06-02-at-16.13.10-e1654203691324.jpeg?fit=1001%2C668&ssl=1\",\"datePublished\":\"2022-06-02T21:02:58+00:00\",\"author\":{\"@id\":\"https:\/\/verdadeon.com.br\/portal\/#\/schema\/person\/8248726d36015c1916636fabb175d972\"},\"breadcrumb\":{\"@id\":\"https:\/\/verdadeon.com.br\/portal\/2022\/06\/02\/rifaina-realiza-a-175a-festa-de-santo-antonio-com-leilao-e-shows\/#breadcrumb\"},\"inLanguage\":\"pt-BR\",\"potentialAction\":[{\"@type\":\"ReadAction\",\"target\":[\"https:\/\/verdadeon.com.br\/portal\/2022\/06\/02\/rifaina-realiza-a-175a-festa-de-santo-antonio-com-leilao-e-shows\/\"]}]},{\"@type\":\"ImageObject\",\"inLanguage\":\"pt-BR\",\"@id\":\"https:\/\/verdadeon.com.br\/portal\/2022\/06\/02\/rifaina-realiza-a-175a-festa-de-santo-antonio-com-leilao-e-shows\/#primaryimage\",\"url\":\"https:\/\/i0.wp.com\/verdadeon.com.br\/portal\/wp-content\/uploads\/2022\/06\/WhatsApp-Image-2022-06-02-at-16.13.10-e1654203691324.jpeg?fit=1001%2C668&ssl=1\",\"contentUrl\":\"https:\/\/i0.wp.com\/verdadeon.com.br\/portal\/wp-content\/uploads\/2022\/06\/WhatsApp-Image-2022-06-02-at-16.13.10-e1654203691324.jpeg?fit=1001%2C668&ssl=1\",\"width\":1001,\"height\":668,\"caption\":\"A 175\u00aa Festa de Santo Ant\u00f4nio de Rifaina come\u00e7ou nesta quinta-feira (2), na rua em frente \u00e0 igreja | Foto: Divulga\u00e7\u00e3o\"},{\"@type\":\"BreadcrumbList\",\"@id\":\"https:\/\/verdadeon.com.br\/portal\/2022\/06\/02\/rifaina-realiza-a-175a-festa-de-santo-antonio-com-leilao-e-shows\/#breadcrumb\",\"itemListElement\":[{\"@type\":\"ListItem\",\"position\":1,\"name\":\"In\u00edcio\",\"item\":\"https:\/\/verdadeon.com.br\/portal\/\"},{\"@type\":\"ListItem\",\"position\":2,\"name\":\"Rifaina realiza a 175\u00aa Festa de Santo Ant\u00f4nio, com leil\u00e3o e shows\"}]},{\"@type\":\"WebSite\",\"@id\":\"https:\/\/verdadeon.com.br\/portal\/#website\",\"url\":\"https:\/\/verdadeon.com.br\/portal\/\",\"name\":\"VerdadeOn\",\"description\":\"Not\u00edcias di\u00e1rias sobre Franca, Regi\u00e3o, Esporte, Cultura, Cotidiano, Colunas. Cobertura nos principais eventos da cidade \u00e9 aqui - Verdadeon Franca\",\"potentialAction\":[{\"@type\":\"SearchAction\",\"target\":{\"@type\":\"EntryPoint\",\"urlTemplate\":\"https:\/\/verdadeon.com.br\/portal\/?s={search_term_string}\"},\"query-input\":{\"@type\":\"PropertyValueSpecification\",\"valueRequired\":true,\"valueName\":\"search_term_string\"}}],\"inLanguage\":\"pt-BR\"},{\"@type\":\"Person\",\"@id\":\"https:\/\/verdadeon.com.br\/portal\/#\/schema\/person\/8248726d36015c1916636fabb175d972\",\"name\":\"Nelise Luques\",\"image\":{\"@type\":\"ImageObject\",\"inLanguage\":\"pt-BR\",\"@id\":\"https:\/\/verdadeon.com.br\/portal\/#\/schema\/person\/image\/\",\"url\":\"https:\/\/secure.gravatar.com\/avatar\/29b2a17f5bcadeb827411b66f48ac13c3e0ecaf5906c0f5745ecc5d41c24eada?s=96&d=mm&r=g\",\"contentUrl\":\"https:\/\/secure.gravatar.com\/avatar\/29b2a17f5bcadeb827411b66f48ac13c3e0ecaf5906c0f5745ecc5d41c24eada?s=96&d=mm&r=g\",\"caption\":\"Nelise Luques\"},\"url\":\"https:\/\/verdadeon.com.br\/portal\/author\/verdade\/\"}]}<\/script>\n<!-- \/ Yoast SEO plugin. -->","yoast_head_json":{"title":"Rifaina realiza a 175\u00aa Festa de Santo Ant\u00f4nio, com leil\u00e3o e shows - VerdadeOn","robots":{"index":"index","follow":"follow","max-snippet":"max-snippet:-1","max-image-preview":"max-image-preview:large","max-video-preview":"max-video-preview:-1"},"canonical":"https:\/\/verdadeon.com.br\/portal\/2022\/06\/02\/rifaina-realiza-a-175a-festa-de-santo-antonio-com-leilao-e-shows\/","og_locale":"pt_BR","og_type":"article","og_title":"Rifaina realiza a 175\u00aa Festa de Santo Ant\u00f4nio, com leil\u00e3o e shows - VerdadeOn","og_description":"P\u00fablico da regi\u00e3o toda \u00e9 esperado para prestigiar evento durante os pr\u00f3ximos tr\u00eas finais de semana do m\u00eas de junho A 175\u00aa Festa de Santo Ant\u00f4nio [\u2026]","og_url":"https:\/\/verdadeon.com.br\/portal\/2022\/06\/02\/rifaina-realiza-a-175a-festa-de-santo-antonio-com-leilao-e-shows\/","og_site_name":"VerdadeOn","article_published_time":"2022-06-02T21:02:58+00:00","og_image":[{"width":1001,"height":668,"url":"https:\/\/verdadeon.com.br\/portal\/wp-content\/uploads\/2022\/06\/WhatsApp-Image-2022-06-02-at-16.13.10-e1654203691324.jpeg","type":"image\/jpeg"}],"author":"Nelise Luques","twitter_card":"summary_large_image","twitter_misc":{"Escrito por":"Nelise Luques","Est. tempo de leitura":"2 minutos"},"schema":{"@context":"https:\/\/schema.org","@graph":[{"@type":"WebPage","@id":"https:\/\/verdadeon.com.br\/portal\/2022\/06\/02\/rifaina-realiza-a-175a-festa-de-santo-antonio-com-leilao-e-shows\/","url":"https:\/\/verdadeon.com.br\/portal\/2022\/06\/02\/rifaina-realiza-a-175a-festa-de-santo-antonio-com-leilao-e-shows\/","name":"Rifaina realiza a 175\u00aa Festa de Santo Ant\u00f4nio, com leil\u00e3o e shows - VerdadeOn","isPartOf":{"@id":"https:\/\/verdadeon.com.br\/portal\/#website"},"primaryImageOfPage":{"@id":"https:\/\/verdadeon.com.br\/portal\/2022\/06\/02\/rifaina-realiza-a-175a-festa-de-santo-antonio-com-leilao-e-shows\/#primaryimage"},"image":{"@id":"https:\/\/verdadeon.com.br\/portal\/2022\/06\/02\/rifaina-realiza-a-175a-festa-de-santo-antonio-com-leilao-e-shows\/#primaryimage"},"thumbnailUrl":"https:\/\/i0.wp.com\/verdadeon.com.br\/portal\/wp-content\/uploads\/2022\/06\/WhatsApp-Image-2022-06-02-at-16.13.10-e1654203691324.jpeg?fit=1001%2C668&ssl=1","datePublished":"2022-06-02T21:02:58+00:00","author":{"@id":"https:\/\/verdadeon.com.br\/portal\/#\/schema\/person\/8248726d36015c1916636fabb175d972"},"breadcrumb":{"@id":"https:\/\/verdadeon.com.br\/portal\/2022\/06\/02\/rifaina-realiza-a-175a-festa-de-santo-antonio-com-leilao-e-shows\/#breadcrumb"},"inLanguage":"pt-BR","potentialAction":[{"@type":"ReadAction","target":["https:\/\/verdadeon.com.br\/portal\/2022\/06\/02\/rifaina-realiza-a-175a-festa-de-santo-antonio-com-leilao-e-shows\/"]}]},{"@type":"ImageObject","inLanguage":"pt-BR","@id":"https:\/\/verdadeon.com.br\/portal\/2022\/06\/02\/rifaina-realiza-a-175a-festa-de-santo-antonio-com-leilao-e-shows\/#primaryimage","url":"https:\/\/i0.wp.com\/verdadeon.com.br\/portal\/wp-content\/uploads\/2022\/06\/WhatsApp-Image-2022-06-02-at-16.13.10-e1654203691324.jpeg?fit=1001%2C668&ssl=1","contentUrl":"https:\/\/i0.wp.com\/verdadeon.com.br\/portal\/wp-content\/uploads\/2022\/06\/WhatsApp-Image-2022-06-02-at-16.13.10-e1654203691324.jpeg?fit=1001%2C668&ssl=1","width":1001,"height":668,"caption":"A 175\u00aa Festa de Santo Ant\u00f4nio de Rifaina come\u00e7ou nesta quinta-feira (2), na rua em frente \u00e0 igreja | Foto: Divulga\u00e7\u00e3o"},{"@type":"BreadcrumbList","@id":"https:\/\/verdadeon.com.br\/portal\/2022\/06\/02\/rifaina-realiza-a-175a-festa-de-santo-antonio-com-leilao-e-shows\/#breadcrumb","itemListElement":[{"@type":"ListItem","position":1,"name":"In\u00edcio","item":"https:\/\/verdadeon.com.br\/portal\/"},{"@type":"ListItem","position":2,"name":"Rifaina realiza a 175\u00aa Festa de Santo Ant\u00f4nio, com leil\u00e3o e shows"}]},{"@type":"WebSite","@id":"https:\/\/verdadeon.com.br\/portal\/#website","url":"https:\/\/verdadeon.com.br\/portal\/","name":"VerdadeOn","description":"Not\u00edcias di\u00e1rias sobre Franca, Regi\u00e3o, Esporte, Cultura, Cotidiano, Colunas. Cobertura nos principais eventos da cidade \u00e9 aqui - Verdadeon Franca","potentialAction":[{"@type":"SearchAction","target":{"@type":"EntryPoint","urlTemplate":"https:\/\/verdadeon.com.br\/portal\/?s={search_term_string}"},"query-input":{"@type":"PropertyValueSpecification","valueRequired":true,"valueName":"search_term_string"}}],"inLanguage":"pt-BR"},{"@type":"Person","@id":"https:\/\/verdadeon.com.br\/portal\/#\/schema\/person\/8248726d36015c1916636fabb175d972","name":"Nelise Luques","image":{"@type":"ImageObject","inLanguage":"pt-BR","@id":"https:\/\/verdadeon.com.br\/portal\/#\/schema\/person\/image\/","url":"https:\/\/secure.gravatar.com\/avatar\/29b2a17f5bcadeb827411b66f48ac13c3e0ecaf5906c0f5745ecc5d41c24eada?s=96&d=mm&r=g","contentUrl":"https:\/\/secure.gravatar.com\/avatar\/29b2a17f5bcadeb827411b66f48ac13c3e0ecaf5906c0f5745ecc5d41c24eada?s=96&d=mm&r=g","caption":"Nelise Luques"},"url":"https:\/\/verdadeon.com.br\/portal\/author\/verdade\/"}]}},"jetpack_publicize_connections":[],"jetpack_featured_media_url":"https:\/\/i0.wp.com\/verdadeon.com.br\/portal\/wp-content\/uploads\/2022\/06\/WhatsApp-Image-2022-06-02-at-16.13.10-e1654203691324.jpeg?fit=1001%2C668&ssl=1","jetpack_sharing_enabled":true,"_links":{"self":[{"href":"https:\/\/verdadeon.com.br\/portal\/wp-json\/wp\/v2\/posts\/25526","targetHints":{"allow":["GET"]}}],"collection":[{"href":"https:\/\/verdadeon.com.br\/portal\/wp-json\/wp\/v2\/posts"}],"about":[{"href":"https:\/\/verdadeon.com.br\/portal\/wp-json\/wp\/v2\/types\/post"}],"author":[{"embeddable":true,"href":"https:\/\/verdadeon.com.br\/portal\/wp-json\/wp\/v2\/users\/12"}],"replies":[{"embeddable":true,"href":"https:\/\/verdadeon.com.br\/portal\/wp-json\/wp\/v2\/comments?post=25526"}],"version-history":[{"count":1,"href":"https:\/\/verdadeon.com.br\/portal\/wp-json\/wp\/v2\/posts\/25526\/revisions"}],"predecessor-version":[{"id":25530,"href":"https:\/\/verdadeon.com.br\/portal\/wp-json\/wp\/v2\/posts\/25526\/revisions\/25530"}],"wp:featuredmedia":[{"embeddable":true,"href":"https:\/\/verdadeon.com.br\/portal\/wp-json\/wp\/v2\/media\/25529"}],"wp:attachment":[{"href":"https:\/\/verdadeon.com.br\/portal\/wp-json\/wp\/v2\/media?parent=25526"}],"wp:term":[{"taxonomy":"category","embeddable":true,"href":"https:\/\/verdadeon.com.br\/portal\/wp-json\/wp\/v2\/categories?post=25526"},{"taxonomy":"post_tag","embeddable":true,"href":"https:\/\/verdadeon.com.br\/portal\/wp-json\/wp\/v2\/tags?post=25526"}],"curies":[{"name":"wp","href":"https:\/\/api.w.org\/{rel}","templated":true}]}}