{"id":25519,"date":"2022-06-02T17:16:53","date_gmt":"2022-06-02T20:16:53","guid":{"rendered":"https:\/\/verdadeon.com.br\/portal\/?p=25519"},"modified":"2022-06-02T17:16:53","modified_gmt":"2022-06-02T20:16:53","slug":"quase-120-mil-francanos-nao-completam-esquema-vacinal-contra-covid-19","status":"publish","type":"post","link":"https:\/\/verdadeon.com.br\/portal\/2022\/06\/02\/quase-120-mil-francanos-nao-completam-esquema-vacinal-contra-covid-19\/","title":{"rendered":"Quase 120 mil francanos n\u00e3o completam esquema vacinal contra Covid-19"},"content":{"rendered":"<h2>Por conta disso secretaria de Sa\u00fade anunciou mutir\u00e3o para o pr\u00f3ximo s\u00e1bado em 11 postos de vacina\u00e7\u00e3o<\/h2>\n<div>A secretaria de Sa\u00fade de Franca divulgou nesta quinta-feira (2), que 119.826 pessoas n\u00e3o completaram o esquema vacinal contra a Covid-19 na cidade. De acordo com a divulga\u00e7\u00e3o, desta quantidade, 25.080 deixaram de tomar a segunda dose, sendo que crian\u00e7as e adolescentes, menores de 18 anos est\u00e3o na faixa et\u00e1ria que apresenta maior aus\u00eancia, com 11.775 pessoas.<\/div>\n<div>Para a terceira e quarta doses, o n\u00famero chega a quase quatro vezes mais se comparado aos faltantes da segunda dose, com 94.746\u00a0 pessoas, sendo que a idade entre 20 a 29 anos, cont\u00e9m a maior quantidade de francanos que deixaram de receber a terceira dose com 27.409 pessoas.<\/div>\n<div>Diante os n\u00fameros a pasta da Sa\u00fade anunciou que vai realizar um novo mutir\u00e3o de vacina\u00e7\u00e3o neste s\u00e1bado (4). As doses ser\u00e3o aplicadas em 11 postos de atendimento, para receber as vacinas a pessoa dever\u00e1 comparecer a um dos postos dispon\u00edveis, utilizando m\u00e1scara de prote\u00e7\u00e3o, com um documento de identidade com foto e os comprovantes de recebimento das doses anteriores. Para as gestantes \u00e9 necess\u00e1ria a apresenta\u00e7\u00e3o do Cart\u00e3o Pr\u00e9-Natal e a certid\u00e3o de nascimento da crian\u00e7a para as pu\u00e9rperas.<\/div>\n<div>&#8220;A quantidade de pessoas que deixaram de tomar as doses de refor\u00e7o \u00e9 muito grande. Pedimos, encarecidamente, \u00e0s pessoas que aproveitem mais essa oportunidade e atualizem o ciclo vacinal. Para aumentar a prote\u00e7\u00e3o contra a doen\u00e7a, \u00e9 essencial que a pessoa receba todas as doses dispon\u00edveis, que est\u00e3o sendo oferecidas em nossa rede de sa\u00fade&#8221;, alertou Wal\u00e9ria Mascarenhas, secret\u00e1ria de Sa\u00fade.<\/div>\n<div>Segundo a secret\u00e1ria, at\u00e9 a \u00faltima quarta-feira, foram aplicadas 790.295 doses, sendo 318.418 para a primeira, 286.124 para a segunda aplica\u00e7\u00e3o, 160.901 referentes a terceira dose, al\u00e9m de 24.852 para a quarta aplica\u00e7\u00e3o.<\/div>\n<div>De acordo com o \u00faltimo Boletim Epidemiol\u00f3gico divulgado pela Secretaria de Sa\u00fade, desde o in\u00edcio da pandemia at\u00e9 o dia \u00faltimo dia 27 de maio, a cidade registrou 75.992 casos de Covid-19, com a confirma\u00e7\u00e3o de 1.185 \u00f3bitos pela doen\u00e7a. O pr\u00f3ximo informativo ser\u00e1 divulgado pela secretaria nesta sexta-feira, 3.<\/div>\n<div><\/div>\n<div>Confira os pontos de vacina\u00e7\u00e3o do mutir\u00e3o:<\/div>\n<div>UBS Paulista,<\/div>\n<div>UBS Aeroporto I e III<\/div>\n<div>UBS \u00c2ngela Rosa,<\/div>\n<div>UBS Progresso,<\/div>\n<div>UBS Esta\u00e7\u00e3o,<\/div>\n<div>UBS S\u00e3o Sebasti\u00e3o,<\/div>\n<div>UBS Guanabara,<\/div>\n<div>UBS Leporace,<\/div>\n<div>UBS Horto<\/div>\n<div>ESF (Estrat\u00e9gia de Sa\u00fade da Fam\u00edlia) Paineiras<\/div>\n<div><\/div>\n<div>A aplica\u00e7\u00e3o vai acontecer das 8h \u00e0s 12h30, para a aplica\u00e7\u00e3o da primeira e segunda doses para crian\u00e7as a partir de 5 anos ou mais, a terceira dose para as pessoas, que tenham 12 anos ou mais e a quarta aplica\u00e7\u00e3o para idosos, com 60 anos ou mais.<\/div>\n","protected":false},"excerpt":{"rendered":"<p>Por conta disso secretaria de Sa\u00fade anunciou mutir\u00e3o para o pr\u00f3ximo s\u00e1bado em 11 postos de vacina\u00e7\u00e3o A secretaria de Sa\u00fade de Franca divulgou nesta quinta-feira<span class=\"excerpt-hellip\"> [\u2026]<\/span><\/p>\n","protected":false},"author":7,"featured_media":22891,"comment_status":"open","ping_status":"open","sticky":false,"template":"","format":"standard","meta":{"_jetpack_memberships_contains_paid_content":false,"footnotes":"","jetpack_publicize_message":"","jetpack_publicize_feature_enabled":true,"jetpack_social_post_already_shared":false,"jetpack_social_options":{"image_generator_settings":{"template":"highway","default_image_id":0,"enabled":false},"version":2}},"categories":[28,44],"tags":[],"class_list":["post-25519","post","type-post","status-publish","format-standard","has-post-thumbnail","hentry","category-cotidiano","category-noticias"],"yoast_head":"<!-- This site is optimized with the Yoast SEO plugin v25.6 - https:\/\/yoast.com\/wordpress\/plugins\/seo\/ -->\n<title>Quase 120 mil francanos n\u00e3o completam esquema vacinal contra Covid-19 - VerdadeOn<\/title>\n<meta name=\"robots\" content=\"index, follow, max-snippet:-1, max-image-preview:large, max-video-preview:-1\" \/>\n<link rel=\"canonical\" href=\"https:\/\/verdadeon.com.br\/portal\/2022\/06\/02\/quase-120-mil-francanos-nao-completam-esquema-vacinal-contra-covid-19\/\" \/>\n<meta property=\"og:locale\" content=\"pt_BR\" \/>\n<meta property=\"og:type\" content=\"article\" \/>\n<meta property=\"og:title\" content=\"Quase 120 mil francanos n\u00e3o completam esquema vacinal contra Covid-19 - VerdadeOn\" \/>\n<meta property=\"og:description\" content=\"Por conta disso secretaria de Sa\u00fade anunciou mutir\u00e3o para o pr\u00f3ximo s\u00e1bado em 11 postos de vacina\u00e7\u00e3o A secretaria de Sa\u00fade de Franca divulgou nesta quinta-feira [\u2026]\" \/>\n<meta property=\"og:url\" content=\"https:\/\/verdadeon.com.br\/portal\/2022\/06\/02\/quase-120-mil-francanos-nao-completam-esquema-vacinal-contra-covid-19\/\" \/>\n<meta property=\"og:site_name\" content=\"VerdadeOn\" \/>\n<meta property=\"article:published_time\" content=\"2022-06-02T20:16:53+00:00\" \/>\n<meta property=\"og:image\" content=\"https:\/\/verdadeon.com.br\/portal\/wp-content\/uploads\/2022\/02\/DIA-C-DE-VACINACAO-CONTRA-A-COVID-19-REALIZADO-EM-9-POSTOS-EM-FRANCA-NO-DIA-5-DE-FEVEREIRO-DE-2022-FOTO-JORNAL-VERDADE.jpeg\" \/>\n\t<meta property=\"og:image:width\" content=\"1000\" \/>\n\t<meta property=\"og:image:height\" content=\"670\" \/>\n\t<meta property=\"og:image:type\" content=\"image\/jpeg\" \/>\n<meta name=\"author\" content=\"Fernando Lima\" \/>\n<meta name=\"twitter:card\" content=\"summary_large_image\" \/>\n<meta name=\"twitter:label1\" content=\"Escrito por\" \/>\n\t<meta name=\"twitter:data1\" content=\"Fernando Lima\" \/>\n\t<meta name=\"twitter:label2\" content=\"Est. tempo de leitura\" \/>\n\t<meta name=\"twitter:data2\" content=\"3 minutos\" \/>\n<script type=\"application\/ld+json\" class=\"yoast-schema-graph\">{\"@context\":\"https:\/\/schema.org\",\"@graph\":[{\"@type\":\"WebPage\",\"@id\":\"https:\/\/verdadeon.com.br\/portal\/2022\/06\/02\/quase-120-mil-francanos-nao-completam-esquema-vacinal-contra-covid-19\/\",\"url\":\"https:\/\/verdadeon.com.br\/portal\/2022\/06\/02\/quase-120-mil-francanos-nao-completam-esquema-vacinal-contra-covid-19\/\",\"name\":\"Quase 120 mil francanos n\u00e3o completam esquema vacinal contra Covid-19 - VerdadeOn\",\"isPartOf\":{\"@id\":\"https:\/\/verdadeon.com.br\/portal\/#website\"},\"primaryImageOfPage\":{\"@id\":\"https:\/\/verdadeon.com.br\/portal\/2022\/06\/02\/quase-120-mil-francanos-nao-completam-esquema-vacinal-contra-covid-19\/#primaryimage\"},\"image\":{\"@id\":\"https:\/\/verdadeon.com.br\/portal\/2022\/06\/02\/quase-120-mil-francanos-nao-completam-esquema-vacinal-contra-covid-19\/#primaryimage\"},\"thumbnailUrl\":\"https:\/\/i0.wp.com\/verdadeon.com.br\/portal\/wp-content\/uploads\/2022\/02\/DIA-C-DE-VACINACAO-CONTRA-A-COVID-19-REALIZADO-EM-9-POSTOS-EM-FRANCA-NO-DIA-5-DE-FEVEREIRO-DE-2022-FOTO-JORNAL-VERDADE.jpeg?fit=1000%2C670&ssl=1\",\"datePublished\":\"2022-06-02T20:16:53+00:00\",\"author\":{\"@id\":\"https:\/\/verdadeon.com.br\/portal\/#\/schema\/person\/cc32be22b8e8599387c480bc83e1d11a\"},\"breadcrumb\":{\"@id\":\"https:\/\/verdadeon.com.br\/portal\/2022\/06\/02\/quase-120-mil-francanos-nao-completam-esquema-vacinal-contra-covid-19\/#breadcrumb\"},\"inLanguage\":\"pt-BR\",\"potentialAction\":[{\"@type\":\"ReadAction\",\"target\":[\"https:\/\/verdadeon.com.br\/portal\/2022\/06\/02\/quase-120-mil-francanos-nao-completam-esquema-vacinal-contra-covid-19\/\"]}]},{\"@type\":\"ImageObject\",\"inLanguage\":\"pt-BR\",\"@id\":\"https:\/\/verdadeon.com.br\/portal\/2022\/06\/02\/quase-120-mil-francanos-nao-completam-esquema-vacinal-contra-covid-19\/#primaryimage\",\"url\":\"https:\/\/i0.wp.com\/verdadeon.com.br\/portal\/wp-content\/uploads\/2022\/02\/DIA-C-DE-VACINACAO-CONTRA-A-COVID-19-REALIZADO-EM-9-POSTOS-EM-FRANCA-NO-DIA-5-DE-FEVEREIRO-DE-2022-FOTO-JORNAL-VERDADE.jpeg?fit=1000%2C670&ssl=1\",\"contentUrl\":\"https:\/\/i0.wp.com\/verdadeon.com.br\/portal\/wp-content\/uploads\/2022\/02\/DIA-C-DE-VACINACAO-CONTRA-A-COVID-19-REALIZADO-EM-9-POSTOS-EM-FRANCA-NO-DIA-5-DE-FEVEREIRO-DE-2022-FOTO-JORNAL-VERDADE.jpeg?fit=1000%2C670&ssl=1\",\"width\":1000,\"height\":670,\"caption\":\"Pais e crian\u00e7as aguardam na fila para vacina\u00e7\u00e3o na UBS da Esta\u00e7\u00e3o, local vai receber moradores para aplica\u00e7\u00e3o da vacina neste s\u00e1bado | Foto: Jornal Verdade\"},{\"@type\":\"BreadcrumbList\",\"@id\":\"https:\/\/verdadeon.com.br\/portal\/2022\/06\/02\/quase-120-mil-francanos-nao-completam-esquema-vacinal-contra-covid-19\/#breadcrumb\",\"itemListElement\":[{\"@type\":\"ListItem\",\"position\":1,\"name\":\"In\u00edcio\",\"item\":\"https:\/\/verdadeon.com.br\/portal\/\"},{\"@type\":\"ListItem\",\"position\":2,\"name\":\"Quase 120 mil francanos n\u00e3o completam esquema vacinal contra Covid-19\"}]},{\"@type\":\"WebSite\",\"@id\":\"https:\/\/verdadeon.com.br\/portal\/#website\",\"url\":\"https:\/\/verdadeon.com.br\/portal\/\",\"name\":\"VerdadeOn\",\"description\":\"Not\u00edcias di\u00e1rias sobre Franca, Regi\u00e3o, Esporte, Cultura, Cotidiano, Colunas. Cobertura nos principais eventos da cidade \u00e9 aqui - Verdadeon Franca\",\"potentialAction\":[{\"@type\":\"SearchAction\",\"target\":{\"@type\":\"EntryPoint\",\"urlTemplate\":\"https:\/\/verdadeon.com.br\/portal\/?s={search_term_string}\"},\"query-input\":{\"@type\":\"PropertyValueSpecification\",\"valueRequired\":true,\"valueName\":\"search_term_string\"}}],\"inLanguage\":\"pt-BR\"},{\"@type\":\"Person\",\"@id\":\"https:\/\/verdadeon.com.br\/portal\/#\/schema\/person\/cc32be22b8e8599387c480bc83e1d11a\",\"name\":\"Fernando Lima\",\"image\":{\"@type\":\"ImageObject\",\"inLanguage\":\"pt-BR\",\"@id\":\"https:\/\/verdadeon.com.br\/portal\/#\/schema\/person\/image\/\",\"url\":\"https:\/\/secure.gravatar.com\/avatar\/df4c8e132080d2b3a4841d5d232045464e0eed11a1d6e43115ca0843d48768d3?s=96&d=mm&r=g\",\"contentUrl\":\"https:\/\/secure.gravatar.com\/avatar\/df4c8e132080d2b3a4841d5d232045464e0eed11a1d6e43115ca0843d48768d3?s=96&d=mm&r=g\",\"caption\":\"Fernando Lima\"},\"sameAs\":[\"http:\/\/verdadeon.com.br\/\"],\"url\":\"https:\/\/verdadeon.com.br\/portal\/author\/fernando-lima\/\"}]}<\/script>\n<!-- \/ Yoast SEO plugin. -->","yoast_head_json":{"title":"Quase 120 mil francanos n\u00e3o completam esquema vacinal contra Covid-19 - VerdadeOn","robots":{"index":"index","follow":"follow","max-snippet":"max-snippet:-1","max-image-preview":"max-image-preview:large","max-video-preview":"max-video-preview:-1"},"canonical":"https:\/\/verdadeon.com.br\/portal\/2022\/06\/02\/quase-120-mil-francanos-nao-completam-esquema-vacinal-contra-covid-19\/","og_locale":"pt_BR","og_type":"article","og_title":"Quase 120 mil francanos n\u00e3o completam esquema vacinal contra Covid-19 - VerdadeOn","og_description":"Por conta disso secretaria de Sa\u00fade anunciou mutir\u00e3o para o pr\u00f3ximo s\u00e1bado em 11 postos de vacina\u00e7\u00e3o A secretaria de Sa\u00fade de Franca divulgou nesta quinta-feira [\u2026]","og_url":"https:\/\/verdadeon.com.br\/portal\/2022\/06\/02\/quase-120-mil-francanos-nao-completam-esquema-vacinal-contra-covid-19\/","og_site_name":"VerdadeOn","article_published_time":"2022-06-02T20:16:53+00:00","og_image":[{"width":1000,"height":670,"url":"https:\/\/verdadeon.com.br\/portal\/wp-content\/uploads\/2022\/02\/DIA-C-DE-VACINACAO-CONTRA-A-COVID-19-REALIZADO-EM-9-POSTOS-EM-FRANCA-NO-DIA-5-DE-FEVEREIRO-DE-2022-FOTO-JORNAL-VERDADE.jpeg","type":"image\/jpeg"}],"author":"Fernando Lima","twitter_card":"summary_large_image","twitter_misc":{"Escrito por":"Fernando Lima","Est. tempo de leitura":"3 minutos"},"schema":{"@context":"https:\/\/schema.org","@graph":[{"@type":"WebPage","@id":"https:\/\/verdadeon.com.br\/portal\/2022\/06\/02\/quase-120-mil-francanos-nao-completam-esquema-vacinal-contra-covid-19\/","url":"https:\/\/verdadeon.com.br\/portal\/2022\/06\/02\/quase-120-mil-francanos-nao-completam-esquema-vacinal-contra-covid-19\/","name":"Quase 120 mil francanos n\u00e3o completam esquema vacinal contra Covid-19 - VerdadeOn","isPartOf":{"@id":"https:\/\/verdadeon.com.br\/portal\/#website"},"primaryImageOfPage":{"@id":"https:\/\/verdadeon.com.br\/portal\/2022\/06\/02\/quase-120-mil-francanos-nao-completam-esquema-vacinal-contra-covid-19\/#primaryimage"},"image":{"@id":"https:\/\/verdadeon.com.br\/portal\/2022\/06\/02\/quase-120-mil-francanos-nao-completam-esquema-vacinal-contra-covid-19\/#primaryimage"},"thumbnailUrl":"https:\/\/i0.wp.com\/verdadeon.com.br\/portal\/wp-content\/uploads\/2022\/02\/DIA-C-DE-VACINACAO-CONTRA-A-COVID-19-REALIZADO-EM-9-POSTOS-EM-FRANCA-NO-DIA-5-DE-FEVEREIRO-DE-2022-FOTO-JORNAL-VERDADE.jpeg?fit=1000%2C670&ssl=1","datePublished":"2022-06-02T20:16:53+00:00","author":{"@id":"https:\/\/verdadeon.com.br\/portal\/#\/schema\/person\/cc32be22b8e8599387c480bc83e1d11a"},"breadcrumb":{"@id":"https:\/\/verdadeon.com.br\/portal\/2022\/06\/02\/quase-120-mil-francanos-nao-completam-esquema-vacinal-contra-covid-19\/#breadcrumb"},"inLanguage":"pt-BR","potentialAction":[{"@type":"ReadAction","target":["https:\/\/verdadeon.com.br\/portal\/2022\/06\/02\/quase-120-mil-francanos-nao-completam-esquema-vacinal-contra-covid-19\/"]}]},{"@type":"ImageObject","inLanguage":"pt-BR","@id":"https:\/\/verdadeon.com.br\/portal\/2022\/06\/02\/quase-120-mil-francanos-nao-completam-esquema-vacinal-contra-covid-19\/#primaryimage","url":"https:\/\/i0.wp.com\/verdadeon.com.br\/portal\/wp-content\/uploads\/2022\/02\/DIA-C-DE-VACINACAO-CONTRA-A-COVID-19-REALIZADO-EM-9-POSTOS-EM-FRANCA-NO-DIA-5-DE-FEVEREIRO-DE-2022-FOTO-JORNAL-VERDADE.jpeg?fit=1000%2C670&ssl=1","contentUrl":"https:\/\/i0.wp.com\/verdadeon.com.br\/portal\/wp-content\/uploads\/2022\/02\/DIA-C-DE-VACINACAO-CONTRA-A-COVID-19-REALIZADO-EM-9-POSTOS-EM-FRANCA-NO-DIA-5-DE-FEVEREIRO-DE-2022-FOTO-JORNAL-VERDADE.jpeg?fit=1000%2C670&ssl=1","width":1000,"height":670,"caption":"Pais e crian\u00e7as aguardam na fila para vacina\u00e7\u00e3o na UBS da Esta\u00e7\u00e3o, local vai receber moradores para aplica\u00e7\u00e3o da vacina neste s\u00e1bado | Foto: Jornal Verdade"},{"@type":"BreadcrumbList","@id":"https:\/\/verdadeon.com.br\/portal\/2022\/06\/02\/quase-120-mil-francanos-nao-completam-esquema-vacinal-contra-covid-19\/#breadcrumb","itemListElement":[{"@type":"ListItem","position":1,"name":"In\u00edcio","item":"https:\/\/verdadeon.com.br\/portal\/"},{"@type":"ListItem","position":2,"name":"Quase 120 mil francanos n\u00e3o completam esquema vacinal contra Covid-19"}]},{"@type":"WebSite","@id":"https:\/\/verdadeon.com.br\/portal\/#website","url":"https:\/\/verdadeon.com.br\/portal\/","name":"VerdadeOn","description":"Not\u00edcias di\u00e1rias sobre Franca, Regi\u00e3o, Esporte, Cultura, Cotidiano, Colunas. Cobertura nos principais eventos da cidade \u00e9 aqui - Verdadeon Franca","potentialAction":[{"@type":"SearchAction","target":{"@type":"EntryPoint","urlTemplate":"https:\/\/verdadeon.com.br\/portal\/?s={search_term_string}"},"query-input":{"@type":"PropertyValueSpecification","valueRequired":true,"valueName":"search_term_string"}}],"inLanguage":"pt-BR"},{"@type":"Person","@id":"https:\/\/verdadeon.com.br\/portal\/#\/schema\/person\/cc32be22b8e8599387c480bc83e1d11a","name":"Fernando Lima","image":{"@type":"ImageObject","inLanguage":"pt-BR","@id":"https:\/\/verdadeon.com.br\/portal\/#\/schema\/person\/image\/","url":"https:\/\/secure.gravatar.com\/avatar\/df4c8e132080d2b3a4841d5d232045464e0eed11a1d6e43115ca0843d48768d3?s=96&d=mm&r=g","contentUrl":"https:\/\/secure.gravatar.com\/avatar\/df4c8e132080d2b3a4841d5d232045464e0eed11a1d6e43115ca0843d48768d3?s=96&d=mm&r=g","caption":"Fernando Lima"},"sameAs":["http:\/\/verdadeon.com.br\/"],"url":"https:\/\/verdadeon.com.br\/portal\/author\/fernando-lima\/"}]}},"jetpack_publicize_connections":[],"jetpack_featured_media_url":"https:\/\/i0.wp.com\/verdadeon.com.br\/portal\/wp-content\/uploads\/2022\/02\/DIA-C-DE-VACINACAO-CONTRA-A-COVID-19-REALIZADO-EM-9-POSTOS-EM-FRANCA-NO-DIA-5-DE-FEVEREIRO-DE-2022-FOTO-JORNAL-VERDADE.jpeg?fit=1000%2C670&ssl=1","jetpack_sharing_enabled":true,"_links":{"self":[{"href":"https:\/\/verdadeon.com.br\/portal\/wp-json\/wp\/v2\/posts\/25519","targetHints":{"allow":["GET"]}}],"collection":[{"href":"https:\/\/verdadeon.com.br\/portal\/wp-json\/wp\/v2\/posts"}],"about":[{"href":"https:\/\/verdadeon.com.br\/portal\/wp-json\/wp\/v2\/types\/post"}],"author":[{"embeddable":true,"href":"https:\/\/verdadeon.com.br\/portal\/wp-json\/wp\/v2\/users\/7"}],"replies":[{"embeddable":true,"href":"https:\/\/verdadeon.com.br\/portal\/wp-json\/wp\/v2\/comments?post=25519"}],"version-history":[{"count":1,"href":"https:\/\/verdadeon.com.br\/portal\/wp-json\/wp\/v2\/posts\/25519\/revisions"}],"predecessor-version":[{"id":25520,"href":"https:\/\/verdadeon.com.br\/portal\/wp-json\/wp\/v2\/posts\/25519\/revisions\/25520"}],"wp:featuredmedia":[{"embeddable":true,"href":"https:\/\/verdadeon.com.br\/portal\/wp-json\/wp\/v2\/media\/22891"}],"wp:attachment":[{"href":"https:\/\/verdadeon.com.br\/portal\/wp-json\/wp\/v2\/media?parent=25519"}],"wp:term":[{"taxonomy":"category","embeddable":true,"href":"https:\/\/verdadeon.com.br\/portal\/wp-json\/wp\/v2\/categories?post=25519"},{"taxonomy":"post_tag","embeddable":true,"href":"https:\/\/verdadeon.com.br\/portal\/wp-json\/wp\/v2\/tags?post=25519"}],"curies":[{"name":"wp","href":"https:\/\/api.w.org\/{rel}","templated":true}]}}