{"id":25492,"date":"2022-06-01T17:50:01","date_gmt":"2022-06-01T20:50:01","guid":{"rendered":"https:\/\/verdadeon.com.br\/portal\/?p=25492"},"modified":"2022-06-01T17:50:01","modified_gmt":"2022-06-01T20:50:01","slug":"governo-investe-r-10-milhoes-no-combate-a-violencia-sexual-infantil-online","status":"publish","type":"post","link":"https:\/\/verdadeon.com.br\/portal\/2022\/06\/01\/governo-investe-r-10-milhoes-no-combate-a-violencia-sexual-infantil-online\/","title":{"rendered":"Governo investe R$ 10 milh\u00f5es no combate \u00e0 viol\u00eancia sexual infantil online"},"content":{"rendered":"<h2 class=\"col-10 offset-1 animated fadeInDown dealy-900 display-8 display-md-8 alt-font font-italic my-1 text-center\">Os recursos devem ser executados em parceria com o Programa das Na\u00e7\u00f5es Unidas para o Desenvolvimento (Pnud)<\/h2>\n<p>A ministra da Mulher, Fam\u00edlia e Direitos Humanos, Cristiane Britto, disse que o governo deve investir US$ 2 milh\u00f5es (cerca de R$ 10 milh\u00f5es) para implementar um modelo\u00a0nacional de combate \u00e0 viol\u00eancia contra crian\u00e7as e adolescentes na internet.<img data-recalc-dims=\"1\" decoding=\"async\" src=\"https:\/\/i0.wp.com\/agenciabrasil.ebc.com.br\/ebc.png?w=1220&#038;ssl=1\" \/><img data-recalc-dims=\"1\" decoding=\"async\" src=\"https:\/\/i0.wp.com\/agenciabrasil.ebc.com.br\/ebc.gif?w=1220&#038;ssl=1\" \/><\/p>\n<p>Os recursos devem ser executados em parceria com o Programa das Na\u00e7\u00f5es Unidas para o Desenvolvimento (Pnud). De acordo com a pasta, os recursos ser\u00e3o aplicados \u201cem seis eixos tem\u00e1ticos de resposta imediata ao crescimento dos crimes sexuais contra crian\u00e7as e adolescentes em ambiente virtual\u201d.<\/p>\n<p>O an\u00fancio foi feito durante a C\u00fapula Global de Enfrentamento \u00e0 Viol\u00eancia contra Crian\u00e7as e Adolescentes, em Bruxelas, na B\u00e9lgica. O evento \u00e9 organizado pela alian\u00e7a internacional We Protect, que re\u00fane 99 pa\u00edses, 56 empresas de tecnologia, 71 organiza\u00e7\u00f5es n\u00e3o governamentais (ONG\u2019s) e nove organiza\u00e7\u00f5es multilaterais.<\/p>\n<p>\u201cCom uma atua\u00e7\u00e3o cada vez mais especializada do crime organizado, a uni\u00e3o de esfor\u00e7os em escala global para extinguir de vez o abuso sexual infantil pela internet \u00e9 uma necessidade urgent\u00edssima\u201d, disse a ministra.\u00a0\u00a0ao anunciar de recursos para o combate \u00e0 viol\u00eancia sexual infantil na internet.<\/p>\n<p>\u201cCrian\u00e7as e adolescentes n\u00e3o t\u00eam sindicato, n\u00e3o est\u00e3o reunidos em associa\u00e7\u00f5es, n\u00e3o organizam passeatas e muitas vezes sequer conseguem pedir ajuda. Portanto, cabe a n\u00f3s, este grande ex\u00e9rcito mundial de prote\u00e7\u00e3o, agirmos para garantir os seus direitos\u201d, acrescentou ela.<\/p>\n<p>Segundo o minist\u00e9rio, o Pnud far\u00e1 um diagn\u00f3stico de todo o sistema de Justi\u00e7a, da rede de prote\u00e7\u00e3o e suporte \u00e0s v\u00edtimas, das \u00e1reas de pesquisa e tecnologia, al\u00e9m de todas as pol\u00edticas e legisla\u00e7\u00f5es ligadas ao tema. \u201cO objetivo \u00e9 aprimorar as a\u00e7\u00f5es de preven\u00e7\u00e3o e repress\u00e3o ao abuso e explora\u00e7\u00e3o sexual de crian\u00e7as e adolescentes j\u00e1 implementados no Brasil\u201d, afirmou a pasta, em nota.<\/p>\n<p>Fonte: Ag\u00eancia Brasil<\/p>\n","protected":false},"excerpt":{"rendered":"<p>Os recursos devem ser executados em parceria com o Programa das Na\u00e7\u00f5es Unidas para o Desenvolvimento (Pnud) A ministra da Mulher, Fam\u00edlia e Direitos Humanos, Cristiane<span class=\"excerpt-hellip\"> [\u2026]<\/span><\/p>\n","protected":false},"author":7,"featured_media":25496,"comment_status":"open","ping_status":"open","sticky":false,"template":"","format":"standard","meta":{"_jetpack_memberships_contains_paid_content":false,"footnotes":"","jetpack_publicize_message":"","jetpack_publicize_feature_enabled":true,"jetpack_social_post_already_shared":false,"jetpack_social_options":{"image_generator_settings":{"template":"highway","default_image_id":0,"enabled":false},"version":2}},"categories":[28,44],"tags":[],"class_list":["post-25492","post","type-post","status-publish","format-standard","has-post-thumbnail","hentry","category-cotidiano","category-noticias"],"yoast_head":"<!-- This site is optimized with the Yoast SEO plugin v25.6 - https:\/\/yoast.com\/wordpress\/plugins\/seo\/ -->\n<title>Governo investe R$ 10 milh\u00f5es no combate \u00e0 viol\u00eancia sexual infantil online - VerdadeOn<\/title>\n<meta name=\"robots\" content=\"index, follow, max-snippet:-1, max-image-preview:large, max-video-preview:-1\" \/>\n<link rel=\"canonical\" href=\"https:\/\/verdadeon.com.br\/portal\/2022\/06\/01\/governo-investe-r-10-milhoes-no-combate-a-violencia-sexual-infantil-online\/\" \/>\n<meta property=\"og:locale\" content=\"pt_BR\" \/>\n<meta property=\"og:type\" content=\"article\" \/>\n<meta property=\"og:title\" content=\"Governo investe R$ 10 milh\u00f5es no combate \u00e0 viol\u00eancia sexual infantil online - VerdadeOn\" \/>\n<meta property=\"og:description\" content=\"Os recursos devem ser executados em parceria com o Programa das Na\u00e7\u00f5es Unidas para o Desenvolvimento (Pnud) A ministra da Mulher, Fam\u00edlia e Direitos Humanos, Cristiane [\u2026]\" \/>\n<meta property=\"og:url\" content=\"https:\/\/verdadeon.com.br\/portal\/2022\/06\/01\/governo-investe-r-10-milhoes-no-combate-a-violencia-sexual-infantil-online\/\" \/>\n<meta property=\"og:site_name\" content=\"VerdadeOn\" \/>\n<meta property=\"article:published_time\" content=\"2022-06-01T20:50:01+00:00\" \/>\n<meta property=\"og:image\" content=\"https:\/\/verdadeon.com.br\/portal\/wp-content\/uploads\/2022\/06\/VIOLENCIA-CRIANCA-e1654116232130.jpg\" \/>\n\t<meta property=\"og:image:width\" content=\"1000\" \/>\n\t<meta property=\"og:image:height\" content=\"669\" \/>\n\t<meta property=\"og:image:type\" content=\"image\/jpeg\" \/>\n<meta name=\"author\" content=\"Fernando Lima\" \/>\n<meta name=\"twitter:card\" content=\"summary_large_image\" \/>\n<meta name=\"twitter:label1\" content=\"Escrito por\" \/>\n\t<meta name=\"twitter:data1\" content=\"Fernando Lima\" \/>\n\t<meta name=\"twitter:label2\" content=\"Est. tempo de leitura\" \/>\n\t<meta name=\"twitter:data2\" content=\"3 minutos\" \/>\n<script type=\"application\/ld+json\" class=\"yoast-schema-graph\">{\"@context\":\"https:\/\/schema.org\",\"@graph\":[{\"@type\":\"WebPage\",\"@id\":\"https:\/\/verdadeon.com.br\/portal\/2022\/06\/01\/governo-investe-r-10-milhoes-no-combate-a-violencia-sexual-infantil-online\/\",\"url\":\"https:\/\/verdadeon.com.br\/portal\/2022\/06\/01\/governo-investe-r-10-milhoes-no-combate-a-violencia-sexual-infantil-online\/\",\"name\":\"Governo investe R$ 10 milh\u00f5es no combate \u00e0 viol\u00eancia sexual infantil online - VerdadeOn\",\"isPartOf\":{\"@id\":\"https:\/\/verdadeon.com.br\/portal\/#website\"},\"primaryImageOfPage\":{\"@id\":\"https:\/\/verdadeon.com.br\/portal\/2022\/06\/01\/governo-investe-r-10-milhoes-no-combate-a-violencia-sexual-infantil-online\/#primaryimage\"},\"image\":{\"@id\":\"https:\/\/verdadeon.com.br\/portal\/2022\/06\/01\/governo-investe-r-10-milhoes-no-combate-a-violencia-sexual-infantil-online\/#primaryimage\"},\"thumbnailUrl\":\"https:\/\/i0.wp.com\/verdadeon.com.br\/portal\/wp-content\/uploads\/2022\/06\/VIOLENCIA-CRIANCA-e1654116232130.jpg?fit=1000%2C669&ssl=1\",\"datePublished\":\"2022-06-01T20:50:01+00:00\",\"author\":{\"@id\":\"https:\/\/verdadeon.com.br\/portal\/#\/schema\/person\/cc32be22b8e8599387c480bc83e1d11a\"},\"breadcrumb\":{\"@id\":\"https:\/\/verdadeon.com.br\/portal\/2022\/06\/01\/governo-investe-r-10-milhoes-no-combate-a-violencia-sexual-infantil-online\/#breadcrumb\"},\"inLanguage\":\"pt-BR\",\"potentialAction\":[{\"@type\":\"ReadAction\",\"target\":[\"https:\/\/verdadeon.com.br\/portal\/2022\/06\/01\/governo-investe-r-10-milhoes-no-combate-a-violencia-sexual-infantil-online\/\"]}]},{\"@type\":\"ImageObject\",\"inLanguage\":\"pt-BR\",\"@id\":\"https:\/\/verdadeon.com.br\/portal\/2022\/06\/01\/governo-investe-r-10-milhoes-no-combate-a-violencia-sexual-infantil-online\/#primaryimage\",\"url\":\"https:\/\/i0.wp.com\/verdadeon.com.br\/portal\/wp-content\/uploads\/2022\/06\/VIOLENCIA-CRIANCA-e1654116232130.jpg?fit=1000%2C669&ssl=1\",\"contentUrl\":\"https:\/\/i0.wp.com\/verdadeon.com.br\/portal\/wp-content\/uploads\/2022\/06\/VIOLENCIA-CRIANCA-e1654116232130.jpg?fit=1000%2C669&ssl=1\",\"width\":1000,\"height\":669,\"caption\":\"An\u00fancio foi feito durante C\u00fapula Global de Enfrentamento \u00e0 Viol\u00eancia contra Crian\u00e7as e Adolescentes, em Bruxelas, na B\u00e9lgica | Foto: Ag\u00eancia Brasil\"},{\"@type\":\"BreadcrumbList\",\"@id\":\"https:\/\/verdadeon.com.br\/portal\/2022\/06\/01\/governo-investe-r-10-milhoes-no-combate-a-violencia-sexual-infantil-online\/#breadcrumb\",\"itemListElement\":[{\"@type\":\"ListItem\",\"position\":1,\"name\":\"In\u00edcio\",\"item\":\"https:\/\/verdadeon.com.br\/portal\/\"},{\"@type\":\"ListItem\",\"position\":2,\"name\":\"Governo investe R$ 10 milh\u00f5es no combate \u00e0 viol\u00eancia sexual infantil online\"}]},{\"@type\":\"WebSite\",\"@id\":\"https:\/\/verdadeon.com.br\/portal\/#website\",\"url\":\"https:\/\/verdadeon.com.br\/portal\/\",\"name\":\"VerdadeOn\",\"description\":\"Not\u00edcias di\u00e1rias sobre Franca, Regi\u00e3o, Esporte, Cultura, Cotidiano, Colunas. Cobertura nos principais eventos da cidade \u00e9 aqui - Verdadeon Franca\",\"potentialAction\":[{\"@type\":\"SearchAction\",\"target\":{\"@type\":\"EntryPoint\",\"urlTemplate\":\"https:\/\/verdadeon.com.br\/portal\/?s={search_term_string}\"},\"query-input\":{\"@type\":\"PropertyValueSpecification\",\"valueRequired\":true,\"valueName\":\"search_term_string\"}}],\"inLanguage\":\"pt-BR\"},{\"@type\":\"Person\",\"@id\":\"https:\/\/verdadeon.com.br\/portal\/#\/schema\/person\/cc32be22b8e8599387c480bc83e1d11a\",\"name\":\"Fernando Lima\",\"image\":{\"@type\":\"ImageObject\",\"inLanguage\":\"pt-BR\",\"@id\":\"https:\/\/verdadeon.com.br\/portal\/#\/schema\/person\/image\/\",\"url\":\"https:\/\/secure.gravatar.com\/avatar\/df4c8e132080d2b3a4841d5d232045464e0eed11a1d6e43115ca0843d48768d3?s=96&d=mm&r=g\",\"contentUrl\":\"https:\/\/secure.gravatar.com\/avatar\/df4c8e132080d2b3a4841d5d232045464e0eed11a1d6e43115ca0843d48768d3?s=96&d=mm&r=g\",\"caption\":\"Fernando Lima\"},\"sameAs\":[\"http:\/\/verdadeon.com.br\/\"],\"url\":\"https:\/\/verdadeon.com.br\/portal\/author\/fernando-lima\/\"}]}<\/script>\n<!-- \/ Yoast SEO plugin. -->","yoast_head_json":{"title":"Governo investe R$ 10 milh\u00f5es no combate \u00e0 viol\u00eancia sexual infantil online - VerdadeOn","robots":{"index":"index","follow":"follow","max-snippet":"max-snippet:-1","max-image-preview":"max-image-preview:large","max-video-preview":"max-video-preview:-1"},"canonical":"https:\/\/verdadeon.com.br\/portal\/2022\/06\/01\/governo-investe-r-10-milhoes-no-combate-a-violencia-sexual-infantil-online\/","og_locale":"pt_BR","og_type":"article","og_title":"Governo investe R$ 10 milh\u00f5es no combate \u00e0 viol\u00eancia sexual infantil online - VerdadeOn","og_description":"Os recursos devem ser executados em parceria com o Programa das Na\u00e7\u00f5es Unidas para o Desenvolvimento (Pnud) A ministra da Mulher, Fam\u00edlia e Direitos Humanos, Cristiane [\u2026]","og_url":"https:\/\/verdadeon.com.br\/portal\/2022\/06\/01\/governo-investe-r-10-milhoes-no-combate-a-violencia-sexual-infantil-online\/","og_site_name":"VerdadeOn","article_published_time":"2022-06-01T20:50:01+00:00","og_image":[{"width":1000,"height":669,"url":"https:\/\/verdadeon.com.br\/portal\/wp-content\/uploads\/2022\/06\/VIOLENCIA-CRIANCA-e1654116232130.jpg","type":"image\/jpeg"}],"author":"Fernando Lima","twitter_card":"summary_large_image","twitter_misc":{"Escrito por":"Fernando Lima","Est. tempo de leitura":"3 minutos"},"schema":{"@context":"https:\/\/schema.org","@graph":[{"@type":"WebPage","@id":"https:\/\/verdadeon.com.br\/portal\/2022\/06\/01\/governo-investe-r-10-milhoes-no-combate-a-violencia-sexual-infantil-online\/","url":"https:\/\/verdadeon.com.br\/portal\/2022\/06\/01\/governo-investe-r-10-milhoes-no-combate-a-violencia-sexual-infantil-online\/","name":"Governo investe R$ 10 milh\u00f5es no combate \u00e0 viol\u00eancia sexual infantil online - VerdadeOn","isPartOf":{"@id":"https:\/\/verdadeon.com.br\/portal\/#website"},"primaryImageOfPage":{"@id":"https:\/\/verdadeon.com.br\/portal\/2022\/06\/01\/governo-investe-r-10-milhoes-no-combate-a-violencia-sexual-infantil-online\/#primaryimage"},"image":{"@id":"https:\/\/verdadeon.com.br\/portal\/2022\/06\/01\/governo-investe-r-10-milhoes-no-combate-a-violencia-sexual-infantil-online\/#primaryimage"},"thumbnailUrl":"https:\/\/i0.wp.com\/verdadeon.com.br\/portal\/wp-content\/uploads\/2022\/06\/VIOLENCIA-CRIANCA-e1654116232130.jpg?fit=1000%2C669&ssl=1","datePublished":"2022-06-01T20:50:01+00:00","author":{"@id":"https:\/\/verdadeon.com.br\/portal\/#\/schema\/person\/cc32be22b8e8599387c480bc83e1d11a"},"breadcrumb":{"@id":"https:\/\/verdadeon.com.br\/portal\/2022\/06\/01\/governo-investe-r-10-milhoes-no-combate-a-violencia-sexual-infantil-online\/#breadcrumb"},"inLanguage":"pt-BR","potentialAction":[{"@type":"ReadAction","target":["https:\/\/verdadeon.com.br\/portal\/2022\/06\/01\/governo-investe-r-10-milhoes-no-combate-a-violencia-sexual-infantil-online\/"]}]},{"@type":"ImageObject","inLanguage":"pt-BR","@id":"https:\/\/verdadeon.com.br\/portal\/2022\/06\/01\/governo-investe-r-10-milhoes-no-combate-a-violencia-sexual-infantil-online\/#primaryimage","url":"https:\/\/i0.wp.com\/verdadeon.com.br\/portal\/wp-content\/uploads\/2022\/06\/VIOLENCIA-CRIANCA-e1654116232130.jpg?fit=1000%2C669&ssl=1","contentUrl":"https:\/\/i0.wp.com\/verdadeon.com.br\/portal\/wp-content\/uploads\/2022\/06\/VIOLENCIA-CRIANCA-e1654116232130.jpg?fit=1000%2C669&ssl=1","width":1000,"height":669,"caption":"An\u00fancio foi feito durante C\u00fapula Global de Enfrentamento \u00e0 Viol\u00eancia contra Crian\u00e7as e Adolescentes, em Bruxelas, na B\u00e9lgica | Foto: Ag\u00eancia Brasil"},{"@type":"BreadcrumbList","@id":"https:\/\/verdadeon.com.br\/portal\/2022\/06\/01\/governo-investe-r-10-milhoes-no-combate-a-violencia-sexual-infantil-online\/#breadcrumb","itemListElement":[{"@type":"ListItem","position":1,"name":"In\u00edcio","item":"https:\/\/verdadeon.com.br\/portal\/"},{"@type":"ListItem","position":2,"name":"Governo investe R$ 10 milh\u00f5es no combate \u00e0 viol\u00eancia sexual infantil online"}]},{"@type":"WebSite","@id":"https:\/\/verdadeon.com.br\/portal\/#website","url":"https:\/\/verdadeon.com.br\/portal\/","name":"VerdadeOn","description":"Not\u00edcias di\u00e1rias sobre Franca, Regi\u00e3o, Esporte, Cultura, Cotidiano, Colunas. Cobertura nos principais eventos da cidade \u00e9 aqui - Verdadeon Franca","potentialAction":[{"@type":"SearchAction","target":{"@type":"EntryPoint","urlTemplate":"https:\/\/verdadeon.com.br\/portal\/?s={search_term_string}"},"query-input":{"@type":"PropertyValueSpecification","valueRequired":true,"valueName":"search_term_string"}}],"inLanguage":"pt-BR"},{"@type":"Person","@id":"https:\/\/verdadeon.com.br\/portal\/#\/schema\/person\/cc32be22b8e8599387c480bc83e1d11a","name":"Fernando Lima","image":{"@type":"ImageObject","inLanguage":"pt-BR","@id":"https:\/\/verdadeon.com.br\/portal\/#\/schema\/person\/image\/","url":"https:\/\/secure.gravatar.com\/avatar\/df4c8e132080d2b3a4841d5d232045464e0eed11a1d6e43115ca0843d48768d3?s=96&d=mm&r=g","contentUrl":"https:\/\/secure.gravatar.com\/avatar\/df4c8e132080d2b3a4841d5d232045464e0eed11a1d6e43115ca0843d48768d3?s=96&d=mm&r=g","caption":"Fernando Lima"},"sameAs":["http:\/\/verdadeon.com.br\/"],"url":"https:\/\/verdadeon.com.br\/portal\/author\/fernando-lima\/"}]}},"jetpack_publicize_connections":[],"jetpack_featured_media_url":"https:\/\/i0.wp.com\/verdadeon.com.br\/portal\/wp-content\/uploads\/2022\/06\/VIOLENCIA-CRIANCA-e1654116232130.jpg?fit=1000%2C669&ssl=1","jetpack_sharing_enabled":true,"_links":{"self":[{"href":"https:\/\/verdadeon.com.br\/portal\/wp-json\/wp\/v2\/posts\/25492","targetHints":{"allow":["GET"]}}],"collection":[{"href":"https:\/\/verdadeon.com.br\/portal\/wp-json\/wp\/v2\/posts"}],"about":[{"href":"https:\/\/verdadeon.com.br\/portal\/wp-json\/wp\/v2\/types\/post"}],"author":[{"embeddable":true,"href":"https:\/\/verdadeon.com.br\/portal\/wp-json\/wp\/v2\/users\/7"}],"replies":[{"embeddable":true,"href":"https:\/\/verdadeon.com.br\/portal\/wp-json\/wp\/v2\/comments?post=25492"}],"version-history":[{"count":1,"href":"https:\/\/verdadeon.com.br\/portal\/wp-json\/wp\/v2\/posts\/25492\/revisions"}],"predecessor-version":[{"id":25497,"href":"https:\/\/verdadeon.com.br\/portal\/wp-json\/wp\/v2\/posts\/25492\/revisions\/25497"}],"wp:featuredmedia":[{"embeddable":true,"href":"https:\/\/verdadeon.com.br\/portal\/wp-json\/wp\/v2\/media\/25496"}],"wp:attachment":[{"href":"https:\/\/verdadeon.com.br\/portal\/wp-json\/wp\/v2\/media?parent=25492"}],"wp:term":[{"taxonomy":"category","embeddable":true,"href":"https:\/\/verdadeon.com.br\/portal\/wp-json\/wp\/v2\/categories?post=25492"},{"taxonomy":"post_tag","embeddable":true,"href":"https:\/\/verdadeon.com.br\/portal\/wp-json\/wp\/v2\/tags?post=25492"}],"curies":[{"name":"wp","href":"https:\/\/api.w.org\/{rel}","templated":true}]}}