{"id":25486,"date":"2022-06-01T17:06:04","date_gmt":"2022-06-01T20:06:04","guid":{"rendered":"https:\/\/verdadeon.com.br\/portal\/?p=25486"},"modified":"2022-06-01T17:06:04","modified_gmt":"2022-06-01T20:06:04","slug":"nbb-ja-no-rio-de-janeiro-sesi-franca-basquete-se-prepara-para-2-jogo-da-grande-final","status":"publish","type":"post","link":"https:\/\/verdadeon.com.br\/portal\/2022\/06\/01\/nbb-ja-no-rio-de-janeiro-sesi-franca-basquete-se-prepara-para-2-jogo-da-grande-final\/","title":{"rendered":"NBB: J\u00e1 no Rio de Janeiro, Sesi Franca Basquete se prepara para 2\u00b0 jogo da grande final"},"content":{"rendered":"<h2>O time saiu na frente no primeiro duelo e aposta na intensidade para vencer novo confronto<\/h2>\n<p>Fernando Lima<\/p>\n<p>J\u00e1 no Rio de Janeiro o Sesi Franca Basquete se prepara a segunda partida contra o Flamengo, que acontece nesta quinta-feira (2), na casa do advers\u00e1rio. O time de Helinho saiu na frente no primeiro jogo, onde apresentou uma grande atua\u00e7\u00e3o contra os cariocas.<\/p>\n<p>\u201cChegamos na ter\u00e7a-feira, descansamos, realizamos um trabalho importante, t\u00e1tico, at\u00e9 regenerativo. Na quarta-feira vamos trabalhar mais uma vez focados dentro daquilo que n\u00f3s queremos colocar em pr\u00e1tica no jogo, para que a gente possa fazer o trabalho de arremesso e a tarde estar preparado para entrar em quadra e colocar em pr\u00e1tica o que estamos trabalhando, com a maior intensidade poss\u00edvel\u201d, destacou o t\u00e9cnico Helinho.<\/p>\n<p>A final est\u00e1 sendo tratada como uma revanche dos francanos contra os flamenguistas, j\u00e1 que a equipe paulista perdeu a final do NBB em 2019 para o arquirrival. Desde ent\u00e3o os dois times fazem grandes partidas que se tornaram verdadeiros duelos, e o maior cl\u00e1ssico do basquete nacional atualmente.<\/p>\n<p>\u201cEm final todo jogo \u00e9 importante e gera uma expectativa grande. A gente est\u00e1 mais do que nunca preparado para tudo o que pode acontecer, para que a gente possa realmente deixar tudo em quadra. \u00c9 como eu sempre falo, agora n\u00e3o \u00e9 o que, \u00e9 o como a gente tem que fazer, colocando tudo aquilo que vem trabalhando ao longo da temporada e buscando os objetivos, que agora \u00e9 a segunda vit\u00f3ria na s\u00e9rie\u201d, finalizou Helinho.<\/p>\n<h4>Primeiro jogo<\/h4>\n<p>Em uma grande atua\u00e7\u00e3o os francanos fizeram bonito em quadra no \u00faltimo s\u00e1bado (28), dominaram o jogo nos quatro tempos. No terceiro os cariocas chegaram a esbo\u00e7ar uma rea\u00e7\u00e3o e ficaram na frente do placar, mas os paulistas administraram melhor o nervosismo e viraram, garantindo a vit\u00f3ria por 85 a 79.<\/p>\n<p>Lucas Dias foi o grande nome do jogo, com 20 pontos, sete rebotes e tr\u00eas assist\u00eancias, Lucas Mariano tamb\u00e9m se destacou com 20 cestas. Georginho tamb\u00e9m fez grande partida, foram 17 pontos, sete rebotes e cinco assist\u00eancias.<\/p>\n<p>Os duelos dois e tr\u00eas acontecem no Rio de Janeiro, caso o Franca ven\u00e7a as tr\u00eas, j\u00e1 levanta o t\u00edtulo do NBB, caso o Flamengo saia vencedor de um dos confrontos, naturalmente vai for\u00e7ar o quarto duelo, que ser\u00e1 realizado em Franca, assim como o quinto, caso seja necess\u00e1rio, a equipe que vencer tr\u00eas partidas leva o t\u00edtulo de campe\u00e3o do NBB.<\/p>\n","protected":false},"excerpt":{"rendered":"<p>O time saiu na frente no primeiro duelo e aposta na intensidade para vencer novo confronto Fernando Lima J\u00e1 no Rio de Janeiro o Sesi Franca<span class=\"excerpt-hellip\"> [\u2026]<\/span><\/p>\n","protected":false},"author":7,"featured_media":25490,"comment_status":"open","ping_status":"open","sticky":false,"template":"","format":"standard","meta":{"_jetpack_memberships_contains_paid_content":false,"footnotes":"","jetpack_publicize_message":"","jetpack_publicize_feature_enabled":true,"jetpack_social_post_already_shared":false,"jetpack_social_options":{"image_generator_settings":{"template":"highway","default_image_id":0,"enabled":false},"version":2}},"categories":[28,81],"tags":[],"class_list":["post-25486","post","type-post","status-publish","format-standard","has-post-thumbnail","hentry","category-cotidiano","category-manchete"],"yoast_head":"<!-- This site is optimized with the Yoast SEO plugin v25.6 - https:\/\/yoast.com\/wordpress\/plugins\/seo\/ -->\n<title>NBB: J\u00e1 no Rio de Janeiro, Sesi Franca Basquete se prepara para 2\u00b0 jogo da grande final - VerdadeOn<\/title>\n<meta name=\"robots\" content=\"index, follow, max-snippet:-1, max-image-preview:large, max-video-preview:-1\" \/>\n<link rel=\"canonical\" href=\"https:\/\/verdadeon.com.br\/portal\/2022\/06\/01\/nbb-ja-no-rio-de-janeiro-sesi-franca-basquete-se-prepara-para-2-jogo-da-grande-final\/\" \/>\n<meta property=\"og:locale\" content=\"pt_BR\" \/>\n<meta property=\"og:type\" content=\"article\" \/>\n<meta property=\"og:title\" content=\"NBB: J\u00e1 no Rio de Janeiro, Sesi Franca Basquete se prepara para 2\u00b0 jogo da grande final - VerdadeOn\" \/>\n<meta property=\"og:description\" content=\"O time saiu na frente no primeiro duelo e aposta na intensidade para vencer novo confronto Fernando Lima J\u00e1 no Rio de Janeiro o Sesi Franca [\u2026]\" \/>\n<meta property=\"og:url\" content=\"https:\/\/verdadeon.com.br\/portal\/2022\/06\/01\/nbb-ja-no-rio-de-janeiro-sesi-franca-basquete-se-prepara-para-2-jogo-da-grande-final\/\" \/>\n<meta property=\"og:site_name\" content=\"VerdadeOn\" \/>\n<meta property=\"article:published_time\" content=\"2022-06-01T20:06:04+00:00\" \/>\n<meta property=\"og:image\" content=\"https:\/\/verdadeon.com.br\/portal\/wp-content\/uploads\/2022\/06\/WhatsApp-Image-2022-06-01-at-17.04.12.jpeg\" \/>\n\t<meta property=\"og:image:width\" content=\"1000\" \/>\n\t<meta property=\"og:image:height\" content=\"670\" \/>\n\t<meta property=\"og:image:type\" content=\"image\/jpeg\" \/>\n<meta name=\"author\" content=\"Fernando Lima\" \/>\n<meta name=\"twitter:card\" content=\"summary_large_image\" \/>\n<meta name=\"twitter:label1\" content=\"Escrito por\" \/>\n\t<meta name=\"twitter:data1\" content=\"Fernando Lima\" \/>\n\t<meta name=\"twitter:label2\" content=\"Est. tempo de leitura\" \/>\n\t<meta name=\"twitter:data2\" content=\"3 minutos\" \/>\n<script type=\"application\/ld+json\" class=\"yoast-schema-graph\">{\"@context\":\"https:\/\/schema.org\",\"@graph\":[{\"@type\":\"WebPage\",\"@id\":\"https:\/\/verdadeon.com.br\/portal\/2022\/06\/01\/nbb-ja-no-rio-de-janeiro-sesi-franca-basquete-se-prepara-para-2-jogo-da-grande-final\/\",\"url\":\"https:\/\/verdadeon.com.br\/portal\/2022\/06\/01\/nbb-ja-no-rio-de-janeiro-sesi-franca-basquete-se-prepara-para-2-jogo-da-grande-final\/\",\"name\":\"NBB: J\u00e1 no Rio de Janeiro, Sesi Franca Basquete se prepara para 2\u00b0 jogo da grande final - VerdadeOn\",\"isPartOf\":{\"@id\":\"https:\/\/verdadeon.com.br\/portal\/#website\"},\"primaryImageOfPage\":{\"@id\":\"https:\/\/verdadeon.com.br\/portal\/2022\/06\/01\/nbb-ja-no-rio-de-janeiro-sesi-franca-basquete-se-prepara-para-2-jogo-da-grande-final\/#primaryimage\"},\"image\":{\"@id\":\"https:\/\/verdadeon.com.br\/portal\/2022\/06\/01\/nbb-ja-no-rio-de-janeiro-sesi-franca-basquete-se-prepara-para-2-jogo-da-grande-final\/#primaryimage\"},\"thumbnailUrl\":\"https:\/\/i0.wp.com\/verdadeon.com.br\/portal\/wp-content\/uploads\/2022\/06\/WhatsApp-Image-2022-06-01-at-17.04.12.jpeg?fit=1000%2C670&ssl=1\",\"datePublished\":\"2022-06-01T20:06:04+00:00\",\"author\":{\"@id\":\"https:\/\/verdadeon.com.br\/portal\/#\/schema\/person\/cc32be22b8e8599387c480bc83e1d11a\"},\"breadcrumb\":{\"@id\":\"https:\/\/verdadeon.com.br\/portal\/2022\/06\/01\/nbb-ja-no-rio-de-janeiro-sesi-franca-basquete-se-prepara-para-2-jogo-da-grande-final\/#breadcrumb\"},\"inLanguage\":\"pt-BR\",\"potentialAction\":[{\"@type\":\"ReadAction\",\"target\":[\"https:\/\/verdadeon.com.br\/portal\/2022\/06\/01\/nbb-ja-no-rio-de-janeiro-sesi-franca-basquete-se-prepara-para-2-jogo-da-grande-final\/\"]}]},{\"@type\":\"ImageObject\",\"inLanguage\":\"pt-BR\",\"@id\":\"https:\/\/verdadeon.com.br\/portal\/2022\/06\/01\/nbb-ja-no-rio-de-janeiro-sesi-franca-basquete-se-prepara-para-2-jogo-da-grande-final\/#primaryimage\",\"url\":\"https:\/\/i0.wp.com\/verdadeon.com.br\/portal\/wp-content\/uploads\/2022\/06\/WhatsApp-Image-2022-06-01-at-17.04.12.jpeg?fit=1000%2C670&ssl=1\",\"contentUrl\":\"https:\/\/i0.wp.com\/verdadeon.com.br\/portal\/wp-content\/uploads\/2022\/06\/WhatsApp-Image-2022-06-01-at-17.04.12.jpeg?fit=1000%2C670&ssl=1\",\"width\":1000,\"height\":670,\"caption\":\"Atletas do Franca e Helinho treinam em quadra onde partida ser\u00e1 realizada nesta quinta-feira. Equipe abriu vantagem no primeiro jogo e garantiram vit\u00f3ria | Foto: Marcos Limonti\/ SFB\"},{\"@type\":\"BreadcrumbList\",\"@id\":\"https:\/\/verdadeon.com.br\/portal\/2022\/06\/01\/nbb-ja-no-rio-de-janeiro-sesi-franca-basquete-se-prepara-para-2-jogo-da-grande-final\/#breadcrumb\",\"itemListElement\":[{\"@type\":\"ListItem\",\"position\":1,\"name\":\"In\u00edcio\",\"item\":\"https:\/\/verdadeon.com.br\/portal\/\"},{\"@type\":\"ListItem\",\"position\":2,\"name\":\"NBB: J\u00e1 no Rio de Janeiro, Sesi Franca Basquete se prepara para 2\u00b0 jogo da grande final\"}]},{\"@type\":\"WebSite\",\"@id\":\"https:\/\/verdadeon.com.br\/portal\/#website\",\"url\":\"https:\/\/verdadeon.com.br\/portal\/\",\"name\":\"VerdadeOn\",\"description\":\"Not\u00edcias di\u00e1rias sobre Franca, Regi\u00e3o, Esporte, Cultura, Cotidiano, Colunas. Cobertura nos principais eventos da cidade \u00e9 aqui - Verdadeon Franca\",\"potentialAction\":[{\"@type\":\"SearchAction\",\"target\":{\"@type\":\"EntryPoint\",\"urlTemplate\":\"https:\/\/verdadeon.com.br\/portal\/?s={search_term_string}\"},\"query-input\":{\"@type\":\"PropertyValueSpecification\",\"valueRequired\":true,\"valueName\":\"search_term_string\"}}],\"inLanguage\":\"pt-BR\"},{\"@type\":\"Person\",\"@id\":\"https:\/\/verdadeon.com.br\/portal\/#\/schema\/person\/cc32be22b8e8599387c480bc83e1d11a\",\"name\":\"Fernando Lima\",\"image\":{\"@type\":\"ImageObject\",\"inLanguage\":\"pt-BR\",\"@id\":\"https:\/\/verdadeon.com.br\/portal\/#\/schema\/person\/image\/\",\"url\":\"https:\/\/secure.gravatar.com\/avatar\/df4c8e132080d2b3a4841d5d232045464e0eed11a1d6e43115ca0843d48768d3?s=96&d=mm&r=g\",\"contentUrl\":\"https:\/\/secure.gravatar.com\/avatar\/df4c8e132080d2b3a4841d5d232045464e0eed11a1d6e43115ca0843d48768d3?s=96&d=mm&r=g\",\"caption\":\"Fernando Lima\"},\"sameAs\":[\"http:\/\/verdadeon.com.br\/\"],\"url\":\"https:\/\/verdadeon.com.br\/portal\/author\/fernando-lima\/\"}]}<\/script>\n<!-- \/ Yoast SEO plugin. -->","yoast_head_json":{"title":"NBB: J\u00e1 no Rio de Janeiro, Sesi Franca Basquete se prepara para 2\u00b0 jogo da grande final - VerdadeOn","robots":{"index":"index","follow":"follow","max-snippet":"max-snippet:-1","max-image-preview":"max-image-preview:large","max-video-preview":"max-video-preview:-1"},"canonical":"https:\/\/verdadeon.com.br\/portal\/2022\/06\/01\/nbb-ja-no-rio-de-janeiro-sesi-franca-basquete-se-prepara-para-2-jogo-da-grande-final\/","og_locale":"pt_BR","og_type":"article","og_title":"NBB: J\u00e1 no Rio de Janeiro, Sesi Franca Basquete se prepara para 2\u00b0 jogo da grande final - VerdadeOn","og_description":"O time saiu na frente no primeiro duelo e aposta na intensidade para vencer novo confronto Fernando Lima J\u00e1 no Rio de Janeiro o Sesi Franca [\u2026]","og_url":"https:\/\/verdadeon.com.br\/portal\/2022\/06\/01\/nbb-ja-no-rio-de-janeiro-sesi-franca-basquete-se-prepara-para-2-jogo-da-grande-final\/","og_site_name":"VerdadeOn","article_published_time":"2022-06-01T20:06:04+00:00","og_image":[{"width":1000,"height":670,"url":"https:\/\/verdadeon.com.br\/portal\/wp-content\/uploads\/2022\/06\/WhatsApp-Image-2022-06-01-at-17.04.12.jpeg","type":"image\/jpeg"}],"author":"Fernando Lima","twitter_card":"summary_large_image","twitter_misc":{"Escrito por":"Fernando Lima","Est. tempo de leitura":"3 minutos"},"schema":{"@context":"https:\/\/schema.org","@graph":[{"@type":"WebPage","@id":"https:\/\/verdadeon.com.br\/portal\/2022\/06\/01\/nbb-ja-no-rio-de-janeiro-sesi-franca-basquete-se-prepara-para-2-jogo-da-grande-final\/","url":"https:\/\/verdadeon.com.br\/portal\/2022\/06\/01\/nbb-ja-no-rio-de-janeiro-sesi-franca-basquete-se-prepara-para-2-jogo-da-grande-final\/","name":"NBB: J\u00e1 no Rio de Janeiro, Sesi Franca Basquete se prepara para 2\u00b0 jogo da grande final - VerdadeOn","isPartOf":{"@id":"https:\/\/verdadeon.com.br\/portal\/#website"},"primaryImageOfPage":{"@id":"https:\/\/verdadeon.com.br\/portal\/2022\/06\/01\/nbb-ja-no-rio-de-janeiro-sesi-franca-basquete-se-prepara-para-2-jogo-da-grande-final\/#primaryimage"},"image":{"@id":"https:\/\/verdadeon.com.br\/portal\/2022\/06\/01\/nbb-ja-no-rio-de-janeiro-sesi-franca-basquete-se-prepara-para-2-jogo-da-grande-final\/#primaryimage"},"thumbnailUrl":"https:\/\/i0.wp.com\/verdadeon.com.br\/portal\/wp-content\/uploads\/2022\/06\/WhatsApp-Image-2022-06-01-at-17.04.12.jpeg?fit=1000%2C670&ssl=1","datePublished":"2022-06-01T20:06:04+00:00","author":{"@id":"https:\/\/verdadeon.com.br\/portal\/#\/schema\/person\/cc32be22b8e8599387c480bc83e1d11a"},"breadcrumb":{"@id":"https:\/\/verdadeon.com.br\/portal\/2022\/06\/01\/nbb-ja-no-rio-de-janeiro-sesi-franca-basquete-se-prepara-para-2-jogo-da-grande-final\/#breadcrumb"},"inLanguage":"pt-BR","potentialAction":[{"@type":"ReadAction","target":["https:\/\/verdadeon.com.br\/portal\/2022\/06\/01\/nbb-ja-no-rio-de-janeiro-sesi-franca-basquete-se-prepara-para-2-jogo-da-grande-final\/"]}]},{"@type":"ImageObject","inLanguage":"pt-BR","@id":"https:\/\/verdadeon.com.br\/portal\/2022\/06\/01\/nbb-ja-no-rio-de-janeiro-sesi-franca-basquete-se-prepara-para-2-jogo-da-grande-final\/#primaryimage","url":"https:\/\/i0.wp.com\/verdadeon.com.br\/portal\/wp-content\/uploads\/2022\/06\/WhatsApp-Image-2022-06-01-at-17.04.12.jpeg?fit=1000%2C670&ssl=1","contentUrl":"https:\/\/i0.wp.com\/verdadeon.com.br\/portal\/wp-content\/uploads\/2022\/06\/WhatsApp-Image-2022-06-01-at-17.04.12.jpeg?fit=1000%2C670&ssl=1","width":1000,"height":670,"caption":"Atletas do Franca e Helinho treinam em quadra onde partida ser\u00e1 realizada nesta quinta-feira. Equipe abriu vantagem no primeiro jogo e garantiram vit\u00f3ria | Foto: Marcos Limonti\/ SFB"},{"@type":"BreadcrumbList","@id":"https:\/\/verdadeon.com.br\/portal\/2022\/06\/01\/nbb-ja-no-rio-de-janeiro-sesi-franca-basquete-se-prepara-para-2-jogo-da-grande-final\/#breadcrumb","itemListElement":[{"@type":"ListItem","position":1,"name":"In\u00edcio","item":"https:\/\/verdadeon.com.br\/portal\/"},{"@type":"ListItem","position":2,"name":"NBB: J\u00e1 no Rio de Janeiro, Sesi Franca Basquete se prepara para 2\u00b0 jogo da grande final"}]},{"@type":"WebSite","@id":"https:\/\/verdadeon.com.br\/portal\/#website","url":"https:\/\/verdadeon.com.br\/portal\/","name":"VerdadeOn","description":"Not\u00edcias di\u00e1rias sobre Franca, Regi\u00e3o, Esporte, Cultura, Cotidiano, Colunas. Cobertura nos principais eventos da cidade \u00e9 aqui - Verdadeon Franca","potentialAction":[{"@type":"SearchAction","target":{"@type":"EntryPoint","urlTemplate":"https:\/\/verdadeon.com.br\/portal\/?s={search_term_string}"},"query-input":{"@type":"PropertyValueSpecification","valueRequired":true,"valueName":"search_term_string"}}],"inLanguage":"pt-BR"},{"@type":"Person","@id":"https:\/\/verdadeon.com.br\/portal\/#\/schema\/person\/cc32be22b8e8599387c480bc83e1d11a","name":"Fernando Lima","image":{"@type":"ImageObject","inLanguage":"pt-BR","@id":"https:\/\/verdadeon.com.br\/portal\/#\/schema\/person\/image\/","url":"https:\/\/secure.gravatar.com\/avatar\/df4c8e132080d2b3a4841d5d232045464e0eed11a1d6e43115ca0843d48768d3?s=96&d=mm&r=g","contentUrl":"https:\/\/secure.gravatar.com\/avatar\/df4c8e132080d2b3a4841d5d232045464e0eed11a1d6e43115ca0843d48768d3?s=96&d=mm&r=g","caption":"Fernando Lima"},"sameAs":["http:\/\/verdadeon.com.br\/"],"url":"https:\/\/verdadeon.com.br\/portal\/author\/fernando-lima\/"}]}},"jetpack_publicize_connections":[],"jetpack_featured_media_url":"https:\/\/i0.wp.com\/verdadeon.com.br\/portal\/wp-content\/uploads\/2022\/06\/WhatsApp-Image-2022-06-01-at-17.04.12.jpeg?fit=1000%2C670&ssl=1","jetpack_sharing_enabled":true,"_links":{"self":[{"href":"https:\/\/verdadeon.com.br\/portal\/wp-json\/wp\/v2\/posts\/25486","targetHints":{"allow":["GET"]}}],"collection":[{"href":"https:\/\/verdadeon.com.br\/portal\/wp-json\/wp\/v2\/posts"}],"about":[{"href":"https:\/\/verdadeon.com.br\/portal\/wp-json\/wp\/v2\/types\/post"}],"author":[{"embeddable":true,"href":"https:\/\/verdadeon.com.br\/portal\/wp-json\/wp\/v2\/users\/7"}],"replies":[{"embeddable":true,"href":"https:\/\/verdadeon.com.br\/portal\/wp-json\/wp\/v2\/comments?post=25486"}],"version-history":[{"count":1,"href":"https:\/\/verdadeon.com.br\/portal\/wp-json\/wp\/v2\/posts\/25486\/revisions"}],"predecessor-version":[{"id":25491,"href":"https:\/\/verdadeon.com.br\/portal\/wp-json\/wp\/v2\/posts\/25486\/revisions\/25491"}],"wp:featuredmedia":[{"embeddable":true,"href":"https:\/\/verdadeon.com.br\/portal\/wp-json\/wp\/v2\/media\/25490"}],"wp:attachment":[{"href":"https:\/\/verdadeon.com.br\/portal\/wp-json\/wp\/v2\/media?parent=25486"}],"wp:term":[{"taxonomy":"category","embeddable":true,"href":"https:\/\/verdadeon.com.br\/portal\/wp-json\/wp\/v2\/categories?post=25486"},{"taxonomy":"post_tag","embeddable":true,"href":"https:\/\/verdadeon.com.br\/portal\/wp-json\/wp\/v2\/tags?post=25486"}],"curies":[{"name":"wp","href":"https:\/\/api.w.org\/{rel}","templated":true}]}}