{"id":25485,"date":"2022-06-01T12:00:38","date_gmt":"2022-06-01T15:00:38","guid":{"rendered":"https:\/\/verdadeon.com.br\/portal\/?p=25485"},"modified":"2022-06-01T18:48:23","modified_gmt":"2022-06-01T21:48:23","slug":"ex-prefeito-gilson-de-souza-recebe-alta-apos-cirurgia-cardiaca-de-urgencia","status":"publish","type":"post","link":"https:\/\/verdadeon.com.br\/portal\/2022\/06\/01\/ex-prefeito-gilson-de-souza-recebe-alta-apos-cirurgia-cardiaca-de-urgencia\/","title":{"rendered":"Ex-prefeito Gilson de Souza recebe alta ap\u00f3s cirurgia card\u00edaca de urg\u00eancia"},"content":{"rendered":"<h2><span style=\"font-weight: 400;\">Ele havia passado mal na segunda-feira e precisou passar por cateterismo; no \u00ednicio da tarde desta quarta-feira, teve alta m\u00e9dica<\/span><\/h2>\n<p>&nbsp;<\/p>\n<p><span style=\"font-weight: 400;\">O ex-prefeito de Franca, Gilson de Souza, recebeu alta m\u00e9dica no in\u00edcio da tarde desta quarta-feira (1) e se recupera em casa ap\u00f3s passar por cirurgia card\u00edaca na \u00faltima segunda-feira (30).<\/span><\/p>\n<p><span style=\"font-weight: 400;\">Gilson sentiu mal estar e decidiu passar pelo plant\u00e3o m\u00e9dico do Hospital S\u00e3o Joaquim\/Unimed. Ap\u00f3s exame de ecocardiograma, foi constatada a necessidade de realizar um cateterismo de urg\u00eancia. Desde o procedimento, o ex-prefeito passou por uma bateria de exames e recebeu alta da UTI na noite de ter\u00e7a-feira (31). Nesta quarta-feira, p\u00f4de deixar o hospital para se recuperar em casa. \u201cEle fez ecocardiograma e o exame n\u00e3o constatou les\u00f5es no cora\u00e7\u00e3o, est\u00e1 tudo bem, gra\u00e7as a Deus\u201d, disse Gilsinho, filho dele.<\/span><\/p>\n<p><span style=\"font-weight: 400;\">Gilson de Souza disse que ap\u00f3s o susto, se recupera bem. \u201cAgrade\u00e7o o carinho e as ora\u00e7\u00f5es de tantas pessoas, muita gente que se preocupou comigo, com a minha sa\u00fade. Quero agradecer tamb\u00e9m todos os m\u00e9dicos e equipe que me atenderam.\u201d<\/span><\/p>\n<p><span style=\"font-weight: 400;\">Ele foi prefeito de Franca de 2017 a 2020, deputado estadual por S\u00e3o Paulo durante cinco mandatos e, em abril, lan\u00e7ou a pr\u00e9-candidatura para disputar uma vaga na Assembleia Legislativa pelo Republicanos nas elei\u00e7\u00f5es deste ano.<\/span><\/p>\n<p>&nbsp;<\/p>\n","protected":false},"excerpt":{"rendered":"<p>Ele havia passado mal na segunda-feira e precisou passar por cateterismo; no \u00ednicio da tarde desta quarta-feira, teve alta m\u00e9dica &nbsp; O ex-prefeito de Franca, Gilson<span class=\"excerpt-hellip\"> [\u2026]<\/span><\/p>\n","protected":false},"author":12,"featured_media":9323,"comment_status":"open","ping_status":"open","sticky":false,"template":"","format":"standard","meta":{"_jetpack_memberships_contains_paid_content":false,"footnotes":"","jetpack_publicize_message":"","jetpack_publicize_feature_enabled":true,"jetpack_social_post_already_shared":false,"jetpack_social_options":{"image_generator_settings":{"template":"highway","default_image_id":0,"enabled":false},"version":2}},"categories":[28,81],"tags":[],"class_list":["post-25485","post","type-post","status-publish","format-standard","has-post-thumbnail","hentry","category-cotidiano","category-manchete"],"yoast_head":"<!-- This site is optimized with the Yoast SEO plugin v25.6 - https:\/\/yoast.com\/wordpress\/plugins\/seo\/ -->\n<title>Ex-prefeito Gilson de Souza recebe alta ap\u00f3s cirurgia card\u00edaca de urg\u00eancia - VerdadeOn<\/title>\n<meta name=\"robots\" content=\"index, follow, max-snippet:-1, max-image-preview:large, max-video-preview:-1\" \/>\n<link rel=\"canonical\" href=\"https:\/\/verdadeon.com.br\/portal\/2022\/06\/01\/ex-prefeito-gilson-de-souza-recebe-alta-apos-cirurgia-cardiaca-de-urgencia\/\" \/>\n<meta property=\"og:locale\" content=\"pt_BR\" \/>\n<meta property=\"og:type\" content=\"article\" \/>\n<meta property=\"og:title\" content=\"Ex-prefeito Gilson de Souza recebe alta ap\u00f3s cirurgia card\u00edaca de urg\u00eancia - VerdadeOn\" \/>\n<meta property=\"og:description\" content=\"Ele havia passado mal na segunda-feira e precisou passar por cateterismo; no \u00ednicio da tarde desta quarta-feira, teve alta m\u00e9dica &nbsp; O ex-prefeito de Franca, Gilson [\u2026]\" \/>\n<meta property=\"og:url\" content=\"https:\/\/verdadeon.com.br\/portal\/2022\/06\/01\/ex-prefeito-gilson-de-souza-recebe-alta-apos-cirurgia-cardiaca-de-urgencia\/\" \/>\n<meta property=\"og:site_name\" content=\"VerdadeOn\" \/>\n<meta property=\"article:published_time\" content=\"2022-06-01T15:00:38+00:00\" \/>\n<meta property=\"article:modified_time\" content=\"2022-06-01T21:48:23+00:00\" \/>\n<meta property=\"og:image\" content=\"https:\/\/verdadeon.com.br\/portal\/wp-content\/uploads\/2020\/07\/WhatsApp-Image-2020-07-30-at-19.40.35-1.jpeg\" \/>\n\t<meta property=\"og:image:width\" content=\"1000\" \/>\n\t<meta property=\"og:image:height\" content=\"670\" \/>\n\t<meta property=\"og:image:type\" content=\"image\/jpeg\" \/>\n<meta name=\"author\" content=\"Nelise Luques\" \/>\n<meta name=\"twitter:card\" content=\"summary_large_image\" \/>\n<meta name=\"twitter:label1\" content=\"Escrito por\" \/>\n\t<meta name=\"twitter:data1\" content=\"Nelise Luques\" \/>\n\t<meta name=\"twitter:label2\" content=\"Est. tempo de leitura\" \/>\n\t<meta name=\"twitter:data2\" content=\"2 minutos\" \/>\n<script type=\"application\/ld+json\" class=\"yoast-schema-graph\">{\"@context\":\"https:\/\/schema.org\",\"@graph\":[{\"@type\":\"WebPage\",\"@id\":\"https:\/\/verdadeon.com.br\/portal\/2022\/06\/01\/ex-prefeito-gilson-de-souza-recebe-alta-apos-cirurgia-cardiaca-de-urgencia\/\",\"url\":\"https:\/\/verdadeon.com.br\/portal\/2022\/06\/01\/ex-prefeito-gilson-de-souza-recebe-alta-apos-cirurgia-cardiaca-de-urgencia\/\",\"name\":\"Ex-prefeito Gilson de Souza recebe alta ap\u00f3s cirurgia card\u00edaca de urg\u00eancia - VerdadeOn\",\"isPartOf\":{\"@id\":\"https:\/\/verdadeon.com.br\/portal\/#website\"},\"primaryImageOfPage\":{\"@id\":\"https:\/\/verdadeon.com.br\/portal\/2022\/06\/01\/ex-prefeito-gilson-de-souza-recebe-alta-apos-cirurgia-cardiaca-de-urgencia\/#primaryimage\"},\"image\":{\"@id\":\"https:\/\/verdadeon.com.br\/portal\/2022\/06\/01\/ex-prefeito-gilson-de-souza-recebe-alta-apos-cirurgia-cardiaca-de-urgencia\/#primaryimage\"},\"thumbnailUrl\":\"https:\/\/i0.wp.com\/verdadeon.com.br\/portal\/wp-content\/uploads\/2020\/07\/WhatsApp-Image-2020-07-30-at-19.40.35-1.jpeg?fit=1000%2C670&ssl=1\",\"datePublished\":\"2022-06-01T15:00:38+00:00\",\"dateModified\":\"2022-06-01T21:48:23+00:00\",\"author\":{\"@id\":\"https:\/\/verdadeon.com.br\/portal\/#\/schema\/person\/8248726d36015c1916636fabb175d972\"},\"breadcrumb\":{\"@id\":\"https:\/\/verdadeon.com.br\/portal\/2022\/06\/01\/ex-prefeito-gilson-de-souza-recebe-alta-apos-cirurgia-cardiaca-de-urgencia\/#breadcrumb\"},\"inLanguage\":\"pt-BR\",\"potentialAction\":[{\"@type\":\"ReadAction\",\"target\":[\"https:\/\/verdadeon.com.br\/portal\/2022\/06\/01\/ex-prefeito-gilson-de-souza-recebe-alta-apos-cirurgia-cardiaca-de-urgencia\/\"]}]},{\"@type\":\"ImageObject\",\"inLanguage\":\"pt-BR\",\"@id\":\"https:\/\/verdadeon.com.br\/portal\/2022\/06\/01\/ex-prefeito-gilson-de-souza-recebe-alta-apos-cirurgia-cardiaca-de-urgencia\/#primaryimage\",\"url\":\"https:\/\/i0.wp.com\/verdadeon.com.br\/portal\/wp-content\/uploads\/2020\/07\/WhatsApp-Image-2020-07-30-at-19.40.35-1.jpeg?fit=1000%2C670&ssl=1\",\"contentUrl\":\"https:\/\/i0.wp.com\/verdadeon.com.br\/portal\/wp-content\/uploads\/2020\/07\/WhatsApp-Image-2020-07-30-at-19.40.35-1.jpeg?fit=1000%2C670&ssl=1\",\"width\":1000,\"height\":670,\"caption\":\"Gilson de Souza, ex-prefeito de Franca, se recupera em casa ap\u00f3s passar por cateterismo card\u00edaco no come\u00e7o da semana: \\\"Agrade\u00e7o o carinho e ora\u00e7\u00f5es\\\" | Foto: Divulga\u00e7\u00e3o\"},{\"@type\":\"BreadcrumbList\",\"@id\":\"https:\/\/verdadeon.com.br\/portal\/2022\/06\/01\/ex-prefeito-gilson-de-souza-recebe-alta-apos-cirurgia-cardiaca-de-urgencia\/#breadcrumb\",\"itemListElement\":[{\"@type\":\"ListItem\",\"position\":1,\"name\":\"In\u00edcio\",\"item\":\"https:\/\/verdadeon.com.br\/portal\/\"},{\"@type\":\"ListItem\",\"position\":2,\"name\":\"Ex-prefeito Gilson de Souza recebe alta ap\u00f3s cirurgia card\u00edaca de urg\u00eancia\"}]},{\"@type\":\"WebSite\",\"@id\":\"https:\/\/verdadeon.com.br\/portal\/#website\",\"url\":\"https:\/\/verdadeon.com.br\/portal\/\",\"name\":\"VerdadeOn\",\"description\":\"Not\u00edcias di\u00e1rias sobre Franca, Regi\u00e3o, Esporte, Cultura, Cotidiano, Colunas. Cobertura nos principais eventos da cidade \u00e9 aqui - Verdadeon Franca\",\"potentialAction\":[{\"@type\":\"SearchAction\",\"target\":{\"@type\":\"EntryPoint\",\"urlTemplate\":\"https:\/\/verdadeon.com.br\/portal\/?s={search_term_string}\"},\"query-input\":{\"@type\":\"PropertyValueSpecification\",\"valueRequired\":true,\"valueName\":\"search_term_string\"}}],\"inLanguage\":\"pt-BR\"},{\"@type\":\"Person\",\"@id\":\"https:\/\/verdadeon.com.br\/portal\/#\/schema\/person\/8248726d36015c1916636fabb175d972\",\"name\":\"Nelise Luques\",\"image\":{\"@type\":\"ImageObject\",\"inLanguage\":\"pt-BR\",\"@id\":\"https:\/\/verdadeon.com.br\/portal\/#\/schema\/person\/image\/\",\"url\":\"https:\/\/secure.gravatar.com\/avatar\/29b2a17f5bcadeb827411b66f48ac13c3e0ecaf5906c0f5745ecc5d41c24eada?s=96&d=mm&r=g\",\"contentUrl\":\"https:\/\/secure.gravatar.com\/avatar\/29b2a17f5bcadeb827411b66f48ac13c3e0ecaf5906c0f5745ecc5d41c24eada?s=96&d=mm&r=g\",\"caption\":\"Nelise Luques\"},\"url\":\"https:\/\/verdadeon.com.br\/portal\/author\/verdade\/\"}]}<\/script>\n<!-- \/ Yoast SEO plugin. -->","yoast_head_json":{"title":"Ex-prefeito Gilson de Souza recebe alta ap\u00f3s cirurgia card\u00edaca de urg\u00eancia - VerdadeOn","robots":{"index":"index","follow":"follow","max-snippet":"max-snippet:-1","max-image-preview":"max-image-preview:large","max-video-preview":"max-video-preview:-1"},"canonical":"https:\/\/verdadeon.com.br\/portal\/2022\/06\/01\/ex-prefeito-gilson-de-souza-recebe-alta-apos-cirurgia-cardiaca-de-urgencia\/","og_locale":"pt_BR","og_type":"article","og_title":"Ex-prefeito Gilson de Souza recebe alta ap\u00f3s cirurgia card\u00edaca de urg\u00eancia - VerdadeOn","og_description":"Ele havia passado mal na segunda-feira e precisou passar por cateterismo; no \u00ednicio da tarde desta quarta-feira, teve alta m\u00e9dica &nbsp; O ex-prefeito de Franca, Gilson [\u2026]","og_url":"https:\/\/verdadeon.com.br\/portal\/2022\/06\/01\/ex-prefeito-gilson-de-souza-recebe-alta-apos-cirurgia-cardiaca-de-urgencia\/","og_site_name":"VerdadeOn","article_published_time":"2022-06-01T15:00:38+00:00","article_modified_time":"2022-06-01T21:48:23+00:00","og_image":[{"width":1000,"height":670,"url":"https:\/\/verdadeon.com.br\/portal\/wp-content\/uploads\/2020\/07\/WhatsApp-Image-2020-07-30-at-19.40.35-1.jpeg","type":"image\/jpeg"}],"author":"Nelise Luques","twitter_card":"summary_large_image","twitter_misc":{"Escrito por":"Nelise Luques","Est. tempo de leitura":"2 minutos"},"schema":{"@context":"https:\/\/schema.org","@graph":[{"@type":"WebPage","@id":"https:\/\/verdadeon.com.br\/portal\/2022\/06\/01\/ex-prefeito-gilson-de-souza-recebe-alta-apos-cirurgia-cardiaca-de-urgencia\/","url":"https:\/\/verdadeon.com.br\/portal\/2022\/06\/01\/ex-prefeito-gilson-de-souza-recebe-alta-apos-cirurgia-cardiaca-de-urgencia\/","name":"Ex-prefeito Gilson de Souza recebe alta ap\u00f3s cirurgia card\u00edaca de urg\u00eancia - VerdadeOn","isPartOf":{"@id":"https:\/\/verdadeon.com.br\/portal\/#website"},"primaryImageOfPage":{"@id":"https:\/\/verdadeon.com.br\/portal\/2022\/06\/01\/ex-prefeito-gilson-de-souza-recebe-alta-apos-cirurgia-cardiaca-de-urgencia\/#primaryimage"},"image":{"@id":"https:\/\/verdadeon.com.br\/portal\/2022\/06\/01\/ex-prefeito-gilson-de-souza-recebe-alta-apos-cirurgia-cardiaca-de-urgencia\/#primaryimage"},"thumbnailUrl":"https:\/\/i0.wp.com\/verdadeon.com.br\/portal\/wp-content\/uploads\/2020\/07\/WhatsApp-Image-2020-07-30-at-19.40.35-1.jpeg?fit=1000%2C670&ssl=1","datePublished":"2022-06-01T15:00:38+00:00","dateModified":"2022-06-01T21:48:23+00:00","author":{"@id":"https:\/\/verdadeon.com.br\/portal\/#\/schema\/person\/8248726d36015c1916636fabb175d972"},"breadcrumb":{"@id":"https:\/\/verdadeon.com.br\/portal\/2022\/06\/01\/ex-prefeito-gilson-de-souza-recebe-alta-apos-cirurgia-cardiaca-de-urgencia\/#breadcrumb"},"inLanguage":"pt-BR","potentialAction":[{"@type":"ReadAction","target":["https:\/\/verdadeon.com.br\/portal\/2022\/06\/01\/ex-prefeito-gilson-de-souza-recebe-alta-apos-cirurgia-cardiaca-de-urgencia\/"]}]},{"@type":"ImageObject","inLanguage":"pt-BR","@id":"https:\/\/verdadeon.com.br\/portal\/2022\/06\/01\/ex-prefeito-gilson-de-souza-recebe-alta-apos-cirurgia-cardiaca-de-urgencia\/#primaryimage","url":"https:\/\/i0.wp.com\/verdadeon.com.br\/portal\/wp-content\/uploads\/2020\/07\/WhatsApp-Image-2020-07-30-at-19.40.35-1.jpeg?fit=1000%2C670&ssl=1","contentUrl":"https:\/\/i0.wp.com\/verdadeon.com.br\/portal\/wp-content\/uploads\/2020\/07\/WhatsApp-Image-2020-07-30-at-19.40.35-1.jpeg?fit=1000%2C670&ssl=1","width":1000,"height":670,"caption":"Gilson de Souza, ex-prefeito de Franca, se recupera em casa ap\u00f3s passar por cateterismo card\u00edaco no come\u00e7o da semana: \"Agrade\u00e7o o carinho e ora\u00e7\u00f5es\" | Foto: Divulga\u00e7\u00e3o"},{"@type":"BreadcrumbList","@id":"https:\/\/verdadeon.com.br\/portal\/2022\/06\/01\/ex-prefeito-gilson-de-souza-recebe-alta-apos-cirurgia-cardiaca-de-urgencia\/#breadcrumb","itemListElement":[{"@type":"ListItem","position":1,"name":"In\u00edcio","item":"https:\/\/verdadeon.com.br\/portal\/"},{"@type":"ListItem","position":2,"name":"Ex-prefeito Gilson de Souza recebe alta ap\u00f3s cirurgia card\u00edaca de urg\u00eancia"}]},{"@type":"WebSite","@id":"https:\/\/verdadeon.com.br\/portal\/#website","url":"https:\/\/verdadeon.com.br\/portal\/","name":"VerdadeOn","description":"Not\u00edcias di\u00e1rias sobre Franca, Regi\u00e3o, Esporte, Cultura, Cotidiano, Colunas. Cobertura nos principais eventos da cidade \u00e9 aqui - Verdadeon Franca","potentialAction":[{"@type":"SearchAction","target":{"@type":"EntryPoint","urlTemplate":"https:\/\/verdadeon.com.br\/portal\/?s={search_term_string}"},"query-input":{"@type":"PropertyValueSpecification","valueRequired":true,"valueName":"search_term_string"}}],"inLanguage":"pt-BR"},{"@type":"Person","@id":"https:\/\/verdadeon.com.br\/portal\/#\/schema\/person\/8248726d36015c1916636fabb175d972","name":"Nelise Luques","image":{"@type":"ImageObject","inLanguage":"pt-BR","@id":"https:\/\/verdadeon.com.br\/portal\/#\/schema\/person\/image\/","url":"https:\/\/secure.gravatar.com\/avatar\/29b2a17f5bcadeb827411b66f48ac13c3e0ecaf5906c0f5745ecc5d41c24eada?s=96&d=mm&r=g","contentUrl":"https:\/\/secure.gravatar.com\/avatar\/29b2a17f5bcadeb827411b66f48ac13c3e0ecaf5906c0f5745ecc5d41c24eada?s=96&d=mm&r=g","caption":"Nelise Luques"},"url":"https:\/\/verdadeon.com.br\/portal\/author\/verdade\/"}]}},"jetpack_publicize_connections":[],"jetpack_featured_media_url":"https:\/\/i0.wp.com\/verdadeon.com.br\/portal\/wp-content\/uploads\/2020\/07\/WhatsApp-Image-2020-07-30-at-19.40.35-1.jpeg?fit=1000%2C670&ssl=1","jetpack_sharing_enabled":true,"_links":{"self":[{"href":"https:\/\/verdadeon.com.br\/portal\/wp-json\/wp\/v2\/posts\/25485","targetHints":{"allow":["GET"]}}],"collection":[{"href":"https:\/\/verdadeon.com.br\/portal\/wp-json\/wp\/v2\/posts"}],"about":[{"href":"https:\/\/verdadeon.com.br\/portal\/wp-json\/wp\/v2\/types\/post"}],"author":[{"embeddable":true,"href":"https:\/\/verdadeon.com.br\/portal\/wp-json\/wp\/v2\/users\/12"}],"replies":[{"embeddable":true,"href":"https:\/\/verdadeon.com.br\/portal\/wp-json\/wp\/v2\/comments?post=25485"}],"version-history":[{"count":2,"href":"https:\/\/verdadeon.com.br\/portal\/wp-json\/wp\/v2\/posts\/25485\/revisions"}],"predecessor-version":[{"id":25504,"href":"https:\/\/verdadeon.com.br\/portal\/wp-json\/wp\/v2\/posts\/25485\/revisions\/25504"}],"wp:featuredmedia":[{"embeddable":true,"href":"https:\/\/verdadeon.com.br\/portal\/wp-json\/wp\/v2\/media\/9323"}],"wp:attachment":[{"href":"https:\/\/verdadeon.com.br\/portal\/wp-json\/wp\/v2\/media?parent=25485"}],"wp:term":[{"taxonomy":"category","embeddable":true,"href":"https:\/\/verdadeon.com.br\/portal\/wp-json\/wp\/v2\/categories?post=25485"},{"taxonomy":"post_tag","embeddable":true,"href":"https:\/\/verdadeon.com.br\/portal\/wp-json\/wp\/v2\/tags?post=25485"}],"curies":[{"name":"wp","href":"https:\/\/api.w.org\/{rel}","templated":true}]}}