{"id":25475,"date":"2022-05-31T19:38:18","date_gmt":"2022-05-31T22:38:18","guid":{"rendered":"https:\/\/verdadeon.com.br\/portal\/?p=25475"},"modified":"2022-05-31T19:37:10","modified_gmt":"2022-05-31T22:37:10","slug":"camara-aprova-projeto-e-novas-residencias-terapeuticas-vao-atender-mais-50-pacientes","status":"publish","type":"post","link":"https:\/\/verdadeon.com.br\/portal\/2022\/05\/31\/camara-aprova-projeto-e-novas-residencias-terapeuticas-vao-atender-mais-50-pacientes\/","title":{"rendered":"C\u00e2mara aprova projeto e novas resid\u00eancias terap\u00eauticas v\u00e3o atender mais 50 pacientes"},"content":{"rendered":"<h2>Ser\u00e3o abertas mais cinco unidades em Franca; previs\u00e3o \u00e9 para que estejam em funcionamento at\u00e9 o fim de julho<\/h2>\n<p>&nbsp;<\/p>\n<p>&nbsp;<\/p>\n<p>&nbsp;<\/p>\n<p><span style=\"font-weight: 400;\">Franca ir\u00e1 expandir o Programa de Resid\u00eancias Terap\u00eauticas para atender pacientes com transtornos psiqui\u00e1tricos. Os vereadores aprovaram durante a sess\u00e3o desta ter\u00e7a-feira (31) o projeto de lei que autoriza a abertura de mais cinco unidades, com capacidade de atendimento a dez pessoas cada (50 no total). J\u00e1 existem na cidade outras cinco Resid\u00eancias Terap\u00eauticas.<\/span><\/p>\n<p><span style=\"font-weight: 400;\">O projeto, de autoria do Poder Executivo, autoriza a celebra\u00e7\u00e3o de conv\u00eanio com a Funda\u00e7\u00e3o Esp\u00edrita Allan Kardec para gest\u00e3o do servi\u00e7o e investimento de R$ 2,5 milh\u00f5es.\u00a0\u00a0<\/span><\/p>\n<p><span style=\"font-weight: 400;\">De acordo com a Secretaria Municipal de Sa\u00fade, com a aprova\u00e7\u00e3o da C\u00e2mara Municipal, a previs\u00e3o \u00e9 para que em julho as novas cinco resid\u00eancias estejam em funcionamento.<\/span><\/p>\n<p><span style=\"font-weight: 400;\">Mario Arias Martinez, presidente da Funda\u00e7\u00e3o Allan Kardec, destacou a import\u00e2ncia da expans\u00e3o do programa. \u201cRecebemos essa not\u00edcia com alegria e otimismo porque o programa de Resid\u00eancias Terap\u00eauticas faz parte do planejamento e da nova fase da Funda\u00e7\u00e3o Allan Kardec. Estamos muito animados\u201d, afirmou ele, ao se referir \u00e0 reformula\u00e7\u00e3o pela qual a Sa\u00fade Mental passa em Franca.\u00a0<\/span><\/p>\n<p><span style=\"font-weight: 400;\">Em mar\u00e7o deste ano, a Funda\u00e7\u00e3o Allan Kardec, por conta do subfinanciamento do SUS, anunciou o fechamento de 122 leitos psiqui\u00e1tricos e a amplia\u00e7\u00e3o de outros servi\u00e7os que presta.\u00a0<\/span><\/p>\n<p><span style=\"font-weight: 400;\">Segundo Martinez, 35 \u201cpacientes-moradores\u201d do Hospital Psiqui\u00e1trico Allan Kardec ir\u00e3o se mudar para as novas casas e j\u00e1 se preparam para fazer essa migra\u00e7\u00e3o. S\u00e3o pessoas de ambos os sexos que vivem na institui\u00e7\u00e3o h\u00e1 no m\u00ednimo dois anos, mas h\u00e1 casos em que residem no local h\u00e1 40, 50 anos. S\u00e3o pacientes que passaram por tratamento e interna\u00e7\u00e3o, receberam alta, mas foram abandonadas pela fam\u00edlia ou n\u00e3o t\u00eam parentes e moram na institui\u00e7\u00e3o. Outros 15 pacientes, que s\u00e3o de Franca, mas est\u00e3o internados em outras institui\u00e7\u00f5es psiqui\u00e1tricas, tamb\u00e9m ser\u00e3o transferidos para as casas.<\/span><\/p>\n<p><span style=\"font-weight: 400;\">\u201cN\u00f3s acompanhamos a experi\u00eancia de outros pacientes que moravam no Allan Kardec e migraram para as Resid\u00eancias Terap\u00eauticas. Vejo como um ponto muito importante o ganho na individualidade deles, porque em um grupo menor, com dez moradores nas casas, eles adquirem condi\u00e7\u00e3o de escolha, seja da m\u00fasica que querem ouvir, da hora que querem almo\u00e7ar ou jantar, da roupa que v\u00e3o colocar, eles v\u00e3o combinando a rotina, enquanto na institui\u00e7\u00e3o existem hor\u00e1rios a serem seguidos.\u201d<\/span><\/p>\n<h4>O Programa de Resid\u00eancias<\/h4>\n<p><span style=\"font-weight: 400;\">O Programa de Resid\u00eancias Terap\u00eauticas come\u00e7ou em Franca em dezembro de 2019. A Funda\u00e7\u00e3o Allan Kardec cuidava de 104 \u201cpacientes-moradores\u201d e com abertura das cinco primeiras resid\u00eancias, metade foi transferida para as casas instaladas no Bairro Cidade Nova, Vila Santa Cruz, Jardim \u00c2ngela Rosa, Vila Nic\u00e1cio e Jardim Consola\u00e7\u00e3o. Duas s\u00e3o femininas e tr\u00eas masculinas, com dez moradores cada.<\/span><\/p>\n<p><span style=\"font-weight: 400;\">As casas funcionam como se fossem rep\u00fablicas espalhadas pela cidade e eles t\u00eam assist\u00eancia 24 horas de um cuidador social e t\u00e9cnico de enfermagem, al\u00e9m de atendimento complementar com psic\u00f3logo, assistente social, terapeuta ocupacional, fisioterapeuta e enfermeira.\u00a0<\/span><\/p>\n<p><span style=\"font-weight: 400;\">Eles participam das atividades dom\u00e9sticas, como limpar o ch\u00e3o, lavar lou\u00e7as ou regar as plantas e, na busca de retomar as viv\u00eancias cotidianas e aproveitar a liberdade fora do hospital psiqui\u00e1trico, fazem passeios no shopping, Poliesportivo e Parque \u201cFernando Costa\u201d e se distraem em atividades art\u00edsticas, por exemplo.<\/span><\/p>\n<p><span style=\"font-weight: 400;\">O programa de Resid\u00eancias Terap\u00eauticas \u00e9 desenvolvido pela Prefeitura, em parceria com a Funda\u00e7\u00e3o Esp\u00edrita Judas Iscariotes, gestora das unidades.<\/span><\/p>\n<p>&nbsp;<\/p>\n<p><span style=\"font-weight: 400;\">\u00a0<\/span><\/p>\n<p>&nbsp;<\/p>\n","protected":false},"excerpt":{"rendered":"<p>Ser\u00e3o abertas mais cinco unidades em Franca; previs\u00e3o \u00e9 para que estejam em funcionamento at\u00e9 o fim de julho &nbsp; &nbsp; &nbsp; Franca ir\u00e1 expandir o<span class=\"excerpt-hellip\"> [\u2026]<\/span><\/p>\n","protected":false},"author":10,"featured_media":25477,"comment_status":"open","ping_status":"open","sticky":false,"template":"","format":"standard","meta":{"_jetpack_memberships_contains_paid_content":false,"footnotes":"","jetpack_publicize_message":"","jetpack_publicize_feature_enabled":true,"jetpack_social_post_already_shared":false,"jetpack_social_options":{"image_generator_settings":{"template":"highway","default_image_id":0,"enabled":false},"version":2}},"categories":[28,81],"tags":[],"class_list":["post-25475","post","type-post","status-publish","format-standard","has-post-thumbnail","hentry","category-cotidiano","category-manchete"],"yoast_head":"<!-- This site is optimized with the Yoast SEO plugin v25.6 - https:\/\/yoast.com\/wordpress\/plugins\/seo\/ -->\n<title>C\u00e2mara aprova projeto e novas resid\u00eancias terap\u00eauticas v\u00e3o atender mais 50 pacientes - VerdadeOn<\/title>\n<meta name=\"robots\" content=\"index, follow, max-snippet:-1, max-image-preview:large, max-video-preview:-1\" \/>\n<link rel=\"canonical\" href=\"https:\/\/verdadeon.com.br\/portal\/2022\/05\/31\/camara-aprova-projeto-e-novas-residencias-terapeuticas-vao-atender-mais-50-pacientes\/\" \/>\n<meta property=\"og:locale\" content=\"pt_BR\" \/>\n<meta property=\"og:type\" content=\"article\" \/>\n<meta property=\"og:title\" content=\"C\u00e2mara aprova projeto e novas resid\u00eancias terap\u00eauticas v\u00e3o atender mais 50 pacientes - VerdadeOn\" \/>\n<meta property=\"og:description\" content=\"Ser\u00e3o abertas mais cinco unidades em Franca; previs\u00e3o \u00e9 para que estejam em funcionamento at\u00e9 o fim de julho &nbsp; &nbsp; &nbsp; Franca ir\u00e1 expandir o [\u2026]\" \/>\n<meta property=\"og:url\" content=\"https:\/\/verdadeon.com.br\/portal\/2022\/05\/31\/camara-aprova-projeto-e-novas-residencias-terapeuticas-vao-atender-mais-50-pacientes\/\" \/>\n<meta property=\"og:site_name\" content=\"VerdadeOn\" \/>\n<meta property=\"article:published_time\" content=\"2022-05-31T22:38:18+00:00\" \/>\n<meta property=\"og:image\" content=\"https:\/\/verdadeon.com.br\/portal\/wp-content\/uploads\/2022\/05\/52112713249_65721fa430_k-e1654036552443.jpg\" \/>\n\t<meta property=\"og:image:width\" content=\"1000\" \/>\n\t<meta property=\"og:image:height\" content=\"665\" \/>\n\t<meta property=\"og:image:type\" content=\"image\/jpeg\" \/>\n<meta name=\"author\" content=\"Redacao VerdadeOn\" \/>\n<meta name=\"twitter:card\" content=\"summary_large_image\" \/>\n<meta name=\"twitter:label1\" content=\"Escrito por\" \/>\n\t<meta name=\"twitter:data1\" content=\"Redacao VerdadeOn\" \/>\n\t<meta name=\"twitter:label2\" content=\"Est. tempo de leitura\" \/>\n\t<meta name=\"twitter:data2\" content=\"4 minutos\" \/>\n<script type=\"application\/ld+json\" class=\"yoast-schema-graph\">{\"@context\":\"https:\/\/schema.org\",\"@graph\":[{\"@type\":\"WebPage\",\"@id\":\"https:\/\/verdadeon.com.br\/portal\/2022\/05\/31\/camara-aprova-projeto-e-novas-residencias-terapeuticas-vao-atender-mais-50-pacientes\/\",\"url\":\"https:\/\/verdadeon.com.br\/portal\/2022\/05\/31\/camara-aprova-projeto-e-novas-residencias-terapeuticas-vao-atender-mais-50-pacientes\/\",\"name\":\"C\u00e2mara aprova projeto e novas resid\u00eancias terap\u00eauticas v\u00e3o atender mais 50 pacientes - VerdadeOn\",\"isPartOf\":{\"@id\":\"https:\/\/verdadeon.com.br\/portal\/#website\"},\"primaryImageOfPage\":{\"@id\":\"https:\/\/verdadeon.com.br\/portal\/2022\/05\/31\/camara-aprova-projeto-e-novas-residencias-terapeuticas-vao-atender-mais-50-pacientes\/#primaryimage\"},\"image\":{\"@id\":\"https:\/\/verdadeon.com.br\/portal\/2022\/05\/31\/camara-aprova-projeto-e-novas-residencias-terapeuticas-vao-atender-mais-50-pacientes\/#primaryimage\"},\"thumbnailUrl\":\"https:\/\/i0.wp.com\/verdadeon.com.br\/portal\/wp-content\/uploads\/2022\/05\/52112713249_65721fa430_k-e1654036552443.jpg?fit=1000%2C665&ssl=1\",\"datePublished\":\"2022-05-31T22:38:18+00:00\",\"author\":{\"@id\":\"https:\/\/verdadeon.com.br\/portal\/#\/schema\/person\/a5060ad1e9ea3df545188fc93ce43d2f\"},\"breadcrumb\":{\"@id\":\"https:\/\/verdadeon.com.br\/portal\/2022\/05\/31\/camara-aprova-projeto-e-novas-residencias-terapeuticas-vao-atender-mais-50-pacientes\/#breadcrumb\"},\"inLanguage\":\"pt-BR\",\"potentialAction\":[{\"@type\":\"ReadAction\",\"target\":[\"https:\/\/verdadeon.com.br\/portal\/2022\/05\/31\/camara-aprova-projeto-e-novas-residencias-terapeuticas-vao-atender-mais-50-pacientes\/\"]}]},{\"@type\":\"ImageObject\",\"inLanguage\":\"pt-BR\",\"@id\":\"https:\/\/verdadeon.com.br\/portal\/2022\/05\/31\/camara-aprova-projeto-e-novas-residencias-terapeuticas-vao-atender-mais-50-pacientes\/#primaryimage\",\"url\":\"https:\/\/i0.wp.com\/verdadeon.com.br\/portal\/wp-content\/uploads\/2022\/05\/52112713249_65721fa430_k-e1654036552443.jpg?fit=1000%2C665&ssl=1\",\"contentUrl\":\"https:\/\/i0.wp.com\/verdadeon.com.br\/portal\/wp-content\/uploads\/2022\/05\/52112713249_65721fa430_k-e1654036552443.jpg?fit=1000%2C665&ssl=1\",\"width\":1000,\"height\":665,\"caption\":\"Vereadores v\u00e3o se reunir na quarta-feira (16), ap\u00f3s o feriado da Proclama\u00e7\u00e3o da Rep\u00fablica no dia 15 de novembro, na ter\u00e7a-feira | Foto: Comunica\u00e7\u00e3o Institucional da C\u00e2mara\"},{\"@type\":\"BreadcrumbList\",\"@id\":\"https:\/\/verdadeon.com.br\/portal\/2022\/05\/31\/camara-aprova-projeto-e-novas-residencias-terapeuticas-vao-atender-mais-50-pacientes\/#breadcrumb\",\"itemListElement\":[{\"@type\":\"ListItem\",\"position\":1,\"name\":\"In\u00edcio\",\"item\":\"https:\/\/verdadeon.com.br\/portal\/\"},{\"@type\":\"ListItem\",\"position\":2,\"name\":\"C\u00e2mara aprova projeto e novas resid\u00eancias terap\u00eauticas v\u00e3o atender mais 50 pacientes\"}]},{\"@type\":\"WebSite\",\"@id\":\"https:\/\/verdadeon.com.br\/portal\/#website\",\"url\":\"https:\/\/verdadeon.com.br\/portal\/\",\"name\":\"VerdadeOn\",\"description\":\"Not\u00edcias di\u00e1rias sobre Franca, Regi\u00e3o, Esporte, Cultura, Cotidiano, Colunas. Cobertura nos principais eventos da cidade \u00e9 aqui - Verdadeon Franca\",\"potentialAction\":[{\"@type\":\"SearchAction\",\"target\":{\"@type\":\"EntryPoint\",\"urlTemplate\":\"https:\/\/verdadeon.com.br\/portal\/?s={search_term_string}\"},\"query-input\":{\"@type\":\"PropertyValueSpecification\",\"valueRequired\":true,\"valueName\":\"search_term_string\"}}],\"inLanguage\":\"pt-BR\"},{\"@type\":\"Person\",\"@id\":\"https:\/\/verdadeon.com.br\/portal\/#\/schema\/person\/a5060ad1e9ea3df545188fc93ce43d2f\",\"name\":\"Redacao VerdadeOn\",\"image\":{\"@type\":\"ImageObject\",\"inLanguage\":\"pt-BR\",\"@id\":\"https:\/\/verdadeon.com.br\/portal\/#\/schema\/person\/image\/\",\"url\":\"https:\/\/secure.gravatar.com\/avatar\/459a9613caaaf07f582c3d0841eea68bdd66f533e465e6ba8b9cb45619572cf4?s=96&d=mm&r=g\",\"contentUrl\":\"https:\/\/secure.gravatar.com\/avatar\/459a9613caaaf07f582c3d0841eea68bdd66f533e465e6ba8b9cb45619572cf4?s=96&d=mm&r=g\",\"caption\":\"Redacao VerdadeOn\"},\"url\":\"https:\/\/verdadeon.com.br\/portal\/author\/redacao\/\"}]}<\/script>\n<!-- \/ Yoast SEO plugin. -->","yoast_head_json":{"title":"C\u00e2mara aprova projeto e novas resid\u00eancias terap\u00eauticas v\u00e3o atender mais 50 pacientes - VerdadeOn","robots":{"index":"index","follow":"follow","max-snippet":"max-snippet:-1","max-image-preview":"max-image-preview:large","max-video-preview":"max-video-preview:-1"},"canonical":"https:\/\/verdadeon.com.br\/portal\/2022\/05\/31\/camara-aprova-projeto-e-novas-residencias-terapeuticas-vao-atender-mais-50-pacientes\/","og_locale":"pt_BR","og_type":"article","og_title":"C\u00e2mara aprova projeto e novas resid\u00eancias terap\u00eauticas v\u00e3o atender mais 50 pacientes - VerdadeOn","og_description":"Ser\u00e3o abertas mais cinco unidades em Franca; previs\u00e3o \u00e9 para que estejam em funcionamento at\u00e9 o fim de julho &nbsp; &nbsp; &nbsp; Franca ir\u00e1 expandir o [\u2026]","og_url":"https:\/\/verdadeon.com.br\/portal\/2022\/05\/31\/camara-aprova-projeto-e-novas-residencias-terapeuticas-vao-atender-mais-50-pacientes\/","og_site_name":"VerdadeOn","article_published_time":"2022-05-31T22:38:18+00:00","og_image":[{"width":1000,"height":665,"url":"https:\/\/verdadeon.com.br\/portal\/wp-content\/uploads\/2022\/05\/52112713249_65721fa430_k-e1654036552443.jpg","type":"image\/jpeg"}],"author":"Redacao VerdadeOn","twitter_card":"summary_large_image","twitter_misc":{"Escrito por":"Redacao VerdadeOn","Est. tempo de leitura":"4 minutos"},"schema":{"@context":"https:\/\/schema.org","@graph":[{"@type":"WebPage","@id":"https:\/\/verdadeon.com.br\/portal\/2022\/05\/31\/camara-aprova-projeto-e-novas-residencias-terapeuticas-vao-atender-mais-50-pacientes\/","url":"https:\/\/verdadeon.com.br\/portal\/2022\/05\/31\/camara-aprova-projeto-e-novas-residencias-terapeuticas-vao-atender-mais-50-pacientes\/","name":"C\u00e2mara aprova projeto e novas resid\u00eancias terap\u00eauticas v\u00e3o atender mais 50 pacientes - VerdadeOn","isPartOf":{"@id":"https:\/\/verdadeon.com.br\/portal\/#website"},"primaryImageOfPage":{"@id":"https:\/\/verdadeon.com.br\/portal\/2022\/05\/31\/camara-aprova-projeto-e-novas-residencias-terapeuticas-vao-atender-mais-50-pacientes\/#primaryimage"},"image":{"@id":"https:\/\/verdadeon.com.br\/portal\/2022\/05\/31\/camara-aprova-projeto-e-novas-residencias-terapeuticas-vao-atender-mais-50-pacientes\/#primaryimage"},"thumbnailUrl":"https:\/\/i0.wp.com\/verdadeon.com.br\/portal\/wp-content\/uploads\/2022\/05\/52112713249_65721fa430_k-e1654036552443.jpg?fit=1000%2C665&ssl=1","datePublished":"2022-05-31T22:38:18+00:00","author":{"@id":"https:\/\/verdadeon.com.br\/portal\/#\/schema\/person\/a5060ad1e9ea3df545188fc93ce43d2f"},"breadcrumb":{"@id":"https:\/\/verdadeon.com.br\/portal\/2022\/05\/31\/camara-aprova-projeto-e-novas-residencias-terapeuticas-vao-atender-mais-50-pacientes\/#breadcrumb"},"inLanguage":"pt-BR","potentialAction":[{"@type":"ReadAction","target":["https:\/\/verdadeon.com.br\/portal\/2022\/05\/31\/camara-aprova-projeto-e-novas-residencias-terapeuticas-vao-atender-mais-50-pacientes\/"]}]},{"@type":"ImageObject","inLanguage":"pt-BR","@id":"https:\/\/verdadeon.com.br\/portal\/2022\/05\/31\/camara-aprova-projeto-e-novas-residencias-terapeuticas-vao-atender-mais-50-pacientes\/#primaryimage","url":"https:\/\/i0.wp.com\/verdadeon.com.br\/portal\/wp-content\/uploads\/2022\/05\/52112713249_65721fa430_k-e1654036552443.jpg?fit=1000%2C665&ssl=1","contentUrl":"https:\/\/i0.wp.com\/verdadeon.com.br\/portal\/wp-content\/uploads\/2022\/05\/52112713249_65721fa430_k-e1654036552443.jpg?fit=1000%2C665&ssl=1","width":1000,"height":665,"caption":"Vereadores v\u00e3o se reunir na quarta-feira (16), ap\u00f3s o feriado da Proclama\u00e7\u00e3o da Rep\u00fablica no dia 15 de novembro, na ter\u00e7a-feira | Foto: Comunica\u00e7\u00e3o Institucional da C\u00e2mara"},{"@type":"BreadcrumbList","@id":"https:\/\/verdadeon.com.br\/portal\/2022\/05\/31\/camara-aprova-projeto-e-novas-residencias-terapeuticas-vao-atender-mais-50-pacientes\/#breadcrumb","itemListElement":[{"@type":"ListItem","position":1,"name":"In\u00edcio","item":"https:\/\/verdadeon.com.br\/portal\/"},{"@type":"ListItem","position":2,"name":"C\u00e2mara aprova projeto e novas resid\u00eancias terap\u00eauticas v\u00e3o atender mais 50 pacientes"}]},{"@type":"WebSite","@id":"https:\/\/verdadeon.com.br\/portal\/#website","url":"https:\/\/verdadeon.com.br\/portal\/","name":"VerdadeOn","description":"Not\u00edcias di\u00e1rias sobre Franca, Regi\u00e3o, Esporte, Cultura, Cotidiano, Colunas. Cobertura nos principais eventos da cidade \u00e9 aqui - Verdadeon Franca","potentialAction":[{"@type":"SearchAction","target":{"@type":"EntryPoint","urlTemplate":"https:\/\/verdadeon.com.br\/portal\/?s={search_term_string}"},"query-input":{"@type":"PropertyValueSpecification","valueRequired":true,"valueName":"search_term_string"}}],"inLanguage":"pt-BR"},{"@type":"Person","@id":"https:\/\/verdadeon.com.br\/portal\/#\/schema\/person\/a5060ad1e9ea3df545188fc93ce43d2f","name":"Redacao VerdadeOn","image":{"@type":"ImageObject","inLanguage":"pt-BR","@id":"https:\/\/verdadeon.com.br\/portal\/#\/schema\/person\/image\/","url":"https:\/\/secure.gravatar.com\/avatar\/459a9613caaaf07f582c3d0841eea68bdd66f533e465e6ba8b9cb45619572cf4?s=96&d=mm&r=g","contentUrl":"https:\/\/secure.gravatar.com\/avatar\/459a9613caaaf07f582c3d0841eea68bdd66f533e465e6ba8b9cb45619572cf4?s=96&d=mm&r=g","caption":"Redacao VerdadeOn"},"url":"https:\/\/verdadeon.com.br\/portal\/author\/redacao\/"}]}},"jetpack_publicize_connections":[],"jetpack_featured_media_url":"https:\/\/i0.wp.com\/verdadeon.com.br\/portal\/wp-content\/uploads\/2022\/05\/52112713249_65721fa430_k-e1654036552443.jpg?fit=1000%2C665&ssl=1","jetpack_sharing_enabled":true,"_links":{"self":[{"href":"https:\/\/verdadeon.com.br\/portal\/wp-json\/wp\/v2\/posts\/25475","targetHints":{"allow":["GET"]}}],"collection":[{"href":"https:\/\/verdadeon.com.br\/portal\/wp-json\/wp\/v2\/posts"}],"about":[{"href":"https:\/\/verdadeon.com.br\/portal\/wp-json\/wp\/v2\/types\/post"}],"author":[{"embeddable":true,"href":"https:\/\/verdadeon.com.br\/portal\/wp-json\/wp\/v2\/users\/10"}],"replies":[{"embeddable":true,"href":"https:\/\/verdadeon.com.br\/portal\/wp-json\/wp\/v2\/comments?post=25475"}],"version-history":[{"count":1,"href":"https:\/\/verdadeon.com.br\/portal\/wp-json\/wp\/v2\/posts\/25475\/revisions"}],"predecessor-version":[{"id":25478,"href":"https:\/\/verdadeon.com.br\/portal\/wp-json\/wp\/v2\/posts\/25475\/revisions\/25478"}],"wp:featuredmedia":[{"embeddable":true,"href":"https:\/\/verdadeon.com.br\/portal\/wp-json\/wp\/v2\/media\/25477"}],"wp:attachment":[{"href":"https:\/\/verdadeon.com.br\/portal\/wp-json\/wp\/v2\/media?parent=25475"}],"wp:term":[{"taxonomy":"category","embeddable":true,"href":"https:\/\/verdadeon.com.br\/portal\/wp-json\/wp\/v2\/categories?post=25475"},{"taxonomy":"post_tag","embeddable":true,"href":"https:\/\/verdadeon.com.br\/portal\/wp-json\/wp\/v2\/tags?post=25475"}],"curies":[{"name":"wp","href":"https:\/\/api.w.org\/{rel}","templated":true}]}}