{"id":25473,"date":"2022-05-31T19:33:28","date_gmt":"2022-05-31T22:33:28","guid":{"rendered":"https:\/\/verdadeon.com.br\/portal\/?p=25473"},"modified":"2022-05-31T19:33:28","modified_gmt":"2022-05-31T22:33:28","slug":"novo-modelo-de-cnh-comecara-a-ser-emitido-nesta-quarta-feira","status":"publish","type":"post","link":"https:\/\/verdadeon.com.br\/portal\/2022\/05\/31\/novo-modelo-de-cnh-comecara-a-ser-emitido-nesta-quarta-feira\/","title":{"rendered":"Novo modelo de CNH come\u00e7ar\u00e1 a ser emitido nesta quarta-feira"},"content":{"rendered":"<h2 class=\"col-10 offset-1 animated fadeInDown dealy-900 display-8 display-md-8 alt-font font-italic my-1 text-center\">Documento incorporou c\u00f3digo internacional utilizado nos passaportes que permite embarque em aeroportos brasileiros<\/h2>\n<p>A partir de 1\u00ba de junho, a Carteira Nacional de Habilita\u00e7\u00e3o (CNH) passar\u00e1 a ser emitida em um novo formato. Segundo a Secretaria Nacional de Tr\u00e2nsito (Senatran), o documento ficar\u00e1 \u201cmais moderno\u201d e, cumprindo determina\u00e7\u00f5es legais, possibilitar\u00e1 o uso do nome social e da filia\u00e7\u00e3o afetiva do condutor que assim desejar.<img data-recalc-dims=\"1\" decoding=\"async\" src=\"https:\/\/i0.wp.com\/agenciabrasil.ebc.com.br\/ebc.png?w=1220&#038;ssl=1\" \/><img data-recalc-dims=\"1\" decoding=\"async\" src=\"https:\/\/i0.wp.com\/agenciabrasil.ebc.com.br\/ebc.gif?w=1220&#038;ssl=1\" \/><\/p>\n<p>Foi tamb\u00e9m incorporado um c\u00f3digo internacional utilizado nos passaportes, que permite ao condutor embarcar em terminais de autoatendimento nos aeroportos brasileiros. Como ter\u00e1 informa\u00e7\u00f5es impressas em ingl\u00eas e franc\u00eas, al\u00e9m do portugu\u00eas, o documento facilitar\u00e1 o uso em outros pa\u00edses.<\/p>\n<p>As mudan\u00e7as estavam previstas desde dezembro de 2021, quando o Conselho Nacional de Tr\u00e2nsito publicou a\u00a0Resolu\u00e7\u00e3o n\u00ba 886, que regulamenta especifica\u00e7\u00f5es, produ\u00e7\u00e3o e expedi\u00e7\u00e3o da CNH.<\/p>\n<p>A substitui\u00e7\u00e3o da CNH n\u00e3o \u00e9 obrigat\u00f3ria. Ela ser\u00e1 implementada de forma gradual para novas habilita\u00e7\u00f5es, na medida em que os condutores venham a renovar ou emitir a segunda via do documento.<\/p>\n<p>Conforme previsto na resolu\u00e7\u00e3o &#8211; que detalha os itens de seguran\u00e7a que passar\u00e3o a ser adotados e apresenta como ser\u00e1 o visual do documento -, a nova vers\u00e3o da carteira de motorista trar\u00e1 uma tabela para identificar os tipos de ve\u00edculos que o condutor est\u00e1 apto a conduzir, bem como informa\u00e7\u00f5es sobre o exerc\u00edcio de atividade remunerada do motorista e poss\u00edveis restri\u00e7\u00f5es m\u00e9dicas.<\/p>\n<p>A nova CNH adotar\u00e1 uma nova cor. Al\u00e9m do verde, ter\u00e1 tamb\u00e9m o amarelo e novos elementos gr\u00e1ficos para dificultar a falsifica\u00e7\u00e3o e fraudes. O documento ter\u00e1 um QR Code e poder\u00e1 ser expedido nos formatos f\u00edsico, digital ou ambos.<\/p>\n<p>Fonte: Ag\u00eancia Brasil<\/p>\n","protected":false},"excerpt":{"rendered":"<p>Documento incorporou c\u00f3digo internacional utilizado nos passaportes que permite embarque em aeroportos brasileiros A partir de 1\u00ba de junho, a Carteira Nacional de Habilita\u00e7\u00e3o (CNH) passar\u00e1<span class=\"excerpt-hellip\"> [\u2026]<\/span><\/p>\n","protected":false},"author":7,"featured_media":25474,"comment_status":"open","ping_status":"open","sticky":false,"template":"","format":"standard","meta":{"_jetpack_memberships_contains_paid_content":false,"footnotes":"","jetpack_publicize_message":"","jetpack_publicize_feature_enabled":true,"jetpack_social_post_already_shared":false,"jetpack_social_options":{"image_generator_settings":{"template":"highway","default_image_id":0,"enabled":false},"version":2}},"categories":[28,44],"tags":[],"class_list":["post-25473","post","type-post","status-publish","format-standard","has-post-thumbnail","hentry","category-cotidiano","category-noticias"],"yoast_head":"<!-- This site is optimized with the Yoast SEO plugin v25.6 - https:\/\/yoast.com\/wordpress\/plugins\/seo\/ -->\n<title>Novo modelo de CNH come\u00e7ar\u00e1 a ser emitido nesta quarta-feira - VerdadeOn<\/title>\n<meta name=\"robots\" content=\"index, follow, max-snippet:-1, max-image-preview:large, max-video-preview:-1\" \/>\n<link rel=\"canonical\" href=\"https:\/\/verdadeon.com.br\/portal\/2022\/05\/31\/novo-modelo-de-cnh-comecara-a-ser-emitido-nesta-quarta-feira\/\" \/>\n<meta property=\"og:locale\" content=\"pt_BR\" \/>\n<meta property=\"og:type\" content=\"article\" \/>\n<meta property=\"og:title\" content=\"Novo modelo de CNH come\u00e7ar\u00e1 a ser emitido nesta quarta-feira - VerdadeOn\" \/>\n<meta property=\"og:description\" content=\"Documento incorporou c\u00f3digo internacional utilizado nos passaportes que permite embarque em aeroportos brasileiros A partir de 1\u00ba de junho, a Carteira Nacional de Habilita\u00e7\u00e3o (CNH) passar\u00e1 [\u2026]\" \/>\n<meta property=\"og:url\" content=\"https:\/\/verdadeon.com.br\/portal\/2022\/05\/31\/novo-modelo-de-cnh-comecara-a-ser-emitido-nesta-quarta-feira\/\" \/>\n<meta property=\"og:site_name\" content=\"VerdadeOn\" \/>\n<meta property=\"article:published_time\" content=\"2022-05-31T22:33:28+00:00\" \/>\n<meta property=\"og:image\" content=\"https:\/\/verdadeon.com.br\/portal\/wp-content\/uploads\/2022\/05\/CNH-e1654036360215.jpg\" \/>\n\t<meta property=\"og:image:width\" content=\"1000\" \/>\n\t<meta property=\"og:image:height\" content=\"669\" \/>\n\t<meta property=\"og:image:type\" content=\"image\/jpeg\" \/>\n<meta name=\"author\" content=\"Fernando Lima\" \/>\n<meta name=\"twitter:card\" content=\"summary_large_image\" \/>\n<meta name=\"twitter:label1\" content=\"Escrito por\" \/>\n\t<meta name=\"twitter:data1\" content=\"Fernando Lima\" \/>\n\t<meta name=\"twitter:label2\" content=\"Est. tempo de leitura\" \/>\n\t<meta name=\"twitter:data2\" content=\"2 minutos\" \/>\n<script type=\"application\/ld+json\" class=\"yoast-schema-graph\">{\"@context\":\"https:\/\/schema.org\",\"@graph\":[{\"@type\":\"WebPage\",\"@id\":\"https:\/\/verdadeon.com.br\/portal\/2022\/05\/31\/novo-modelo-de-cnh-comecara-a-ser-emitido-nesta-quarta-feira\/\",\"url\":\"https:\/\/verdadeon.com.br\/portal\/2022\/05\/31\/novo-modelo-de-cnh-comecara-a-ser-emitido-nesta-quarta-feira\/\",\"name\":\"Novo modelo de CNH come\u00e7ar\u00e1 a ser emitido nesta quarta-feira - VerdadeOn\",\"isPartOf\":{\"@id\":\"https:\/\/verdadeon.com.br\/portal\/#website\"},\"primaryImageOfPage\":{\"@id\":\"https:\/\/verdadeon.com.br\/portal\/2022\/05\/31\/novo-modelo-de-cnh-comecara-a-ser-emitido-nesta-quarta-feira\/#primaryimage\"},\"image\":{\"@id\":\"https:\/\/verdadeon.com.br\/portal\/2022\/05\/31\/novo-modelo-de-cnh-comecara-a-ser-emitido-nesta-quarta-feira\/#primaryimage\"},\"thumbnailUrl\":\"https:\/\/i0.wp.com\/verdadeon.com.br\/portal\/wp-content\/uploads\/2022\/05\/CNH-e1654036360215.jpg?fit=1000%2C669&ssl=1\",\"datePublished\":\"2022-05-31T22:33:28+00:00\",\"author\":{\"@id\":\"https:\/\/verdadeon.com.br\/portal\/#\/schema\/person\/cc32be22b8e8599387c480bc83e1d11a\"},\"breadcrumb\":{\"@id\":\"https:\/\/verdadeon.com.br\/portal\/2022\/05\/31\/novo-modelo-de-cnh-comecara-a-ser-emitido-nesta-quarta-feira\/#breadcrumb\"},\"inLanguage\":\"pt-BR\",\"potentialAction\":[{\"@type\":\"ReadAction\",\"target\":[\"https:\/\/verdadeon.com.br\/portal\/2022\/05\/31\/novo-modelo-de-cnh-comecara-a-ser-emitido-nesta-quarta-feira\/\"]}]},{\"@type\":\"ImageObject\",\"inLanguage\":\"pt-BR\",\"@id\":\"https:\/\/verdadeon.com.br\/portal\/2022\/05\/31\/novo-modelo-de-cnh-comecara-a-ser-emitido-nesta-quarta-feira\/#primaryimage\",\"url\":\"https:\/\/i0.wp.com\/verdadeon.com.br\/portal\/wp-content\/uploads\/2022\/05\/CNH-e1654036360215.jpg?fit=1000%2C669&ssl=1\",\"contentUrl\":\"https:\/\/i0.wp.com\/verdadeon.com.br\/portal\/wp-content\/uploads\/2022\/05\/CNH-e1654036360215.jpg?fit=1000%2C669&ssl=1\",\"width\":1000,\"height\":669,\"caption\":\"A comprova\u00e7\u00e3o de exame toxicol\u00f3gico negativo continuar\u00e1 sendo exigida para obten\u00e7\u00e3o e renova\u00e7\u00e3o das categorias C, D e E | Foto: Ag\u00eancia Brasil\"},{\"@type\":\"BreadcrumbList\",\"@id\":\"https:\/\/verdadeon.com.br\/portal\/2022\/05\/31\/novo-modelo-de-cnh-comecara-a-ser-emitido-nesta-quarta-feira\/#breadcrumb\",\"itemListElement\":[{\"@type\":\"ListItem\",\"position\":1,\"name\":\"In\u00edcio\",\"item\":\"https:\/\/verdadeon.com.br\/portal\/\"},{\"@type\":\"ListItem\",\"position\":2,\"name\":\"Novo modelo de CNH come\u00e7ar\u00e1 a ser emitido nesta quarta-feira\"}]},{\"@type\":\"WebSite\",\"@id\":\"https:\/\/verdadeon.com.br\/portal\/#website\",\"url\":\"https:\/\/verdadeon.com.br\/portal\/\",\"name\":\"VerdadeOn\",\"description\":\"Not\u00edcias di\u00e1rias sobre Franca, Regi\u00e3o, Esporte, Cultura, Cotidiano, Colunas. Cobertura nos principais eventos da cidade \u00e9 aqui - Verdadeon Franca\",\"potentialAction\":[{\"@type\":\"SearchAction\",\"target\":{\"@type\":\"EntryPoint\",\"urlTemplate\":\"https:\/\/verdadeon.com.br\/portal\/?s={search_term_string}\"},\"query-input\":{\"@type\":\"PropertyValueSpecification\",\"valueRequired\":true,\"valueName\":\"search_term_string\"}}],\"inLanguage\":\"pt-BR\"},{\"@type\":\"Person\",\"@id\":\"https:\/\/verdadeon.com.br\/portal\/#\/schema\/person\/cc32be22b8e8599387c480bc83e1d11a\",\"name\":\"Fernando Lima\",\"image\":{\"@type\":\"ImageObject\",\"inLanguage\":\"pt-BR\",\"@id\":\"https:\/\/verdadeon.com.br\/portal\/#\/schema\/person\/image\/\",\"url\":\"https:\/\/secure.gravatar.com\/avatar\/df4c8e132080d2b3a4841d5d232045464e0eed11a1d6e43115ca0843d48768d3?s=96&d=mm&r=g\",\"contentUrl\":\"https:\/\/secure.gravatar.com\/avatar\/df4c8e132080d2b3a4841d5d232045464e0eed11a1d6e43115ca0843d48768d3?s=96&d=mm&r=g\",\"caption\":\"Fernando Lima\"},\"sameAs\":[\"http:\/\/verdadeon.com.br\/\"],\"url\":\"https:\/\/verdadeon.com.br\/portal\/author\/fernando-lima\/\"}]}<\/script>\n<!-- \/ Yoast SEO plugin. -->","yoast_head_json":{"title":"Novo modelo de CNH come\u00e7ar\u00e1 a ser emitido nesta quarta-feira - VerdadeOn","robots":{"index":"index","follow":"follow","max-snippet":"max-snippet:-1","max-image-preview":"max-image-preview:large","max-video-preview":"max-video-preview:-1"},"canonical":"https:\/\/verdadeon.com.br\/portal\/2022\/05\/31\/novo-modelo-de-cnh-comecara-a-ser-emitido-nesta-quarta-feira\/","og_locale":"pt_BR","og_type":"article","og_title":"Novo modelo de CNH come\u00e7ar\u00e1 a ser emitido nesta quarta-feira - VerdadeOn","og_description":"Documento incorporou c\u00f3digo internacional utilizado nos passaportes que permite embarque em aeroportos brasileiros A partir de 1\u00ba de junho, a Carteira Nacional de Habilita\u00e7\u00e3o (CNH) passar\u00e1 [\u2026]","og_url":"https:\/\/verdadeon.com.br\/portal\/2022\/05\/31\/novo-modelo-de-cnh-comecara-a-ser-emitido-nesta-quarta-feira\/","og_site_name":"VerdadeOn","article_published_time":"2022-05-31T22:33:28+00:00","og_image":[{"width":1000,"height":669,"url":"https:\/\/verdadeon.com.br\/portal\/wp-content\/uploads\/2022\/05\/CNH-e1654036360215.jpg","type":"image\/jpeg"}],"author":"Fernando Lima","twitter_card":"summary_large_image","twitter_misc":{"Escrito por":"Fernando Lima","Est. tempo de leitura":"2 minutos"},"schema":{"@context":"https:\/\/schema.org","@graph":[{"@type":"WebPage","@id":"https:\/\/verdadeon.com.br\/portal\/2022\/05\/31\/novo-modelo-de-cnh-comecara-a-ser-emitido-nesta-quarta-feira\/","url":"https:\/\/verdadeon.com.br\/portal\/2022\/05\/31\/novo-modelo-de-cnh-comecara-a-ser-emitido-nesta-quarta-feira\/","name":"Novo modelo de CNH come\u00e7ar\u00e1 a ser emitido nesta quarta-feira - VerdadeOn","isPartOf":{"@id":"https:\/\/verdadeon.com.br\/portal\/#website"},"primaryImageOfPage":{"@id":"https:\/\/verdadeon.com.br\/portal\/2022\/05\/31\/novo-modelo-de-cnh-comecara-a-ser-emitido-nesta-quarta-feira\/#primaryimage"},"image":{"@id":"https:\/\/verdadeon.com.br\/portal\/2022\/05\/31\/novo-modelo-de-cnh-comecara-a-ser-emitido-nesta-quarta-feira\/#primaryimage"},"thumbnailUrl":"https:\/\/i0.wp.com\/verdadeon.com.br\/portal\/wp-content\/uploads\/2022\/05\/CNH-e1654036360215.jpg?fit=1000%2C669&ssl=1","datePublished":"2022-05-31T22:33:28+00:00","author":{"@id":"https:\/\/verdadeon.com.br\/portal\/#\/schema\/person\/cc32be22b8e8599387c480bc83e1d11a"},"breadcrumb":{"@id":"https:\/\/verdadeon.com.br\/portal\/2022\/05\/31\/novo-modelo-de-cnh-comecara-a-ser-emitido-nesta-quarta-feira\/#breadcrumb"},"inLanguage":"pt-BR","potentialAction":[{"@type":"ReadAction","target":["https:\/\/verdadeon.com.br\/portal\/2022\/05\/31\/novo-modelo-de-cnh-comecara-a-ser-emitido-nesta-quarta-feira\/"]}]},{"@type":"ImageObject","inLanguage":"pt-BR","@id":"https:\/\/verdadeon.com.br\/portal\/2022\/05\/31\/novo-modelo-de-cnh-comecara-a-ser-emitido-nesta-quarta-feira\/#primaryimage","url":"https:\/\/i0.wp.com\/verdadeon.com.br\/portal\/wp-content\/uploads\/2022\/05\/CNH-e1654036360215.jpg?fit=1000%2C669&ssl=1","contentUrl":"https:\/\/i0.wp.com\/verdadeon.com.br\/portal\/wp-content\/uploads\/2022\/05\/CNH-e1654036360215.jpg?fit=1000%2C669&ssl=1","width":1000,"height":669,"caption":"A comprova\u00e7\u00e3o de exame toxicol\u00f3gico negativo continuar\u00e1 sendo exigida para obten\u00e7\u00e3o e renova\u00e7\u00e3o das categorias C, D e E | Foto: Ag\u00eancia Brasil"},{"@type":"BreadcrumbList","@id":"https:\/\/verdadeon.com.br\/portal\/2022\/05\/31\/novo-modelo-de-cnh-comecara-a-ser-emitido-nesta-quarta-feira\/#breadcrumb","itemListElement":[{"@type":"ListItem","position":1,"name":"In\u00edcio","item":"https:\/\/verdadeon.com.br\/portal\/"},{"@type":"ListItem","position":2,"name":"Novo modelo de CNH come\u00e7ar\u00e1 a ser emitido nesta quarta-feira"}]},{"@type":"WebSite","@id":"https:\/\/verdadeon.com.br\/portal\/#website","url":"https:\/\/verdadeon.com.br\/portal\/","name":"VerdadeOn","description":"Not\u00edcias di\u00e1rias sobre Franca, Regi\u00e3o, Esporte, Cultura, Cotidiano, Colunas. Cobertura nos principais eventos da cidade \u00e9 aqui - Verdadeon Franca","potentialAction":[{"@type":"SearchAction","target":{"@type":"EntryPoint","urlTemplate":"https:\/\/verdadeon.com.br\/portal\/?s={search_term_string}"},"query-input":{"@type":"PropertyValueSpecification","valueRequired":true,"valueName":"search_term_string"}}],"inLanguage":"pt-BR"},{"@type":"Person","@id":"https:\/\/verdadeon.com.br\/portal\/#\/schema\/person\/cc32be22b8e8599387c480bc83e1d11a","name":"Fernando Lima","image":{"@type":"ImageObject","inLanguage":"pt-BR","@id":"https:\/\/verdadeon.com.br\/portal\/#\/schema\/person\/image\/","url":"https:\/\/secure.gravatar.com\/avatar\/df4c8e132080d2b3a4841d5d232045464e0eed11a1d6e43115ca0843d48768d3?s=96&d=mm&r=g","contentUrl":"https:\/\/secure.gravatar.com\/avatar\/df4c8e132080d2b3a4841d5d232045464e0eed11a1d6e43115ca0843d48768d3?s=96&d=mm&r=g","caption":"Fernando Lima"},"sameAs":["http:\/\/verdadeon.com.br\/"],"url":"https:\/\/verdadeon.com.br\/portal\/author\/fernando-lima\/"}]}},"jetpack_publicize_connections":[],"jetpack_featured_media_url":"https:\/\/i0.wp.com\/verdadeon.com.br\/portal\/wp-content\/uploads\/2022\/05\/CNH-e1654036360215.jpg?fit=1000%2C669&ssl=1","jetpack_sharing_enabled":true,"_links":{"self":[{"href":"https:\/\/verdadeon.com.br\/portal\/wp-json\/wp\/v2\/posts\/25473","targetHints":{"allow":["GET"]}}],"collection":[{"href":"https:\/\/verdadeon.com.br\/portal\/wp-json\/wp\/v2\/posts"}],"about":[{"href":"https:\/\/verdadeon.com.br\/portal\/wp-json\/wp\/v2\/types\/post"}],"author":[{"embeddable":true,"href":"https:\/\/verdadeon.com.br\/portal\/wp-json\/wp\/v2\/users\/7"}],"replies":[{"embeddable":true,"href":"https:\/\/verdadeon.com.br\/portal\/wp-json\/wp\/v2\/comments?post=25473"}],"version-history":[{"count":1,"href":"https:\/\/verdadeon.com.br\/portal\/wp-json\/wp\/v2\/posts\/25473\/revisions"}],"predecessor-version":[{"id":25476,"href":"https:\/\/verdadeon.com.br\/portal\/wp-json\/wp\/v2\/posts\/25473\/revisions\/25476"}],"wp:featuredmedia":[{"embeddable":true,"href":"https:\/\/verdadeon.com.br\/portal\/wp-json\/wp\/v2\/media\/25474"}],"wp:attachment":[{"href":"https:\/\/verdadeon.com.br\/portal\/wp-json\/wp\/v2\/media?parent=25473"}],"wp:term":[{"taxonomy":"category","embeddable":true,"href":"https:\/\/verdadeon.com.br\/portal\/wp-json\/wp\/v2\/categories?post=25473"},{"taxonomy":"post_tag","embeddable":true,"href":"https:\/\/verdadeon.com.br\/portal\/wp-json\/wp\/v2\/tags?post=25473"}],"curies":[{"name":"wp","href":"https:\/\/api.w.org\/{rel}","templated":true}]}}