{"id":25465,"date":"2022-05-31T17:59:22","date_gmt":"2022-05-31T20:59:22","guid":{"rendered":"https:\/\/verdadeon.com.br\/portal\/?p=25465"},"modified":"2022-05-31T18:08:13","modified_gmt":"2022-05-31T21:08:13","slug":"caminhonete-furtada-em-franca-e-encontrada-com-uma-tonelada-de-maconha","status":"publish","type":"post","link":"https:\/\/verdadeon.com.br\/portal\/2022\/05\/31\/caminhonete-furtada-em-franca-e-encontrada-com-uma-tonelada-de-maconha\/","title":{"rendered":"Caminhonete furtada em Franca \u00e9 encontrada com uma tonelada de maconha"},"content":{"rendered":"<h2>Ve\u00edculo foi abandonado na cidade de Rin\u00f3polis, condutor fugiu e n\u00e3o foi encontrado, caso \u00e9 investigado pela pol\u00edcia<\/h2>\n<p>Uma caminhonete furtada em Franca no \u00faltimo dia 16 de maio, foi localizada com mais de uma tonelada de maconha, na rodovia Assis Chateaubriand na cidade de Rin\u00f3polis, na regi\u00e3o de Presidente Prudente.<\/p>\n<p>De acordo com a Pol\u00edcia Rodovi\u00e1ria, o condutor n\u00e3o obedeceu o sinal de parada, e uma persegui\u00e7\u00e3o teve in\u00edcio. O condutor abandonou o ve\u00edculo ainda em movimento e fugiu por um matagal. Ele n\u00e3o foi mais encontrado.<\/p>\n<p>Os militares conseguiram parar o ve\u00edculo e encontraram mais de 1.500 tabletes de maconha, que pesavam mais de uma tonelada. Um inqu\u00e9rito foi aberto pela Pol\u00edcia Civil para investigar o caso.<\/p>\n<h4>Acidente<\/h4>\n<p>Uma mulher de 40 anos ficou ferida em um acidente na manh\u00e3 desta ter\u00e7a-feira (31), na avenida Santos Dumont, na zona oeste de Franca. De acordo com o registro ela perdeu o controle pr\u00f3ximo ao acesso da rodovia C\u00e2ndido Portinari, e parou apenas ap\u00f3s bater em um poste de ilumina\u00e7\u00e3o p\u00fablica.<\/p>\n<p>O socorro foi acionado e ela foi levada para um hospital particular de Franca, onde passa por atendimento m\u00e9dico.<\/p>\n<p>Os bombeiros isolaram a fia\u00e7\u00e3o que caiu com o impacto, o tr\u00e2nsito foi sinalizado no local, e a companhia de energia restabeleceu o fornecimento na regi\u00e3o.<\/p>\n<p>Uma ocorr\u00eancia parecida foi registrada no residencial S\u00e3o Tomaz, na zona norte da cidade na noite de segunda-feira (30). Um motorista de 50 anos passou mal na avenida Francisco Silva, perdeu o controle, subiu a cal\u00e7ada e atingiu um poste de ilumina\u00e7\u00e3o p\u00fablica.<\/p>\n<p>O SAMU foi acionado e a v\u00edtima socorrida, por sorte ningu\u00e9m teve ferimentos graves e o caso ser\u00e1 apurado pela Pol\u00edcia Civil.<\/p>\n","protected":false},"excerpt":{"rendered":"<p>Ve\u00edculo foi abandonado na cidade de Rin\u00f3polis, condutor fugiu e n\u00e3o foi encontrado, caso \u00e9 investigado pela pol\u00edcia Uma caminhonete furtada em Franca no \u00faltimo dia<span class=\"excerpt-hellip\"> [\u2026]<\/span><\/p>\n","protected":false},"author":7,"featured_media":25472,"comment_status":"open","ping_status":"open","sticky":false,"template":"","format":"standard","meta":{"_jetpack_memberships_contains_paid_content":false,"footnotes":"","jetpack_publicize_message":"","jetpack_publicize_feature_enabled":true,"jetpack_social_post_already_shared":false,"jetpack_social_options":{"image_generator_settings":{"template":"highway","default_image_id":0,"enabled":false},"version":2}},"categories":[28,44],"tags":[],"class_list":["post-25465","post","type-post","status-publish","format-standard","has-post-thumbnail","hentry","category-cotidiano","category-noticias"],"yoast_head":"<!-- This site is optimized with the Yoast SEO plugin v25.6 - https:\/\/yoast.com\/wordpress\/plugins\/seo\/ -->\n<title>Caminhonete furtada em Franca \u00e9 encontrada com uma tonelada de maconha - VerdadeOn<\/title>\n<meta name=\"robots\" content=\"index, follow, max-snippet:-1, max-image-preview:large, max-video-preview:-1\" \/>\n<link rel=\"canonical\" href=\"https:\/\/verdadeon.com.br\/portal\/2022\/05\/31\/caminhonete-furtada-em-franca-e-encontrada-com-uma-tonelada-de-maconha\/\" \/>\n<meta property=\"og:locale\" content=\"pt_BR\" \/>\n<meta property=\"og:type\" content=\"article\" \/>\n<meta property=\"og:title\" content=\"Caminhonete furtada em Franca \u00e9 encontrada com uma tonelada de maconha - VerdadeOn\" \/>\n<meta property=\"og:description\" content=\"Ve\u00edculo foi abandonado na cidade de Rin\u00f3polis, condutor fugiu e n\u00e3o foi encontrado, caso \u00e9 investigado pela pol\u00edcia Uma caminhonete furtada em Franca no \u00faltimo dia [\u2026]\" \/>\n<meta property=\"og:url\" content=\"https:\/\/verdadeon.com.br\/portal\/2022\/05\/31\/caminhonete-furtada-em-franca-e-encontrada-com-uma-tonelada-de-maconha\/\" \/>\n<meta property=\"og:site_name\" content=\"VerdadeOn\" \/>\n<meta property=\"article:published_time\" content=\"2022-05-31T20:59:22+00:00\" \/>\n<meta property=\"article:modified_time\" content=\"2022-05-31T21:08:13+00:00\" \/>\n<meta property=\"og:image\" content=\"https:\/\/verdadeon.com.br\/portal\/wp-content\/uploads\/2022\/05\/WhatsApp-Image-2022-05-31-at-18.05.47.jpeg\" \/>\n\t<meta property=\"og:image:width\" content=\"1000\" \/>\n\t<meta property=\"og:image:height\" content=\"670\" \/>\n\t<meta property=\"og:image:type\" content=\"image\/jpeg\" \/>\n<meta name=\"author\" content=\"Fernando Lima\" \/>\n<meta name=\"twitter:card\" content=\"summary_large_image\" \/>\n<meta name=\"twitter:label1\" content=\"Escrito por\" \/>\n\t<meta name=\"twitter:data1\" content=\"Fernando Lima\" \/>\n\t<meta name=\"twitter:label2\" content=\"Est. tempo de leitura\" \/>\n\t<meta name=\"twitter:data2\" content=\"2 minutos\" \/>\n<script type=\"application\/ld+json\" class=\"yoast-schema-graph\">{\"@context\":\"https:\/\/schema.org\",\"@graph\":[{\"@type\":\"WebPage\",\"@id\":\"https:\/\/verdadeon.com.br\/portal\/2022\/05\/31\/caminhonete-furtada-em-franca-e-encontrada-com-uma-tonelada-de-maconha\/\",\"url\":\"https:\/\/verdadeon.com.br\/portal\/2022\/05\/31\/caminhonete-furtada-em-franca-e-encontrada-com-uma-tonelada-de-maconha\/\",\"name\":\"Caminhonete furtada em Franca \u00e9 encontrada com uma tonelada de maconha - VerdadeOn\",\"isPartOf\":{\"@id\":\"https:\/\/verdadeon.com.br\/portal\/#website\"},\"primaryImageOfPage\":{\"@id\":\"https:\/\/verdadeon.com.br\/portal\/2022\/05\/31\/caminhonete-furtada-em-franca-e-encontrada-com-uma-tonelada-de-maconha\/#primaryimage\"},\"image\":{\"@id\":\"https:\/\/verdadeon.com.br\/portal\/2022\/05\/31\/caminhonete-furtada-em-franca-e-encontrada-com-uma-tonelada-de-maconha\/#primaryimage\"},\"thumbnailUrl\":\"https:\/\/i0.wp.com\/verdadeon.com.br\/portal\/wp-content\/uploads\/2022\/05\/WhatsApp-Image-2022-05-31-at-18.05.47.jpeg?fit=1000%2C670&ssl=1\",\"datePublished\":\"2022-05-31T20:59:22+00:00\",\"dateModified\":\"2022-05-31T21:08:13+00:00\",\"author\":{\"@id\":\"https:\/\/verdadeon.com.br\/portal\/#\/schema\/person\/cc32be22b8e8599387c480bc83e1d11a\"},\"breadcrumb\":{\"@id\":\"https:\/\/verdadeon.com.br\/portal\/2022\/05\/31\/caminhonete-furtada-em-franca-e-encontrada-com-uma-tonelada-de-maconha\/#breadcrumb\"},\"inLanguage\":\"pt-BR\",\"potentialAction\":[{\"@type\":\"ReadAction\",\"target\":[\"https:\/\/verdadeon.com.br\/portal\/2022\/05\/31\/caminhonete-furtada-em-franca-e-encontrada-com-uma-tonelada-de-maconha\/\"]}]},{\"@type\":\"ImageObject\",\"inLanguage\":\"pt-BR\",\"@id\":\"https:\/\/verdadeon.com.br\/portal\/2022\/05\/31\/caminhonete-furtada-em-franca-e-encontrada-com-uma-tonelada-de-maconha\/#primaryimage\",\"url\":\"https:\/\/i0.wp.com\/verdadeon.com.br\/portal\/wp-content\/uploads\/2022\/05\/WhatsApp-Image-2022-05-31-at-18.05.47.jpeg?fit=1000%2C670&ssl=1\",\"contentUrl\":\"https:\/\/i0.wp.com\/verdadeon.com.br\/portal\/wp-content\/uploads\/2022\/05\/WhatsApp-Image-2022-05-31-at-18.05.47.jpeg?fit=1000%2C670&ssl=1\",\"width\":1000,\"height\":670,\"caption\":\"Caminhonete foi abandonada na rodovia Assis Chateaubriand, condutor pulou do ve\u00edculo ainda em movimento, e n\u00e3o foi mais encontrado | Foto: Pol\u00edcia Rodovi\u00e1ria\"},{\"@type\":\"BreadcrumbList\",\"@id\":\"https:\/\/verdadeon.com.br\/portal\/2022\/05\/31\/caminhonete-furtada-em-franca-e-encontrada-com-uma-tonelada-de-maconha\/#breadcrumb\",\"itemListElement\":[{\"@type\":\"ListItem\",\"position\":1,\"name\":\"In\u00edcio\",\"item\":\"https:\/\/verdadeon.com.br\/portal\/\"},{\"@type\":\"ListItem\",\"position\":2,\"name\":\"Caminhonete furtada em Franca \u00e9 encontrada com uma tonelada de maconha\"}]},{\"@type\":\"WebSite\",\"@id\":\"https:\/\/verdadeon.com.br\/portal\/#website\",\"url\":\"https:\/\/verdadeon.com.br\/portal\/\",\"name\":\"VerdadeOn\",\"description\":\"Not\u00edcias di\u00e1rias sobre Franca, Regi\u00e3o, Esporte, Cultura, Cotidiano, Colunas. Cobertura nos principais eventos da cidade \u00e9 aqui - Verdadeon Franca\",\"potentialAction\":[{\"@type\":\"SearchAction\",\"target\":{\"@type\":\"EntryPoint\",\"urlTemplate\":\"https:\/\/verdadeon.com.br\/portal\/?s={search_term_string}\"},\"query-input\":{\"@type\":\"PropertyValueSpecification\",\"valueRequired\":true,\"valueName\":\"search_term_string\"}}],\"inLanguage\":\"pt-BR\"},{\"@type\":\"Person\",\"@id\":\"https:\/\/verdadeon.com.br\/portal\/#\/schema\/person\/cc32be22b8e8599387c480bc83e1d11a\",\"name\":\"Fernando Lima\",\"image\":{\"@type\":\"ImageObject\",\"inLanguage\":\"pt-BR\",\"@id\":\"https:\/\/verdadeon.com.br\/portal\/#\/schema\/person\/image\/\",\"url\":\"https:\/\/secure.gravatar.com\/avatar\/df4c8e132080d2b3a4841d5d232045464e0eed11a1d6e43115ca0843d48768d3?s=96&d=mm&r=g\",\"contentUrl\":\"https:\/\/secure.gravatar.com\/avatar\/df4c8e132080d2b3a4841d5d232045464e0eed11a1d6e43115ca0843d48768d3?s=96&d=mm&r=g\",\"caption\":\"Fernando Lima\"},\"sameAs\":[\"http:\/\/verdadeon.com.br\/\"],\"url\":\"https:\/\/verdadeon.com.br\/portal\/author\/fernando-lima\/\"}]}<\/script>\n<!-- \/ Yoast SEO plugin. -->","yoast_head_json":{"title":"Caminhonete furtada em Franca \u00e9 encontrada com uma tonelada de maconha - VerdadeOn","robots":{"index":"index","follow":"follow","max-snippet":"max-snippet:-1","max-image-preview":"max-image-preview:large","max-video-preview":"max-video-preview:-1"},"canonical":"https:\/\/verdadeon.com.br\/portal\/2022\/05\/31\/caminhonete-furtada-em-franca-e-encontrada-com-uma-tonelada-de-maconha\/","og_locale":"pt_BR","og_type":"article","og_title":"Caminhonete furtada em Franca \u00e9 encontrada com uma tonelada de maconha - VerdadeOn","og_description":"Ve\u00edculo foi abandonado na cidade de Rin\u00f3polis, condutor fugiu e n\u00e3o foi encontrado, caso \u00e9 investigado pela pol\u00edcia Uma caminhonete furtada em Franca no \u00faltimo dia [\u2026]","og_url":"https:\/\/verdadeon.com.br\/portal\/2022\/05\/31\/caminhonete-furtada-em-franca-e-encontrada-com-uma-tonelada-de-maconha\/","og_site_name":"VerdadeOn","article_published_time":"2022-05-31T20:59:22+00:00","article_modified_time":"2022-05-31T21:08:13+00:00","og_image":[{"width":1000,"height":670,"url":"https:\/\/verdadeon.com.br\/portal\/wp-content\/uploads\/2022\/05\/WhatsApp-Image-2022-05-31-at-18.05.47.jpeg","type":"image\/jpeg"}],"author":"Fernando Lima","twitter_card":"summary_large_image","twitter_misc":{"Escrito por":"Fernando Lima","Est. tempo de leitura":"2 minutos"},"schema":{"@context":"https:\/\/schema.org","@graph":[{"@type":"WebPage","@id":"https:\/\/verdadeon.com.br\/portal\/2022\/05\/31\/caminhonete-furtada-em-franca-e-encontrada-com-uma-tonelada-de-maconha\/","url":"https:\/\/verdadeon.com.br\/portal\/2022\/05\/31\/caminhonete-furtada-em-franca-e-encontrada-com-uma-tonelada-de-maconha\/","name":"Caminhonete furtada em Franca \u00e9 encontrada com uma tonelada de maconha - VerdadeOn","isPartOf":{"@id":"https:\/\/verdadeon.com.br\/portal\/#website"},"primaryImageOfPage":{"@id":"https:\/\/verdadeon.com.br\/portal\/2022\/05\/31\/caminhonete-furtada-em-franca-e-encontrada-com-uma-tonelada-de-maconha\/#primaryimage"},"image":{"@id":"https:\/\/verdadeon.com.br\/portal\/2022\/05\/31\/caminhonete-furtada-em-franca-e-encontrada-com-uma-tonelada-de-maconha\/#primaryimage"},"thumbnailUrl":"https:\/\/i0.wp.com\/verdadeon.com.br\/portal\/wp-content\/uploads\/2022\/05\/WhatsApp-Image-2022-05-31-at-18.05.47.jpeg?fit=1000%2C670&ssl=1","datePublished":"2022-05-31T20:59:22+00:00","dateModified":"2022-05-31T21:08:13+00:00","author":{"@id":"https:\/\/verdadeon.com.br\/portal\/#\/schema\/person\/cc32be22b8e8599387c480bc83e1d11a"},"breadcrumb":{"@id":"https:\/\/verdadeon.com.br\/portal\/2022\/05\/31\/caminhonete-furtada-em-franca-e-encontrada-com-uma-tonelada-de-maconha\/#breadcrumb"},"inLanguage":"pt-BR","potentialAction":[{"@type":"ReadAction","target":["https:\/\/verdadeon.com.br\/portal\/2022\/05\/31\/caminhonete-furtada-em-franca-e-encontrada-com-uma-tonelada-de-maconha\/"]}]},{"@type":"ImageObject","inLanguage":"pt-BR","@id":"https:\/\/verdadeon.com.br\/portal\/2022\/05\/31\/caminhonete-furtada-em-franca-e-encontrada-com-uma-tonelada-de-maconha\/#primaryimage","url":"https:\/\/i0.wp.com\/verdadeon.com.br\/portal\/wp-content\/uploads\/2022\/05\/WhatsApp-Image-2022-05-31-at-18.05.47.jpeg?fit=1000%2C670&ssl=1","contentUrl":"https:\/\/i0.wp.com\/verdadeon.com.br\/portal\/wp-content\/uploads\/2022\/05\/WhatsApp-Image-2022-05-31-at-18.05.47.jpeg?fit=1000%2C670&ssl=1","width":1000,"height":670,"caption":"Caminhonete foi abandonada na rodovia Assis Chateaubriand, condutor pulou do ve\u00edculo ainda em movimento, e n\u00e3o foi mais encontrado | Foto: Pol\u00edcia Rodovi\u00e1ria"},{"@type":"BreadcrumbList","@id":"https:\/\/verdadeon.com.br\/portal\/2022\/05\/31\/caminhonete-furtada-em-franca-e-encontrada-com-uma-tonelada-de-maconha\/#breadcrumb","itemListElement":[{"@type":"ListItem","position":1,"name":"In\u00edcio","item":"https:\/\/verdadeon.com.br\/portal\/"},{"@type":"ListItem","position":2,"name":"Caminhonete furtada em Franca \u00e9 encontrada com uma tonelada de maconha"}]},{"@type":"WebSite","@id":"https:\/\/verdadeon.com.br\/portal\/#website","url":"https:\/\/verdadeon.com.br\/portal\/","name":"VerdadeOn","description":"Not\u00edcias di\u00e1rias sobre Franca, Regi\u00e3o, Esporte, Cultura, Cotidiano, Colunas. Cobertura nos principais eventos da cidade \u00e9 aqui - Verdadeon Franca","potentialAction":[{"@type":"SearchAction","target":{"@type":"EntryPoint","urlTemplate":"https:\/\/verdadeon.com.br\/portal\/?s={search_term_string}"},"query-input":{"@type":"PropertyValueSpecification","valueRequired":true,"valueName":"search_term_string"}}],"inLanguage":"pt-BR"},{"@type":"Person","@id":"https:\/\/verdadeon.com.br\/portal\/#\/schema\/person\/cc32be22b8e8599387c480bc83e1d11a","name":"Fernando Lima","image":{"@type":"ImageObject","inLanguage":"pt-BR","@id":"https:\/\/verdadeon.com.br\/portal\/#\/schema\/person\/image\/","url":"https:\/\/secure.gravatar.com\/avatar\/df4c8e132080d2b3a4841d5d232045464e0eed11a1d6e43115ca0843d48768d3?s=96&d=mm&r=g","contentUrl":"https:\/\/secure.gravatar.com\/avatar\/df4c8e132080d2b3a4841d5d232045464e0eed11a1d6e43115ca0843d48768d3?s=96&d=mm&r=g","caption":"Fernando Lima"},"sameAs":["http:\/\/verdadeon.com.br\/"],"url":"https:\/\/verdadeon.com.br\/portal\/author\/fernando-lima\/"}]}},"jetpack_publicize_connections":[],"jetpack_featured_media_url":"https:\/\/i0.wp.com\/verdadeon.com.br\/portal\/wp-content\/uploads\/2022\/05\/WhatsApp-Image-2022-05-31-at-18.05.47.jpeg?fit=1000%2C670&ssl=1","jetpack_sharing_enabled":true,"_links":{"self":[{"href":"https:\/\/verdadeon.com.br\/portal\/wp-json\/wp\/v2\/posts\/25465","targetHints":{"allow":["GET"]}}],"collection":[{"href":"https:\/\/verdadeon.com.br\/portal\/wp-json\/wp\/v2\/posts"}],"about":[{"href":"https:\/\/verdadeon.com.br\/portal\/wp-json\/wp\/v2\/types\/post"}],"author":[{"embeddable":true,"href":"https:\/\/verdadeon.com.br\/portal\/wp-json\/wp\/v2\/users\/7"}],"replies":[{"embeddable":true,"href":"https:\/\/verdadeon.com.br\/portal\/wp-json\/wp\/v2\/comments?post=25465"}],"version-history":[{"count":1,"href":"https:\/\/verdadeon.com.br\/portal\/wp-json\/wp\/v2\/posts\/25465\/revisions"}],"predecessor-version":[{"id":25470,"href":"https:\/\/verdadeon.com.br\/portal\/wp-json\/wp\/v2\/posts\/25465\/revisions\/25470"}],"wp:featuredmedia":[{"embeddable":true,"href":"https:\/\/verdadeon.com.br\/portal\/wp-json\/wp\/v2\/media\/25472"}],"wp:attachment":[{"href":"https:\/\/verdadeon.com.br\/portal\/wp-json\/wp\/v2\/media?parent=25465"}],"wp:term":[{"taxonomy":"category","embeddable":true,"href":"https:\/\/verdadeon.com.br\/portal\/wp-json\/wp\/v2\/categories?post=25465"},{"taxonomy":"post_tag","embeddable":true,"href":"https:\/\/verdadeon.com.br\/portal\/wp-json\/wp\/v2\/tags?post=25465"}],"curies":[{"name":"wp","href":"https:\/\/api.w.org\/{rel}","templated":true}]}}