{"id":25440,"date":"2022-05-30T16:44:44","date_gmt":"2022-05-30T19:44:44","guid":{"rendered":"https:\/\/verdadeon.com.br\/portal\/?p=25440"},"modified":"2022-05-30T16:44:44","modified_gmt":"2022-05-30T19:44:44","slug":"preco-do-gas-varia-entre-r-10490-a-r12990-em-franca-aponta-slp","status":"publish","type":"post","link":"https:\/\/verdadeon.com.br\/portal\/2022\/05\/30\/preco-do-gas-varia-entre-r-10490-a-r12990-em-franca-aponta-slp\/","title":{"rendered":"Pre\u00e7o do g\u00e1s varia entre R$ 104,90 a R$129,90 em Franca, aponta SLP"},"content":{"rendered":"<h2>Consumidores buscam alternativas que v\u00e3o desde cozinhar com menos frequ\u00eancia, a pesquisar pre\u00e7o mais em conta<\/h2>\n<p>Fernando Lima<\/p>\n<p>O Sistema de Levantamento de Pre\u00e7os (SLP), que pertence a Ag\u00eancia Nacional de Petr\u00f3leo, G\u00e1s Natural e Biocombust\u00edveis, apontou que o g\u00e1s de 13kg chega a custar R$ 129,90 em Franca. Este valor se mant\u00e9m desde o m\u00eas de mar\u00e7o.<\/p>\n<p>De acordo com os dados, em maio o pre\u00e7o m\u00ednimo tamb\u00e9m subiu para R$ 104,90, isso deixa o pre\u00e7o m\u00e9dio em R$ 111,95 para maio. Confira a evolu\u00e7\u00e3o de pre\u00e7o segundo a SLP:<\/p>\n<p>&nbsp;<\/p>\n<table>\n<tbody>\n<tr>\n<td width=\"144\">G\u00e1s GLP<\/td>\n<td width=\"146\">Pre\u00e7o m\u00ednimo<\/td>\n<td width=\"148\">Pre\u00e7o m\u00e1ximo<\/td>\n<td width=\"128\">Pre\u00e7o m\u00e9dio<\/td>\n<\/tr>\n<tr>\n<td width=\"144\">Mar\u00e7o<\/td>\n<td width=\"146\">R$ 94,99<\/td>\n<td width=\"148\">R$ 129,90<\/td>\n<td width=\"128\">R$ 110,85<\/td>\n<\/tr>\n<tr>\n<td width=\"144\">Abril<\/td>\n<td width=\"146\">R$ 97,99<\/td>\n<td width=\"148\">R$ 129,90<\/td>\n<td width=\"128\">R$ 113,07<\/td>\n<\/tr>\n<tr>\n<td width=\"144\">Maio<\/td>\n<td width=\"146\">R$ 104,90<\/td>\n<td width=\"148\">R$ 129,90<\/td>\n<td width=\"128\">R$ 111,95<\/td>\n<\/tr>\n<\/tbody>\n<\/table>\n<h4>Mudan\u00e7a de rotina<\/h4>\n<p>Com o pre\u00e7o do g\u00e1s em alta, muitas fam\u00edlias optaram pelo fog\u00e3o a lenha, outras mudam a rotina na cozinha, tudo \u00e9 v\u00e1lido para tentar economizar pelo menos um pouco. O borracheiro Marcos Leal, contou que na casa dele \u00e9 necess\u00e1rio comprar um g\u00e1s por m\u00eas, ele mora com a esposa e dois filhos, o gasto \u00e9 quase inevit\u00e1vel. &#8220;Com o pre\u00e7o do botij\u00e3o de g\u00e1s t\u00e3o alto, gera uma influ\u00eancia negativa no or\u00e7amento, principalmente pela compra mensal do produto. Usamos como estrat\u00e9gia de economia medidas b\u00e1sicas como evitar corrente de ar pr\u00f3ximas ao fog\u00e3o, alternando o uso do fog\u00e3o a g\u00e1s, com o microondas e forno el\u00e9trico. \u00c9 frustante saber que a tend\u00eancia \u00e9 o pre\u00e7o continuar em alta, por se tratar de um produto b\u00e1sico do dia a dia e indispens\u00e1vel&#8221;, relatou.<\/p>\n<p>A Ana J\u00falia Andrade \u00e9 dona de um restaurante pequeno na zona sul da cidade, ela tem o estabelecimento h\u00e1 tr\u00eas anos. Ela conta que no in\u00edcio da pandemia as vendas alavancaram, j\u00e1 que muita gente deixava de ir at\u00e9 o mercado e a marmita passou a ser uma op\u00e7\u00e3o, mas agora com a alta do pre\u00e7o do g\u00e1s e dos alimentos, foi necess\u00e1rio mudar a rotina. &#8220;A gente vinha de uma boa marca de vendas, tenho os clientes fieis e mensais, que acabam pagando um pre\u00e7o um pouco menor justamente por conta da frequ\u00eancia. Mas agora os espor\u00e1dicos infelizmente n\u00e3o consegui deixar de repassar, isso tem sim prejudicado nas minhas vendas. Eu queria muito que o g\u00e1s diminu\u00edsse o pre\u00e7o, assim como estamos sentindo a diminui\u00e7\u00e3o em alguns alimentos&#8221;.<\/p>\n<p>A empres\u00e1ria destacou que n\u00e3o consegue cozinhar feij\u00e3o por exemplo, em grandes quantidades, j\u00e1 que os fregueses preferem o produto fresco, cozido no dia. &#8220;\u00c9 apostar na qualidade para n\u00e3o perder o cliente, aos poucos a gente vai calculando a quantidade certa para n\u00e3o sobrar ou faltar. Hoje em dia tem que ser assim, n\u00e3o tem escapat\u00f3ria, al\u00e9m de pesquisar em distribuidoras diferentes, a\u00ed tem o pre\u00e7o da entrega tamb\u00e9m,, qualquer valor economizado j\u00e1 ajuda&#8221;, finalizou.<\/p>\n<h4>Tend\u00eancia<\/h4>\n<p>Ao que tudo indica o pre\u00e7o do g\u00e1s deve se manter alto em 2022, no final de semana o Verdade trouxe uma entrevista com o economista Adnan Jebailey, onde ele comentou sobre a alta da infla\u00e7\u00e3o e do d\u00f3lar, que possui rela\u00e7\u00e3o direta com o pre\u00e7o do g\u00e1s.<\/p>\n<p>&#8220;Realmente para esse ano n\u00e3o existe nenhuma tend\u00eancia de queda na infla\u00e7\u00e3o, a tend\u00eancia \u00e9 que ela permane\u00e7a num patamar de dois d\u00edgitos, inclusive aumentando os produtos de alimenta\u00e7\u00e3o, os produtos de maneira geral, porque a infla\u00e7\u00e3o \u00e9 o aumento cont\u00ednuo e generalizado de todos os pre\u00e7os, achatando ainda mais o poder de compra e penalizando os mais pobres, que quando v\u00e3o ao supermercado tem que escolher entre se v\u00e3o comprar uma carne ou se v\u00e3o comprar uma verdura, o que o dinheiro d\u00e1 pra comprar. Essa infla\u00e7\u00e3o \u00e9 perniciosa, ela marcou a hist\u00f3ria econ\u00f4mica do Brasil na d\u00e9cada de oitenta, in\u00edcio dos anos noventa&#8221;.<\/p>\n","protected":false},"excerpt":{"rendered":"<p>Consumidores buscam alternativas que v\u00e3o desde cozinhar com menos frequ\u00eancia, a pesquisar pre\u00e7o mais em conta Fernando Lima O Sistema de Levantamento de Pre\u00e7os (SLP), que<span class=\"excerpt-hellip\"> [\u2026]<\/span><\/p>\n","protected":false},"author":7,"featured_media":23595,"comment_status":"open","ping_status":"open","sticky":false,"template":"","format":"standard","meta":{"_jetpack_memberships_contains_paid_content":false,"footnotes":"","jetpack_publicize_message":"","jetpack_publicize_feature_enabled":true,"jetpack_social_post_already_shared":false,"jetpack_social_options":{"image_generator_settings":{"template":"highway","default_image_id":0,"enabled":false},"version":2}},"categories":[28,81],"tags":[],"class_list":["post-25440","post","type-post","status-publish","format-standard","has-post-thumbnail","hentry","category-cotidiano","category-manchete"],"yoast_head":"<!-- This site is optimized with the Yoast SEO plugin v25.6 - https:\/\/yoast.com\/wordpress\/plugins\/seo\/ -->\n<title>Pre\u00e7o do g\u00e1s varia entre R$ 104,90 a R$129,90 em Franca, aponta SLP - VerdadeOn<\/title>\n<meta name=\"robots\" content=\"index, follow, max-snippet:-1, max-image-preview:large, max-video-preview:-1\" \/>\n<link rel=\"canonical\" href=\"https:\/\/verdadeon.com.br\/portal\/2022\/05\/30\/preco-do-gas-varia-entre-r-10490-a-r12990-em-franca-aponta-slp\/\" \/>\n<meta property=\"og:locale\" content=\"pt_BR\" \/>\n<meta property=\"og:type\" content=\"article\" \/>\n<meta property=\"og:title\" content=\"Pre\u00e7o do g\u00e1s varia entre R$ 104,90 a R$129,90 em Franca, aponta SLP - VerdadeOn\" \/>\n<meta property=\"og:description\" content=\"Consumidores buscam alternativas que v\u00e3o desde cozinhar com menos frequ\u00eancia, a pesquisar pre\u00e7o mais em conta Fernando Lima O Sistema de Levantamento de Pre\u00e7os (SLP), que [\u2026]\" \/>\n<meta property=\"og:url\" content=\"https:\/\/verdadeon.com.br\/portal\/2022\/05\/30\/preco-do-gas-varia-entre-r-10490-a-r12990-em-franca-aponta-slp\/\" \/>\n<meta property=\"og:site_name\" content=\"VerdadeOn\" \/>\n<meta property=\"article:published_time\" content=\"2022-05-30T19:44:44+00:00\" \/>\n<meta property=\"og:image\" content=\"https:\/\/verdadeon.com.br\/portal\/wp-content\/uploads\/2022\/03\/GAS-e1646862400777.jpg\" \/>\n\t<meta property=\"og:image:width\" content=\"1000\" \/>\n\t<meta property=\"og:image:height\" content=\"669\" \/>\n\t<meta property=\"og:image:type\" content=\"image\/jpeg\" \/>\n<meta name=\"author\" content=\"Fernando Lima\" \/>\n<meta name=\"twitter:card\" content=\"summary_large_image\" \/>\n<meta name=\"twitter:label1\" content=\"Escrito por\" \/>\n\t<meta name=\"twitter:data1\" content=\"Fernando Lima\" \/>\n\t<meta name=\"twitter:label2\" content=\"Est. tempo de leitura\" \/>\n\t<meta name=\"twitter:data2\" content=\"4 minutos\" \/>\n<script type=\"application\/ld+json\" class=\"yoast-schema-graph\">{\"@context\":\"https:\/\/schema.org\",\"@graph\":[{\"@type\":\"WebPage\",\"@id\":\"https:\/\/verdadeon.com.br\/portal\/2022\/05\/30\/preco-do-gas-varia-entre-r-10490-a-r12990-em-franca-aponta-slp\/\",\"url\":\"https:\/\/verdadeon.com.br\/portal\/2022\/05\/30\/preco-do-gas-varia-entre-r-10490-a-r12990-em-franca-aponta-slp\/\",\"name\":\"Pre\u00e7o do g\u00e1s varia entre R$ 104,90 a R$129,90 em Franca, aponta SLP - VerdadeOn\",\"isPartOf\":{\"@id\":\"https:\/\/verdadeon.com.br\/portal\/#website\"},\"primaryImageOfPage\":{\"@id\":\"https:\/\/verdadeon.com.br\/portal\/2022\/05\/30\/preco-do-gas-varia-entre-r-10490-a-r12990-em-franca-aponta-slp\/#primaryimage\"},\"image\":{\"@id\":\"https:\/\/verdadeon.com.br\/portal\/2022\/05\/30\/preco-do-gas-varia-entre-r-10490-a-r12990-em-franca-aponta-slp\/#primaryimage\"},\"thumbnailUrl\":\"https:\/\/i0.wp.com\/verdadeon.com.br\/portal\/wp-content\/uploads\/2022\/03\/GAS-e1646862400777.jpg?fit=1000%2C669&ssl=1\",\"datePublished\":\"2022-05-30T19:44:44+00:00\",\"author\":{\"@id\":\"https:\/\/verdadeon.com.br\/portal\/#\/schema\/person\/cc32be22b8e8599387c480bc83e1d11a\"},\"breadcrumb\":{\"@id\":\"https:\/\/verdadeon.com.br\/portal\/2022\/05\/30\/preco-do-gas-varia-entre-r-10490-a-r12990-em-franca-aponta-slp\/#breadcrumb\"},\"inLanguage\":\"pt-BR\",\"potentialAction\":[{\"@type\":\"ReadAction\",\"target\":[\"https:\/\/verdadeon.com.br\/portal\/2022\/05\/30\/preco-do-gas-varia-entre-r-10490-a-r12990-em-franca-aponta-slp\/\"]}]},{\"@type\":\"ImageObject\",\"inLanguage\":\"pt-BR\",\"@id\":\"https:\/\/verdadeon.com.br\/portal\/2022\/05\/30\/preco-do-gas-varia-entre-r-10490-a-r12990-em-franca-aponta-slp\/#primaryimage\",\"url\":\"https:\/\/i0.wp.com\/verdadeon.com.br\/portal\/wp-content\/uploads\/2022\/03\/GAS-e1646862400777.jpg?fit=1000%2C669&ssl=1\",\"contentUrl\":\"https:\/\/i0.wp.com\/verdadeon.com.br\/portal\/wp-content\/uploads\/2022\/03\/GAS-e1646862400777.jpg?fit=1000%2C669&ssl=1\",\"width\":1000,\"height\":669,\"caption\":\"Consumidores sentem o peso do pre\u00e7o do g\u00e1s na cidade, pesquisas e mudan\u00e7a de rotina fazem parte da nova realidade | Foto: Ag\u00eancia Brasil\"},{\"@type\":\"BreadcrumbList\",\"@id\":\"https:\/\/verdadeon.com.br\/portal\/2022\/05\/30\/preco-do-gas-varia-entre-r-10490-a-r12990-em-franca-aponta-slp\/#breadcrumb\",\"itemListElement\":[{\"@type\":\"ListItem\",\"position\":1,\"name\":\"In\u00edcio\",\"item\":\"https:\/\/verdadeon.com.br\/portal\/\"},{\"@type\":\"ListItem\",\"position\":2,\"name\":\"Pre\u00e7o do g\u00e1s varia entre R$ 104,90 a R$129,90 em Franca, aponta SLP\"}]},{\"@type\":\"WebSite\",\"@id\":\"https:\/\/verdadeon.com.br\/portal\/#website\",\"url\":\"https:\/\/verdadeon.com.br\/portal\/\",\"name\":\"VerdadeOn\",\"description\":\"Not\u00edcias di\u00e1rias sobre Franca, Regi\u00e3o, Esporte, Cultura, Cotidiano, Colunas. Cobertura nos principais eventos da cidade \u00e9 aqui - Verdadeon Franca\",\"potentialAction\":[{\"@type\":\"SearchAction\",\"target\":{\"@type\":\"EntryPoint\",\"urlTemplate\":\"https:\/\/verdadeon.com.br\/portal\/?s={search_term_string}\"},\"query-input\":{\"@type\":\"PropertyValueSpecification\",\"valueRequired\":true,\"valueName\":\"search_term_string\"}}],\"inLanguage\":\"pt-BR\"},{\"@type\":\"Person\",\"@id\":\"https:\/\/verdadeon.com.br\/portal\/#\/schema\/person\/cc32be22b8e8599387c480bc83e1d11a\",\"name\":\"Fernando Lima\",\"image\":{\"@type\":\"ImageObject\",\"inLanguage\":\"pt-BR\",\"@id\":\"https:\/\/verdadeon.com.br\/portal\/#\/schema\/person\/image\/\",\"url\":\"https:\/\/secure.gravatar.com\/avatar\/df4c8e132080d2b3a4841d5d232045464e0eed11a1d6e43115ca0843d48768d3?s=96&d=mm&r=g\",\"contentUrl\":\"https:\/\/secure.gravatar.com\/avatar\/df4c8e132080d2b3a4841d5d232045464e0eed11a1d6e43115ca0843d48768d3?s=96&d=mm&r=g\",\"caption\":\"Fernando Lima\"},\"sameAs\":[\"http:\/\/verdadeon.com.br\/\"],\"url\":\"https:\/\/verdadeon.com.br\/portal\/author\/fernando-lima\/\"}]}<\/script>\n<!-- \/ Yoast SEO plugin. -->","yoast_head_json":{"title":"Pre\u00e7o do g\u00e1s varia entre R$ 104,90 a R$129,90 em Franca, aponta SLP - VerdadeOn","robots":{"index":"index","follow":"follow","max-snippet":"max-snippet:-1","max-image-preview":"max-image-preview:large","max-video-preview":"max-video-preview:-1"},"canonical":"https:\/\/verdadeon.com.br\/portal\/2022\/05\/30\/preco-do-gas-varia-entre-r-10490-a-r12990-em-franca-aponta-slp\/","og_locale":"pt_BR","og_type":"article","og_title":"Pre\u00e7o do g\u00e1s varia entre R$ 104,90 a R$129,90 em Franca, aponta SLP - VerdadeOn","og_description":"Consumidores buscam alternativas que v\u00e3o desde cozinhar com menos frequ\u00eancia, a pesquisar pre\u00e7o mais em conta Fernando Lima O Sistema de Levantamento de Pre\u00e7os (SLP), que [\u2026]","og_url":"https:\/\/verdadeon.com.br\/portal\/2022\/05\/30\/preco-do-gas-varia-entre-r-10490-a-r12990-em-franca-aponta-slp\/","og_site_name":"VerdadeOn","article_published_time":"2022-05-30T19:44:44+00:00","og_image":[{"width":1000,"height":669,"url":"https:\/\/verdadeon.com.br\/portal\/wp-content\/uploads\/2022\/03\/GAS-e1646862400777.jpg","type":"image\/jpeg"}],"author":"Fernando Lima","twitter_card":"summary_large_image","twitter_misc":{"Escrito por":"Fernando Lima","Est. tempo de leitura":"4 minutos"},"schema":{"@context":"https:\/\/schema.org","@graph":[{"@type":"WebPage","@id":"https:\/\/verdadeon.com.br\/portal\/2022\/05\/30\/preco-do-gas-varia-entre-r-10490-a-r12990-em-franca-aponta-slp\/","url":"https:\/\/verdadeon.com.br\/portal\/2022\/05\/30\/preco-do-gas-varia-entre-r-10490-a-r12990-em-franca-aponta-slp\/","name":"Pre\u00e7o do g\u00e1s varia entre R$ 104,90 a R$129,90 em Franca, aponta SLP - VerdadeOn","isPartOf":{"@id":"https:\/\/verdadeon.com.br\/portal\/#website"},"primaryImageOfPage":{"@id":"https:\/\/verdadeon.com.br\/portal\/2022\/05\/30\/preco-do-gas-varia-entre-r-10490-a-r12990-em-franca-aponta-slp\/#primaryimage"},"image":{"@id":"https:\/\/verdadeon.com.br\/portal\/2022\/05\/30\/preco-do-gas-varia-entre-r-10490-a-r12990-em-franca-aponta-slp\/#primaryimage"},"thumbnailUrl":"https:\/\/i0.wp.com\/verdadeon.com.br\/portal\/wp-content\/uploads\/2022\/03\/GAS-e1646862400777.jpg?fit=1000%2C669&ssl=1","datePublished":"2022-05-30T19:44:44+00:00","author":{"@id":"https:\/\/verdadeon.com.br\/portal\/#\/schema\/person\/cc32be22b8e8599387c480bc83e1d11a"},"breadcrumb":{"@id":"https:\/\/verdadeon.com.br\/portal\/2022\/05\/30\/preco-do-gas-varia-entre-r-10490-a-r12990-em-franca-aponta-slp\/#breadcrumb"},"inLanguage":"pt-BR","potentialAction":[{"@type":"ReadAction","target":["https:\/\/verdadeon.com.br\/portal\/2022\/05\/30\/preco-do-gas-varia-entre-r-10490-a-r12990-em-franca-aponta-slp\/"]}]},{"@type":"ImageObject","inLanguage":"pt-BR","@id":"https:\/\/verdadeon.com.br\/portal\/2022\/05\/30\/preco-do-gas-varia-entre-r-10490-a-r12990-em-franca-aponta-slp\/#primaryimage","url":"https:\/\/i0.wp.com\/verdadeon.com.br\/portal\/wp-content\/uploads\/2022\/03\/GAS-e1646862400777.jpg?fit=1000%2C669&ssl=1","contentUrl":"https:\/\/i0.wp.com\/verdadeon.com.br\/portal\/wp-content\/uploads\/2022\/03\/GAS-e1646862400777.jpg?fit=1000%2C669&ssl=1","width":1000,"height":669,"caption":"Consumidores sentem o peso do pre\u00e7o do g\u00e1s na cidade, pesquisas e mudan\u00e7a de rotina fazem parte da nova realidade | Foto: Ag\u00eancia Brasil"},{"@type":"BreadcrumbList","@id":"https:\/\/verdadeon.com.br\/portal\/2022\/05\/30\/preco-do-gas-varia-entre-r-10490-a-r12990-em-franca-aponta-slp\/#breadcrumb","itemListElement":[{"@type":"ListItem","position":1,"name":"In\u00edcio","item":"https:\/\/verdadeon.com.br\/portal\/"},{"@type":"ListItem","position":2,"name":"Pre\u00e7o do g\u00e1s varia entre R$ 104,90 a R$129,90 em Franca, aponta SLP"}]},{"@type":"WebSite","@id":"https:\/\/verdadeon.com.br\/portal\/#website","url":"https:\/\/verdadeon.com.br\/portal\/","name":"VerdadeOn","description":"Not\u00edcias di\u00e1rias sobre Franca, Regi\u00e3o, Esporte, Cultura, Cotidiano, Colunas. Cobertura nos principais eventos da cidade \u00e9 aqui - Verdadeon Franca","potentialAction":[{"@type":"SearchAction","target":{"@type":"EntryPoint","urlTemplate":"https:\/\/verdadeon.com.br\/portal\/?s={search_term_string}"},"query-input":{"@type":"PropertyValueSpecification","valueRequired":true,"valueName":"search_term_string"}}],"inLanguage":"pt-BR"},{"@type":"Person","@id":"https:\/\/verdadeon.com.br\/portal\/#\/schema\/person\/cc32be22b8e8599387c480bc83e1d11a","name":"Fernando Lima","image":{"@type":"ImageObject","inLanguage":"pt-BR","@id":"https:\/\/verdadeon.com.br\/portal\/#\/schema\/person\/image\/","url":"https:\/\/secure.gravatar.com\/avatar\/df4c8e132080d2b3a4841d5d232045464e0eed11a1d6e43115ca0843d48768d3?s=96&d=mm&r=g","contentUrl":"https:\/\/secure.gravatar.com\/avatar\/df4c8e132080d2b3a4841d5d232045464e0eed11a1d6e43115ca0843d48768d3?s=96&d=mm&r=g","caption":"Fernando Lima"},"sameAs":["http:\/\/verdadeon.com.br\/"],"url":"https:\/\/verdadeon.com.br\/portal\/author\/fernando-lima\/"}]}},"jetpack_publicize_connections":[],"jetpack_featured_media_url":"https:\/\/i0.wp.com\/verdadeon.com.br\/portal\/wp-content\/uploads\/2022\/03\/GAS-e1646862400777.jpg?fit=1000%2C669&ssl=1","jetpack_sharing_enabled":true,"_links":{"self":[{"href":"https:\/\/verdadeon.com.br\/portal\/wp-json\/wp\/v2\/posts\/25440","targetHints":{"allow":["GET"]}}],"collection":[{"href":"https:\/\/verdadeon.com.br\/portal\/wp-json\/wp\/v2\/posts"}],"about":[{"href":"https:\/\/verdadeon.com.br\/portal\/wp-json\/wp\/v2\/types\/post"}],"author":[{"embeddable":true,"href":"https:\/\/verdadeon.com.br\/portal\/wp-json\/wp\/v2\/users\/7"}],"replies":[{"embeddable":true,"href":"https:\/\/verdadeon.com.br\/portal\/wp-json\/wp\/v2\/comments?post=25440"}],"version-history":[{"count":1,"href":"https:\/\/verdadeon.com.br\/portal\/wp-json\/wp\/v2\/posts\/25440\/revisions"}],"predecessor-version":[{"id":25447,"href":"https:\/\/verdadeon.com.br\/portal\/wp-json\/wp\/v2\/posts\/25440\/revisions\/25447"}],"wp:featuredmedia":[{"embeddable":true,"href":"https:\/\/verdadeon.com.br\/portal\/wp-json\/wp\/v2\/media\/23595"}],"wp:attachment":[{"href":"https:\/\/verdadeon.com.br\/portal\/wp-json\/wp\/v2\/media?parent=25440"}],"wp:term":[{"taxonomy":"category","embeddable":true,"href":"https:\/\/verdadeon.com.br\/portal\/wp-json\/wp\/v2\/categories?post=25440"},{"taxonomy":"post_tag","embeddable":true,"href":"https:\/\/verdadeon.com.br\/portal\/wp-json\/wp\/v2\/tags?post=25440"}],"curies":[{"name":"wp","href":"https:\/\/api.w.org\/{rel}","templated":true}]}}