{"id":25385,"date":"2022-05-28T15:00:44","date_gmt":"2022-05-28T18:00:44","guid":{"rendered":"https:\/\/verdadeon.com.br\/portal\/?p=25385"},"modified":"2022-05-28T12:23:39","modified_gmt":"2022-05-28T15:23:39","slug":"o-calcado-ainda-movimenta-muito-a-economia-da-cidade","status":"publish","type":"post","link":"https:\/\/verdadeon.com.br\/portal\/2022\/05\/28\/o-calcado-ainda-movimenta-muito-a-economia-da-cidade\/","title":{"rendered":"&#8216;O cal\u00e7ado ainda movimenta muito a economia da cidade&#8217;"},"content":{"rendered":"<h2>A frase \u00e9 do economista Adnan Jebailey, que destacou a import\u00e2ncia do setor para Franca<\/h2>\n<p>Fernando Lima<\/p>\n<p>A situa\u00e7\u00e3o econ\u00f4mica do pa\u00eds \u00e9 amplamente debatida, desde a alta infla\u00e7\u00e3o at\u00e9 os sinais de recupera\u00e7\u00e3o, o assunto domina as conversas dos brasileiros. Em Franca por exemplo, ao mesmo tempo em que eventos como a Expoagro movimenta milh\u00f5es, a renda m\u00e9dia por morador \u00e9 considera baixa.<\/p>\n<p>Sobre estes pontos n\u00f3s conversamos com o economista Adnan Jebailey, que mostrou seu ponto de vista sobre temas importantes e que mexem com a nossa vida. Confira a entrevista:<\/p>\n<p><strong>Este ano teve a retomada da Expoagro em Franca, que al\u00e9m dos shows tem tamb\u00e9m toda a parte t\u00e9cnica envolvida na feira, os neg\u00f3cios que s\u00e3o fechados. Qual a import\u00e2ncia dessa retomada para a economia da cidade? <\/strong><\/p>\n<p>A Expoago tem sim uma import\u00e2ncia significativa em Franca n\u00e3o s\u00f3 economicamente, mas at\u00e9 mesmo no sentido de cultura e lazer para a cidade. Foram quatro anos sem a Expoagro, ent\u00e3o quando a gente tem um evento dessa magnitude, a gente movimenta o setor de turismo, seja das pessoas que vem pra ir at\u00e9 a Expoagro, seja daqueles que vem pra negociar. Ent\u00e3o tem aquele recurso que \u00e9 movimentado para a Expoagro, mas tem um outro setor de turismo que \u00e9 muito importante, que fortalece a economia. Quando a gente tem feira \u00e9 um evento que faz com que as pessoas saiam de casa, consumam mais e isso acaba se tornando um fator muito importante pra movimenta\u00e7\u00e3o da economia.<\/p>\n<p>&nbsp;<\/p>\n<p><strong>A economia em Franca sempre foi muito ligada ao cal\u00e7ado, mas agora este cen\u00e1rio vem mudando, especialmente por conta do caf\u00e9. O agro daqui, est\u00e1 se tornando mais forte? <\/strong><\/p>\n<p>Quando a gente fala do caf\u00e9 se tornando forte em compara\u00e7\u00e3o com o cal\u00e7ado eu n\u00e3o diria que o agro est\u00e1 se tornando mais forte. Eu mudaria a afirma\u00e7\u00e3o e falaria que o cal\u00e7ado est\u00e1 se tornando mais fraco na cidade. Ent\u00e3o outros setores da economia, principalmente quando a gente fala de exporta\u00e7\u00e3o, eles se tornam mais relevantes na balan\u00e7a comercial francana, ou seja, na pauta exportadora da cidade. O caf\u00e9 vem ganhando essa for\u00e7a, ele vem ganhando o topo, mas eu acho que \u00e9 moment\u00e2neo, o cal\u00e7ado ainda movimenta muito a economia da cidade. O que a gente percebe \u00e9 que na verdade n\u00e3o \u00e9 o agro que ganha for\u00e7a, \u00e9 o cal\u00e7ado que perde e abre margem pra que outros setores da economia despontem na cidade.<\/p>\n<p>&nbsp;<\/p>\n<p><strong>A renda m\u00e9dia do francano gira em torno de R$ 2 mil, este valor \u00e9 baixo? \u00c9 alto? Como avalia-lo economicamente falando? <\/strong><\/p>\n<p>Quando a gente fala de uma renda de um pouco mais de dois mil reais pra cada francano a gente est\u00e1 falando de um outro fator muito importante na economia, que \u00e9 a m\u00e1 distribui\u00e7\u00e3o de renda. Pra se ter uma ideia, oito em cada dez francanos ganham at\u00e9 dois sal\u00e1rios m\u00ednimos por m\u00eas. Ent\u00e3o, basicamente \u00e9 um sal\u00e1rio de subsist\u00eancia. Ou seja, voc\u00ea vai utilizar esse sal\u00e1rio pra pagar o aluguel, para comprar alimenta\u00e7\u00e3o e pra comprar rem\u00e9dio. Por isso, muitas das vezes quando a gente anda na rua a gente trope\u00e7a em supermercados ou a gente trope\u00e7a em farm\u00e1cias, n\u00e9? Por conta dessa renda, que \u00e9 basicamente uma renda de subsist\u00eancia. E fazendo uma liga\u00e7\u00e3o com outros pontos que a gente falou do setor do agroneg\u00f3cio, ele \u00e9 muito importante para crescimento\u00a0 econ\u00f4mico da cidade, mas ele \u00e9 muito ruim para o desenvolvimento econ\u00f4mico da cidade. Quando a gente tem uma cidade com um agro forte, ela produz muita riqueza, mas essa riqueza ficar\u00e1 na m\u00e3o de poucas pessoas. Ou seja, a gente tem pouca gente com muito dinheiro e muita gente com pouco dinheiro. Esse \u00e9 um cen\u00e1rio que \u00e9 importante, mas as pol\u00edticas p\u00fablicas do munic\u00edpio de Franca tem que ser voltadas pra setores como com\u00e9rcio, servi\u00e7os que de fato geram emprego e fazem com que a gente tenha uma distribui\u00e7\u00e3o de renda cada vez mais igual.<\/p>\n<p>&nbsp;<\/p>\n<p><strong>Qual dica voc\u00ea daria para quem est\u00e1 endividado e quer pagar estas d\u00edvidas, limpar o nome? <\/strong><\/p>\n<p>Quando a gente fala de d\u00edvidas e principalmente em limpar o nome, a gente tem que lembrar que 77% dos brasileiros est\u00e3o com d\u00edvidas atrasadas segundo as \u00faltimas pesquisas. Ou seja, limpar o nome num cen\u00e1rio de infla\u00e7\u00e3o acho que \u00e9 at\u00e9 de mal gosto eu tentar dar dicas nesse sentido. Mas assim, se eu tivesse que dar uma dica pra quem est\u00e1 bastante endividado, que tem que escolher entre qual conta vai pagar ou n\u00e3o, a primeira dica \u00e9 selecionar aquelas contas que s\u00e3o b\u00e1sicas que voc\u00ea n\u00e3o pode deixar de pagar, \u00e9 o aluguel ou \u00e9 a conta de luz, \u00e9 a conta de \u00e1gua. Depois um outro bloco de contas que deve ser priorizado \u00e9 aquelas que tem os juros mais altos, cheque especial, cart\u00e3o de cr\u00e9dito e por \u00faltimo voc\u00ea lista as d\u00edvidas da menor para maior e vai pagando de baixo para cima, para que voc\u00ea consiga ir evoluindo nesse pagamento. \u00c9 escolher o que voc\u00ea vai pagar e com certeza algu\u00e9m vai ficar sem pagar. Porque nesse cen\u00e1rio de infla\u00e7\u00e3o alta que est\u00e1 corroendo o poder de compra das fam\u00edlias e p\u00f3s-pandemia, em que muitas das vezes os sal\u00e1rios ca\u00edram ao inv\u00e9s de subir, por conta da situa\u00e7\u00e3o econ\u00f4mica das empresas, eu acho que na verdade o que mais vale n\u00e3o \u00e9 como voc\u00ea quita todas as suas d\u00edvidas, mas qual \u00e9 a melhor forma de escolha pra voc\u00ea pagar as que tem.<\/p>\n<p>&nbsp;<\/p>\n<p><strong>A pandemia fez com que as atividades remotas ganhassem for\u00e7a, isso foi um avan\u00e7o quase que obrigat\u00f3rio. No seu ponto de vista, esta tend\u00eancia do online deve permanecer? Como isso influencia na economia?<\/strong><\/p>\n<p>De fato com a pandemia as atividades on-line ganharam for\u00e7a, \u00e9 uma realidade, mas a gente tem percebido que n\u00e3o est\u00e1 ficando para hist\u00f3ria do mercado de trabalho brasileiro um trabalho que seja absolutamente remoto. Muitas empresas est\u00e3o migrando para um mercado mais h\u00edbrido, ou seja, o h\u00edbrido seria trabalhar um pouco presencial e um pouco remoto. \u00c9 essa a tend\u00eancia. Mas \u00e9 muito importante falar que essa tend\u00eancia esconde uma cortina de fuma\u00e7a que seriam de sal\u00e1rios mais baixos. Eu dou mais liberdade para funcion\u00e1rio, eu acabo liberando mais tempo, mas em contraposi\u00e7\u00e3o essa libera\u00e7\u00e3o de tempo eu reduzo o sal\u00e1rio. Ent\u00e3o na verdade n\u00e3o \u00e9 que a gente est\u00e1 tendo um ganho. Os trabalhadores n\u00e3o est\u00e3o tendo um ganho nesse processo. Eles est\u00e3o basicamente trocando a liberdade pelo dinheiro e deve ser a r\u00e9gua com esses avan\u00e7os dos trabalhos h\u00edbridos e tudo mais. Essa \u00e9 uma tend\u00eancia que deve permanecer como uma tend\u00eancia bem prov\u00e1vel de pejotiza\u00e7\u00e3o para reduzir esses custos trabalhistas no Brasil de CLT, que acabam sendo bastante significativos.<\/p>\n<p>&nbsp;<\/p>\n<p><strong>A infla\u00e7\u00e3o est\u00e1 em alta, tirando o poder de compra principalmente dos mais simples. Voc\u00ea acredita que isso ser\u00e1 uma tend\u00eancia para este ano, ou existe uma previs\u00e3o de queda da infla\u00e7\u00e3o? <\/strong><\/p>\n<p>Realmente para esse ano n\u00e3o existe nenhuma tend\u00eancia de queda na infla\u00e7\u00e3o, a tend\u00eancia \u00e9 que ela permane\u00e7a num patamar de dois d\u00edgitos, inclusive aumentando os produtos de alimenta\u00e7\u00e3o, os produtos de maneira geral, porque a infla\u00e7\u00e3o \u00e9 o aumento cont\u00ednuo e generalizado de todos os pre\u00e7os, achatando ainda mais o poder de compra e penalizando os mais pobres, que quando v\u00e3o ao supermercado tem que escolher entre se v\u00e3o comprar uma carne ou se v\u00e3o comprar uma verdura, o que que o dinheiro d\u00e1 pra comprar. Essa infla\u00e7\u00e3o \u00e9 perniciosa, ela marcou a hist\u00f3ria econ\u00f4mica do Brasil na d\u00e9cada de oitenta, in\u00edcio dos anos noventa. Ent\u00e3o assim, tem que ser um ponto de muito cuidado do governo e fatalmente essa infla\u00e7\u00e3o deve interferir nos resultados das elei\u00e7\u00f5es.<\/p>\n<p>&nbsp;<\/p>\n<p><strong>Como as elei\u00e7\u00f5es em outubro devem influenciar na economia neste ano?<\/strong><br \/>\nEu at\u00e9 inverteria a pergunta, para como a economia deve impactar as elei\u00e7\u00f5es deste ano? Bem prov\u00e1vel que nessas elei\u00e7\u00f5es a gente tem visto um hist\u00f3rico e quando a gente falava de infla\u00e7\u00e3o eu pontuei isso, normalmente governos que chegam em ano de elei\u00e7\u00e3o com dois d\u00edgitos eles caem ou s\u00e3o tirados do poder. Se a gente pensar na era democr\u00e1tica, Fernando Collor foi impitimado, com uma infla\u00e7\u00e3o gigante e galopante. Fernando Henrique Cardoso perdeu a elei\u00e7\u00e3o para o Lula, ou seja, n\u00e3o conseguiu colocar algu\u00e9m do PSDB no poder dando continuidade, por conta dos dois d\u00edgitos quando ele deixa em 2002 a presid\u00eancia do pa\u00eds. a Dilma foi de certa maneira impitimada tamb\u00e9m por conta de uma infla\u00e7\u00e3o de dois d\u00edgitos e agora temos um presidente que tem uma infla\u00e7\u00e3o de dois d\u00edgitos tamb\u00e9m. Ou seja, a infla\u00e7\u00e3o \u00e9 muito impopular entre os eleitores, principalmente entre os mais pobres e que s\u00e3o quem de fato escolhem quem ir\u00e1 o Brasil j\u00e1 que s\u00e3o a grande maioria da popula\u00e7\u00e3o. Ent\u00e3o para este cen\u00e1rio isso deve acontecer. Obviamente quando a gente olha ent\u00e3o o que que a elei\u00e7\u00e3o pode causar na economia ap\u00f3s isso, ela gera mais incerteza. Bem prov\u00e1vel que gerando mais incerteza o valor do d\u00f3lar deve a pr\u00f3xima elei\u00e7\u00e3o, devemos ter mais infla\u00e7\u00e3o por conta desse aumento do d\u00f3lar. Ent\u00e3o assim, a infla\u00e7\u00e3o \u00e9 um cen\u00e1rio de incerteza e vai depender muito tamb\u00e9m de quem ganhar a elei\u00e7\u00e3o. Nesse cen\u00e1rio, nesse contexto que a gente tem de polariza\u00e7\u00e3o dentro das elei\u00e7\u00f5es, essas elei\u00e7\u00f5es devem marcadas na hist\u00f3ria por conta desses embates que dever\u00e3o haver, do que vai acontecer, se haver\u00e1 um questionamento ou n\u00e3o em rela\u00e7\u00e3o a resultado e tudo isso \u00e9 incerteza na economia e acaba sendo muito ruim para os cidad\u00e3os que acabam tendo tamb\u00e9m a sua vida afetada.<\/p>\n","protected":false},"excerpt":{"rendered":"<p>A frase \u00e9 do economista Adnan Jebailey, que destacou a import\u00e2ncia do setor para Franca Fernando Lima A situa\u00e7\u00e3o econ\u00f4mica do pa\u00eds \u00e9 amplamente debatida, desde<span class=\"excerpt-hellip\"> [\u2026]<\/span><\/p>\n","protected":false},"author":7,"featured_media":25403,"comment_status":"open","ping_status":"open","sticky":false,"template":"","format":"standard","meta":{"_jetpack_memberships_contains_paid_content":false,"footnotes":"","jetpack_publicize_message":"","jetpack_publicize_feature_enabled":true,"jetpack_social_post_already_shared":false,"jetpack_social_options":{"image_generator_settings":{"template":"highway","default_image_id":0,"enabled":false},"version":2}},"categories":[28,81],"tags":[],"class_list":["post-25385","post","type-post","status-publish","format-standard","has-post-thumbnail","hentry","category-cotidiano","category-manchete"],"yoast_head":"<!-- This site is optimized with the Yoast SEO plugin v25.6 - https:\/\/yoast.com\/wordpress\/plugins\/seo\/ -->\n<title>&#039;O cal\u00e7ado ainda movimenta muito a economia da cidade&#039; - VerdadeOn<\/title>\n<meta name=\"robots\" content=\"index, follow, max-snippet:-1, max-image-preview:large, max-video-preview:-1\" \/>\n<link rel=\"canonical\" href=\"https:\/\/verdadeon.com.br\/portal\/2022\/05\/28\/o-calcado-ainda-movimenta-muito-a-economia-da-cidade\/\" \/>\n<meta property=\"og:locale\" content=\"pt_BR\" \/>\n<meta property=\"og:type\" content=\"article\" \/>\n<meta property=\"og:title\" content=\"&#039;O cal\u00e7ado ainda movimenta muito a economia da cidade&#039; - VerdadeOn\" \/>\n<meta property=\"og:description\" content=\"A frase \u00e9 do economista Adnan Jebailey, que destacou a import\u00e2ncia do setor para Franca Fernando Lima A situa\u00e7\u00e3o econ\u00f4mica do pa\u00eds \u00e9 amplamente debatida, desde [\u2026]\" \/>\n<meta property=\"og:url\" content=\"https:\/\/verdadeon.com.br\/portal\/2022\/05\/28\/o-calcado-ainda-movimenta-muito-a-economia-da-cidade\/\" \/>\n<meta property=\"og:site_name\" content=\"VerdadeOn\" \/>\n<meta property=\"article:published_time\" content=\"2022-05-28T18:00:44+00:00\" \/>\n<meta property=\"og:image\" content=\"https:\/\/verdadeon.com.br\/portal\/wp-content\/uploads\/2022\/05\/ADNAN.png\" \/>\n\t<meta property=\"og:image:width\" content=\"1366\" \/>\n\t<meta property=\"og:image:height\" content=\"768\" \/>\n\t<meta property=\"og:image:type\" content=\"image\/png\" \/>\n<meta name=\"author\" content=\"Fernando Lima\" \/>\n<meta name=\"twitter:card\" content=\"summary_large_image\" \/>\n<meta name=\"twitter:label1\" content=\"Escrito por\" \/>\n\t<meta name=\"twitter:data1\" content=\"Fernando Lima\" \/>\n\t<meta name=\"twitter:label2\" content=\"Est. tempo de leitura\" \/>\n\t<meta name=\"twitter:data2\" content=\"9 minutos\" \/>\n<script type=\"application\/ld+json\" class=\"yoast-schema-graph\">{\"@context\":\"https:\/\/schema.org\",\"@graph\":[{\"@type\":\"WebPage\",\"@id\":\"https:\/\/verdadeon.com.br\/portal\/2022\/05\/28\/o-calcado-ainda-movimenta-muito-a-economia-da-cidade\/\",\"url\":\"https:\/\/verdadeon.com.br\/portal\/2022\/05\/28\/o-calcado-ainda-movimenta-muito-a-economia-da-cidade\/\",\"name\":\"'O cal\u00e7ado ainda movimenta muito a economia da cidade' - VerdadeOn\",\"isPartOf\":{\"@id\":\"https:\/\/verdadeon.com.br\/portal\/#website\"},\"primaryImageOfPage\":{\"@id\":\"https:\/\/verdadeon.com.br\/portal\/2022\/05\/28\/o-calcado-ainda-movimenta-muito-a-economia-da-cidade\/#primaryimage\"},\"image\":{\"@id\":\"https:\/\/verdadeon.com.br\/portal\/2022\/05\/28\/o-calcado-ainda-movimenta-muito-a-economia-da-cidade\/#primaryimage\"},\"thumbnailUrl\":\"https:\/\/i0.wp.com\/verdadeon.com.br\/portal\/wp-content\/uploads\/2022\/05\/ADNAN.png?fit=1366%2C768&ssl=1\",\"datePublished\":\"2022-05-28T18:00:44+00:00\",\"author\":{\"@id\":\"https:\/\/verdadeon.com.br\/portal\/#\/schema\/person\/cc32be22b8e8599387c480bc83e1d11a\"},\"breadcrumb\":{\"@id\":\"https:\/\/verdadeon.com.br\/portal\/2022\/05\/28\/o-calcado-ainda-movimenta-muito-a-economia-da-cidade\/#breadcrumb\"},\"inLanguage\":\"pt-BR\",\"potentialAction\":[{\"@type\":\"ReadAction\",\"target\":[\"https:\/\/verdadeon.com.br\/portal\/2022\/05\/28\/o-calcado-ainda-movimenta-muito-a-economia-da-cidade\/\"]}]},{\"@type\":\"ImageObject\",\"inLanguage\":\"pt-BR\",\"@id\":\"https:\/\/verdadeon.com.br\/portal\/2022\/05\/28\/o-calcado-ainda-movimenta-muito-a-economia-da-cidade\/#primaryimage\",\"url\":\"https:\/\/i0.wp.com\/verdadeon.com.br\/portal\/wp-content\/uploads\/2022\/05\/ADNAN.png?fit=1366%2C768&ssl=1\",\"contentUrl\":\"https:\/\/i0.wp.com\/verdadeon.com.br\/portal\/wp-content\/uploads\/2022\/05\/ADNAN.png?fit=1366%2C768&ssl=1\",\"width\":1366,\"height\":768,\"caption\":\"O economista Adnan Jebailey \u00e9 o entrevistado deste domingo do Jornal Verdade | Foto: ACIF\"},{\"@type\":\"BreadcrumbList\",\"@id\":\"https:\/\/verdadeon.com.br\/portal\/2022\/05\/28\/o-calcado-ainda-movimenta-muito-a-economia-da-cidade\/#breadcrumb\",\"itemListElement\":[{\"@type\":\"ListItem\",\"position\":1,\"name\":\"In\u00edcio\",\"item\":\"https:\/\/verdadeon.com.br\/portal\/\"},{\"@type\":\"ListItem\",\"position\":2,\"name\":\"&#8216;O cal\u00e7ado ainda movimenta muito a economia da cidade&#8217;\"}]},{\"@type\":\"WebSite\",\"@id\":\"https:\/\/verdadeon.com.br\/portal\/#website\",\"url\":\"https:\/\/verdadeon.com.br\/portal\/\",\"name\":\"VerdadeOn\",\"description\":\"Not\u00edcias di\u00e1rias sobre Franca, Regi\u00e3o, Esporte, Cultura, Cotidiano, Colunas. Cobertura nos principais eventos da cidade \u00e9 aqui - Verdadeon Franca\",\"potentialAction\":[{\"@type\":\"SearchAction\",\"target\":{\"@type\":\"EntryPoint\",\"urlTemplate\":\"https:\/\/verdadeon.com.br\/portal\/?s={search_term_string}\"},\"query-input\":{\"@type\":\"PropertyValueSpecification\",\"valueRequired\":true,\"valueName\":\"search_term_string\"}}],\"inLanguage\":\"pt-BR\"},{\"@type\":\"Person\",\"@id\":\"https:\/\/verdadeon.com.br\/portal\/#\/schema\/person\/cc32be22b8e8599387c480bc83e1d11a\",\"name\":\"Fernando Lima\",\"image\":{\"@type\":\"ImageObject\",\"inLanguage\":\"pt-BR\",\"@id\":\"https:\/\/verdadeon.com.br\/portal\/#\/schema\/person\/image\/\",\"url\":\"https:\/\/secure.gravatar.com\/avatar\/df4c8e132080d2b3a4841d5d232045464e0eed11a1d6e43115ca0843d48768d3?s=96&d=mm&r=g\",\"contentUrl\":\"https:\/\/secure.gravatar.com\/avatar\/df4c8e132080d2b3a4841d5d232045464e0eed11a1d6e43115ca0843d48768d3?s=96&d=mm&r=g\",\"caption\":\"Fernando Lima\"},\"sameAs\":[\"http:\/\/verdadeon.com.br\/\"],\"url\":\"https:\/\/verdadeon.com.br\/portal\/author\/fernando-lima\/\"}]}<\/script>\n<!-- \/ Yoast SEO plugin. -->","yoast_head_json":{"title":"'O cal\u00e7ado ainda movimenta muito a economia da cidade' - VerdadeOn","robots":{"index":"index","follow":"follow","max-snippet":"max-snippet:-1","max-image-preview":"max-image-preview:large","max-video-preview":"max-video-preview:-1"},"canonical":"https:\/\/verdadeon.com.br\/portal\/2022\/05\/28\/o-calcado-ainda-movimenta-muito-a-economia-da-cidade\/","og_locale":"pt_BR","og_type":"article","og_title":"'O cal\u00e7ado ainda movimenta muito a economia da cidade' - VerdadeOn","og_description":"A frase \u00e9 do economista Adnan Jebailey, que destacou a import\u00e2ncia do setor para Franca Fernando Lima A situa\u00e7\u00e3o econ\u00f4mica do pa\u00eds \u00e9 amplamente debatida, desde [\u2026]","og_url":"https:\/\/verdadeon.com.br\/portal\/2022\/05\/28\/o-calcado-ainda-movimenta-muito-a-economia-da-cidade\/","og_site_name":"VerdadeOn","article_published_time":"2022-05-28T18:00:44+00:00","og_image":[{"width":1366,"height":768,"url":"https:\/\/verdadeon.com.br\/portal\/wp-content\/uploads\/2022\/05\/ADNAN.png","type":"image\/png"}],"author":"Fernando Lima","twitter_card":"summary_large_image","twitter_misc":{"Escrito por":"Fernando Lima","Est. tempo de leitura":"9 minutos"},"schema":{"@context":"https:\/\/schema.org","@graph":[{"@type":"WebPage","@id":"https:\/\/verdadeon.com.br\/portal\/2022\/05\/28\/o-calcado-ainda-movimenta-muito-a-economia-da-cidade\/","url":"https:\/\/verdadeon.com.br\/portal\/2022\/05\/28\/o-calcado-ainda-movimenta-muito-a-economia-da-cidade\/","name":"'O cal\u00e7ado ainda movimenta muito a economia da cidade' - VerdadeOn","isPartOf":{"@id":"https:\/\/verdadeon.com.br\/portal\/#website"},"primaryImageOfPage":{"@id":"https:\/\/verdadeon.com.br\/portal\/2022\/05\/28\/o-calcado-ainda-movimenta-muito-a-economia-da-cidade\/#primaryimage"},"image":{"@id":"https:\/\/verdadeon.com.br\/portal\/2022\/05\/28\/o-calcado-ainda-movimenta-muito-a-economia-da-cidade\/#primaryimage"},"thumbnailUrl":"https:\/\/i0.wp.com\/verdadeon.com.br\/portal\/wp-content\/uploads\/2022\/05\/ADNAN.png?fit=1366%2C768&ssl=1","datePublished":"2022-05-28T18:00:44+00:00","author":{"@id":"https:\/\/verdadeon.com.br\/portal\/#\/schema\/person\/cc32be22b8e8599387c480bc83e1d11a"},"breadcrumb":{"@id":"https:\/\/verdadeon.com.br\/portal\/2022\/05\/28\/o-calcado-ainda-movimenta-muito-a-economia-da-cidade\/#breadcrumb"},"inLanguage":"pt-BR","potentialAction":[{"@type":"ReadAction","target":["https:\/\/verdadeon.com.br\/portal\/2022\/05\/28\/o-calcado-ainda-movimenta-muito-a-economia-da-cidade\/"]}]},{"@type":"ImageObject","inLanguage":"pt-BR","@id":"https:\/\/verdadeon.com.br\/portal\/2022\/05\/28\/o-calcado-ainda-movimenta-muito-a-economia-da-cidade\/#primaryimage","url":"https:\/\/i0.wp.com\/verdadeon.com.br\/portal\/wp-content\/uploads\/2022\/05\/ADNAN.png?fit=1366%2C768&ssl=1","contentUrl":"https:\/\/i0.wp.com\/verdadeon.com.br\/portal\/wp-content\/uploads\/2022\/05\/ADNAN.png?fit=1366%2C768&ssl=1","width":1366,"height":768,"caption":"O economista Adnan Jebailey \u00e9 o entrevistado deste domingo do Jornal Verdade | Foto: ACIF"},{"@type":"BreadcrumbList","@id":"https:\/\/verdadeon.com.br\/portal\/2022\/05\/28\/o-calcado-ainda-movimenta-muito-a-economia-da-cidade\/#breadcrumb","itemListElement":[{"@type":"ListItem","position":1,"name":"In\u00edcio","item":"https:\/\/verdadeon.com.br\/portal\/"},{"@type":"ListItem","position":2,"name":"&#8216;O cal\u00e7ado ainda movimenta muito a economia da cidade&#8217;"}]},{"@type":"WebSite","@id":"https:\/\/verdadeon.com.br\/portal\/#website","url":"https:\/\/verdadeon.com.br\/portal\/","name":"VerdadeOn","description":"Not\u00edcias di\u00e1rias sobre Franca, Regi\u00e3o, Esporte, Cultura, Cotidiano, Colunas. Cobertura nos principais eventos da cidade \u00e9 aqui - Verdadeon Franca","potentialAction":[{"@type":"SearchAction","target":{"@type":"EntryPoint","urlTemplate":"https:\/\/verdadeon.com.br\/portal\/?s={search_term_string}"},"query-input":{"@type":"PropertyValueSpecification","valueRequired":true,"valueName":"search_term_string"}}],"inLanguage":"pt-BR"},{"@type":"Person","@id":"https:\/\/verdadeon.com.br\/portal\/#\/schema\/person\/cc32be22b8e8599387c480bc83e1d11a","name":"Fernando Lima","image":{"@type":"ImageObject","inLanguage":"pt-BR","@id":"https:\/\/verdadeon.com.br\/portal\/#\/schema\/person\/image\/","url":"https:\/\/secure.gravatar.com\/avatar\/df4c8e132080d2b3a4841d5d232045464e0eed11a1d6e43115ca0843d48768d3?s=96&d=mm&r=g","contentUrl":"https:\/\/secure.gravatar.com\/avatar\/df4c8e132080d2b3a4841d5d232045464e0eed11a1d6e43115ca0843d48768d3?s=96&d=mm&r=g","caption":"Fernando Lima"},"sameAs":["http:\/\/verdadeon.com.br\/"],"url":"https:\/\/verdadeon.com.br\/portal\/author\/fernando-lima\/"}]}},"jetpack_publicize_connections":[],"jetpack_featured_media_url":"https:\/\/i0.wp.com\/verdadeon.com.br\/portal\/wp-content\/uploads\/2022\/05\/ADNAN.png?fit=1366%2C768&ssl=1","jetpack_sharing_enabled":true,"_links":{"self":[{"href":"https:\/\/verdadeon.com.br\/portal\/wp-json\/wp\/v2\/posts\/25385","targetHints":{"allow":["GET"]}}],"collection":[{"href":"https:\/\/verdadeon.com.br\/portal\/wp-json\/wp\/v2\/posts"}],"about":[{"href":"https:\/\/verdadeon.com.br\/portal\/wp-json\/wp\/v2\/types\/post"}],"author":[{"embeddable":true,"href":"https:\/\/verdadeon.com.br\/portal\/wp-json\/wp\/v2\/users\/7"}],"replies":[{"embeddable":true,"href":"https:\/\/verdadeon.com.br\/portal\/wp-json\/wp\/v2\/comments?post=25385"}],"version-history":[{"count":3,"href":"https:\/\/verdadeon.com.br\/portal\/wp-json\/wp\/v2\/posts\/25385\/revisions"}],"predecessor-version":[{"id":25405,"href":"https:\/\/verdadeon.com.br\/portal\/wp-json\/wp\/v2\/posts\/25385\/revisions\/25405"}],"wp:featuredmedia":[{"embeddable":true,"href":"https:\/\/verdadeon.com.br\/portal\/wp-json\/wp\/v2\/media\/25403"}],"wp:attachment":[{"href":"https:\/\/verdadeon.com.br\/portal\/wp-json\/wp\/v2\/media?parent=25385"}],"wp:term":[{"taxonomy":"category","embeddable":true,"href":"https:\/\/verdadeon.com.br\/portal\/wp-json\/wp\/v2\/categories?post=25385"},{"taxonomy":"post_tag","embeddable":true,"href":"https:\/\/verdadeon.com.br\/portal\/wp-json\/wp\/v2\/tags?post=25385"}],"curies":[{"name":"wp","href":"https:\/\/api.w.org\/{rel}","templated":true}]}}