{"id":2538,"date":"2020-01-21T14:56:07","date_gmt":"2020-01-21T17:56:07","guid":{"rendered":"http:\/\/verdadeon.com.br\/portal\/?p=2538"},"modified":"2020-01-21T14:56:10","modified_gmt":"2020-01-21T17:56:10","slug":"final-de-semana-foi-de-goleadas-no-paulistano","status":"publish","type":"post","link":"https:\/\/verdadeon.com.br\/portal\/2020\/01\/21\/final-de-semana-foi-de-goleadas-no-paulistano\/","title":{"rendered":"Final de semana foi de goleadas no Paulistano"},"content":{"rendered":"\n<h2 class=\"wp-block-heading\"> M\u00e9dia de quase quatro gols por jogo e lideran\u00e7a do Pav\u00e3o de Ouro <\/h2>\n\n\n\n<p> Oito partidas movimentaram a segunda rodada do Champions Paulistano no \u00faltimo final de semana. Placares el\u00e1sticos, jogos emocionantes e descanso dos favoritos foram destaques nos dois dias de disputas.\u00a0<br>A competi\u00e7\u00e3o que \u00e9 dividida por dois grupos contou com quatro duelos no s\u00e1bado (18). Logo pela manh\u00e3, entraram em campo R9 e Ratata-t\u00e1 que saiu vencedor pelo placar apertado de 2 a 1. Os confrontos acontecem sempre na sequ\u00eancia. No in\u00edcio da tarde o Gueros bateu o A.R. 15 por 3 a 1.<br>Os resultados expressivos come\u00e7am a partir da goleada imposta pelo Parque S\u00e3o Jorge diante do SDP por 4 a 0. Ainda no grupo de s\u00e1bado, a rodada se encerrou com a vit\u00f3ria magra Chutom\u00e9 por 1 a 0 contra o F. Milion\u00e1ria.<br>Com os resultados, a primeira chave tem seis equipes com tr\u00eas pontos. Parque S\u00e3o Jorge, U. Santa Terezinha, Chutom\u00e9 e Ratata-t\u00e1 atuaram apenas uma vez no torneio. J\u00e1 A.R. 15 e Gueros est\u00e3o com uma vit\u00f3ria e uma derrota cada ap\u00f3s dois jogos. Tamb\u00e9m com duas atua\u00e7\u00f5es e ainda sem pontuar, o SDP \u00e9 o lanterna no grupo.<br>No domingo (19), mais quatro jogos fecharam a rodada. O confronto inicial marcou a vit\u00f3ria do Atl\u00e9tico Panorama com tranquilidade contra Palestra por 4 a 1. Em seguida, o Fundo do Ba\u00fa bateu pelo placar de 2 a 0 o Elimar.<br>Pav\u00e3o de Ouro e Alvorada fizeram o duelo mais equilibrado da rodada. Com a vit\u00f3ria por 4 a 3, o Pav\u00e3o garantiu a primeira coloca\u00e7\u00e3o de forma isolada na chave, chegando aos seis pontos. O \u00faltimo jogo do final de semana foi respons\u00e1vel pela maior goleada do torneio at\u00e9 o momento. O Sabotage o jogo contra o Atl\u00e9tico Panorama na primeira rodada adiado, estreou na competi\u00e7\u00e3o com tranquilidade e vit\u00f3ria por 7 a 0 diante do Bahia.\u00a0<br>At\u00e9 o momento, a competi\u00e7\u00e3o disputada no campo do Paulistano contou com 14 partidas. Ao todo, foram marcados 55 gols. A m\u00e9dia \u00e9 de aproximadamente quatro por confronto.\u00a0<br>Mesmo com tantos jogos de destaque, dois dos principais candidatos ao t\u00edtulo n\u00e3o entraram em campo. Os finalistas da temporada passada Aeroporto e Miramontes descansaram na rodada e se enfrentar\u00e3o no pr\u00f3ximo s\u00e1bado (25). O cl\u00e1ssico esperado pelas duas torcidas est\u00e1 marcado para come\u00e7ar \u00e0s 16h15.<br>&#8220;A prepara\u00e7\u00e3o t\u00e1 sendo feita da melhor forma poss\u00edvel. Precisamos da vit\u00f3ria, j\u00e1 que empatamos o primeiro jogo, ent\u00e3o o pensamento \u00e9 de ir para cima&#8221;, afirmou o vice-presidente do atual campe\u00e3o Aeroporto Edson de Moura Reis.<br>A terceira rodada ainda contar\u00e1 com as partidas entre Santa Terezinha e Uni\u00e3o Brasa, Milion\u00e1ria e Ratata-t\u00e1, al\u00e9m de Parque S\u00e3o Jorge e Chutom\u00e9 ainda no s\u00e1bado.<br>No dia seguinte se enfrentam Elimar e Pav\u00e3o de Ouro, Palestra e Sabotage, \u00cdbis S\u00e3o Jos\u00e9 e Bahia e 38 do Norte diante do Alvorada.\u00a0 <\/p>\n","protected":false},"excerpt":{"rendered":"<p>M\u00e9dia de quase quatro gols por jogo e lideran\u00e7a do Pav\u00e3o de Ouro Oito partidas movimentaram a segunda rodada do Champions Paulistano no \u00faltimo final de<span class=\"excerpt-hellip\"> [\u2026]<\/span><\/p>\n","protected":false},"author":3,"featured_media":2539,"comment_status":"open","ping_status":"open","sticky":false,"template":"","format":"standard","meta":{"_jetpack_memberships_contains_paid_content":false,"footnotes":"","jetpack_publicize_message":"","jetpack_publicize_feature_enabled":true,"jetpack_social_post_already_shared":false,"jetpack_social_options":{"image_generator_settings":{"template":"highway","default_image_id":0,"enabled":false},"version":2}},"categories":[29,7],"tags":[31],"class_list":["post-2538","post","type-post","status-publish","format-standard","has-post-thumbnail","hentry","category-esportes","category-news","tag-esportes"],"yoast_head":"<!-- This site is optimized with the Yoast SEO plugin v25.6 - https:\/\/yoast.com\/wordpress\/plugins\/seo\/ -->\n<title>Final de semana foi de goleadas no Paulistano - VerdadeOn<\/title>\n<meta name=\"robots\" content=\"index, follow, max-snippet:-1, max-image-preview:large, max-video-preview:-1\" \/>\n<link rel=\"canonical\" href=\"https:\/\/verdadeon.com.br\/portal\/2020\/01\/21\/final-de-semana-foi-de-goleadas-no-paulistano\/\" \/>\n<meta property=\"og:locale\" content=\"pt_BR\" \/>\n<meta property=\"og:type\" content=\"article\" \/>\n<meta property=\"og:title\" content=\"Final de semana foi de goleadas no Paulistano - VerdadeOn\" \/>\n<meta property=\"og:description\" content=\"M\u00e9dia de quase quatro gols por jogo e lideran\u00e7a do Pav\u00e3o de Ouro Oito partidas movimentaram a segunda rodada do Champions Paulistano no \u00faltimo final de [\u2026]\" \/>\n<meta property=\"og:url\" content=\"https:\/\/verdadeon.com.br\/portal\/2020\/01\/21\/final-de-semana-foi-de-goleadas-no-paulistano\/\" \/>\n<meta property=\"og:site_name\" content=\"VerdadeOn\" \/>\n<meta property=\"article:published_time\" content=\"2020-01-21T17:56:07+00:00\" \/>\n<meta property=\"article:modified_time\" content=\"2020-01-21T17:56:10+00:00\" \/>\n<meta property=\"og:image\" content=\"https:\/\/verdadeon.com.br\/portal\/wp-content\/uploads\/2020\/01\/news-4632.jpg\" \/>\n\t<meta property=\"og:image:width\" content=\"1000\" \/>\n\t<meta property=\"og:image:height\" content=\"750\" \/>\n\t<meta property=\"og:image:type\" content=\"image\/jpeg\" \/>\n<meta name=\"author\" content=\"Admin\" \/>\n<meta name=\"twitter:card\" content=\"summary_large_image\" \/>\n<meta name=\"twitter:label1\" content=\"Escrito por\" \/>\n\t<meta name=\"twitter:data1\" content=\"Admin\" \/>\n\t<meta name=\"twitter:label2\" content=\"Est. tempo de leitura\" \/>\n\t<meta name=\"twitter:data2\" content=\"3 minutos\" \/>\n<script type=\"application\/ld+json\" class=\"yoast-schema-graph\">{\"@context\":\"https:\/\/schema.org\",\"@graph\":[{\"@type\":\"WebPage\",\"@id\":\"https:\/\/verdadeon.com.br\/portal\/2020\/01\/21\/final-de-semana-foi-de-goleadas-no-paulistano\/\",\"url\":\"https:\/\/verdadeon.com.br\/portal\/2020\/01\/21\/final-de-semana-foi-de-goleadas-no-paulistano\/\",\"name\":\"Final de semana foi de goleadas no Paulistano - VerdadeOn\",\"isPartOf\":{\"@id\":\"https:\/\/verdadeon.com.br\/portal\/#website\"},\"primaryImageOfPage\":{\"@id\":\"https:\/\/verdadeon.com.br\/portal\/2020\/01\/21\/final-de-semana-foi-de-goleadas-no-paulistano\/#primaryimage\"},\"image\":{\"@id\":\"https:\/\/verdadeon.com.br\/portal\/2020\/01\/21\/final-de-semana-foi-de-goleadas-no-paulistano\/#primaryimage\"},\"thumbnailUrl\":\"https:\/\/i0.wp.com\/verdadeon.com.br\/portal\/wp-content\/uploads\/2020\/01\/news-4632.jpg?fit=1000%2C750&ssl=1\",\"datePublished\":\"2020-01-21T17:56:07+00:00\",\"dateModified\":\"2020-01-21T17:56:10+00:00\",\"author\":{\"@id\":\"https:\/\/verdadeon.com.br\/portal\/#\/schema\/person\/31b3f1eb559e4ce9d3c1dc1f2268a70c\"},\"breadcrumb\":{\"@id\":\"https:\/\/verdadeon.com.br\/portal\/2020\/01\/21\/final-de-semana-foi-de-goleadas-no-paulistano\/#breadcrumb\"},\"inLanguage\":\"pt-BR\",\"potentialAction\":[{\"@type\":\"ReadAction\",\"target\":[\"https:\/\/verdadeon.com.br\/portal\/2020\/01\/21\/final-de-semana-foi-de-goleadas-no-paulistano\/\"]}]},{\"@type\":\"ImageObject\",\"inLanguage\":\"pt-BR\",\"@id\":\"https:\/\/verdadeon.com.br\/portal\/2020\/01\/21\/final-de-semana-foi-de-goleadas-no-paulistano\/#primaryimage\",\"url\":\"https:\/\/i0.wp.com\/verdadeon.com.br\/portal\/wp-content\/uploads\/2020\/01\/news-4632.jpg?fit=1000%2C750&ssl=1\",\"contentUrl\":\"https:\/\/i0.wp.com\/verdadeon.com.br\/portal\/wp-content\/uploads\/2020\/01\/news-4632.jpg?fit=1000%2C750&ssl=1\",\"width\":1000,\"height\":750,\"caption\":\"Segunda rodada da Champions do Paulistano teve boa m\u00e9dia de gols no \u00faltimo final de semana. Os destaques foram para algumas goleadas, a lideran\u00e7a do grupo de domingo pelo Pav\u00e3o de Ouro e a prepara\u00e7\u00e3o de Aeroporto e Miramontes | Foto: Divulga\u00e7\u00e3o\"},{\"@type\":\"BreadcrumbList\",\"@id\":\"https:\/\/verdadeon.com.br\/portal\/2020\/01\/21\/final-de-semana-foi-de-goleadas-no-paulistano\/#breadcrumb\",\"itemListElement\":[{\"@type\":\"ListItem\",\"position\":1,\"name\":\"In\u00edcio\",\"item\":\"https:\/\/verdadeon.com.br\/portal\/\"},{\"@type\":\"ListItem\",\"position\":2,\"name\":\"Final de semana foi de goleadas no Paulistano\"}]},{\"@type\":\"WebSite\",\"@id\":\"https:\/\/verdadeon.com.br\/portal\/#website\",\"url\":\"https:\/\/verdadeon.com.br\/portal\/\",\"name\":\"VerdadeOn\",\"description\":\"Not\u00edcias di\u00e1rias sobre Franca, Regi\u00e3o, Esporte, Cultura, Cotidiano, Colunas. Cobertura nos principais eventos da cidade \u00e9 aqui - Verdadeon Franca\",\"potentialAction\":[{\"@type\":\"SearchAction\",\"target\":{\"@type\":\"EntryPoint\",\"urlTemplate\":\"https:\/\/verdadeon.com.br\/portal\/?s={search_term_string}\"},\"query-input\":{\"@type\":\"PropertyValueSpecification\",\"valueRequired\":true,\"valueName\":\"search_term_string\"}}],\"inLanguage\":\"pt-BR\"},{\"@type\":\"Person\",\"@id\":\"https:\/\/verdadeon.com.br\/portal\/#\/schema\/person\/31b3f1eb559e4ce9d3c1dc1f2268a70c\",\"name\":\"Admin\",\"image\":{\"@type\":\"ImageObject\",\"inLanguage\":\"pt-BR\",\"@id\":\"https:\/\/verdadeon.com.br\/portal\/#\/schema\/person\/image\/\",\"url\":\"https:\/\/secure.gravatar.com\/avatar\/e550a5b4dab3efe8ca3a8bf0fb981073a921f9a24159040707270602980dd8af?s=96&d=mm&r=g\",\"contentUrl\":\"https:\/\/secure.gravatar.com\/avatar\/e550a5b4dab3efe8ca3a8bf0fb981073a921f9a24159040707270602980dd8af?s=96&d=mm&r=g\",\"caption\":\"Admin\"},\"url\":\"https:\/\/verdadeon.com.br\/portal\/author\/admin\/\"}]}<\/script>\n<!-- \/ Yoast SEO plugin. -->","yoast_head_json":{"title":"Final de semana foi de goleadas no Paulistano - VerdadeOn","robots":{"index":"index","follow":"follow","max-snippet":"max-snippet:-1","max-image-preview":"max-image-preview:large","max-video-preview":"max-video-preview:-1"},"canonical":"https:\/\/verdadeon.com.br\/portal\/2020\/01\/21\/final-de-semana-foi-de-goleadas-no-paulistano\/","og_locale":"pt_BR","og_type":"article","og_title":"Final de semana foi de goleadas no Paulistano - VerdadeOn","og_description":"M\u00e9dia de quase quatro gols por jogo e lideran\u00e7a do Pav\u00e3o de Ouro Oito partidas movimentaram a segunda rodada do Champions Paulistano no \u00faltimo final de [\u2026]","og_url":"https:\/\/verdadeon.com.br\/portal\/2020\/01\/21\/final-de-semana-foi-de-goleadas-no-paulistano\/","og_site_name":"VerdadeOn","article_published_time":"2020-01-21T17:56:07+00:00","article_modified_time":"2020-01-21T17:56:10+00:00","og_image":[{"width":1000,"height":750,"url":"https:\/\/verdadeon.com.br\/portal\/wp-content\/uploads\/2020\/01\/news-4632.jpg","type":"image\/jpeg"}],"author":"Admin","twitter_card":"summary_large_image","twitter_misc":{"Escrito por":"Admin","Est. tempo de leitura":"3 minutos"},"schema":{"@context":"https:\/\/schema.org","@graph":[{"@type":"WebPage","@id":"https:\/\/verdadeon.com.br\/portal\/2020\/01\/21\/final-de-semana-foi-de-goleadas-no-paulistano\/","url":"https:\/\/verdadeon.com.br\/portal\/2020\/01\/21\/final-de-semana-foi-de-goleadas-no-paulistano\/","name":"Final de semana foi de goleadas no Paulistano - VerdadeOn","isPartOf":{"@id":"https:\/\/verdadeon.com.br\/portal\/#website"},"primaryImageOfPage":{"@id":"https:\/\/verdadeon.com.br\/portal\/2020\/01\/21\/final-de-semana-foi-de-goleadas-no-paulistano\/#primaryimage"},"image":{"@id":"https:\/\/verdadeon.com.br\/portal\/2020\/01\/21\/final-de-semana-foi-de-goleadas-no-paulistano\/#primaryimage"},"thumbnailUrl":"https:\/\/i0.wp.com\/verdadeon.com.br\/portal\/wp-content\/uploads\/2020\/01\/news-4632.jpg?fit=1000%2C750&ssl=1","datePublished":"2020-01-21T17:56:07+00:00","dateModified":"2020-01-21T17:56:10+00:00","author":{"@id":"https:\/\/verdadeon.com.br\/portal\/#\/schema\/person\/31b3f1eb559e4ce9d3c1dc1f2268a70c"},"breadcrumb":{"@id":"https:\/\/verdadeon.com.br\/portal\/2020\/01\/21\/final-de-semana-foi-de-goleadas-no-paulistano\/#breadcrumb"},"inLanguage":"pt-BR","potentialAction":[{"@type":"ReadAction","target":["https:\/\/verdadeon.com.br\/portal\/2020\/01\/21\/final-de-semana-foi-de-goleadas-no-paulistano\/"]}]},{"@type":"ImageObject","inLanguage":"pt-BR","@id":"https:\/\/verdadeon.com.br\/portal\/2020\/01\/21\/final-de-semana-foi-de-goleadas-no-paulistano\/#primaryimage","url":"https:\/\/i0.wp.com\/verdadeon.com.br\/portal\/wp-content\/uploads\/2020\/01\/news-4632.jpg?fit=1000%2C750&ssl=1","contentUrl":"https:\/\/i0.wp.com\/verdadeon.com.br\/portal\/wp-content\/uploads\/2020\/01\/news-4632.jpg?fit=1000%2C750&ssl=1","width":1000,"height":750,"caption":"Segunda rodada da Champions do Paulistano teve boa m\u00e9dia de gols no \u00faltimo final de semana. Os destaques foram para algumas goleadas, a lideran\u00e7a do grupo de domingo pelo Pav\u00e3o de Ouro e a prepara\u00e7\u00e3o de Aeroporto e Miramontes | Foto: Divulga\u00e7\u00e3o"},{"@type":"BreadcrumbList","@id":"https:\/\/verdadeon.com.br\/portal\/2020\/01\/21\/final-de-semana-foi-de-goleadas-no-paulistano\/#breadcrumb","itemListElement":[{"@type":"ListItem","position":1,"name":"In\u00edcio","item":"https:\/\/verdadeon.com.br\/portal\/"},{"@type":"ListItem","position":2,"name":"Final de semana foi de goleadas no Paulistano"}]},{"@type":"WebSite","@id":"https:\/\/verdadeon.com.br\/portal\/#website","url":"https:\/\/verdadeon.com.br\/portal\/","name":"VerdadeOn","description":"Not\u00edcias di\u00e1rias sobre Franca, Regi\u00e3o, Esporte, Cultura, Cotidiano, Colunas. Cobertura nos principais eventos da cidade \u00e9 aqui - Verdadeon Franca","potentialAction":[{"@type":"SearchAction","target":{"@type":"EntryPoint","urlTemplate":"https:\/\/verdadeon.com.br\/portal\/?s={search_term_string}"},"query-input":{"@type":"PropertyValueSpecification","valueRequired":true,"valueName":"search_term_string"}}],"inLanguage":"pt-BR"},{"@type":"Person","@id":"https:\/\/verdadeon.com.br\/portal\/#\/schema\/person\/31b3f1eb559e4ce9d3c1dc1f2268a70c","name":"Admin","image":{"@type":"ImageObject","inLanguage":"pt-BR","@id":"https:\/\/verdadeon.com.br\/portal\/#\/schema\/person\/image\/","url":"https:\/\/secure.gravatar.com\/avatar\/e550a5b4dab3efe8ca3a8bf0fb981073a921f9a24159040707270602980dd8af?s=96&d=mm&r=g","contentUrl":"https:\/\/secure.gravatar.com\/avatar\/e550a5b4dab3efe8ca3a8bf0fb981073a921f9a24159040707270602980dd8af?s=96&d=mm&r=g","caption":"Admin"},"url":"https:\/\/verdadeon.com.br\/portal\/author\/admin\/"}]}},"jetpack_publicize_connections":[],"jetpack_featured_media_url":"https:\/\/i0.wp.com\/verdadeon.com.br\/portal\/wp-content\/uploads\/2020\/01\/news-4632.jpg?fit=1000%2C750&ssl=1","jetpack_sharing_enabled":true,"_links":{"self":[{"href":"https:\/\/verdadeon.com.br\/portal\/wp-json\/wp\/v2\/posts\/2538","targetHints":{"allow":["GET"]}}],"collection":[{"href":"https:\/\/verdadeon.com.br\/portal\/wp-json\/wp\/v2\/posts"}],"about":[{"href":"https:\/\/verdadeon.com.br\/portal\/wp-json\/wp\/v2\/types\/post"}],"author":[{"embeddable":true,"href":"https:\/\/verdadeon.com.br\/portal\/wp-json\/wp\/v2\/users\/3"}],"replies":[{"embeddable":true,"href":"https:\/\/verdadeon.com.br\/portal\/wp-json\/wp\/v2\/comments?post=2538"}],"version-history":[{"count":0,"href":"https:\/\/verdadeon.com.br\/portal\/wp-json\/wp\/v2\/posts\/2538\/revisions"}],"wp:featuredmedia":[{"embeddable":true,"href":"https:\/\/verdadeon.com.br\/portal\/wp-json\/wp\/v2\/media\/2539"}],"wp:attachment":[{"href":"https:\/\/verdadeon.com.br\/portal\/wp-json\/wp\/v2\/media?parent=2538"}],"wp:term":[{"taxonomy":"category","embeddable":true,"href":"https:\/\/verdadeon.com.br\/portal\/wp-json\/wp\/v2\/categories?post=2538"},{"taxonomy":"post_tag","embeddable":true,"href":"https:\/\/verdadeon.com.br\/portal\/wp-json\/wp\/v2\/tags?post=2538"}],"curies":[{"name":"wp","href":"https:\/\/api.w.org\/{rel}","templated":true}]}}