{"id":25375,"date":"2022-05-27T16:31:07","date_gmt":"2022-05-27T19:31:07","guid":{"rendered":"https:\/\/verdadeon.com.br\/portal\/?p=25375"},"modified":"2022-05-27T16:31:07","modified_gmt":"2022-05-27T19:31:07","slug":"sindifranca-e-ilsa-brasil-apresentam-projeto-sustentavel-para-residuos-da-industria-calcadista","status":"publish","type":"post","link":"https:\/\/verdadeon.com.br\/portal\/2022\/05\/27\/sindifranca-e-ilsa-brasil-apresentam-projeto-sustentavel-para-residuos-da-industria-calcadista\/","title":{"rendered":"Sindifranca e Ilsa Brasil apresentam projeto sustent\u00e1vel para res\u00edduos da ind\u00fastria cal\u00e7adista"},"content":{"rendered":"<h2>Parceria deve entrar em pr\u00e1tica em at\u00e9 18 meses, objetivo \u00e9 descartar regularmente restos da produ\u00e7\u00e3o de cal\u00e7ados<\/h2>\n<p>O Sindifranca fechou parceria com a Ilsa Brasil, na manh\u00e3 desta sexta-feira (27), a empresa \u00e9 refer\u00eancia mundial em biotecnologia, especialista por transformar mat\u00e9rias-primas de origem renov\u00e1vel em produtos de alto desempenho para a agricultura.<\/p>\n<p>No evento, que reuniu v\u00e1rios empres\u00e1rios do setor cal\u00e7adista, Lucas Alban, CEO da Ilsa Brasil apresentou a empresa, de origem italiana, com unidades de processamento em diversos pa\u00edses, sendo duas em pleno funcionamento na cidade de Port\u00e3o \u2013 RS.<\/p>\n<p>\u201cUtilizamos m\u00e9todos industriais modernos e sustent\u00e1veis, que s\u00e3o uma \u00f3tima solu\u00e7\u00e3o para passivos ambientais de diversos setores industriais. O resultado s\u00e3o adubos altamente eficientes, que ajudam a agricultura org\u00e2nica a aumentar a produtividade e qualidade das safras, de forma cada vez mais respons\u00e1vel e consciente\u201d afirmou Lucas.<\/p>\n<p>Ele demonstrou ainda como a empresa, atrav\u00e9s da tecnologia foi capaz de transformar res\u00edduos da ind\u00fastria coureiro-cal\u00e7adista, em fertilizantes altamente eficientes, reduzindo o impacto ambiental e aumentando a produtividade das culturas agr\u00edcolas.<\/p>\n<p>Na ocasi\u00e3o, foi assinado entre Sindifranca e a Ilsa Brasil um protocolo de inten\u00e7\u00f5es onde esta pretende instalar uma unidade de processamento de res\u00edduos em Franca nos pr\u00f3ximos meses, para tratar de uma demanda antiga do setor: um destino mais sustent\u00e1vel para os res\u00edduos coureiro-cal\u00e7adistas.<\/p>\n<p>\u201cLevou mais de 30 anos para conseguirmos um parceiro que atingisse esse objetivo com excel\u00eancia, mas todo o trabalho valeu a pena. Neste que \u00e9 um momento hist\u00f3rico para Franca, podemos afirmar que o setor cal\u00e7adista ganha um presente: mais sustentabilidade para o cal\u00e7ado mais famoso do Brasil!\u201d comemorou Jos\u00e9 Carlos Brigag\u00e3o do Couto, presidente do Sindifranca. \u201cAgora o Sindifranca, juntamente com a Ilsa Brasil, poder\u00e1 oferecer a seus associados um benef\u00edcio que agregar\u00e1 ainda mais valor ao cal\u00e7ado de Franca, que \u00e9 a garantia de menor impacto para o meio ambiente, com redu\u00e7\u00e3o de passivo ambiental para 0%\u201d, afirmou Brigag\u00e3o.<\/p>\n<p>A expectativa de Lucas Alban \u00e9 que a unidade de processamento possa come\u00e7ar as opera\u00e7\u00f5es em at\u00e9 18 meses. Os estudos e procedimentos t\u00e9cnicos j\u00e1 est\u00e3o em andamento. A usina atender\u00e1 os res\u00edduos da ind\u00fastria cal\u00e7adista e tamb\u00e9m de curtumes e outros que processam couro na regi\u00e3o.<\/p>\n","protected":false},"excerpt":{"rendered":"<p>Parceria deve entrar em pr\u00e1tica em at\u00e9 18 meses, objetivo \u00e9 descartar regularmente restos da produ\u00e7\u00e3o de cal\u00e7ados O Sindifranca fechou parceria com a Ilsa Brasil,<span class=\"excerpt-hellip\"> [\u2026]<\/span><\/p>\n","protected":false},"author":7,"featured_media":25376,"comment_status":"open","ping_status":"open","sticky":false,"template":"","format":"standard","meta":{"_jetpack_memberships_contains_paid_content":false,"footnotes":"","jetpack_publicize_message":"","jetpack_publicize_feature_enabled":true,"jetpack_social_post_already_shared":false,"jetpack_social_options":{"image_generator_settings":{"template":"highway","default_image_id":0,"enabled":false},"version":2}},"categories":[28,44],"tags":[],"class_list":["post-25375","post","type-post","status-publish","format-standard","has-post-thumbnail","hentry","category-cotidiano","category-noticias"],"yoast_head":"<!-- This site is optimized with the Yoast SEO plugin v25.6 - https:\/\/yoast.com\/wordpress\/plugins\/seo\/ -->\n<title>Sindifranca e Ilsa Brasil apresentam projeto sustent\u00e1vel para res\u00edduos da ind\u00fastria cal\u00e7adista - VerdadeOn<\/title>\n<meta name=\"robots\" content=\"index, follow, max-snippet:-1, max-image-preview:large, max-video-preview:-1\" \/>\n<link rel=\"canonical\" href=\"https:\/\/verdadeon.com.br\/portal\/2022\/05\/27\/sindifranca-e-ilsa-brasil-apresentam-projeto-sustentavel-para-residuos-da-industria-calcadista\/\" \/>\n<meta property=\"og:locale\" content=\"pt_BR\" \/>\n<meta property=\"og:type\" content=\"article\" \/>\n<meta property=\"og:title\" content=\"Sindifranca e Ilsa Brasil apresentam projeto sustent\u00e1vel para res\u00edduos da ind\u00fastria cal\u00e7adista - VerdadeOn\" \/>\n<meta property=\"og:description\" content=\"Parceria deve entrar em pr\u00e1tica em at\u00e9 18 meses, objetivo \u00e9 descartar regularmente restos da produ\u00e7\u00e3o de cal\u00e7ados O Sindifranca fechou parceria com a Ilsa Brasil, [\u2026]\" \/>\n<meta property=\"og:url\" content=\"https:\/\/verdadeon.com.br\/portal\/2022\/05\/27\/sindifranca-e-ilsa-brasil-apresentam-projeto-sustentavel-para-residuos-da-industria-calcadista\/\" \/>\n<meta property=\"og:site_name\" content=\"VerdadeOn\" \/>\n<meta property=\"article:published_time\" content=\"2022-05-27T19:31:07+00:00\" \/>\n<meta property=\"og:image\" content=\"https:\/\/verdadeon.com.br\/portal\/wp-content\/uploads\/2022\/05\/WhatsApp-Image-2022-05-27-at-14.44.36.jpeg\" \/>\n\t<meta property=\"og:image:width\" content=\"1280\" \/>\n\t<meta property=\"og:image:height\" content=\"996\" \/>\n\t<meta property=\"og:image:type\" content=\"image\/jpeg\" \/>\n<meta name=\"author\" content=\"Fernando Lima\" \/>\n<meta name=\"twitter:card\" content=\"summary_large_image\" \/>\n<meta name=\"twitter:label1\" content=\"Escrito por\" \/>\n\t<meta name=\"twitter:data1\" content=\"Fernando Lima\" \/>\n\t<meta name=\"twitter:label2\" content=\"Est. tempo de leitura\" \/>\n\t<meta name=\"twitter:data2\" content=\"3 minutos\" \/>\n<script type=\"application\/ld+json\" class=\"yoast-schema-graph\">{\"@context\":\"https:\/\/schema.org\",\"@graph\":[{\"@type\":\"WebPage\",\"@id\":\"https:\/\/verdadeon.com.br\/portal\/2022\/05\/27\/sindifranca-e-ilsa-brasil-apresentam-projeto-sustentavel-para-residuos-da-industria-calcadista\/\",\"url\":\"https:\/\/verdadeon.com.br\/portal\/2022\/05\/27\/sindifranca-e-ilsa-brasil-apresentam-projeto-sustentavel-para-residuos-da-industria-calcadista\/\",\"name\":\"Sindifranca e Ilsa Brasil apresentam projeto sustent\u00e1vel para res\u00edduos da ind\u00fastria cal\u00e7adista - VerdadeOn\",\"isPartOf\":{\"@id\":\"https:\/\/verdadeon.com.br\/portal\/#website\"},\"primaryImageOfPage\":{\"@id\":\"https:\/\/verdadeon.com.br\/portal\/2022\/05\/27\/sindifranca-e-ilsa-brasil-apresentam-projeto-sustentavel-para-residuos-da-industria-calcadista\/#primaryimage\"},\"image\":{\"@id\":\"https:\/\/verdadeon.com.br\/portal\/2022\/05\/27\/sindifranca-e-ilsa-brasil-apresentam-projeto-sustentavel-para-residuos-da-industria-calcadista\/#primaryimage\"},\"thumbnailUrl\":\"https:\/\/i0.wp.com\/verdadeon.com.br\/portal\/wp-content\/uploads\/2022\/05\/WhatsApp-Image-2022-05-27-at-14.44.36.jpeg?fit=1280%2C996&ssl=1\",\"datePublished\":\"2022-05-27T19:31:07+00:00\",\"author\":{\"@id\":\"https:\/\/verdadeon.com.br\/portal\/#\/schema\/person\/cc32be22b8e8599387c480bc83e1d11a\"},\"breadcrumb\":{\"@id\":\"https:\/\/verdadeon.com.br\/portal\/2022\/05\/27\/sindifranca-e-ilsa-brasil-apresentam-projeto-sustentavel-para-residuos-da-industria-calcadista\/#breadcrumb\"},\"inLanguage\":\"pt-BR\",\"potentialAction\":[{\"@type\":\"ReadAction\",\"target\":[\"https:\/\/verdadeon.com.br\/portal\/2022\/05\/27\/sindifranca-e-ilsa-brasil-apresentam-projeto-sustentavel-para-residuos-da-industria-calcadista\/\"]}]},{\"@type\":\"ImageObject\",\"inLanguage\":\"pt-BR\",\"@id\":\"https:\/\/verdadeon.com.br\/portal\/2022\/05\/27\/sindifranca-e-ilsa-brasil-apresentam-projeto-sustentavel-para-residuos-da-industria-calcadista\/#primaryimage\",\"url\":\"https:\/\/i0.wp.com\/verdadeon.com.br\/portal\/wp-content\/uploads\/2022\/05\/WhatsApp-Image-2022-05-27-at-14.44.36.jpeg?fit=1280%2C996&ssl=1\",\"contentUrl\":\"https:\/\/i0.wp.com\/verdadeon.com.br\/portal\/wp-content\/uploads\/2022\/05\/WhatsApp-Image-2022-05-27-at-14.44.36.jpeg?fit=1280%2C996&ssl=1\",\"width\":1280,\"height\":996,\"caption\":\"Jos\u00e9 Carlos Brigag\u00e3o do Couto, presidente do Sindifranca destacou o momento hist\u00f3rico para a ind\u00fastria do cal\u00e7ado em Franca (Sindifranca)\"},{\"@type\":\"BreadcrumbList\",\"@id\":\"https:\/\/verdadeon.com.br\/portal\/2022\/05\/27\/sindifranca-e-ilsa-brasil-apresentam-projeto-sustentavel-para-residuos-da-industria-calcadista\/#breadcrumb\",\"itemListElement\":[{\"@type\":\"ListItem\",\"position\":1,\"name\":\"In\u00edcio\",\"item\":\"https:\/\/verdadeon.com.br\/portal\/\"},{\"@type\":\"ListItem\",\"position\":2,\"name\":\"Sindifranca e Ilsa Brasil apresentam projeto sustent\u00e1vel para res\u00edduos da ind\u00fastria cal\u00e7adista\"}]},{\"@type\":\"WebSite\",\"@id\":\"https:\/\/verdadeon.com.br\/portal\/#website\",\"url\":\"https:\/\/verdadeon.com.br\/portal\/\",\"name\":\"VerdadeOn\",\"description\":\"Not\u00edcias di\u00e1rias sobre Franca, Regi\u00e3o, Esporte, Cultura, Cotidiano, Colunas. Cobertura nos principais eventos da cidade \u00e9 aqui - Verdadeon Franca\",\"potentialAction\":[{\"@type\":\"SearchAction\",\"target\":{\"@type\":\"EntryPoint\",\"urlTemplate\":\"https:\/\/verdadeon.com.br\/portal\/?s={search_term_string}\"},\"query-input\":{\"@type\":\"PropertyValueSpecification\",\"valueRequired\":true,\"valueName\":\"search_term_string\"}}],\"inLanguage\":\"pt-BR\"},{\"@type\":\"Person\",\"@id\":\"https:\/\/verdadeon.com.br\/portal\/#\/schema\/person\/cc32be22b8e8599387c480bc83e1d11a\",\"name\":\"Fernando Lima\",\"image\":{\"@type\":\"ImageObject\",\"inLanguage\":\"pt-BR\",\"@id\":\"https:\/\/verdadeon.com.br\/portal\/#\/schema\/person\/image\/\",\"url\":\"https:\/\/secure.gravatar.com\/avatar\/df4c8e132080d2b3a4841d5d232045464e0eed11a1d6e43115ca0843d48768d3?s=96&d=mm&r=g\",\"contentUrl\":\"https:\/\/secure.gravatar.com\/avatar\/df4c8e132080d2b3a4841d5d232045464e0eed11a1d6e43115ca0843d48768d3?s=96&d=mm&r=g\",\"caption\":\"Fernando Lima\"},\"sameAs\":[\"http:\/\/verdadeon.com.br\/\"],\"url\":\"https:\/\/verdadeon.com.br\/portal\/author\/fernando-lima\/\"}]}<\/script>\n<!-- \/ Yoast SEO plugin. -->","yoast_head_json":{"title":"Sindifranca e Ilsa Brasil apresentam projeto sustent\u00e1vel para res\u00edduos da ind\u00fastria cal\u00e7adista - VerdadeOn","robots":{"index":"index","follow":"follow","max-snippet":"max-snippet:-1","max-image-preview":"max-image-preview:large","max-video-preview":"max-video-preview:-1"},"canonical":"https:\/\/verdadeon.com.br\/portal\/2022\/05\/27\/sindifranca-e-ilsa-brasil-apresentam-projeto-sustentavel-para-residuos-da-industria-calcadista\/","og_locale":"pt_BR","og_type":"article","og_title":"Sindifranca e Ilsa Brasil apresentam projeto sustent\u00e1vel para res\u00edduos da ind\u00fastria cal\u00e7adista - VerdadeOn","og_description":"Parceria deve entrar em pr\u00e1tica em at\u00e9 18 meses, objetivo \u00e9 descartar regularmente restos da produ\u00e7\u00e3o de cal\u00e7ados O Sindifranca fechou parceria com a Ilsa Brasil, [\u2026]","og_url":"https:\/\/verdadeon.com.br\/portal\/2022\/05\/27\/sindifranca-e-ilsa-brasil-apresentam-projeto-sustentavel-para-residuos-da-industria-calcadista\/","og_site_name":"VerdadeOn","article_published_time":"2022-05-27T19:31:07+00:00","og_image":[{"width":1280,"height":996,"url":"https:\/\/verdadeon.com.br\/portal\/wp-content\/uploads\/2022\/05\/WhatsApp-Image-2022-05-27-at-14.44.36.jpeg","type":"image\/jpeg"}],"author":"Fernando Lima","twitter_card":"summary_large_image","twitter_misc":{"Escrito por":"Fernando Lima","Est. tempo de leitura":"3 minutos"},"schema":{"@context":"https:\/\/schema.org","@graph":[{"@type":"WebPage","@id":"https:\/\/verdadeon.com.br\/portal\/2022\/05\/27\/sindifranca-e-ilsa-brasil-apresentam-projeto-sustentavel-para-residuos-da-industria-calcadista\/","url":"https:\/\/verdadeon.com.br\/portal\/2022\/05\/27\/sindifranca-e-ilsa-brasil-apresentam-projeto-sustentavel-para-residuos-da-industria-calcadista\/","name":"Sindifranca e Ilsa Brasil apresentam projeto sustent\u00e1vel para res\u00edduos da ind\u00fastria cal\u00e7adista - VerdadeOn","isPartOf":{"@id":"https:\/\/verdadeon.com.br\/portal\/#website"},"primaryImageOfPage":{"@id":"https:\/\/verdadeon.com.br\/portal\/2022\/05\/27\/sindifranca-e-ilsa-brasil-apresentam-projeto-sustentavel-para-residuos-da-industria-calcadista\/#primaryimage"},"image":{"@id":"https:\/\/verdadeon.com.br\/portal\/2022\/05\/27\/sindifranca-e-ilsa-brasil-apresentam-projeto-sustentavel-para-residuos-da-industria-calcadista\/#primaryimage"},"thumbnailUrl":"https:\/\/i0.wp.com\/verdadeon.com.br\/portal\/wp-content\/uploads\/2022\/05\/WhatsApp-Image-2022-05-27-at-14.44.36.jpeg?fit=1280%2C996&ssl=1","datePublished":"2022-05-27T19:31:07+00:00","author":{"@id":"https:\/\/verdadeon.com.br\/portal\/#\/schema\/person\/cc32be22b8e8599387c480bc83e1d11a"},"breadcrumb":{"@id":"https:\/\/verdadeon.com.br\/portal\/2022\/05\/27\/sindifranca-e-ilsa-brasil-apresentam-projeto-sustentavel-para-residuos-da-industria-calcadista\/#breadcrumb"},"inLanguage":"pt-BR","potentialAction":[{"@type":"ReadAction","target":["https:\/\/verdadeon.com.br\/portal\/2022\/05\/27\/sindifranca-e-ilsa-brasil-apresentam-projeto-sustentavel-para-residuos-da-industria-calcadista\/"]}]},{"@type":"ImageObject","inLanguage":"pt-BR","@id":"https:\/\/verdadeon.com.br\/portal\/2022\/05\/27\/sindifranca-e-ilsa-brasil-apresentam-projeto-sustentavel-para-residuos-da-industria-calcadista\/#primaryimage","url":"https:\/\/i0.wp.com\/verdadeon.com.br\/portal\/wp-content\/uploads\/2022\/05\/WhatsApp-Image-2022-05-27-at-14.44.36.jpeg?fit=1280%2C996&ssl=1","contentUrl":"https:\/\/i0.wp.com\/verdadeon.com.br\/portal\/wp-content\/uploads\/2022\/05\/WhatsApp-Image-2022-05-27-at-14.44.36.jpeg?fit=1280%2C996&ssl=1","width":1280,"height":996,"caption":"Jos\u00e9 Carlos Brigag\u00e3o do Couto, presidente do Sindifranca destacou o momento hist\u00f3rico para a ind\u00fastria do cal\u00e7ado em Franca (Sindifranca)"},{"@type":"BreadcrumbList","@id":"https:\/\/verdadeon.com.br\/portal\/2022\/05\/27\/sindifranca-e-ilsa-brasil-apresentam-projeto-sustentavel-para-residuos-da-industria-calcadista\/#breadcrumb","itemListElement":[{"@type":"ListItem","position":1,"name":"In\u00edcio","item":"https:\/\/verdadeon.com.br\/portal\/"},{"@type":"ListItem","position":2,"name":"Sindifranca e Ilsa Brasil apresentam projeto sustent\u00e1vel para res\u00edduos da ind\u00fastria cal\u00e7adista"}]},{"@type":"WebSite","@id":"https:\/\/verdadeon.com.br\/portal\/#website","url":"https:\/\/verdadeon.com.br\/portal\/","name":"VerdadeOn","description":"Not\u00edcias di\u00e1rias sobre Franca, Regi\u00e3o, Esporte, Cultura, Cotidiano, Colunas. Cobertura nos principais eventos da cidade \u00e9 aqui - Verdadeon Franca","potentialAction":[{"@type":"SearchAction","target":{"@type":"EntryPoint","urlTemplate":"https:\/\/verdadeon.com.br\/portal\/?s={search_term_string}"},"query-input":{"@type":"PropertyValueSpecification","valueRequired":true,"valueName":"search_term_string"}}],"inLanguage":"pt-BR"},{"@type":"Person","@id":"https:\/\/verdadeon.com.br\/portal\/#\/schema\/person\/cc32be22b8e8599387c480bc83e1d11a","name":"Fernando Lima","image":{"@type":"ImageObject","inLanguage":"pt-BR","@id":"https:\/\/verdadeon.com.br\/portal\/#\/schema\/person\/image\/","url":"https:\/\/secure.gravatar.com\/avatar\/df4c8e132080d2b3a4841d5d232045464e0eed11a1d6e43115ca0843d48768d3?s=96&d=mm&r=g","contentUrl":"https:\/\/secure.gravatar.com\/avatar\/df4c8e132080d2b3a4841d5d232045464e0eed11a1d6e43115ca0843d48768d3?s=96&d=mm&r=g","caption":"Fernando Lima"},"sameAs":["http:\/\/verdadeon.com.br\/"],"url":"https:\/\/verdadeon.com.br\/portal\/author\/fernando-lima\/"}]}},"jetpack_publicize_connections":[],"jetpack_featured_media_url":"https:\/\/i0.wp.com\/verdadeon.com.br\/portal\/wp-content\/uploads\/2022\/05\/WhatsApp-Image-2022-05-27-at-14.44.36.jpeg?fit=1280%2C996&ssl=1","jetpack_sharing_enabled":true,"_links":{"self":[{"href":"https:\/\/verdadeon.com.br\/portal\/wp-json\/wp\/v2\/posts\/25375","targetHints":{"allow":["GET"]}}],"collection":[{"href":"https:\/\/verdadeon.com.br\/portal\/wp-json\/wp\/v2\/posts"}],"about":[{"href":"https:\/\/verdadeon.com.br\/portal\/wp-json\/wp\/v2\/types\/post"}],"author":[{"embeddable":true,"href":"https:\/\/verdadeon.com.br\/portal\/wp-json\/wp\/v2\/users\/7"}],"replies":[{"embeddable":true,"href":"https:\/\/verdadeon.com.br\/portal\/wp-json\/wp\/v2\/comments?post=25375"}],"version-history":[{"count":1,"href":"https:\/\/verdadeon.com.br\/portal\/wp-json\/wp\/v2\/posts\/25375\/revisions"}],"predecessor-version":[{"id":25379,"href":"https:\/\/verdadeon.com.br\/portal\/wp-json\/wp\/v2\/posts\/25375\/revisions\/25379"}],"wp:featuredmedia":[{"embeddable":true,"href":"https:\/\/verdadeon.com.br\/portal\/wp-json\/wp\/v2\/media\/25376"}],"wp:attachment":[{"href":"https:\/\/verdadeon.com.br\/portal\/wp-json\/wp\/v2\/media?parent=25375"}],"wp:term":[{"taxonomy":"category","embeddable":true,"href":"https:\/\/verdadeon.com.br\/portal\/wp-json\/wp\/v2\/categories?post=25375"},{"taxonomy":"post_tag","embeddable":true,"href":"https:\/\/verdadeon.com.br\/portal\/wp-json\/wp\/v2\/tags?post=25375"}],"curies":[{"name":"wp","href":"https:\/\/api.w.org\/{rel}","templated":true}]}}