{"id":25366,"date":"2022-05-26T18:39:08","date_gmt":"2022-05-26T21:39:08","guid":{"rendered":"https:\/\/verdadeon.com.br\/portal\/?p=25366"},"modified":"2022-05-26T18:38:31","modified_gmt":"2022-05-26T21:38:31","slug":"apos-20-anos-franca-recebe-apresentacao-da-esquadrilha-da-fumaca","status":"publish","type":"post","link":"https:\/\/verdadeon.com.br\/portal\/2022\/05\/26\/apos-20-anos-franca-recebe-apresentacao-da-esquadrilha-da-fumaca\/","title":{"rendered":"Ap\u00f3s 20 anos, Franca recebe apresenta\u00e7\u00e3o da Esquadrilha da Fuma\u00e7a"},"content":{"rendered":"<h2><span style=\"font-weight: 400;\">Com entrada gratuita, o evento ser\u00e1 no Aeroporto da cidade e ter\u00e1 in\u00edcio \u00e0s 8h, com voos panor\u00e2micos de helic\u00f3pteros<\/span><\/h2>\n<p>&nbsp;<\/p>\n<p>&nbsp;<\/p>\n<p><span style=\"font-weight: 400;\">Ap\u00f3s mais de 20 anos, Franca ser\u00e1 contemplada com uma apresenta\u00e7\u00e3o da Esquadrilha da Fuma\u00e7a, no pr\u00f3ximo domingo (29), no Aeroporto Estadual \u201cTenente Lund Presotto\u201d, com entrada gratuita. A \u00faltima apresenta\u00e7\u00e3o na cidade foi registrada nos anos 90.<\/span><\/p>\n<p><span style=\"font-weight: 400;\">A demonstra\u00e7\u00e3o da equipe da Esquadrilha da Fuma\u00e7a, que completou neste m\u00eas 70 anos, faz parte do 1\u00ba Aero Franca, que est\u00e1 sendo organizado pelo Aeroclube de Franca, em parceria com a Prefeitura, por meio das Secretarias de Desenvolvimento, Seguran\u00e7a e Feac (Funda\u00e7\u00e3o Esporte Arte e Cultura).<\/span><\/p>\n<p><span style=\"font-weight: 400;\">A programa\u00e7\u00e3o do evento ter\u00e1 in\u00edcio a partir das 8h, com a realiza\u00e7\u00e3o de voos panor\u00e2micos de helic\u00f3pteros, seguidos da Exposi\u00e7\u00e3o Aeromodelismo e Avi\u00f5es. A partir das 10h, est\u00e1 prevista a chegada da Esquadrilha da Fuma\u00e7a, com apresenta\u00e7\u00e3o da fanfarra do Tiro de Guerra de Franca (TG 02-013) e hasteamento das bandeiras.<\/span><\/p>\n<p><span style=\"font-weight: 400;\">A apresenta\u00e7\u00e3o da equipe de Pirassununga ter\u00e1 in\u00edcio, impreterivelmente, \u00e0s 16h e os organizadores do evento solicitam \u00e0s pessoas interessadas em assistir para que cheguem ao local com anteced\u00eancia m\u00ednima de duas horas.\u00a0<\/span><\/p>\n<p><span style=\"font-weight: 400;\">Ao todo, vir\u00e3o para Franca 9 aeronaves, sendo 7 utilizadas na apresenta\u00e7\u00e3o, uma do piloto que fica em solo, realizando a locu\u00e7\u00e3o e outra para apoio. Antes da decolagem, os sete pilotos acompanhados pelos mec\u00e2nicos da \u00e1rea de manuten\u00e7\u00e3o e se apresentam para o L\u00edder da Esquadrilha, marchando at\u00e9 os avi\u00f5es e iniciam as a\u00e7\u00f5es necess\u00e1rias para a partida das aeronaves. Ap\u00f3s todos os procedimentos de seguran\u00e7a, \u00e9 dado in\u00edcio ao show a\u00e9reo, que ter\u00e1 previs\u00e3o de 50 minutos de dura\u00e7\u00e3o.\u00a0<\/span><\/p>\n<p><span style=\"font-weight: 400;\">O evento contar\u00e1 tamb\u00e9m com \u00e1reas de alimenta\u00e7\u00e3o, estacionamento com seguran\u00e7a privada e voos panor\u00e2micos de helic\u00f3pteros, com cobran\u00e7a individual, cujos passeios poder\u00e3o ser agendados pelo telefone (16) 99636-0657.<\/span><\/p>\n<p><span style=\"font-weight: 400;\">O 1\u00ba Aero Franca ser\u00e1 realizado no Aeroporto Estadual de Franca \u201cTenente Lund Presotto\u201d, localizado na Rodovia Rio Negro e Solim\u00f5es, Km 399. O p\u00fablico ter\u00e1 acesso ao evento pelas laterais dos hangares do Aeroclube de Franca.\u00a0<\/span><\/p>\n<p><span style=\"font-weight: 400;\">\u201cEstamos ansiosos para essa demonstra\u00e7\u00e3o. As apresenta\u00e7\u00f5es no interior de S\u00e3o Paulo s\u00e3o sempre muito calorosas, o p\u00fablico vibra bastante. Em Franca, como o voo ser\u00e1 no aeroporto da cidade, por conta do evento de demonstra\u00e7\u00f5es a\u00e9reas, vamos pousar os avi\u00f5es e ter contato direto com o p\u00fablico e isso \u00e9 sempre muito bacana\u201d, afirma o Capit\u00e3o Aviador \u00cdcaro Bontempo Furtado, piloto n\u00famero #5, ala esquerda externa da Esquadrilha da Fuma\u00e7a.<\/span><\/p>\n<h4>Esquadrilha da Fuma\u00e7a<\/h4>\n<p><span style=\"font-weight: 400;\">A Esquadrilha da Fuma\u00e7a nasceu da iniciativa de jovens instrutores de voo da antiga Escola de Aeron\u00e1utica, no Rio de Janeiro, que, em suas horas de folga, treinavam acrobacias em grupo, com o objetivo de mostrar aos cadetes a capacidade e seguran\u00e7a dos avi\u00f5es, incutindo-lhes confian\u00e7a e motivando-os para a pilotagem militar.\u00a0<\/span><\/p>\n<p><span style=\"font-weight: 400;\">Em 14 de maio de 1952, aconteceu a primeira demonstra\u00e7\u00e3o oficial da Esquadrilha da Fuma\u00e7a, no Rio de Janeiro. Completando 70 anos de exist\u00eancia em 2022, a Fuma\u00e7a se concretizou como um instrumento de comunica\u00e7\u00e3o social da FAB, com manobras arrojadas e algumas exclusivas que a fazem diferenciar das demais esquadrilhas do mundo, como o voo invertido em forma\u00e7\u00e3o, sua especialidade.<\/span><\/p>\n<p>&nbsp;<\/p>\n","protected":false},"excerpt":{"rendered":"<p>Com entrada gratuita, o evento ser\u00e1 no Aeroporto da cidade e ter\u00e1 in\u00edcio \u00e0s 8h, com voos panor\u00e2micos de helic\u00f3pteros &nbsp; &nbsp; Ap\u00f3s mais de 20<span class=\"excerpt-hellip\"> [\u2026]<\/span><\/p>\n","protected":false},"author":10,"featured_media":25367,"comment_status":"open","ping_status":"open","sticky":false,"template":"","format":"standard","meta":{"_jetpack_memberships_contains_paid_content":false,"footnotes":"","jetpack_publicize_message":"","jetpack_publicize_feature_enabled":true,"jetpack_social_post_already_shared":false,"jetpack_social_options":{"image_generator_settings":{"template":"highway","default_image_id":0,"enabled":false},"version":2}},"categories":[28,44],"tags":[],"class_list":["post-25366","post","type-post","status-publish","format-standard","has-post-thumbnail","hentry","category-cotidiano","category-noticias"],"yoast_head":"<!-- This site is optimized with the Yoast SEO plugin v25.6 - https:\/\/yoast.com\/wordpress\/plugins\/seo\/ -->\n<title>Ap\u00f3s 20 anos, Franca recebe apresenta\u00e7\u00e3o da Esquadrilha da Fuma\u00e7a - VerdadeOn<\/title>\n<meta name=\"robots\" content=\"index, follow, max-snippet:-1, max-image-preview:large, max-video-preview:-1\" \/>\n<link rel=\"canonical\" href=\"https:\/\/verdadeon.com.br\/portal\/2022\/05\/26\/apos-20-anos-franca-recebe-apresentacao-da-esquadrilha-da-fumaca\/\" \/>\n<meta property=\"og:locale\" content=\"pt_BR\" \/>\n<meta property=\"og:type\" content=\"article\" \/>\n<meta property=\"og:title\" content=\"Ap\u00f3s 20 anos, Franca recebe apresenta\u00e7\u00e3o da Esquadrilha da Fuma\u00e7a - VerdadeOn\" \/>\n<meta property=\"og:description\" content=\"Com entrada gratuita, o evento ser\u00e1 no Aeroporto da cidade e ter\u00e1 in\u00edcio \u00e0s 8h, com voos panor\u00e2micos de helic\u00f3pteros &nbsp; &nbsp; Ap\u00f3s mais de 20 [\u2026]\" \/>\n<meta property=\"og:url\" content=\"https:\/\/verdadeon.com.br\/portal\/2022\/05\/26\/apos-20-anos-franca-recebe-apresentacao-da-esquadrilha-da-fumaca\/\" \/>\n<meta property=\"og:site_name\" content=\"VerdadeOn\" \/>\n<meta property=\"article:published_time\" content=\"2022-05-26T21:39:08+00:00\" \/>\n<meta property=\"og:image\" content=\"https:\/\/verdadeon.com.br\/portal\/wp-content\/uploads\/2022\/05\/Esquadrilha-da-Fumaca.jpeg\" \/>\n\t<meta property=\"og:image:width\" content=\"1000\" \/>\n\t<meta property=\"og:image:height\" content=\"670\" \/>\n\t<meta property=\"og:image:type\" content=\"image\/jpeg\" \/>\n<meta name=\"author\" content=\"Redacao VerdadeOn\" \/>\n<meta name=\"twitter:card\" content=\"summary_large_image\" \/>\n<meta name=\"twitter:label1\" content=\"Escrito por\" \/>\n\t<meta name=\"twitter:data1\" content=\"Redacao VerdadeOn\" \/>\n\t<meta name=\"twitter:label2\" content=\"Est. tempo de leitura\" \/>\n\t<meta name=\"twitter:data2\" content=\"3 minutos\" \/>\n<script type=\"application\/ld+json\" class=\"yoast-schema-graph\">{\"@context\":\"https:\/\/schema.org\",\"@graph\":[{\"@type\":\"WebPage\",\"@id\":\"https:\/\/verdadeon.com.br\/portal\/2022\/05\/26\/apos-20-anos-franca-recebe-apresentacao-da-esquadrilha-da-fumaca\/\",\"url\":\"https:\/\/verdadeon.com.br\/portal\/2022\/05\/26\/apos-20-anos-franca-recebe-apresentacao-da-esquadrilha-da-fumaca\/\",\"name\":\"Ap\u00f3s 20 anos, Franca recebe apresenta\u00e7\u00e3o da Esquadrilha da Fuma\u00e7a - VerdadeOn\",\"isPartOf\":{\"@id\":\"https:\/\/verdadeon.com.br\/portal\/#website\"},\"primaryImageOfPage\":{\"@id\":\"https:\/\/verdadeon.com.br\/portal\/2022\/05\/26\/apos-20-anos-franca-recebe-apresentacao-da-esquadrilha-da-fumaca\/#primaryimage\"},\"image\":{\"@id\":\"https:\/\/verdadeon.com.br\/portal\/2022\/05\/26\/apos-20-anos-franca-recebe-apresentacao-da-esquadrilha-da-fumaca\/#primaryimage\"},\"thumbnailUrl\":\"https:\/\/i0.wp.com\/verdadeon.com.br\/portal\/wp-content\/uploads\/2022\/05\/Esquadrilha-da-Fumaca.jpeg?fit=1000%2C670&ssl=1\",\"datePublished\":\"2022-05-26T21:39:08+00:00\",\"author\":{\"@id\":\"https:\/\/verdadeon.com.br\/portal\/#\/schema\/person\/a5060ad1e9ea3df545188fc93ce43d2f\"},\"breadcrumb\":{\"@id\":\"https:\/\/verdadeon.com.br\/portal\/2022\/05\/26\/apos-20-anos-franca-recebe-apresentacao-da-esquadrilha-da-fumaca\/#breadcrumb\"},\"inLanguage\":\"pt-BR\",\"potentialAction\":[{\"@type\":\"ReadAction\",\"target\":[\"https:\/\/verdadeon.com.br\/portal\/2022\/05\/26\/apos-20-anos-franca-recebe-apresentacao-da-esquadrilha-da-fumaca\/\"]}]},{\"@type\":\"ImageObject\",\"inLanguage\":\"pt-BR\",\"@id\":\"https:\/\/verdadeon.com.br\/portal\/2022\/05\/26\/apos-20-anos-franca-recebe-apresentacao-da-esquadrilha-da-fumaca\/#primaryimage\",\"url\":\"https:\/\/i0.wp.com\/verdadeon.com.br\/portal\/wp-content\/uploads\/2022\/05\/Esquadrilha-da-Fumaca.jpeg?fit=1000%2C670&ssl=1\",\"contentUrl\":\"https:\/\/i0.wp.com\/verdadeon.com.br\/portal\/wp-content\/uploads\/2022\/05\/Esquadrilha-da-Fumaca.jpeg?fit=1000%2C670&ssl=1\",\"width\":1000,\"height\":670,\"caption\":\"A apresenta\u00e7\u00e3o da Esquadrilha da Fuma\u00e7a, de Pirassununga, ter\u00e1 in\u00edcio \u00e0s 16h; p\u00fablico deve chegar com duas horas de anteced\u00eancia | Foto: Divulga\u00e7\u00e3o\"},{\"@type\":\"BreadcrumbList\",\"@id\":\"https:\/\/verdadeon.com.br\/portal\/2022\/05\/26\/apos-20-anos-franca-recebe-apresentacao-da-esquadrilha-da-fumaca\/#breadcrumb\",\"itemListElement\":[{\"@type\":\"ListItem\",\"position\":1,\"name\":\"In\u00edcio\",\"item\":\"https:\/\/verdadeon.com.br\/portal\/\"},{\"@type\":\"ListItem\",\"position\":2,\"name\":\"Ap\u00f3s 20 anos, Franca recebe apresenta\u00e7\u00e3o da Esquadrilha da Fuma\u00e7a\"}]},{\"@type\":\"WebSite\",\"@id\":\"https:\/\/verdadeon.com.br\/portal\/#website\",\"url\":\"https:\/\/verdadeon.com.br\/portal\/\",\"name\":\"VerdadeOn\",\"description\":\"Not\u00edcias di\u00e1rias sobre Franca, Regi\u00e3o, Esporte, Cultura, Cotidiano, Colunas. Cobertura nos principais eventos da cidade \u00e9 aqui - Verdadeon Franca\",\"potentialAction\":[{\"@type\":\"SearchAction\",\"target\":{\"@type\":\"EntryPoint\",\"urlTemplate\":\"https:\/\/verdadeon.com.br\/portal\/?s={search_term_string}\"},\"query-input\":{\"@type\":\"PropertyValueSpecification\",\"valueRequired\":true,\"valueName\":\"search_term_string\"}}],\"inLanguage\":\"pt-BR\"},{\"@type\":\"Person\",\"@id\":\"https:\/\/verdadeon.com.br\/portal\/#\/schema\/person\/a5060ad1e9ea3df545188fc93ce43d2f\",\"name\":\"Redacao VerdadeOn\",\"image\":{\"@type\":\"ImageObject\",\"inLanguage\":\"pt-BR\",\"@id\":\"https:\/\/verdadeon.com.br\/portal\/#\/schema\/person\/image\/\",\"url\":\"https:\/\/secure.gravatar.com\/avatar\/459a9613caaaf07f582c3d0841eea68bdd66f533e465e6ba8b9cb45619572cf4?s=96&d=mm&r=g\",\"contentUrl\":\"https:\/\/secure.gravatar.com\/avatar\/459a9613caaaf07f582c3d0841eea68bdd66f533e465e6ba8b9cb45619572cf4?s=96&d=mm&r=g\",\"caption\":\"Redacao VerdadeOn\"},\"url\":\"https:\/\/verdadeon.com.br\/portal\/author\/redacao\/\"}]}<\/script>\n<!-- \/ Yoast SEO plugin. -->","yoast_head_json":{"title":"Ap\u00f3s 20 anos, Franca recebe apresenta\u00e7\u00e3o da Esquadrilha da Fuma\u00e7a - VerdadeOn","robots":{"index":"index","follow":"follow","max-snippet":"max-snippet:-1","max-image-preview":"max-image-preview:large","max-video-preview":"max-video-preview:-1"},"canonical":"https:\/\/verdadeon.com.br\/portal\/2022\/05\/26\/apos-20-anos-franca-recebe-apresentacao-da-esquadrilha-da-fumaca\/","og_locale":"pt_BR","og_type":"article","og_title":"Ap\u00f3s 20 anos, Franca recebe apresenta\u00e7\u00e3o da Esquadrilha da Fuma\u00e7a - VerdadeOn","og_description":"Com entrada gratuita, o evento ser\u00e1 no Aeroporto da cidade e ter\u00e1 in\u00edcio \u00e0s 8h, com voos panor\u00e2micos de helic\u00f3pteros &nbsp; &nbsp; Ap\u00f3s mais de 20 [\u2026]","og_url":"https:\/\/verdadeon.com.br\/portal\/2022\/05\/26\/apos-20-anos-franca-recebe-apresentacao-da-esquadrilha-da-fumaca\/","og_site_name":"VerdadeOn","article_published_time":"2022-05-26T21:39:08+00:00","og_image":[{"width":1000,"height":670,"url":"https:\/\/verdadeon.com.br\/portal\/wp-content\/uploads\/2022\/05\/Esquadrilha-da-Fumaca.jpeg","type":"image\/jpeg"}],"author":"Redacao VerdadeOn","twitter_card":"summary_large_image","twitter_misc":{"Escrito por":"Redacao VerdadeOn","Est. tempo de leitura":"3 minutos"},"schema":{"@context":"https:\/\/schema.org","@graph":[{"@type":"WebPage","@id":"https:\/\/verdadeon.com.br\/portal\/2022\/05\/26\/apos-20-anos-franca-recebe-apresentacao-da-esquadrilha-da-fumaca\/","url":"https:\/\/verdadeon.com.br\/portal\/2022\/05\/26\/apos-20-anos-franca-recebe-apresentacao-da-esquadrilha-da-fumaca\/","name":"Ap\u00f3s 20 anos, Franca recebe apresenta\u00e7\u00e3o da Esquadrilha da Fuma\u00e7a - VerdadeOn","isPartOf":{"@id":"https:\/\/verdadeon.com.br\/portal\/#website"},"primaryImageOfPage":{"@id":"https:\/\/verdadeon.com.br\/portal\/2022\/05\/26\/apos-20-anos-franca-recebe-apresentacao-da-esquadrilha-da-fumaca\/#primaryimage"},"image":{"@id":"https:\/\/verdadeon.com.br\/portal\/2022\/05\/26\/apos-20-anos-franca-recebe-apresentacao-da-esquadrilha-da-fumaca\/#primaryimage"},"thumbnailUrl":"https:\/\/i0.wp.com\/verdadeon.com.br\/portal\/wp-content\/uploads\/2022\/05\/Esquadrilha-da-Fumaca.jpeg?fit=1000%2C670&ssl=1","datePublished":"2022-05-26T21:39:08+00:00","author":{"@id":"https:\/\/verdadeon.com.br\/portal\/#\/schema\/person\/a5060ad1e9ea3df545188fc93ce43d2f"},"breadcrumb":{"@id":"https:\/\/verdadeon.com.br\/portal\/2022\/05\/26\/apos-20-anos-franca-recebe-apresentacao-da-esquadrilha-da-fumaca\/#breadcrumb"},"inLanguage":"pt-BR","potentialAction":[{"@type":"ReadAction","target":["https:\/\/verdadeon.com.br\/portal\/2022\/05\/26\/apos-20-anos-franca-recebe-apresentacao-da-esquadrilha-da-fumaca\/"]}]},{"@type":"ImageObject","inLanguage":"pt-BR","@id":"https:\/\/verdadeon.com.br\/portal\/2022\/05\/26\/apos-20-anos-franca-recebe-apresentacao-da-esquadrilha-da-fumaca\/#primaryimage","url":"https:\/\/i0.wp.com\/verdadeon.com.br\/portal\/wp-content\/uploads\/2022\/05\/Esquadrilha-da-Fumaca.jpeg?fit=1000%2C670&ssl=1","contentUrl":"https:\/\/i0.wp.com\/verdadeon.com.br\/portal\/wp-content\/uploads\/2022\/05\/Esquadrilha-da-Fumaca.jpeg?fit=1000%2C670&ssl=1","width":1000,"height":670,"caption":"A apresenta\u00e7\u00e3o da Esquadrilha da Fuma\u00e7a, de Pirassununga, ter\u00e1 in\u00edcio \u00e0s 16h; p\u00fablico deve chegar com duas horas de anteced\u00eancia | Foto: Divulga\u00e7\u00e3o"},{"@type":"BreadcrumbList","@id":"https:\/\/verdadeon.com.br\/portal\/2022\/05\/26\/apos-20-anos-franca-recebe-apresentacao-da-esquadrilha-da-fumaca\/#breadcrumb","itemListElement":[{"@type":"ListItem","position":1,"name":"In\u00edcio","item":"https:\/\/verdadeon.com.br\/portal\/"},{"@type":"ListItem","position":2,"name":"Ap\u00f3s 20 anos, Franca recebe apresenta\u00e7\u00e3o da Esquadrilha da Fuma\u00e7a"}]},{"@type":"WebSite","@id":"https:\/\/verdadeon.com.br\/portal\/#website","url":"https:\/\/verdadeon.com.br\/portal\/","name":"VerdadeOn","description":"Not\u00edcias di\u00e1rias sobre Franca, Regi\u00e3o, Esporte, Cultura, Cotidiano, Colunas. Cobertura nos principais eventos da cidade \u00e9 aqui - Verdadeon Franca","potentialAction":[{"@type":"SearchAction","target":{"@type":"EntryPoint","urlTemplate":"https:\/\/verdadeon.com.br\/portal\/?s={search_term_string}"},"query-input":{"@type":"PropertyValueSpecification","valueRequired":true,"valueName":"search_term_string"}}],"inLanguage":"pt-BR"},{"@type":"Person","@id":"https:\/\/verdadeon.com.br\/portal\/#\/schema\/person\/a5060ad1e9ea3df545188fc93ce43d2f","name":"Redacao VerdadeOn","image":{"@type":"ImageObject","inLanguage":"pt-BR","@id":"https:\/\/verdadeon.com.br\/portal\/#\/schema\/person\/image\/","url":"https:\/\/secure.gravatar.com\/avatar\/459a9613caaaf07f582c3d0841eea68bdd66f533e465e6ba8b9cb45619572cf4?s=96&d=mm&r=g","contentUrl":"https:\/\/secure.gravatar.com\/avatar\/459a9613caaaf07f582c3d0841eea68bdd66f533e465e6ba8b9cb45619572cf4?s=96&d=mm&r=g","caption":"Redacao VerdadeOn"},"url":"https:\/\/verdadeon.com.br\/portal\/author\/redacao\/"}]}},"jetpack_publicize_connections":[],"jetpack_featured_media_url":"https:\/\/i0.wp.com\/verdadeon.com.br\/portal\/wp-content\/uploads\/2022\/05\/Esquadrilha-da-Fumaca.jpeg?fit=1000%2C670&ssl=1","jetpack_sharing_enabled":true,"_links":{"self":[{"href":"https:\/\/verdadeon.com.br\/portal\/wp-json\/wp\/v2\/posts\/25366","targetHints":{"allow":["GET"]}}],"collection":[{"href":"https:\/\/verdadeon.com.br\/portal\/wp-json\/wp\/v2\/posts"}],"about":[{"href":"https:\/\/verdadeon.com.br\/portal\/wp-json\/wp\/v2\/types\/post"}],"author":[{"embeddable":true,"href":"https:\/\/verdadeon.com.br\/portal\/wp-json\/wp\/v2\/users\/10"}],"replies":[{"embeddable":true,"href":"https:\/\/verdadeon.com.br\/portal\/wp-json\/wp\/v2\/comments?post=25366"}],"version-history":[{"count":1,"href":"https:\/\/verdadeon.com.br\/portal\/wp-json\/wp\/v2\/posts\/25366\/revisions"}],"predecessor-version":[{"id":25368,"href":"https:\/\/verdadeon.com.br\/portal\/wp-json\/wp\/v2\/posts\/25366\/revisions\/25368"}],"wp:featuredmedia":[{"embeddable":true,"href":"https:\/\/verdadeon.com.br\/portal\/wp-json\/wp\/v2\/media\/25367"}],"wp:attachment":[{"href":"https:\/\/verdadeon.com.br\/portal\/wp-json\/wp\/v2\/media?parent=25366"}],"wp:term":[{"taxonomy":"category","embeddable":true,"href":"https:\/\/verdadeon.com.br\/portal\/wp-json\/wp\/v2\/categories?post=25366"},{"taxonomy":"post_tag","embeddable":true,"href":"https:\/\/verdadeon.com.br\/portal\/wp-json\/wp\/v2\/tags?post=25366"}],"curies":[{"name":"wp","href":"https:\/\/api.w.org\/{rel}","templated":true}]}}