{"id":25364,"date":"2022-05-26T18:08:38","date_gmt":"2022-05-26T21:08:38","guid":{"rendered":"https:\/\/verdadeon.com.br\/portal\/?p=25364"},"modified":"2022-05-26T18:08:38","modified_gmt":"2022-05-26T21:08:38","slug":"saude-alerta-para-baixa-adesao-a-campanha-de-vacinacao-contra-influenza","status":"publish","type":"post","link":"https:\/\/verdadeon.com.br\/portal\/2022\/05\/26\/saude-alerta-para-baixa-adesao-a-campanha-de-vacinacao-contra-influenza\/","title":{"rendered":"Sa\u00fade alerta para baixa ades\u00e3o \u00e0 Campanha de Vacina\u00e7\u00e3o contra Influenza"},"content":{"rendered":"<h2>Ap\u00f3s dois meses de Campanha, apenas 34.535 pessoas foram vacinadas; p\u00fablico-alvo \u00e9 de aproximadamente 93 mil<\/h2>\n<p>&nbsp;<\/p>\n<p>&nbsp;<\/p>\n<p><span style=\"font-weight: 400;\">A Secretaria Municipal de Sa\u00fade de Franca alerta para a baixa cobertura vacinal contra a Influenza neste ano. O p\u00fablico-alvo priorit\u00e1rio no munic\u00edpio \u00e9 de aproximadamente 93 mil pessoas, mas ap\u00f3s dois meses do in\u00edcio da 24\u00aa Campanha Nacional de Vacina\u00e7\u00e3o contra a Influenza, em 27 de mar\u00e7o deste ano, foram imunizadas apenas 34.535 pessoas, o que corresponde a 37,1% da popula\u00e7\u00e3o que deve ser vacinada. A princ\u00edpio, a imuniza\u00e7\u00e3o segue at\u00e9 dia 3, de acordo com o calend\u00e1rio do Minist\u00e9rio da Sa\u00fade.<\/span><\/p>\n<p><span style=\"font-weight: 400;\">A influenza \u00e9 uma infec\u00e7\u00e3o viral que atinge o sistema respirat\u00f3rio e tem alta taxa de transmiss\u00e3o. A vacina ajuda a reduzir as interna\u00e7\u00f5es, evitar complica\u00e7\u00f5es e mortes causadas pela doen\u00e7a.<\/span><\/p>\n<p><span style=\"font-weight: 400;\">Para Wal\u00e9ria Mascarenhas, secret\u00e1ria de Sa\u00fade, a baixa ades\u00e3o da popula\u00e7\u00e3o \u00e0 Campanha de Vacina\u00e7\u00e3o contra Influenza ocorre em fun\u00e7\u00e3o da descren\u00e7a na efic\u00e1cia da vacina para redu\u00e7\u00e3o das hospitaliza\u00e7\u00f5es e \u00f3bitos causados pela doen\u00e7a. \u201cAl\u00e9m disso, existe a falta de informa\u00e7\u00e3o de boa parte da popula\u00e7\u00e3o que pensa que a gripe somente se desenvolve na forma leve\u201d, afirmou a secret\u00e1ria.<\/span><\/p>\n<p><span style=\"font-weight: 400;\">A orienta\u00e7\u00e3o \u00e9 para que o p\u00fablico-alvo procure os locais de vacina\u00e7\u00e3o e se previna.\u00a0<\/span><\/p>\n<p><span style=\"font-weight: 400;\">Nesta sexta-feira (27), a imuniza\u00e7\u00e3o continuar\u00e1 sendo oferecida para trabalhadores de transporte coletivo rodovi\u00e1rio de passageiros urbanos e de longo curso, caminhoneiros, trabalhadores do Corpo de Bombeiros, Pol\u00edcias Militar e Civil e For\u00e7as Armadas, al\u00e9m de gestantes e pu\u00e9rperas, com at\u00e9 45 dias p\u00f3s-parto, trabalhadores de sa\u00fade, professores, pessoas com defici\u00eancia, comorbidades e idosos com 60 anos ou mais em sete postos de vacina\u00e7\u00e3o.\u00a0<\/span><\/p>\n<p><span style=\"font-weight: 400;\">A popula\u00e7\u00e3o pode procurar as UBSs Santa Clara, \u00c2ngela Rosa, Esta\u00e7\u00e3o, Brasil\u00e2ndia, Paulista, Luiza e Aeroporto 3, das 8h \u00e0s 16h.<\/span><\/p>\n<p><span style=\"font-weight: 400;\">As crian\u00e7as de 6 meses a 4 anos poder\u00e3o receber a vacina contra Influenza e Tr\u00edplice Viral nas UBSs Horto, Guanabara, Planalto, Paulistano, Leporace, Aeroporto 1, S\u00e3o Sebasti\u00e3o, Progresso e Santa Terezinha, no hor\u00e1rio das 8h \u00e0s 16h.<\/span><\/p>\n<p>&nbsp;<\/p>\n","protected":false},"excerpt":{"rendered":"<p>Ap\u00f3s dois meses de Campanha, apenas 34.535 pessoas foram vacinadas; p\u00fablico-alvo \u00e9 de aproximadamente 93 mil &nbsp; &nbsp; A Secretaria Municipal de Sa\u00fade de Franca alerta<span class=\"excerpt-hellip\"> [\u2026]<\/span><\/p>\n","protected":false},"author":12,"featured_media":13116,"comment_status":"open","ping_status":"open","sticky":false,"template":"","format":"standard","meta":{"_jetpack_memberships_contains_paid_content":false,"footnotes":"","jetpack_publicize_message":"","jetpack_publicize_feature_enabled":true,"jetpack_social_post_already_shared":false,"jetpack_social_options":{"image_generator_settings":{"template":"highway","default_image_id":0,"enabled":false},"version":2}},"categories":[28,81],"tags":[],"class_list":["post-25364","post","type-post","status-publish","format-standard","has-post-thumbnail","hentry","category-cotidiano","category-manchete"],"yoast_head":"<!-- This site is optimized with the Yoast SEO plugin v25.6 - https:\/\/yoast.com\/wordpress\/plugins\/seo\/ -->\n<title>Sa\u00fade alerta para baixa ades\u00e3o \u00e0 Campanha de Vacina\u00e7\u00e3o contra Influenza - VerdadeOn<\/title>\n<meta name=\"robots\" content=\"index, follow, max-snippet:-1, max-image-preview:large, max-video-preview:-1\" \/>\n<link rel=\"canonical\" href=\"https:\/\/verdadeon.com.br\/portal\/2022\/05\/26\/saude-alerta-para-baixa-adesao-a-campanha-de-vacinacao-contra-influenza\/\" \/>\n<meta property=\"og:locale\" content=\"pt_BR\" \/>\n<meta property=\"og:type\" content=\"article\" \/>\n<meta property=\"og:title\" content=\"Sa\u00fade alerta para baixa ades\u00e3o \u00e0 Campanha de Vacina\u00e7\u00e3o contra Influenza - VerdadeOn\" \/>\n<meta property=\"og:description\" content=\"Ap\u00f3s dois meses de Campanha, apenas 34.535 pessoas foram vacinadas; p\u00fablico-alvo \u00e9 de aproximadamente 93 mil &nbsp; &nbsp; A Secretaria Municipal de Sa\u00fade de Franca alerta [\u2026]\" \/>\n<meta property=\"og:url\" content=\"https:\/\/verdadeon.com.br\/portal\/2022\/05\/26\/saude-alerta-para-baixa-adesao-a-campanha-de-vacinacao-contra-influenza\/\" \/>\n<meta property=\"og:site_name\" content=\"VerdadeOn\" \/>\n<meta property=\"article:published_time\" content=\"2022-05-26T21:08:38+00:00\" \/>\n<meta property=\"og:image\" content=\"https:\/\/verdadeon.com.br\/portal\/wp-content\/uploads\/2021\/01\/imagem_vacinasInfluenza-125ead1448b335fa.jpg\" \/>\n\t<meta property=\"og:image:width\" content=\"1000\" \/>\n\t<meta property=\"og:image:height\" content=\"670\" \/>\n\t<meta property=\"og:image:type\" content=\"image\/jpeg\" \/>\n<meta name=\"author\" content=\"Nelise Luques\" \/>\n<meta name=\"twitter:card\" content=\"summary_large_image\" \/>\n<meta name=\"twitter:label1\" content=\"Escrito por\" \/>\n\t<meta name=\"twitter:data1\" content=\"Nelise Luques\" \/>\n\t<meta name=\"twitter:label2\" content=\"Est. tempo de leitura\" \/>\n\t<meta name=\"twitter:data2\" content=\"2 minutos\" \/>\n<script type=\"application\/ld+json\" class=\"yoast-schema-graph\">{\"@context\":\"https:\/\/schema.org\",\"@graph\":[{\"@type\":\"WebPage\",\"@id\":\"https:\/\/verdadeon.com.br\/portal\/2022\/05\/26\/saude-alerta-para-baixa-adesao-a-campanha-de-vacinacao-contra-influenza\/\",\"url\":\"https:\/\/verdadeon.com.br\/portal\/2022\/05\/26\/saude-alerta-para-baixa-adesao-a-campanha-de-vacinacao-contra-influenza\/\",\"name\":\"Sa\u00fade alerta para baixa ades\u00e3o \u00e0 Campanha de Vacina\u00e7\u00e3o contra Influenza - VerdadeOn\",\"isPartOf\":{\"@id\":\"https:\/\/verdadeon.com.br\/portal\/#website\"},\"primaryImageOfPage\":{\"@id\":\"https:\/\/verdadeon.com.br\/portal\/2022\/05\/26\/saude-alerta-para-baixa-adesao-a-campanha-de-vacinacao-contra-influenza\/#primaryimage\"},\"image\":{\"@id\":\"https:\/\/verdadeon.com.br\/portal\/2022\/05\/26\/saude-alerta-para-baixa-adesao-a-campanha-de-vacinacao-contra-influenza\/#primaryimage\"},\"thumbnailUrl\":\"https:\/\/i0.wp.com\/verdadeon.com.br\/portal\/wp-content\/uploads\/2021\/01\/imagem_vacinasInfluenza-125ead1448b335fa.jpg?fit=1000%2C670&ssl=1\",\"datePublished\":\"2022-05-26T21:08:38+00:00\",\"author\":{\"@id\":\"https:\/\/verdadeon.com.br\/portal\/#\/schema\/person\/8248726d36015c1916636fabb175d972\"},\"breadcrumb\":{\"@id\":\"https:\/\/verdadeon.com.br\/portal\/2022\/05\/26\/saude-alerta-para-baixa-adesao-a-campanha-de-vacinacao-contra-influenza\/#breadcrumb\"},\"inLanguage\":\"pt-BR\",\"potentialAction\":[{\"@type\":\"ReadAction\",\"target\":[\"https:\/\/verdadeon.com.br\/portal\/2022\/05\/26\/saude-alerta-para-baixa-adesao-a-campanha-de-vacinacao-contra-influenza\/\"]}]},{\"@type\":\"ImageObject\",\"inLanguage\":\"pt-BR\",\"@id\":\"https:\/\/verdadeon.com.br\/portal\/2022\/05\/26\/saude-alerta-para-baixa-adesao-a-campanha-de-vacinacao-contra-influenza\/#primaryimage\",\"url\":\"https:\/\/i0.wp.com\/verdadeon.com.br\/portal\/wp-content\/uploads\/2021\/01\/imagem_vacinasInfluenza-125ead1448b335fa.jpg?fit=1000%2C670&ssl=1\",\"contentUrl\":\"https:\/\/i0.wp.com\/verdadeon.com.br\/portal\/wp-content\/uploads\/2021\/01\/imagem_vacinasInfluenza-125ead1448b335fa.jpg?fit=1000%2C670&ssl=1\",\"width\":1000,\"height\":670,\"caption\":\"Sem atingir meta de vacina\u00e7\u00e3o do p\u00fablico-alvo, a Secretaria de Sa\u00fade de Franca, como em outras cidades, liberou as doses para a popula\u00e7\u00e3o em geral | Foto: Ag\u00eancia Brasil\"},{\"@type\":\"BreadcrumbList\",\"@id\":\"https:\/\/verdadeon.com.br\/portal\/2022\/05\/26\/saude-alerta-para-baixa-adesao-a-campanha-de-vacinacao-contra-influenza\/#breadcrumb\",\"itemListElement\":[{\"@type\":\"ListItem\",\"position\":1,\"name\":\"In\u00edcio\",\"item\":\"https:\/\/verdadeon.com.br\/portal\/\"},{\"@type\":\"ListItem\",\"position\":2,\"name\":\"Sa\u00fade alerta para baixa ades\u00e3o \u00e0 Campanha de Vacina\u00e7\u00e3o contra Influenza\"}]},{\"@type\":\"WebSite\",\"@id\":\"https:\/\/verdadeon.com.br\/portal\/#website\",\"url\":\"https:\/\/verdadeon.com.br\/portal\/\",\"name\":\"VerdadeOn\",\"description\":\"Not\u00edcias di\u00e1rias sobre Franca, Regi\u00e3o, Esporte, Cultura, Cotidiano, Colunas. Cobertura nos principais eventos da cidade \u00e9 aqui - Verdadeon Franca\",\"potentialAction\":[{\"@type\":\"SearchAction\",\"target\":{\"@type\":\"EntryPoint\",\"urlTemplate\":\"https:\/\/verdadeon.com.br\/portal\/?s={search_term_string}\"},\"query-input\":{\"@type\":\"PropertyValueSpecification\",\"valueRequired\":true,\"valueName\":\"search_term_string\"}}],\"inLanguage\":\"pt-BR\"},{\"@type\":\"Person\",\"@id\":\"https:\/\/verdadeon.com.br\/portal\/#\/schema\/person\/8248726d36015c1916636fabb175d972\",\"name\":\"Nelise Luques\",\"image\":{\"@type\":\"ImageObject\",\"inLanguage\":\"pt-BR\",\"@id\":\"https:\/\/verdadeon.com.br\/portal\/#\/schema\/person\/image\/\",\"url\":\"https:\/\/secure.gravatar.com\/avatar\/29b2a17f5bcadeb827411b66f48ac13c3e0ecaf5906c0f5745ecc5d41c24eada?s=96&d=mm&r=g\",\"contentUrl\":\"https:\/\/secure.gravatar.com\/avatar\/29b2a17f5bcadeb827411b66f48ac13c3e0ecaf5906c0f5745ecc5d41c24eada?s=96&d=mm&r=g\",\"caption\":\"Nelise Luques\"},\"url\":\"https:\/\/verdadeon.com.br\/portal\/author\/verdade\/\"}]}<\/script>\n<!-- \/ Yoast SEO plugin. -->","yoast_head_json":{"title":"Sa\u00fade alerta para baixa ades\u00e3o \u00e0 Campanha de Vacina\u00e7\u00e3o contra Influenza - VerdadeOn","robots":{"index":"index","follow":"follow","max-snippet":"max-snippet:-1","max-image-preview":"max-image-preview:large","max-video-preview":"max-video-preview:-1"},"canonical":"https:\/\/verdadeon.com.br\/portal\/2022\/05\/26\/saude-alerta-para-baixa-adesao-a-campanha-de-vacinacao-contra-influenza\/","og_locale":"pt_BR","og_type":"article","og_title":"Sa\u00fade alerta para baixa ades\u00e3o \u00e0 Campanha de Vacina\u00e7\u00e3o contra Influenza - VerdadeOn","og_description":"Ap\u00f3s dois meses de Campanha, apenas 34.535 pessoas foram vacinadas; p\u00fablico-alvo \u00e9 de aproximadamente 93 mil &nbsp; &nbsp; A Secretaria Municipal de Sa\u00fade de Franca alerta [\u2026]","og_url":"https:\/\/verdadeon.com.br\/portal\/2022\/05\/26\/saude-alerta-para-baixa-adesao-a-campanha-de-vacinacao-contra-influenza\/","og_site_name":"VerdadeOn","article_published_time":"2022-05-26T21:08:38+00:00","og_image":[{"width":1000,"height":670,"url":"https:\/\/verdadeon.com.br\/portal\/wp-content\/uploads\/2021\/01\/imagem_vacinasInfluenza-125ead1448b335fa.jpg","type":"image\/jpeg"}],"author":"Nelise Luques","twitter_card":"summary_large_image","twitter_misc":{"Escrito por":"Nelise Luques","Est. tempo de leitura":"2 minutos"},"schema":{"@context":"https:\/\/schema.org","@graph":[{"@type":"WebPage","@id":"https:\/\/verdadeon.com.br\/portal\/2022\/05\/26\/saude-alerta-para-baixa-adesao-a-campanha-de-vacinacao-contra-influenza\/","url":"https:\/\/verdadeon.com.br\/portal\/2022\/05\/26\/saude-alerta-para-baixa-adesao-a-campanha-de-vacinacao-contra-influenza\/","name":"Sa\u00fade alerta para baixa ades\u00e3o \u00e0 Campanha de Vacina\u00e7\u00e3o contra Influenza - VerdadeOn","isPartOf":{"@id":"https:\/\/verdadeon.com.br\/portal\/#website"},"primaryImageOfPage":{"@id":"https:\/\/verdadeon.com.br\/portal\/2022\/05\/26\/saude-alerta-para-baixa-adesao-a-campanha-de-vacinacao-contra-influenza\/#primaryimage"},"image":{"@id":"https:\/\/verdadeon.com.br\/portal\/2022\/05\/26\/saude-alerta-para-baixa-adesao-a-campanha-de-vacinacao-contra-influenza\/#primaryimage"},"thumbnailUrl":"https:\/\/i0.wp.com\/verdadeon.com.br\/portal\/wp-content\/uploads\/2021\/01\/imagem_vacinasInfluenza-125ead1448b335fa.jpg?fit=1000%2C670&ssl=1","datePublished":"2022-05-26T21:08:38+00:00","author":{"@id":"https:\/\/verdadeon.com.br\/portal\/#\/schema\/person\/8248726d36015c1916636fabb175d972"},"breadcrumb":{"@id":"https:\/\/verdadeon.com.br\/portal\/2022\/05\/26\/saude-alerta-para-baixa-adesao-a-campanha-de-vacinacao-contra-influenza\/#breadcrumb"},"inLanguage":"pt-BR","potentialAction":[{"@type":"ReadAction","target":["https:\/\/verdadeon.com.br\/portal\/2022\/05\/26\/saude-alerta-para-baixa-adesao-a-campanha-de-vacinacao-contra-influenza\/"]}]},{"@type":"ImageObject","inLanguage":"pt-BR","@id":"https:\/\/verdadeon.com.br\/portal\/2022\/05\/26\/saude-alerta-para-baixa-adesao-a-campanha-de-vacinacao-contra-influenza\/#primaryimage","url":"https:\/\/i0.wp.com\/verdadeon.com.br\/portal\/wp-content\/uploads\/2021\/01\/imagem_vacinasInfluenza-125ead1448b335fa.jpg?fit=1000%2C670&ssl=1","contentUrl":"https:\/\/i0.wp.com\/verdadeon.com.br\/portal\/wp-content\/uploads\/2021\/01\/imagem_vacinasInfluenza-125ead1448b335fa.jpg?fit=1000%2C670&ssl=1","width":1000,"height":670,"caption":"Sem atingir meta de vacina\u00e7\u00e3o do p\u00fablico-alvo, a Secretaria de Sa\u00fade de Franca, como em outras cidades, liberou as doses para a popula\u00e7\u00e3o em geral | Foto: Ag\u00eancia Brasil"},{"@type":"BreadcrumbList","@id":"https:\/\/verdadeon.com.br\/portal\/2022\/05\/26\/saude-alerta-para-baixa-adesao-a-campanha-de-vacinacao-contra-influenza\/#breadcrumb","itemListElement":[{"@type":"ListItem","position":1,"name":"In\u00edcio","item":"https:\/\/verdadeon.com.br\/portal\/"},{"@type":"ListItem","position":2,"name":"Sa\u00fade alerta para baixa ades\u00e3o \u00e0 Campanha de Vacina\u00e7\u00e3o contra Influenza"}]},{"@type":"WebSite","@id":"https:\/\/verdadeon.com.br\/portal\/#website","url":"https:\/\/verdadeon.com.br\/portal\/","name":"VerdadeOn","description":"Not\u00edcias di\u00e1rias sobre Franca, Regi\u00e3o, Esporte, Cultura, Cotidiano, Colunas. Cobertura nos principais eventos da cidade \u00e9 aqui - Verdadeon Franca","potentialAction":[{"@type":"SearchAction","target":{"@type":"EntryPoint","urlTemplate":"https:\/\/verdadeon.com.br\/portal\/?s={search_term_string}"},"query-input":{"@type":"PropertyValueSpecification","valueRequired":true,"valueName":"search_term_string"}}],"inLanguage":"pt-BR"},{"@type":"Person","@id":"https:\/\/verdadeon.com.br\/portal\/#\/schema\/person\/8248726d36015c1916636fabb175d972","name":"Nelise Luques","image":{"@type":"ImageObject","inLanguage":"pt-BR","@id":"https:\/\/verdadeon.com.br\/portal\/#\/schema\/person\/image\/","url":"https:\/\/secure.gravatar.com\/avatar\/29b2a17f5bcadeb827411b66f48ac13c3e0ecaf5906c0f5745ecc5d41c24eada?s=96&d=mm&r=g","contentUrl":"https:\/\/secure.gravatar.com\/avatar\/29b2a17f5bcadeb827411b66f48ac13c3e0ecaf5906c0f5745ecc5d41c24eada?s=96&d=mm&r=g","caption":"Nelise Luques"},"url":"https:\/\/verdadeon.com.br\/portal\/author\/verdade\/"}]}},"jetpack_publicize_connections":[],"jetpack_featured_media_url":"https:\/\/i0.wp.com\/verdadeon.com.br\/portal\/wp-content\/uploads\/2021\/01\/imagem_vacinasInfluenza-125ead1448b335fa.jpg?fit=1000%2C670&ssl=1","jetpack_sharing_enabled":true,"_links":{"self":[{"href":"https:\/\/verdadeon.com.br\/portal\/wp-json\/wp\/v2\/posts\/25364","targetHints":{"allow":["GET"]}}],"collection":[{"href":"https:\/\/verdadeon.com.br\/portal\/wp-json\/wp\/v2\/posts"}],"about":[{"href":"https:\/\/verdadeon.com.br\/portal\/wp-json\/wp\/v2\/types\/post"}],"author":[{"embeddable":true,"href":"https:\/\/verdadeon.com.br\/portal\/wp-json\/wp\/v2\/users\/12"}],"replies":[{"embeddable":true,"href":"https:\/\/verdadeon.com.br\/portal\/wp-json\/wp\/v2\/comments?post=25364"}],"version-history":[{"count":1,"href":"https:\/\/verdadeon.com.br\/portal\/wp-json\/wp\/v2\/posts\/25364\/revisions"}],"predecessor-version":[{"id":25365,"href":"https:\/\/verdadeon.com.br\/portal\/wp-json\/wp\/v2\/posts\/25364\/revisions\/25365"}],"wp:featuredmedia":[{"embeddable":true,"href":"https:\/\/verdadeon.com.br\/portal\/wp-json\/wp\/v2\/media\/13116"}],"wp:attachment":[{"href":"https:\/\/verdadeon.com.br\/portal\/wp-json\/wp\/v2\/media?parent=25364"}],"wp:term":[{"taxonomy":"category","embeddable":true,"href":"https:\/\/verdadeon.com.br\/portal\/wp-json\/wp\/v2\/categories?post=25364"},{"taxonomy":"post_tag","embeddable":true,"href":"https:\/\/verdadeon.com.br\/portal\/wp-json\/wp\/v2\/tags?post=25364"}],"curies":[{"name":"wp","href":"https:\/\/api.w.org\/{rel}","templated":true}]}}