{"id":2535,"date":"2020-01-21T14:51:28","date_gmt":"2020-01-21T17:51:28","guid":{"rendered":"http:\/\/verdadeon.com.br\/portal\/?p=2535"},"modified":"2020-01-21T15:05:12","modified_gmt":"2020-01-21T18:05:12","slug":"unifran-segue-com-inscricoes-para-unitodos","status":"publish","type":"post","link":"https:\/\/verdadeon.com.br\/portal\/2020\/01\/21\/unifran-segue-com-inscricoes-para-unitodos\/","title":{"rendered":"Unifran segue com inscri\u00e7\u00f5es para &#8220;Unitodos&#8221;"},"content":{"rendered":"\n<h2 class=\"wp-block-heading\"> Cursinho popular da universidade tem 50 vagas dispon\u00edveis <\/h2>\n\n\n\n<p>At\u00e9 o pr\u00f3ximo dia 28, interessados em estudar na Unifran (Universidade de Franca) podem ter a oportunidade de ingressar na faculdade. Isso porque a 2\u00aa edi\u00e7\u00e3o do projeto Unitodos, promovido com base no cursinho popular da institui\u00e7\u00e3o de ensino est\u00e1 com inscri\u00e7\u00f5es abertas.&nbsp;<br>Visando atender jovens e adultos de forma gratuita, o projeto disponibiliza 50 vagas para as aulas que ser\u00e3o realizadas no per\u00edodo noturno durante dois dias por semana. As disciplinas colocadas em pr\u00e1ticas s\u00e3o escolhidas por meio dos resultados do Enem (Exame Nacional do Ensino M\u00e9dio).&nbsp;<br>De acordo com a universidade francana, ser\u00e3o contempladas mat\u00e9rias das \u00e1reas de ci\u00eancias da natureza, ci\u00eancias humanas, matem\u00e1tica e linguagens. Al\u00e9m disso, os estudantes tamb\u00e9m contar\u00e3o com aulas de conhecimentos gerais, dicas e informa\u00e7\u00f5es sobre produ\u00e7\u00e3o de reda\u00e7\u00e3o.&nbsp;<br>O projeto \u00e9 comandado pela coordenadora geral Regina de Souza Baretta e conta com participa\u00e7\u00f5es da equipe de apoio formada por professores volunt\u00e1rios dos cursos de p\u00f3s gradua\u00e7\u00e3o, al\u00e9m de alunos que receberam algum tipo de bolsa de estudo e fazer parte do mestrado e doutorado, ou mesmo estudantes que est\u00e3o em fase de gradua\u00e7\u00e3o.<br>Os interessados em participar podem preencher o formul\u00e1rio obrigat\u00f3rio por mais uma semana, at\u00e9 a ter\u00e7a-feira (28). Para isso \u00e9 necess\u00e1rio a apresenta\u00e7\u00e3o dos documentos pessoais, certificado de conclus\u00e3o ou que frequenta o ensino m\u00e9dio p\u00fablico e convencional, al\u00e9m da comprova\u00e7\u00e3o de renda de todos os moradores da resid\u00eancia.&nbsp;<br>As matr\u00edculas iniciais podem ser feitas pelo site www.unifran.edu.com.br\/eventos.Mais informa\u00e7\u00f5es podem ser obtidas pelos telefones (16) 3711-8838 ou (16) 3711-8828.<\/p>\n\n\n\n<p>Pr\u00f3ximo passo<br>Ap\u00f3s a finaliza\u00e7\u00e3o do per\u00edodo de inscri\u00e7\u00f5es, os respons\u00e1veis pela organiza\u00e7\u00e3o do projeto Unitodos ter\u00e3o novas demandas. Com todos os formul\u00e1rios preenchidos, os candidatos passar\u00e3o por uma fase de sele\u00e7\u00e3o. Ser\u00e1 feita uma convoca\u00e7\u00e3o dos candidatos para entrevistas presenciais.&nbsp;<br>As conversas est\u00e3o marcadas para acontecer entre os dias 5, 6 e 7 de mar\u00e7o. As entrevistas ser\u00e3o comandadas por alunos do curso de servi\u00e7o social, que ser\u00e3o supervisionados pela professora Regina de Souza.<br>J\u00e1 a \u00faltima etapa das atividades \u00e9 o selecionamento dos 50 estudantes que ocupar\u00e3o as vagas no cursinho. Segundo a Universidade de Franca, a expectativa \u00e9 que as aulas tenham in\u00edcio na segunda quinzena de mar\u00e7o.<br>A primeira edi\u00e7\u00e3o do cursinho popular Unitodos foi realizada no in\u00edcio do segundo semestre do ano passado. Entre os dias 1\u00b0 e 15 de agosto foram feitos os preenchimentos dos formul\u00e1rios. Depois disso, cerca de 200 candidatos passaram pelo procedimento natural at\u00e9 que 50 foram selecionados.&nbsp;<br>A escolha, foi feita com base nas condi\u00e7\u00f5es financeiras pr\u00f3pria e da fam\u00edlia do interessado. Desta vez o caminho ser\u00e1 o mesmo.<\/p>\n","protected":false},"excerpt":{"rendered":"<p>Cursinho popular da universidade tem 50 vagas dispon\u00edveis At\u00e9 o pr\u00f3ximo dia 28, interessados em estudar na Unifran (Universidade de Franca) podem ter a oportunidade de<span class=\"excerpt-hellip\"> [\u2026]<\/span><\/p>\n","protected":false},"author":3,"featured_media":2536,"comment_status":"open","ping_status":"open","sticky":false,"template":"","format":"standard","meta":{"_jetpack_memberships_contains_paid_content":false,"footnotes":"","jetpack_publicize_message":"","jetpack_publicize_feature_enabled":true,"jetpack_social_post_already_shared":false,"jetpack_social_options":{"image_generator_settings":{"template":"highway","default_image_id":0,"enabled":false},"version":2}},"categories":[7,30],"tags":[],"class_list":["post-2535","post","type-post","status-publish","format-standard","has-post-thumbnail","hentry","category-news","category-variedades"],"yoast_head":"<!-- This site is optimized with the Yoast SEO plugin v25.6 - https:\/\/yoast.com\/wordpress\/plugins\/seo\/ -->\n<title>Unifran segue com inscri\u00e7\u00f5es para &quot;Unitodos&quot; - VerdadeOn<\/title>\n<meta name=\"robots\" content=\"index, follow, max-snippet:-1, max-image-preview:large, max-video-preview:-1\" \/>\n<link rel=\"canonical\" href=\"https:\/\/verdadeon.com.br\/portal\/2020\/01\/21\/unifran-segue-com-inscricoes-para-unitodos\/\" \/>\n<meta property=\"og:locale\" content=\"pt_BR\" \/>\n<meta property=\"og:type\" content=\"article\" \/>\n<meta property=\"og:title\" content=\"Unifran segue com inscri\u00e7\u00f5es para &quot;Unitodos&quot; - VerdadeOn\" \/>\n<meta property=\"og:description\" content=\"Cursinho popular da universidade tem 50 vagas dispon\u00edveis At\u00e9 o pr\u00f3ximo dia 28, interessados em estudar na Unifran (Universidade de Franca) podem ter a oportunidade de [\u2026]\" \/>\n<meta property=\"og:url\" content=\"https:\/\/verdadeon.com.br\/portal\/2020\/01\/21\/unifran-segue-com-inscricoes-para-unitodos\/\" \/>\n<meta property=\"og:site_name\" content=\"VerdadeOn\" \/>\n<meta property=\"article:published_time\" content=\"2020-01-21T17:51:28+00:00\" \/>\n<meta property=\"article:modified_time\" content=\"2020-01-21T18:05:12+00:00\" \/>\n<meta property=\"og:image\" content=\"https:\/\/verdadeon.com.br\/portal\/wp-content\/uploads\/2020\/01\/news-4628.jpg\" \/>\n\t<meta property=\"og:image:width\" content=\"1000\" \/>\n\t<meta property=\"og:image:height\" content=\"667\" \/>\n\t<meta property=\"og:image:type\" content=\"image\/jpeg\" \/>\n<meta name=\"author\" content=\"Admin\" \/>\n<meta name=\"twitter:card\" content=\"summary_large_image\" \/>\n<meta name=\"twitter:label1\" content=\"Escrito por\" \/>\n\t<meta name=\"twitter:data1\" content=\"Admin\" \/>\n\t<meta name=\"twitter:label2\" content=\"Est. tempo de leitura\" \/>\n\t<meta name=\"twitter:data2\" content=\"2 minutos\" \/>\n<script type=\"application\/ld+json\" class=\"yoast-schema-graph\">{\"@context\":\"https:\/\/schema.org\",\"@graph\":[{\"@type\":\"WebPage\",\"@id\":\"https:\/\/verdadeon.com.br\/portal\/2020\/01\/21\/unifran-segue-com-inscricoes-para-unitodos\/\",\"url\":\"https:\/\/verdadeon.com.br\/portal\/2020\/01\/21\/unifran-segue-com-inscricoes-para-unitodos\/\",\"name\":\"Unifran segue com inscri\u00e7\u00f5es para \\\"Unitodos\\\" - VerdadeOn\",\"isPartOf\":{\"@id\":\"https:\/\/verdadeon.com.br\/portal\/#website\"},\"primaryImageOfPage\":{\"@id\":\"https:\/\/verdadeon.com.br\/portal\/2020\/01\/21\/unifran-segue-com-inscricoes-para-unitodos\/#primaryimage\"},\"image\":{\"@id\":\"https:\/\/verdadeon.com.br\/portal\/2020\/01\/21\/unifran-segue-com-inscricoes-para-unitodos\/#primaryimage\"},\"thumbnailUrl\":\"https:\/\/i0.wp.com\/verdadeon.com.br\/portal\/wp-content\/uploads\/2020\/01\/news-4628.jpg?fit=1000%2C667&ssl=1\",\"datePublished\":\"2020-01-21T17:51:28+00:00\",\"dateModified\":\"2020-01-21T18:05:12+00:00\",\"author\":{\"@id\":\"https:\/\/verdadeon.com.br\/portal\/#\/schema\/person\/31b3f1eb559e4ce9d3c1dc1f2268a70c\"},\"breadcrumb\":{\"@id\":\"https:\/\/verdadeon.com.br\/portal\/2020\/01\/21\/unifran-segue-com-inscricoes-para-unitodos\/#breadcrumb\"},\"inLanguage\":\"pt-BR\",\"potentialAction\":[{\"@type\":\"ReadAction\",\"target\":[\"https:\/\/verdadeon.com.br\/portal\/2020\/01\/21\/unifran-segue-com-inscricoes-para-unitodos\/\"]}]},{\"@type\":\"ImageObject\",\"inLanguage\":\"pt-BR\",\"@id\":\"https:\/\/verdadeon.com.br\/portal\/2020\/01\/21\/unifran-segue-com-inscricoes-para-unitodos\/#primaryimage\",\"url\":\"https:\/\/i0.wp.com\/verdadeon.com.br\/portal\/wp-content\/uploads\/2020\/01\/news-4628.jpg?fit=1000%2C667&ssl=1\",\"contentUrl\":\"https:\/\/i0.wp.com\/verdadeon.com.br\/portal\/wp-content\/uploads\/2020\/01\/news-4628.jpg?fit=1000%2C667&ssl=1\",\"width\":1000,\"height\":667,\"caption\":\"Para participar, os interessados devem realizar suas inscri\u00e7\u00f5es on-line. A transmiss\u00e3o ser\u00e1 realizada pela Plataforma Blackboard Collaborate e o acesso ser\u00e1 disponibilizado por e-mail, uma hora antes do in\u00edcio.\"},{\"@type\":\"BreadcrumbList\",\"@id\":\"https:\/\/verdadeon.com.br\/portal\/2020\/01\/21\/unifran-segue-com-inscricoes-para-unitodos\/#breadcrumb\",\"itemListElement\":[{\"@type\":\"ListItem\",\"position\":1,\"name\":\"In\u00edcio\",\"item\":\"https:\/\/verdadeon.com.br\/portal\/\"},{\"@type\":\"ListItem\",\"position\":2,\"name\":\"Unifran segue com inscri\u00e7\u00f5es para &#8220;Unitodos&#8221;\"}]},{\"@type\":\"WebSite\",\"@id\":\"https:\/\/verdadeon.com.br\/portal\/#website\",\"url\":\"https:\/\/verdadeon.com.br\/portal\/\",\"name\":\"VerdadeOn\",\"description\":\"Not\u00edcias di\u00e1rias sobre Franca, Regi\u00e3o, Esporte, Cultura, Cotidiano, Colunas. Cobertura nos principais eventos da cidade \u00e9 aqui - Verdadeon Franca\",\"potentialAction\":[{\"@type\":\"SearchAction\",\"target\":{\"@type\":\"EntryPoint\",\"urlTemplate\":\"https:\/\/verdadeon.com.br\/portal\/?s={search_term_string}\"},\"query-input\":{\"@type\":\"PropertyValueSpecification\",\"valueRequired\":true,\"valueName\":\"search_term_string\"}}],\"inLanguage\":\"pt-BR\"},{\"@type\":\"Person\",\"@id\":\"https:\/\/verdadeon.com.br\/portal\/#\/schema\/person\/31b3f1eb559e4ce9d3c1dc1f2268a70c\",\"name\":\"Admin\",\"image\":{\"@type\":\"ImageObject\",\"inLanguage\":\"pt-BR\",\"@id\":\"https:\/\/verdadeon.com.br\/portal\/#\/schema\/person\/image\/\",\"url\":\"https:\/\/secure.gravatar.com\/avatar\/e550a5b4dab3efe8ca3a8bf0fb981073a921f9a24159040707270602980dd8af?s=96&d=mm&r=g\",\"contentUrl\":\"https:\/\/secure.gravatar.com\/avatar\/e550a5b4dab3efe8ca3a8bf0fb981073a921f9a24159040707270602980dd8af?s=96&d=mm&r=g\",\"caption\":\"Admin\"},\"url\":\"https:\/\/verdadeon.com.br\/portal\/author\/admin\/\"}]}<\/script>\n<!-- \/ Yoast SEO plugin. -->","yoast_head_json":{"title":"Unifran segue com inscri\u00e7\u00f5es para \"Unitodos\" - VerdadeOn","robots":{"index":"index","follow":"follow","max-snippet":"max-snippet:-1","max-image-preview":"max-image-preview:large","max-video-preview":"max-video-preview:-1"},"canonical":"https:\/\/verdadeon.com.br\/portal\/2020\/01\/21\/unifran-segue-com-inscricoes-para-unitodos\/","og_locale":"pt_BR","og_type":"article","og_title":"Unifran segue com inscri\u00e7\u00f5es para \"Unitodos\" - VerdadeOn","og_description":"Cursinho popular da universidade tem 50 vagas dispon\u00edveis At\u00e9 o pr\u00f3ximo dia 28, interessados em estudar na Unifran (Universidade de Franca) podem ter a oportunidade de [\u2026]","og_url":"https:\/\/verdadeon.com.br\/portal\/2020\/01\/21\/unifran-segue-com-inscricoes-para-unitodos\/","og_site_name":"VerdadeOn","article_published_time":"2020-01-21T17:51:28+00:00","article_modified_time":"2020-01-21T18:05:12+00:00","og_image":[{"width":1000,"height":667,"url":"https:\/\/verdadeon.com.br\/portal\/wp-content\/uploads\/2020\/01\/news-4628.jpg","type":"image\/jpeg"}],"author":"Admin","twitter_card":"summary_large_image","twitter_misc":{"Escrito por":"Admin","Est. tempo de leitura":"2 minutos"},"schema":{"@context":"https:\/\/schema.org","@graph":[{"@type":"WebPage","@id":"https:\/\/verdadeon.com.br\/portal\/2020\/01\/21\/unifran-segue-com-inscricoes-para-unitodos\/","url":"https:\/\/verdadeon.com.br\/portal\/2020\/01\/21\/unifran-segue-com-inscricoes-para-unitodos\/","name":"Unifran segue com inscri\u00e7\u00f5es para \"Unitodos\" - VerdadeOn","isPartOf":{"@id":"https:\/\/verdadeon.com.br\/portal\/#website"},"primaryImageOfPage":{"@id":"https:\/\/verdadeon.com.br\/portal\/2020\/01\/21\/unifran-segue-com-inscricoes-para-unitodos\/#primaryimage"},"image":{"@id":"https:\/\/verdadeon.com.br\/portal\/2020\/01\/21\/unifran-segue-com-inscricoes-para-unitodos\/#primaryimage"},"thumbnailUrl":"https:\/\/i0.wp.com\/verdadeon.com.br\/portal\/wp-content\/uploads\/2020\/01\/news-4628.jpg?fit=1000%2C667&ssl=1","datePublished":"2020-01-21T17:51:28+00:00","dateModified":"2020-01-21T18:05:12+00:00","author":{"@id":"https:\/\/verdadeon.com.br\/portal\/#\/schema\/person\/31b3f1eb559e4ce9d3c1dc1f2268a70c"},"breadcrumb":{"@id":"https:\/\/verdadeon.com.br\/portal\/2020\/01\/21\/unifran-segue-com-inscricoes-para-unitodos\/#breadcrumb"},"inLanguage":"pt-BR","potentialAction":[{"@type":"ReadAction","target":["https:\/\/verdadeon.com.br\/portal\/2020\/01\/21\/unifran-segue-com-inscricoes-para-unitodos\/"]}]},{"@type":"ImageObject","inLanguage":"pt-BR","@id":"https:\/\/verdadeon.com.br\/portal\/2020\/01\/21\/unifran-segue-com-inscricoes-para-unitodos\/#primaryimage","url":"https:\/\/i0.wp.com\/verdadeon.com.br\/portal\/wp-content\/uploads\/2020\/01\/news-4628.jpg?fit=1000%2C667&ssl=1","contentUrl":"https:\/\/i0.wp.com\/verdadeon.com.br\/portal\/wp-content\/uploads\/2020\/01\/news-4628.jpg?fit=1000%2C667&ssl=1","width":1000,"height":667,"caption":"Para participar, os interessados devem realizar suas inscri\u00e7\u00f5es on-line. A transmiss\u00e3o ser\u00e1 realizada pela Plataforma Blackboard Collaborate e o acesso ser\u00e1 disponibilizado por e-mail, uma hora antes do in\u00edcio."},{"@type":"BreadcrumbList","@id":"https:\/\/verdadeon.com.br\/portal\/2020\/01\/21\/unifran-segue-com-inscricoes-para-unitodos\/#breadcrumb","itemListElement":[{"@type":"ListItem","position":1,"name":"In\u00edcio","item":"https:\/\/verdadeon.com.br\/portal\/"},{"@type":"ListItem","position":2,"name":"Unifran segue com inscri\u00e7\u00f5es para &#8220;Unitodos&#8221;"}]},{"@type":"WebSite","@id":"https:\/\/verdadeon.com.br\/portal\/#website","url":"https:\/\/verdadeon.com.br\/portal\/","name":"VerdadeOn","description":"Not\u00edcias di\u00e1rias sobre Franca, Regi\u00e3o, Esporte, Cultura, Cotidiano, Colunas. Cobertura nos principais eventos da cidade \u00e9 aqui - Verdadeon Franca","potentialAction":[{"@type":"SearchAction","target":{"@type":"EntryPoint","urlTemplate":"https:\/\/verdadeon.com.br\/portal\/?s={search_term_string}"},"query-input":{"@type":"PropertyValueSpecification","valueRequired":true,"valueName":"search_term_string"}}],"inLanguage":"pt-BR"},{"@type":"Person","@id":"https:\/\/verdadeon.com.br\/portal\/#\/schema\/person\/31b3f1eb559e4ce9d3c1dc1f2268a70c","name":"Admin","image":{"@type":"ImageObject","inLanguage":"pt-BR","@id":"https:\/\/verdadeon.com.br\/portal\/#\/schema\/person\/image\/","url":"https:\/\/secure.gravatar.com\/avatar\/e550a5b4dab3efe8ca3a8bf0fb981073a921f9a24159040707270602980dd8af?s=96&d=mm&r=g","contentUrl":"https:\/\/secure.gravatar.com\/avatar\/e550a5b4dab3efe8ca3a8bf0fb981073a921f9a24159040707270602980dd8af?s=96&d=mm&r=g","caption":"Admin"},"url":"https:\/\/verdadeon.com.br\/portal\/author\/admin\/"}]}},"jetpack_publicize_connections":[],"jetpack_featured_media_url":"https:\/\/i0.wp.com\/verdadeon.com.br\/portal\/wp-content\/uploads\/2020\/01\/news-4628.jpg?fit=1000%2C667&ssl=1","jetpack_sharing_enabled":true,"_links":{"self":[{"href":"https:\/\/verdadeon.com.br\/portal\/wp-json\/wp\/v2\/posts\/2535","targetHints":{"allow":["GET"]}}],"collection":[{"href":"https:\/\/verdadeon.com.br\/portal\/wp-json\/wp\/v2\/posts"}],"about":[{"href":"https:\/\/verdadeon.com.br\/portal\/wp-json\/wp\/v2\/types\/post"}],"author":[{"embeddable":true,"href":"https:\/\/verdadeon.com.br\/portal\/wp-json\/wp\/v2\/users\/3"}],"replies":[{"embeddable":true,"href":"https:\/\/verdadeon.com.br\/portal\/wp-json\/wp\/v2\/comments?post=2535"}],"version-history":[{"count":0,"href":"https:\/\/verdadeon.com.br\/portal\/wp-json\/wp\/v2\/posts\/2535\/revisions"}],"wp:featuredmedia":[{"embeddable":true,"href":"https:\/\/verdadeon.com.br\/portal\/wp-json\/wp\/v2\/media\/2536"}],"wp:attachment":[{"href":"https:\/\/verdadeon.com.br\/portal\/wp-json\/wp\/v2\/media?parent=2535"}],"wp:term":[{"taxonomy":"category","embeddable":true,"href":"https:\/\/verdadeon.com.br\/portal\/wp-json\/wp\/v2\/categories?post=2535"},{"taxonomy":"post_tag","embeddable":true,"href":"https:\/\/verdadeon.com.br\/portal\/wp-json\/wp\/v2\/tags?post=2535"}],"curies":[{"name":"wp","href":"https:\/\/api.w.org\/{rel}","templated":true}]}}