{"id":25349,"date":"2022-05-26T15:01:59","date_gmt":"2022-05-26T18:01:59","guid":{"rendered":"https:\/\/verdadeon.com.br\/portal\/?p=25349"},"modified":"2022-05-26T17:45:04","modified_gmt":"2022-05-26T20:45:04","slug":"franca-registra-176-assaltos-em-4-meses-76-a-mais-do-que-no-mesmo-periodo-de-2021","status":"publish","type":"post","link":"https:\/\/verdadeon.com.br\/portal\/2022\/05\/26\/franca-registra-176-assaltos-em-4-meses-76-a-mais-do-que-no-mesmo-periodo-de-2021\/","title":{"rendered":"Franca registra 176 assaltos em 4 meses, 76% a mais do que no mesmo per\u00edodo de 2021"},"content":{"rendered":"<h2>As estat\u00edsticas foram divulgadas nesta quinta-feira pelo governo do Estado, furtos tamb\u00e9m cresceram<\/h2>\n<p>Fernando Lima<\/p>\n<p>Os dados da Secretaria de Seguran\u00e7a P\u00fablica (SSP), apontaram que os roubos cresceram 76% em Franca, entre janeiro e abril de 2022 em compara\u00e7\u00e3o ao mesmo per\u00edodo de 2021. Segundo os n\u00fameros, em janeiro foram 32, em fevereiro 27, 36 em mar\u00e7o e 32 em abril, totalizando 127 casos.\u00a0\u00a0J\u00e1 no ano passado foram 12 em janeiro, 19 em fevereiro, 24 em mar\u00e7o e 17 em abril, somando 72.<\/p>\n<p>Dos 127 roubos na cidade, 40 foram registrados na \u00e1rea do 2\u00b0 Distrito Policial, que compreende a regi\u00e3o da Esta\u00e7\u00e3o, Vila S\u00e3o Sebasti\u00e3o, Guanabara, Vila Imperador e imedia\u00e7\u00f5es, al\u00e9m de uma pequena parte da zona norte. Naquela regi\u00e3o foram registrados 11 roubos em janeiro, 7 em fevereiro, mar\u00e7o e abril registraram cada um 11 casos.<\/p>\n<p>J\u00e1 o 3\u00b0 D.P. registrou 33 assaltos no per\u00edodo, eles respondem pela regi\u00e3o leste de Franca, o m\u00eas de abril foi o mais violento com 11 casos, seguido de mar\u00e7o com 10, nove em fevereiro e tr\u00eas em janeiro.<\/p>\n<p>A regi\u00e3o norte da cidade que \u00e9 assistida pelo 5\u00b0 D.P. teve 27 roubos em 2022, 11 em janeiro, fevereiro e mar\u00e7o registraram seis cada, enquanto que em abril houve uma queda com quatro registros.<\/p>\n<p>O 1\u00b0 D.P. que responde pela \u00e1rea central de Franca registrou nos quatro primeiros meses 14 assaltos, a metade disso foi em janeiro com sete, fevereiro e abril registraram dois cada, e em mar\u00e7o foram tr\u00eas.<\/p>\n<p>Os dados mostram ainda que regi\u00e3o sul \u00e9 a que menos registra roubos, foram 13 entre janeiro e abril. Em janeiro n\u00e3o foi registrado nenhum caso, enquanto que fevereiro, mar\u00e7o e abril, registraram tr\u00eas, seis e quatro roubos respectivamente.<\/p>\n<h4>Furtos<\/h4>\n<p>Os crimes de furto tamb\u00e9m sofreram crescimento em Franca nos quatro primeiros meses de 2022, se comparados ao mesmo per\u00edodo do ano passado, foi uma alta de 28%. Segundo a SSP, em 2022 janeiro registrou 399 furtos, 303 em fevereiro, 409 em mar\u00e7o e fechou abril com 439, somando 1.550.<\/p>\n<p>No ano passado foram 289 em janeiro, 277 em fevereiro, 290 em mar\u00e7o e 354 em abril, somando 1.210 casos.<\/p>\n<p>Confira os n\u00fameros de furtos por regi\u00e3o:<\/p>\n<p>&nbsp;<\/p>\n<p>&nbsp;<\/p>\n<table>\n<tbody>\n<tr>\n<td width=\"97\">Furtos<\/td>\n<td width=\"101\">Janeiro<\/td>\n<td width=\"109\">Fevereiro<\/td>\n<td width=\"86\">Mar\u00e7o<\/td>\n<td width=\"92\">Abril<\/td>\n<td width=\"82\">Total<\/td>\n<\/tr>\n<tr>\n<td width=\"97\"><\/td>\n<td width=\"101\"><\/td>\n<td width=\"109\"><\/td>\n<td width=\"86\"><\/td>\n<td width=\"92\"><\/td>\n<td width=\"82\"><\/td>\n<\/tr>\n<tr>\n<td width=\"97\">1\u00b0 D.P.<\/td>\n<td width=\"101\">58<\/td>\n<td width=\"109\">52<\/td>\n<td width=\"86\">51<\/td>\n<td width=\"92\">58<\/td>\n<td width=\"82\">219<\/td>\n<\/tr>\n<tr>\n<td width=\"97\">2\u00b0 D.P.<\/td>\n<td width=\"101\">108<\/td>\n<td width=\"109\">101<\/td>\n<td width=\"86\">105<\/td>\n<td width=\"92\">116<\/td>\n<td width=\"82\">430<\/td>\n<\/tr>\n<tr>\n<td width=\"97\">3\u00b0 D.P.<\/td>\n<td width=\"101\">72<\/td>\n<td width=\"109\">68<\/td>\n<td width=\"86\">104<\/td>\n<td width=\"92\">110<\/td>\n<td width=\"82\">354<\/td>\n<\/tr>\n<tr>\n<td width=\"97\">4\u00b0 D.P.<\/td>\n<td width=\"101\">73<\/td>\n<td width=\"109\">40<\/td>\n<td width=\"86\">81<\/td>\n<td width=\"92\">72<\/td>\n<td width=\"82\">266<\/td>\n<\/tr>\n<tr>\n<td width=\"97\">5\u00b0 D.P.<\/td>\n<td width=\"101\">88<\/td>\n<td width=\"109\">42<\/td>\n<td width=\"86\">68<\/td>\n<td width=\"92\">83<\/td>\n<td width=\"82\">281<\/td>\n<\/tr>\n<tr>\n<td width=\"97\">Total<\/td>\n<td width=\"101\">399<\/td>\n<td width=\"109\">303<\/td>\n<td width=\"86\">409<\/td>\n<td width=\"92\">439<\/td>\n<td width=\"82\">1.550<\/td>\n<\/tr>\n<\/tbody>\n<\/table>\n<p>&nbsp;<\/p>\n<p>O Jornal Verdade pediu um posicionamento para a Secretaria de Seguran\u00e7a P\u00fablica sobre estes dados, confira a resposta:<\/p>\n<p>&#8220;A SSP informa que as a\u00e7\u00f5es de patrulhamento na regi\u00e3o de Franca s\u00e3o reorientadas e intensificadas constantemente, de acordo com as din\u00e2micas criminais. A Pol\u00edcia Civil tem se empenhado nos esclarecimentos dos crimes, inclusive de roubos e furtos. Vale mencionar que em considera\u00e7\u00e3o a atipicidade dos anos de pandemia da Covid-19, a cidade de Franca reduziu os casos de roubo. No primeiro trimestre de 2019 foram registrados 189 casos, j\u00e1 no mesmo per\u00edodo de 2022, foram 126, uma redu\u00e7\u00e3o de 4,9%. Os dados divulgados recentemente pela SSP ainda mostram que toda a regi\u00e3o de Ribeir\u00e3o Preto terminou o m\u00eas de abril com queda em todos os \u00edndices criminais, tendo ainda registrado o menor n\u00famero de roubos de carga desde 2010. No m\u00eas passado, os casos e v\u00edtimas de homic\u00eddios dolosos tiveram queda de 4 e 7 registros, em n\u00fameros absolutos, respectivamente. Em abril de 2019, foram registradas 24 ocorr\u00eancias, com 28 v\u00edtimas. Em contrapartida, no mesmo per\u00edodo deste ano, foram 20 boletins de morte intencional, com 21 v\u00edtimas. Com os resultados, as taxas dos \u00faltimos 12 meses (de maio de 2021 a abril de 2022) ficaram em 6,94 ocorr\u00eancias e 7,24 v\u00edtimas de mortes intencionais para cada grupo de 100 mil habitantes&#8221;.<\/p>\n","protected":false},"excerpt":{"rendered":"<p>As estat\u00edsticas foram divulgadas nesta quinta-feira pelo governo do Estado, furtos tamb\u00e9m cresceram Fernando Lima Os dados da Secretaria de Seguran\u00e7a P\u00fablica (SSP), apontaram que os<span class=\"excerpt-hellip\"> [\u2026]<\/span><\/p>\n","protected":false},"author":7,"featured_media":24906,"comment_status":"open","ping_status":"open","sticky":false,"template":"","format":"standard","meta":{"_jetpack_memberships_contains_paid_content":false,"footnotes":"","jetpack_publicize_message":"","jetpack_publicize_feature_enabled":true,"jetpack_social_post_already_shared":false,"jetpack_social_options":{"image_generator_settings":{"template":"highway","default_image_id":0,"enabled":false},"version":2}},"categories":[28,81],"tags":[],"class_list":["post-25349","post","type-post","status-publish","format-standard","has-post-thumbnail","hentry","category-cotidiano","category-manchete"],"yoast_head":"<!-- This site is optimized with the Yoast SEO plugin v25.6 - https:\/\/yoast.com\/wordpress\/plugins\/seo\/ -->\n<title>Franca registra 176 assaltos em 4 meses, 76% a mais do que no mesmo per\u00edodo de 2021 - VerdadeOn<\/title>\n<meta name=\"robots\" content=\"index, follow, max-snippet:-1, max-image-preview:large, max-video-preview:-1\" \/>\n<link rel=\"canonical\" href=\"https:\/\/verdadeon.com.br\/portal\/2022\/05\/26\/franca-registra-176-assaltos-em-4-meses-76-a-mais-do-que-no-mesmo-periodo-de-2021\/\" \/>\n<meta property=\"og:locale\" content=\"pt_BR\" \/>\n<meta property=\"og:type\" content=\"article\" \/>\n<meta property=\"og:title\" content=\"Franca registra 176 assaltos em 4 meses, 76% a mais do que no mesmo per\u00edodo de 2021 - VerdadeOn\" \/>\n<meta property=\"og:description\" content=\"As estat\u00edsticas foram divulgadas nesta quinta-feira pelo governo do Estado, furtos tamb\u00e9m cresceram Fernando Lima Os dados da Secretaria de Seguran\u00e7a P\u00fablica (SSP), apontaram que os [\u2026]\" \/>\n<meta property=\"og:url\" content=\"https:\/\/verdadeon.com.br\/portal\/2022\/05\/26\/franca-registra-176-assaltos-em-4-meses-76-a-mais-do-que-no-mesmo-periodo-de-2021\/\" \/>\n<meta property=\"og:site_name\" content=\"VerdadeOn\" \/>\n<meta property=\"article:published_time\" content=\"2022-05-26T18:01:59+00:00\" \/>\n<meta property=\"article:modified_time\" content=\"2022-05-26T20:45:04+00:00\" \/>\n<meta property=\"og:image\" content=\"https:\/\/verdadeon.com.br\/portal\/wp-content\/uploads\/2022\/05\/ASSALTO-2-e1651862514323.png\" \/>\n\t<meta property=\"og:image:width\" content=\"1001\" \/>\n\t<meta property=\"og:image:height\" content=\"668\" \/>\n\t<meta property=\"og:image:type\" content=\"image\/png\" \/>\n<meta name=\"author\" content=\"Fernando Lima\" \/>\n<meta name=\"twitter:card\" content=\"summary_large_image\" \/>\n<meta name=\"twitter:label1\" content=\"Escrito por\" \/>\n\t<meta name=\"twitter:data1\" content=\"Fernando Lima\" \/>\n\t<meta name=\"twitter:label2\" content=\"Est. tempo de leitura\" \/>\n\t<meta name=\"twitter:data2\" content=\"4 minutos\" \/>\n<script type=\"application\/ld+json\" class=\"yoast-schema-graph\">{\"@context\":\"https:\/\/schema.org\",\"@graph\":[{\"@type\":\"WebPage\",\"@id\":\"https:\/\/verdadeon.com.br\/portal\/2022\/05\/26\/franca-registra-176-assaltos-em-4-meses-76-a-mais-do-que-no-mesmo-periodo-de-2021\/\",\"url\":\"https:\/\/verdadeon.com.br\/portal\/2022\/05\/26\/franca-registra-176-assaltos-em-4-meses-76-a-mais-do-que-no-mesmo-periodo-de-2021\/\",\"name\":\"Franca registra 176 assaltos em 4 meses, 76% a mais do que no mesmo per\u00edodo de 2021 - VerdadeOn\",\"isPartOf\":{\"@id\":\"https:\/\/verdadeon.com.br\/portal\/#website\"},\"primaryImageOfPage\":{\"@id\":\"https:\/\/verdadeon.com.br\/portal\/2022\/05\/26\/franca-registra-176-assaltos-em-4-meses-76-a-mais-do-que-no-mesmo-periodo-de-2021\/#primaryimage\"},\"image\":{\"@id\":\"https:\/\/verdadeon.com.br\/portal\/2022\/05\/26\/franca-registra-176-assaltos-em-4-meses-76-a-mais-do-que-no-mesmo-periodo-de-2021\/#primaryimage\"},\"thumbnailUrl\":\"https:\/\/i0.wp.com\/verdadeon.com.br\/portal\/wp-content\/uploads\/2022\/05\/ASSALTO-2-e1651862514323.png?fit=1001%2C668&ssl=1\",\"datePublished\":\"2022-05-26T18:01:59+00:00\",\"dateModified\":\"2022-05-26T20:45:04+00:00\",\"author\":{\"@id\":\"https:\/\/verdadeon.com.br\/portal\/#\/schema\/person\/cc32be22b8e8599387c480bc83e1d11a\"},\"breadcrumb\":{\"@id\":\"https:\/\/verdadeon.com.br\/portal\/2022\/05\/26\/franca-registra-176-assaltos-em-4-meses-76-a-mais-do-que-no-mesmo-periodo-de-2021\/#breadcrumb\"},\"inLanguage\":\"pt-BR\",\"potentialAction\":[{\"@type\":\"ReadAction\",\"target\":[\"https:\/\/verdadeon.com.br\/portal\/2022\/05\/26\/franca-registra-176-assaltos-em-4-meses-76-a-mais-do-que-no-mesmo-periodo-de-2021\/\"]}]},{\"@type\":\"ImageObject\",\"inLanguage\":\"pt-BR\",\"@id\":\"https:\/\/verdadeon.com.br\/portal\/2022\/05\/26\/franca-registra-176-assaltos-em-4-meses-76-a-mais-do-que-no-mesmo-periodo-de-2021\/#primaryimage\",\"url\":\"https:\/\/i0.wp.com\/verdadeon.com.br\/portal\/wp-content\/uploads\/2022\/05\/ASSALTO-2-e1651862514323.png?fit=1001%2C668&ssl=1\",\"contentUrl\":\"https:\/\/i0.wp.com\/verdadeon.com.br\/portal\/wp-content\/uploads\/2022\/05\/ASSALTO-2-e1651862514323.png?fit=1001%2C668&ssl=1\",\"width\":1001,\"height\":668,\"caption\":\"Em maio o Jornal Verdade mostrou que ladr\u00f5es armados invadiram e assaltaram uma joalheria no centro da cidade, joias e dinheiro foram levados do local | Foto: Reprodu\u00e7\u00e3o\"},{\"@type\":\"BreadcrumbList\",\"@id\":\"https:\/\/verdadeon.com.br\/portal\/2022\/05\/26\/franca-registra-176-assaltos-em-4-meses-76-a-mais-do-que-no-mesmo-periodo-de-2021\/#breadcrumb\",\"itemListElement\":[{\"@type\":\"ListItem\",\"position\":1,\"name\":\"In\u00edcio\",\"item\":\"https:\/\/verdadeon.com.br\/portal\/\"},{\"@type\":\"ListItem\",\"position\":2,\"name\":\"Franca registra 176 assaltos em 4 meses, 76% a mais do que no mesmo per\u00edodo de 2021\"}]},{\"@type\":\"WebSite\",\"@id\":\"https:\/\/verdadeon.com.br\/portal\/#website\",\"url\":\"https:\/\/verdadeon.com.br\/portal\/\",\"name\":\"VerdadeOn\",\"description\":\"Not\u00edcias di\u00e1rias sobre Franca, Regi\u00e3o, Esporte, Cultura, Cotidiano, Colunas. Cobertura nos principais eventos da cidade \u00e9 aqui - Verdadeon Franca\",\"potentialAction\":[{\"@type\":\"SearchAction\",\"target\":{\"@type\":\"EntryPoint\",\"urlTemplate\":\"https:\/\/verdadeon.com.br\/portal\/?s={search_term_string}\"},\"query-input\":{\"@type\":\"PropertyValueSpecification\",\"valueRequired\":true,\"valueName\":\"search_term_string\"}}],\"inLanguage\":\"pt-BR\"},{\"@type\":\"Person\",\"@id\":\"https:\/\/verdadeon.com.br\/portal\/#\/schema\/person\/cc32be22b8e8599387c480bc83e1d11a\",\"name\":\"Fernando Lima\",\"image\":{\"@type\":\"ImageObject\",\"inLanguage\":\"pt-BR\",\"@id\":\"https:\/\/verdadeon.com.br\/portal\/#\/schema\/person\/image\/\",\"url\":\"https:\/\/secure.gravatar.com\/avatar\/df4c8e132080d2b3a4841d5d232045464e0eed11a1d6e43115ca0843d48768d3?s=96&d=mm&r=g\",\"contentUrl\":\"https:\/\/secure.gravatar.com\/avatar\/df4c8e132080d2b3a4841d5d232045464e0eed11a1d6e43115ca0843d48768d3?s=96&d=mm&r=g\",\"caption\":\"Fernando Lima\"},\"sameAs\":[\"http:\/\/verdadeon.com.br\/\"],\"url\":\"https:\/\/verdadeon.com.br\/portal\/author\/fernando-lima\/\"}]}<\/script>\n<!-- \/ Yoast SEO plugin. -->","yoast_head_json":{"title":"Franca registra 176 assaltos em 4 meses, 76% a mais do que no mesmo per\u00edodo de 2021 - VerdadeOn","robots":{"index":"index","follow":"follow","max-snippet":"max-snippet:-1","max-image-preview":"max-image-preview:large","max-video-preview":"max-video-preview:-1"},"canonical":"https:\/\/verdadeon.com.br\/portal\/2022\/05\/26\/franca-registra-176-assaltos-em-4-meses-76-a-mais-do-que-no-mesmo-periodo-de-2021\/","og_locale":"pt_BR","og_type":"article","og_title":"Franca registra 176 assaltos em 4 meses, 76% a mais do que no mesmo per\u00edodo de 2021 - VerdadeOn","og_description":"As estat\u00edsticas foram divulgadas nesta quinta-feira pelo governo do Estado, furtos tamb\u00e9m cresceram Fernando Lima Os dados da Secretaria de Seguran\u00e7a P\u00fablica (SSP), apontaram que os [\u2026]","og_url":"https:\/\/verdadeon.com.br\/portal\/2022\/05\/26\/franca-registra-176-assaltos-em-4-meses-76-a-mais-do-que-no-mesmo-periodo-de-2021\/","og_site_name":"VerdadeOn","article_published_time":"2022-05-26T18:01:59+00:00","article_modified_time":"2022-05-26T20:45:04+00:00","og_image":[{"width":1001,"height":668,"url":"https:\/\/verdadeon.com.br\/portal\/wp-content\/uploads\/2022\/05\/ASSALTO-2-e1651862514323.png","type":"image\/png"}],"author":"Fernando Lima","twitter_card":"summary_large_image","twitter_misc":{"Escrito por":"Fernando Lima","Est. tempo de leitura":"4 minutos"},"schema":{"@context":"https:\/\/schema.org","@graph":[{"@type":"WebPage","@id":"https:\/\/verdadeon.com.br\/portal\/2022\/05\/26\/franca-registra-176-assaltos-em-4-meses-76-a-mais-do-que-no-mesmo-periodo-de-2021\/","url":"https:\/\/verdadeon.com.br\/portal\/2022\/05\/26\/franca-registra-176-assaltos-em-4-meses-76-a-mais-do-que-no-mesmo-periodo-de-2021\/","name":"Franca registra 176 assaltos em 4 meses, 76% a mais do que no mesmo per\u00edodo de 2021 - VerdadeOn","isPartOf":{"@id":"https:\/\/verdadeon.com.br\/portal\/#website"},"primaryImageOfPage":{"@id":"https:\/\/verdadeon.com.br\/portal\/2022\/05\/26\/franca-registra-176-assaltos-em-4-meses-76-a-mais-do-que-no-mesmo-periodo-de-2021\/#primaryimage"},"image":{"@id":"https:\/\/verdadeon.com.br\/portal\/2022\/05\/26\/franca-registra-176-assaltos-em-4-meses-76-a-mais-do-que-no-mesmo-periodo-de-2021\/#primaryimage"},"thumbnailUrl":"https:\/\/i0.wp.com\/verdadeon.com.br\/portal\/wp-content\/uploads\/2022\/05\/ASSALTO-2-e1651862514323.png?fit=1001%2C668&ssl=1","datePublished":"2022-05-26T18:01:59+00:00","dateModified":"2022-05-26T20:45:04+00:00","author":{"@id":"https:\/\/verdadeon.com.br\/portal\/#\/schema\/person\/cc32be22b8e8599387c480bc83e1d11a"},"breadcrumb":{"@id":"https:\/\/verdadeon.com.br\/portal\/2022\/05\/26\/franca-registra-176-assaltos-em-4-meses-76-a-mais-do-que-no-mesmo-periodo-de-2021\/#breadcrumb"},"inLanguage":"pt-BR","potentialAction":[{"@type":"ReadAction","target":["https:\/\/verdadeon.com.br\/portal\/2022\/05\/26\/franca-registra-176-assaltos-em-4-meses-76-a-mais-do-que-no-mesmo-periodo-de-2021\/"]}]},{"@type":"ImageObject","inLanguage":"pt-BR","@id":"https:\/\/verdadeon.com.br\/portal\/2022\/05\/26\/franca-registra-176-assaltos-em-4-meses-76-a-mais-do-que-no-mesmo-periodo-de-2021\/#primaryimage","url":"https:\/\/i0.wp.com\/verdadeon.com.br\/portal\/wp-content\/uploads\/2022\/05\/ASSALTO-2-e1651862514323.png?fit=1001%2C668&ssl=1","contentUrl":"https:\/\/i0.wp.com\/verdadeon.com.br\/portal\/wp-content\/uploads\/2022\/05\/ASSALTO-2-e1651862514323.png?fit=1001%2C668&ssl=1","width":1001,"height":668,"caption":"Em maio o Jornal Verdade mostrou que ladr\u00f5es armados invadiram e assaltaram uma joalheria no centro da cidade, joias e dinheiro foram levados do local | Foto: Reprodu\u00e7\u00e3o"},{"@type":"BreadcrumbList","@id":"https:\/\/verdadeon.com.br\/portal\/2022\/05\/26\/franca-registra-176-assaltos-em-4-meses-76-a-mais-do-que-no-mesmo-periodo-de-2021\/#breadcrumb","itemListElement":[{"@type":"ListItem","position":1,"name":"In\u00edcio","item":"https:\/\/verdadeon.com.br\/portal\/"},{"@type":"ListItem","position":2,"name":"Franca registra 176 assaltos em 4 meses, 76% a mais do que no mesmo per\u00edodo de 2021"}]},{"@type":"WebSite","@id":"https:\/\/verdadeon.com.br\/portal\/#website","url":"https:\/\/verdadeon.com.br\/portal\/","name":"VerdadeOn","description":"Not\u00edcias di\u00e1rias sobre Franca, Regi\u00e3o, Esporte, Cultura, Cotidiano, Colunas. Cobertura nos principais eventos da cidade \u00e9 aqui - Verdadeon Franca","potentialAction":[{"@type":"SearchAction","target":{"@type":"EntryPoint","urlTemplate":"https:\/\/verdadeon.com.br\/portal\/?s={search_term_string}"},"query-input":{"@type":"PropertyValueSpecification","valueRequired":true,"valueName":"search_term_string"}}],"inLanguage":"pt-BR"},{"@type":"Person","@id":"https:\/\/verdadeon.com.br\/portal\/#\/schema\/person\/cc32be22b8e8599387c480bc83e1d11a","name":"Fernando Lima","image":{"@type":"ImageObject","inLanguage":"pt-BR","@id":"https:\/\/verdadeon.com.br\/portal\/#\/schema\/person\/image\/","url":"https:\/\/secure.gravatar.com\/avatar\/df4c8e132080d2b3a4841d5d232045464e0eed11a1d6e43115ca0843d48768d3?s=96&d=mm&r=g","contentUrl":"https:\/\/secure.gravatar.com\/avatar\/df4c8e132080d2b3a4841d5d232045464e0eed11a1d6e43115ca0843d48768d3?s=96&d=mm&r=g","caption":"Fernando Lima"},"sameAs":["http:\/\/verdadeon.com.br\/"],"url":"https:\/\/verdadeon.com.br\/portal\/author\/fernando-lima\/"}]}},"jetpack_publicize_connections":[],"jetpack_featured_media_url":"https:\/\/i0.wp.com\/verdadeon.com.br\/portal\/wp-content\/uploads\/2022\/05\/ASSALTO-2-e1651862514323.png?fit=1001%2C668&ssl=1","jetpack_sharing_enabled":true,"_links":{"self":[{"href":"https:\/\/verdadeon.com.br\/portal\/wp-json\/wp\/v2\/posts\/25349","targetHints":{"allow":["GET"]}}],"collection":[{"href":"https:\/\/verdadeon.com.br\/portal\/wp-json\/wp\/v2\/posts"}],"about":[{"href":"https:\/\/verdadeon.com.br\/portal\/wp-json\/wp\/v2\/types\/post"}],"author":[{"embeddable":true,"href":"https:\/\/verdadeon.com.br\/portal\/wp-json\/wp\/v2\/users\/7"}],"replies":[{"embeddable":true,"href":"https:\/\/verdadeon.com.br\/portal\/wp-json\/wp\/v2\/comments?post=25349"}],"version-history":[{"count":3,"href":"https:\/\/verdadeon.com.br\/portal\/wp-json\/wp\/v2\/posts\/25349\/revisions"}],"predecessor-version":[{"id":25362,"href":"https:\/\/verdadeon.com.br\/portal\/wp-json\/wp\/v2\/posts\/25349\/revisions\/25362"}],"wp:featuredmedia":[{"embeddable":true,"href":"https:\/\/verdadeon.com.br\/portal\/wp-json\/wp\/v2\/media\/24906"}],"wp:attachment":[{"href":"https:\/\/verdadeon.com.br\/portal\/wp-json\/wp\/v2\/media?parent=25349"}],"wp:term":[{"taxonomy":"category","embeddable":true,"href":"https:\/\/verdadeon.com.br\/portal\/wp-json\/wp\/v2\/categories?post=25349"},{"taxonomy":"post_tag","embeddable":true,"href":"https:\/\/verdadeon.com.br\/portal\/wp-json\/wp\/v2\/tags?post=25349"}],"curies":[{"name":"wp","href":"https:\/\/api.w.org\/{rel}","templated":true}]}}