{"id":25344,"date":"2022-05-26T13:56:19","date_gmt":"2022-05-26T16:56:19","guid":{"rendered":"https:\/\/verdadeon.com.br\/portal\/?p=25344"},"modified":"2022-05-26T13:54:53","modified_gmt":"2022-05-26T16:54:53","slug":"evento-felizcidade-leva-diversas-atracoes-para-populacao-de-cristais-no-domingo","status":"publish","type":"post","link":"https:\/\/verdadeon.com.br\/portal\/2022\/05\/26\/evento-felizcidade-leva-diversas-atracoes-para-populacao-de-cristais-no-domingo\/","title":{"rendered":"Evento &#8216;FelizCidade&#8217; leva diversas atra\u00e7\u00f5es para popula\u00e7\u00e3o de Cristais no domingo"},"content":{"rendered":"<h2><span style=\"font-weight: 400;\"> Eduardo Machado Quarteto far\u00e1 s<\/span><span style=\"font-weight: 400;\">how gratuito de MPB instrumental, \u00e0s 17h, com apoio da Prefeitura Municipal<\/span><\/h2>\n<p><span style=\"font-weight: 400;\">\u00a0<\/span><\/p>\n<p><span style=\"font-weight: 400;\">O domingo ser\u00e1 de festa em Cristais Paulista, com evento recheado de atra\u00e7\u00f5es que ser\u00e1 realizado gratuitamente para a popula\u00e7\u00e3o. M\u00fasicas autorais e releituras de Pixinguinha, Z\u00e9 Ramalho, Tom Jobim, Roupa Nova, Luiz Gonzaga, Alceu Valen\u00e7a, entre outros grandes mestres da m\u00fasica brasileira, est\u00e3o no repert\u00f3rio de Eduardo Machado Quarteto, que se apresenta neste domingo (29), \u00e0s 17h, no Coreto da Pra\u00e7a Central de Cristais Paulista. O show gratuito de MPB instrumental faz parte do projeto \u201cSementes Musicais\u201d, do baixista, professor e compositor Eduardo Machado, que no munic\u00edpio tem o apoio da Prefeitura Municipal e ser\u00e1 atra\u00e7\u00e3o especial no evento \u201cFelizCidade\u201d.<\/span><\/p>\n<p><span style=\"font-weight: 400;\">Cristais Paulista \u00e9 a quarta cidade da regi\u00e3o de Franca a receber o projeto \u201cSementes Musicais\u201d, que leva m\u00fasica instrumental brasileira a alunos da rede p\u00fablica e shows gratuitos nas pra\u00e7as. Nesta sexta-feira (27), \u00e0s 10h30 e 13h30, estudantes da Escola Municipal \u201cAm\u00e9lio de Paula Coelho\u201d participam de uma oficina. Eduardo Machado Quarteto \u00e9 formado tamb\u00e9m pelos m\u00fasicos Beto S\u00e1pio (saxofone), Gil Reis (teclado) e M\u00e1rio Teodoro (bateria).<\/span><\/p>\n<p><span style=\"font-weight: 400;\">\u201cFico muito feliz pela oportunidade de poder apresentar aos estudantes e \u00e0 popula\u00e7\u00e3o os ritmos e g\u00eaneros musicais da nossa cultura brasileira. \u00c9 importante falar para a nova gera\u00e7\u00e3o sobre a bossa nova, choro, samba, bai\u00e3o, xote, maracatu, entre outros, para manter viva as nossas ra\u00edzes e mostrar a m\u00fasica como arte\u201d, ressalta Eduardo Machado, considerado pela cr\u00edtica especializada como um dos maiores nomes do contrabaixo brasileiro.\u00a0<\/span><\/p>\n<p><span style=\"font-weight: 400;\">Contemplado pelo ProAC (Programa de A\u00e7\u00e3o Cultural), com realiza\u00e7\u00e3o do Governo do Estado de S\u00e3o Paulo, por meio da Secretaria de Cultura e Economia Criativa, e apoio das prefeituras municipais de Restinga, Ribeir\u00e3o Corrente, Nuporanga, Buritizal, S\u00e3o Jos\u00e9 da Bela Vista e Cristais Paulista, \u201cSementes Musicais\u201d tem como objetivo garantir \u00e0 popula\u00e7\u00e3o o acesso \u00e0 cultura, principalmente \u00e0 m\u00fasica popular brasileira instrumental, e incentivar crian\u00e7as e jovens estudantes a tocar um instrumento musical.\u00a0<\/span><\/p>\n<p><span style=\"font-weight: 400;\">Os shows de Eduardo Machado Quarteto em Ribeir\u00e3o Corrente, Restinga e S\u00e3o Jos\u00e9 da Bela Vista reuniram mais de 550 pessoas e as oficinas em escolas p\u00fablicas dessas cidades atenderam cerca de 1500 estudantes. O projeto ainda prev\u00ea a realiza\u00e7\u00e3o de uma oficina gratuita de contrabaixo na EMEB \u201cOl\u00edvio Faleiros\u201d, na cidade de Itirapu\u00e3.<\/span><\/p>\n<h4>Festa em Cristais<\/h4>\n<p><span style=\"font-weight: 400;\">Neste domingo, o evento \u201cI FelizCidade de 2022\u201d, em Cristais Paulista, come\u00e7a \u00e0s 9h, com servi\u00e7os tradicionais oferecidos pelas secretarias de sa\u00fade, meio ambiente e a\u00e7\u00e3o social, al\u00e9m de muitas brincadeiras, oficinas culturais e brinquedos para as crian\u00e7as. A grande novidade ser\u00e1 a apresenta\u00e7\u00e3o de Eduardo Machado Quarteto, \u00e0s 17h, no coreto da Pra\u00e7a Central.<\/span><\/p>\n<p><span style=\"font-weight: 400;\">Neste primeiro FelizCidade do ano ainda est\u00e3o programados jogos de futebol, v\u00f4lei e basquete em quadras montadas ao lado da pra\u00e7a, brinquedos infl\u00e1veis, pintura facial, oficina de pipa, verifica\u00e7\u00e3o de press\u00e3o arterial, teste glic\u00eamico, orienta\u00e7\u00f5es nutricionais, doa\u00e7\u00e3o de mudas, apresenta\u00e7\u00f5es esportivas e de dan\u00e7a, bazar do Fundo Social, capoeira, orienta\u00e7\u00e3o sobre reciclagem, oficinas educacionais, CRAS itinerante e assist\u00eancia social.<\/span><\/p>\n<p><span style=\"font-weight: 400;\">\u201cEssa primeira edi\u00e7\u00e3o de 2022 ser\u00e1 bem especial. Vamos proporcionar um dia diferente com muita recrea\u00e7\u00e3o, lazer, cultura e at\u00e9 o show de m\u00fasica instrumental para toda a comunidade\u201d, diz a prefeita Katiuscia Leonardo.<\/span><\/p>\n<h4>O m\u00fasico<\/h4>\n<p><span style=\"font-weight: 400;\">Considerado pela cr\u00edtica especializada como um dos maiores nomes do contrabaixo brasileiro da atualidade, Eduardo Machado \u00e9 formado no Conservat\u00f3rio de Tatu\u00ed (SP) e expressa em seu instrumento destreza e versatilidade, caracter\u00edsticas preservadas nos seus 32 anos de carreira, como m\u00fasico e professor. Sua discografia \u00e9 composta por 9 CDs e 5 DVDs, com destaque para quatro turn\u00eas internacionais, com apresenta\u00e7\u00f5es em diversos pa\u00edses da Europa, \u00c1sia, Am\u00e9rica do Norte e Am\u00e9rica Latina, e premia\u00e7\u00e3o no concurso \u201cNovos Talentos do Jazz\u201d (Savassi Festival, Belo Horizonte\/MG, 2009).<\/span><\/p>\n<p><span style=\"font-weight: 400;\">J\u00e1 participou de shows e grava\u00e7\u00f5es com grandes nomes da m\u00fasica brasileira e internacional como Zeca Baleiro, Roberto Menescal, Toquinho, Renato Teixeira, S\u00e9rgio Reis, Jair Rodrigues, Sandra de S\u00e1, Paula Lima, Margareth Menezes, Dinho Ouro Preto, Luiz Caldas, Z\u00e9 Geraldo, Diego Figueiredo, Larry Coryell, Arthur Maia, Hamilton de Holanda, Robertinho Silva, Toninho Ferragutti, Victor Biglione, Toninho Horta, Celso Pixinga, Gabriel Grossi, Edu Ribeiro, Marku Ribas, Carlos Bala, Derico, entre outros.<\/span><\/p>\n<h4>Programa\u00e7\u00e3o<\/h4>\n<p><b>\u201cSementes Musicais\u201d, com Eduardo Machado Quarteto<\/b><\/p>\n<p>Gratuito<\/p>\n<p><b>Cristais Paulista<\/b><\/p>\n<p><b>Oficinas: <\/b><span style=\"font-weight: 400;\">sexta-feira (27\/05), manh\u00e3 e tarde, na Escola Municipal \u201cAm\u00e9lio de Paula Coelho\u201d<\/span><\/p>\n<p><b>Show: <\/b><span style=\"font-weight: 400;\">domingo (29\/05), \u00e0s 17h, no Coreto da Pra\u00e7a Central<\/span><\/p>\n<p><b>Atra\u00e7\u00f5es: <\/b><span style=\"font-weight: 400;\">\u2018FelizCidade\u2019, a partir das 9h, com oficinas culturais, brinquedos, jogos esportivos, pintura facial, sa\u00fade, bazar, entre outros<\/span><\/p>\n<p><span style=\"font-weight: 400;\">\u00a0<\/span><\/p>\n<p><b>Itirapu\u00e3<\/b><\/p>\n<p><b>Oficina de contrabaixo: <\/b><span style=\"font-weight: 400;\">quinta-feira (02\/06), na EMEB Ol\u00edvio Faleiros<\/span><\/p>\n<p><span style=\"font-weight: 400;\">\u00a0<\/span><\/p>\n<p><b>Buritizal<\/b><\/p>\n<p><b>Oficinas: <\/b><span style=\"font-weight: 400;\">sexta-feira (03\/06), manh\u00e3 e tarde, na EE Francisco Ribeiro Soares J\u00fanior<\/span><\/p>\n<p><b>Show: <\/b><span style=\"font-weight: 400;\">domingo (05\/06), \u00e0s 17h, na Pra\u00e7a Central<\/span><\/p>\n<p><span style=\"font-weight: 400;\">\u00a0<\/span><\/p>\n<p><b>Nuporanga<\/b><\/p>\n<p><b>Oficinas: <\/b><span style=\"font-weight: 400;\">sexta-feira (10\/06), \u00e0s 11h e 13h, na EMEB Dona Maria Carolina de Lima<\/span><\/p>\n<p><b>Show: <\/b><span style=\"font-weight: 400;\">domingo (12\/06), \u00e0s 17h, na Pra\u00e7a Central Eloy Lima<\/span><\/p>\n<p>&nbsp;<\/p>\n<div id=\"attachment_25345\" style=\"width: 810px\" class=\"wp-caption alignnone\"><img data-recalc-dims=\"1\" loading=\"lazy\" decoding=\"async\" aria-describedby=\"caption-attachment-25345\" class=\"wp-image-25345 size-full\" src=\"https:\/\/i0.wp.com\/verdadeon.com.br\/portal\/wp-content\/uploads\/2022\/05\/eduardo-machado-2-1.jpg?resize=800%2C533&#038;ssl=1\" alt=\"\" width=\"800\" height=\"533\" srcset=\"https:\/\/i0.wp.com\/verdadeon.com.br\/portal\/wp-content\/uploads\/2022\/05\/eduardo-machado-2-1.jpg?w=800&amp;ssl=1 800w, https:\/\/i0.wp.com\/verdadeon.com.br\/portal\/wp-content\/uploads\/2022\/05\/eduardo-machado-2-1.jpg?resize=300%2C200&amp;ssl=1 300w, https:\/\/i0.wp.com\/verdadeon.com.br\/portal\/wp-content\/uploads\/2022\/05\/eduardo-machado-2-1.jpg?resize=768%2C512&amp;ssl=1 768w, https:\/\/i0.wp.com\/verdadeon.com.br\/portal\/wp-content\/uploads\/2022\/05\/eduardo-machado-2-1.jpg?resize=219%2C146&amp;ssl=1 219w, https:\/\/i0.wp.com\/verdadeon.com.br\/portal\/wp-content\/uploads\/2022\/05\/eduardo-machado-2-1.jpg?resize=50%2C33&amp;ssl=1 50w, https:\/\/i0.wp.com\/verdadeon.com.br\/portal\/wp-content\/uploads\/2022\/05\/eduardo-machado-2-1.jpg?resize=113%2C75&amp;ssl=1 113w\" sizes=\"auto, (max-width: 800px) 100vw, 800px\" \/><p id=\"caption-attachment-25345\" class=\"wp-caption-text\">Durante a oficina de m\u00fasica na EMEB Jos\u00e9 Renato Nogueira Ambr\u00f3sio, em S\u00e3o Jos\u00e9 da Bela Vista, os alunos ca\u00edram na dan\u00e7a | Foto: Ismael Derruci<\/p><\/div>\n<p>&nbsp;<\/p>\n<div id=\"attachment_25346\" style=\"width: 810px\" class=\"wp-caption alignnone\"><img data-recalc-dims=\"1\" loading=\"lazy\" decoding=\"async\" aria-describedby=\"caption-attachment-25346\" class=\"wp-image-25346 size-full\" src=\"https:\/\/i0.wp.com\/verdadeon.com.br\/portal\/wp-content\/uploads\/2022\/05\/eduardo-machado-3-2.jpg?resize=800%2C533&#038;ssl=1\" alt=\"\" width=\"800\" height=\"533\" srcset=\"https:\/\/i0.wp.com\/verdadeon.com.br\/portal\/wp-content\/uploads\/2022\/05\/eduardo-machado-3-2.jpg?w=800&amp;ssl=1 800w, https:\/\/i0.wp.com\/verdadeon.com.br\/portal\/wp-content\/uploads\/2022\/05\/eduardo-machado-3-2.jpg?resize=300%2C200&amp;ssl=1 300w, https:\/\/i0.wp.com\/verdadeon.com.br\/portal\/wp-content\/uploads\/2022\/05\/eduardo-machado-3-2.jpg?resize=768%2C512&amp;ssl=1 768w, https:\/\/i0.wp.com\/verdadeon.com.br\/portal\/wp-content\/uploads\/2022\/05\/eduardo-machado-3-2.jpg?resize=219%2C146&amp;ssl=1 219w, https:\/\/i0.wp.com\/verdadeon.com.br\/portal\/wp-content\/uploads\/2022\/05\/eduardo-machado-3-2.jpg?resize=50%2C33&amp;ssl=1 50w, https:\/\/i0.wp.com\/verdadeon.com.br\/portal\/wp-content\/uploads\/2022\/05\/eduardo-machado-3-2.jpg?resize=113%2C75&amp;ssl=1 113w\" sizes=\"auto, (max-width: 800px) 100vw, 800px\" \/><p id=\"caption-attachment-25346\" class=\"wp-caption-text\">Eduardo Machado Quarteto durante show em frente \u00e0 Igreja Matriz de S\u00e3o Jos\u00e9 da Bela Vista no \u00faltimo domingo (22) | Foto: Ismael Derruci<\/p><\/div>\n","protected":false},"excerpt":{"rendered":"<p>Eduardo Machado Quarteto far\u00e1 show gratuito de MPB instrumental, \u00e0s 17h, com apoio da Prefeitura Municipal \u00a0 O domingo ser\u00e1 de festa em Cristais Paulista, com<span class=\"excerpt-hellip\"> [\u2026]<\/span><\/p>\n","protected":false},"author":10,"featured_media":25347,"comment_status":"open","ping_status":"open","sticky":false,"template":"","format":"standard","meta":{"_jetpack_memberships_contains_paid_content":false,"footnotes":"","jetpack_publicize_message":"","jetpack_publicize_feature_enabled":true,"jetpack_social_post_already_shared":false,"jetpack_social_options":{"image_generator_settings":{"template":"highway","default_image_id":0,"enabled":false},"version":2}},"categories":[28,44],"tags":[],"class_list":["post-25344","post","type-post","status-publish","format-standard","has-post-thumbnail","hentry","category-cotidiano","category-noticias"],"yoast_head":"<!-- This site is optimized with the Yoast SEO plugin v25.6 - https:\/\/yoast.com\/wordpress\/plugins\/seo\/ -->\n<title>Evento &#039;FelizCidade&#039; leva diversas atra\u00e7\u00f5es para popula\u00e7\u00e3o de Cristais no domingo - VerdadeOn<\/title>\n<meta name=\"robots\" content=\"index, follow, max-snippet:-1, max-image-preview:large, max-video-preview:-1\" \/>\n<link rel=\"canonical\" href=\"https:\/\/verdadeon.com.br\/portal\/2022\/05\/26\/evento-felizcidade-leva-diversas-atracoes-para-populacao-de-cristais-no-domingo\/\" \/>\n<meta property=\"og:locale\" content=\"pt_BR\" \/>\n<meta property=\"og:type\" content=\"article\" \/>\n<meta property=\"og:title\" content=\"Evento &#039;FelizCidade&#039; leva diversas atra\u00e7\u00f5es para popula\u00e7\u00e3o de Cristais no domingo - VerdadeOn\" \/>\n<meta property=\"og:description\" content=\"Eduardo Machado Quarteto far\u00e1 show gratuito de MPB instrumental, \u00e0s 17h, com apoio da Prefeitura Municipal \u00a0 O domingo ser\u00e1 de festa em Cristais Paulista, com [\u2026]\" \/>\n<meta property=\"og:url\" content=\"https:\/\/verdadeon.com.br\/portal\/2022\/05\/26\/evento-felizcidade-leva-diversas-atracoes-para-populacao-de-cristais-no-domingo\/\" \/>\n<meta property=\"og:site_name\" content=\"VerdadeOn\" \/>\n<meta property=\"article:published_time\" content=\"2022-05-26T16:56:19+00:00\" \/>\n<meta property=\"og:image\" content=\"https:\/\/verdadeon.com.br\/portal\/wp-content\/uploads\/2022\/05\/eduardo-machado-1-1.jpg\" \/>\n\t<meta property=\"og:image:width\" content=\"800\" \/>\n\t<meta property=\"og:image:height\" content=\"533\" \/>\n\t<meta property=\"og:image:type\" content=\"image\/jpeg\" \/>\n<meta name=\"author\" content=\"Redacao VerdadeOn\" \/>\n<meta name=\"twitter:card\" content=\"summary_large_image\" \/>\n<meta name=\"twitter:label1\" content=\"Escrito por\" \/>\n\t<meta name=\"twitter:data1\" content=\"Redacao VerdadeOn\" \/>\n\t<meta name=\"twitter:label2\" content=\"Est. tempo de leitura\" \/>\n\t<meta name=\"twitter:data2\" content=\"6 minutos\" \/>\n<script type=\"application\/ld+json\" class=\"yoast-schema-graph\">{\"@context\":\"https:\/\/schema.org\",\"@graph\":[{\"@type\":\"WebPage\",\"@id\":\"https:\/\/verdadeon.com.br\/portal\/2022\/05\/26\/evento-felizcidade-leva-diversas-atracoes-para-populacao-de-cristais-no-domingo\/\",\"url\":\"https:\/\/verdadeon.com.br\/portal\/2022\/05\/26\/evento-felizcidade-leva-diversas-atracoes-para-populacao-de-cristais-no-domingo\/\",\"name\":\"Evento 'FelizCidade' leva diversas atra\u00e7\u00f5es para popula\u00e7\u00e3o de Cristais no domingo - VerdadeOn\",\"isPartOf\":{\"@id\":\"https:\/\/verdadeon.com.br\/portal\/#website\"},\"primaryImageOfPage\":{\"@id\":\"https:\/\/verdadeon.com.br\/portal\/2022\/05\/26\/evento-felizcidade-leva-diversas-atracoes-para-populacao-de-cristais-no-domingo\/#primaryimage\"},\"image\":{\"@id\":\"https:\/\/verdadeon.com.br\/portal\/2022\/05\/26\/evento-felizcidade-leva-diversas-atracoes-para-populacao-de-cristais-no-domingo\/#primaryimage\"},\"thumbnailUrl\":\"https:\/\/i0.wp.com\/verdadeon.com.br\/portal\/wp-content\/uploads\/2022\/05\/eduardo-machado-1-1.jpg?fit=800%2C533&ssl=1\",\"datePublished\":\"2022-05-26T16:56:19+00:00\",\"author\":{\"@id\":\"https:\/\/verdadeon.com.br\/portal\/#\/schema\/person\/a5060ad1e9ea3df545188fc93ce43d2f\"},\"breadcrumb\":{\"@id\":\"https:\/\/verdadeon.com.br\/portal\/2022\/05\/26\/evento-felizcidade-leva-diversas-atracoes-para-populacao-de-cristais-no-domingo\/#breadcrumb\"},\"inLanguage\":\"pt-BR\",\"potentialAction\":[{\"@type\":\"ReadAction\",\"target\":[\"https:\/\/verdadeon.com.br\/portal\/2022\/05\/26\/evento-felizcidade-leva-diversas-atracoes-para-populacao-de-cristais-no-domingo\/\"]}]},{\"@type\":\"ImageObject\",\"inLanguage\":\"pt-BR\",\"@id\":\"https:\/\/verdadeon.com.br\/portal\/2022\/05\/26\/evento-felizcidade-leva-diversas-atracoes-para-populacao-de-cristais-no-domingo\/#primaryimage\",\"url\":\"https:\/\/i0.wp.com\/verdadeon.com.br\/portal\/wp-content\/uploads\/2022\/05\/eduardo-machado-1-1.jpg?fit=800%2C533&ssl=1\",\"contentUrl\":\"https:\/\/i0.wp.com\/verdadeon.com.br\/portal\/wp-content\/uploads\/2022\/05\/eduardo-machado-1-1.jpg?fit=800%2C533&ssl=1\",\"width\":800,\"height\":533,\"caption\":\"Cristais Paulista ser\u00e1 a quarta cidade da regi\u00e3o de Franca a receber show de Eduardo Machado Quarteto na pra\u00e7a | Foto: Ismael Derruci\"},{\"@type\":\"BreadcrumbList\",\"@id\":\"https:\/\/verdadeon.com.br\/portal\/2022\/05\/26\/evento-felizcidade-leva-diversas-atracoes-para-populacao-de-cristais-no-domingo\/#breadcrumb\",\"itemListElement\":[{\"@type\":\"ListItem\",\"position\":1,\"name\":\"In\u00edcio\",\"item\":\"https:\/\/verdadeon.com.br\/portal\/\"},{\"@type\":\"ListItem\",\"position\":2,\"name\":\"Evento &#8216;FelizCidade&#8217; leva diversas atra\u00e7\u00f5es para popula\u00e7\u00e3o de Cristais no domingo\"}]},{\"@type\":\"WebSite\",\"@id\":\"https:\/\/verdadeon.com.br\/portal\/#website\",\"url\":\"https:\/\/verdadeon.com.br\/portal\/\",\"name\":\"VerdadeOn\",\"description\":\"Not\u00edcias di\u00e1rias sobre Franca, Regi\u00e3o, Esporte, Cultura, Cotidiano, Colunas. Cobertura nos principais eventos da cidade \u00e9 aqui - Verdadeon Franca\",\"potentialAction\":[{\"@type\":\"SearchAction\",\"target\":{\"@type\":\"EntryPoint\",\"urlTemplate\":\"https:\/\/verdadeon.com.br\/portal\/?s={search_term_string}\"},\"query-input\":{\"@type\":\"PropertyValueSpecification\",\"valueRequired\":true,\"valueName\":\"search_term_string\"}}],\"inLanguage\":\"pt-BR\"},{\"@type\":\"Person\",\"@id\":\"https:\/\/verdadeon.com.br\/portal\/#\/schema\/person\/a5060ad1e9ea3df545188fc93ce43d2f\",\"name\":\"Redacao VerdadeOn\",\"image\":{\"@type\":\"ImageObject\",\"inLanguage\":\"pt-BR\",\"@id\":\"https:\/\/verdadeon.com.br\/portal\/#\/schema\/person\/image\/\",\"url\":\"https:\/\/secure.gravatar.com\/avatar\/459a9613caaaf07f582c3d0841eea68bdd66f533e465e6ba8b9cb45619572cf4?s=96&d=mm&r=g\",\"contentUrl\":\"https:\/\/secure.gravatar.com\/avatar\/459a9613caaaf07f582c3d0841eea68bdd66f533e465e6ba8b9cb45619572cf4?s=96&d=mm&r=g\",\"caption\":\"Redacao VerdadeOn\"},\"url\":\"https:\/\/verdadeon.com.br\/portal\/author\/redacao\/\"}]}<\/script>\n<!-- \/ Yoast SEO plugin. -->","yoast_head_json":{"title":"Evento 'FelizCidade' leva diversas atra\u00e7\u00f5es para popula\u00e7\u00e3o de Cristais no domingo - VerdadeOn","robots":{"index":"index","follow":"follow","max-snippet":"max-snippet:-1","max-image-preview":"max-image-preview:large","max-video-preview":"max-video-preview:-1"},"canonical":"https:\/\/verdadeon.com.br\/portal\/2022\/05\/26\/evento-felizcidade-leva-diversas-atracoes-para-populacao-de-cristais-no-domingo\/","og_locale":"pt_BR","og_type":"article","og_title":"Evento 'FelizCidade' leva diversas atra\u00e7\u00f5es para popula\u00e7\u00e3o de Cristais no domingo - VerdadeOn","og_description":"Eduardo Machado Quarteto far\u00e1 show gratuito de MPB instrumental, \u00e0s 17h, com apoio da Prefeitura Municipal \u00a0 O domingo ser\u00e1 de festa em Cristais Paulista, com [\u2026]","og_url":"https:\/\/verdadeon.com.br\/portal\/2022\/05\/26\/evento-felizcidade-leva-diversas-atracoes-para-populacao-de-cristais-no-domingo\/","og_site_name":"VerdadeOn","article_published_time":"2022-05-26T16:56:19+00:00","og_image":[{"width":800,"height":533,"url":"https:\/\/verdadeon.com.br\/portal\/wp-content\/uploads\/2022\/05\/eduardo-machado-1-1.jpg","type":"image\/jpeg"}],"author":"Redacao VerdadeOn","twitter_card":"summary_large_image","twitter_misc":{"Escrito por":"Redacao VerdadeOn","Est. tempo de leitura":"6 minutos"},"schema":{"@context":"https:\/\/schema.org","@graph":[{"@type":"WebPage","@id":"https:\/\/verdadeon.com.br\/portal\/2022\/05\/26\/evento-felizcidade-leva-diversas-atracoes-para-populacao-de-cristais-no-domingo\/","url":"https:\/\/verdadeon.com.br\/portal\/2022\/05\/26\/evento-felizcidade-leva-diversas-atracoes-para-populacao-de-cristais-no-domingo\/","name":"Evento 'FelizCidade' leva diversas atra\u00e7\u00f5es para popula\u00e7\u00e3o de Cristais no domingo - VerdadeOn","isPartOf":{"@id":"https:\/\/verdadeon.com.br\/portal\/#website"},"primaryImageOfPage":{"@id":"https:\/\/verdadeon.com.br\/portal\/2022\/05\/26\/evento-felizcidade-leva-diversas-atracoes-para-populacao-de-cristais-no-domingo\/#primaryimage"},"image":{"@id":"https:\/\/verdadeon.com.br\/portal\/2022\/05\/26\/evento-felizcidade-leva-diversas-atracoes-para-populacao-de-cristais-no-domingo\/#primaryimage"},"thumbnailUrl":"https:\/\/i0.wp.com\/verdadeon.com.br\/portal\/wp-content\/uploads\/2022\/05\/eduardo-machado-1-1.jpg?fit=800%2C533&ssl=1","datePublished":"2022-05-26T16:56:19+00:00","author":{"@id":"https:\/\/verdadeon.com.br\/portal\/#\/schema\/person\/a5060ad1e9ea3df545188fc93ce43d2f"},"breadcrumb":{"@id":"https:\/\/verdadeon.com.br\/portal\/2022\/05\/26\/evento-felizcidade-leva-diversas-atracoes-para-populacao-de-cristais-no-domingo\/#breadcrumb"},"inLanguage":"pt-BR","potentialAction":[{"@type":"ReadAction","target":["https:\/\/verdadeon.com.br\/portal\/2022\/05\/26\/evento-felizcidade-leva-diversas-atracoes-para-populacao-de-cristais-no-domingo\/"]}]},{"@type":"ImageObject","inLanguage":"pt-BR","@id":"https:\/\/verdadeon.com.br\/portal\/2022\/05\/26\/evento-felizcidade-leva-diversas-atracoes-para-populacao-de-cristais-no-domingo\/#primaryimage","url":"https:\/\/i0.wp.com\/verdadeon.com.br\/portal\/wp-content\/uploads\/2022\/05\/eduardo-machado-1-1.jpg?fit=800%2C533&ssl=1","contentUrl":"https:\/\/i0.wp.com\/verdadeon.com.br\/portal\/wp-content\/uploads\/2022\/05\/eduardo-machado-1-1.jpg?fit=800%2C533&ssl=1","width":800,"height":533,"caption":"Cristais Paulista ser\u00e1 a quarta cidade da regi\u00e3o de Franca a receber show de Eduardo Machado Quarteto na pra\u00e7a | Foto: Ismael Derruci"},{"@type":"BreadcrumbList","@id":"https:\/\/verdadeon.com.br\/portal\/2022\/05\/26\/evento-felizcidade-leva-diversas-atracoes-para-populacao-de-cristais-no-domingo\/#breadcrumb","itemListElement":[{"@type":"ListItem","position":1,"name":"In\u00edcio","item":"https:\/\/verdadeon.com.br\/portal\/"},{"@type":"ListItem","position":2,"name":"Evento &#8216;FelizCidade&#8217; leva diversas atra\u00e7\u00f5es para popula\u00e7\u00e3o de Cristais no domingo"}]},{"@type":"WebSite","@id":"https:\/\/verdadeon.com.br\/portal\/#website","url":"https:\/\/verdadeon.com.br\/portal\/","name":"VerdadeOn","description":"Not\u00edcias di\u00e1rias sobre Franca, Regi\u00e3o, Esporte, Cultura, Cotidiano, Colunas. Cobertura nos principais eventos da cidade \u00e9 aqui - Verdadeon Franca","potentialAction":[{"@type":"SearchAction","target":{"@type":"EntryPoint","urlTemplate":"https:\/\/verdadeon.com.br\/portal\/?s={search_term_string}"},"query-input":{"@type":"PropertyValueSpecification","valueRequired":true,"valueName":"search_term_string"}}],"inLanguage":"pt-BR"},{"@type":"Person","@id":"https:\/\/verdadeon.com.br\/portal\/#\/schema\/person\/a5060ad1e9ea3df545188fc93ce43d2f","name":"Redacao VerdadeOn","image":{"@type":"ImageObject","inLanguage":"pt-BR","@id":"https:\/\/verdadeon.com.br\/portal\/#\/schema\/person\/image\/","url":"https:\/\/secure.gravatar.com\/avatar\/459a9613caaaf07f582c3d0841eea68bdd66f533e465e6ba8b9cb45619572cf4?s=96&d=mm&r=g","contentUrl":"https:\/\/secure.gravatar.com\/avatar\/459a9613caaaf07f582c3d0841eea68bdd66f533e465e6ba8b9cb45619572cf4?s=96&d=mm&r=g","caption":"Redacao VerdadeOn"},"url":"https:\/\/verdadeon.com.br\/portal\/author\/redacao\/"}]}},"jetpack_publicize_connections":[],"jetpack_featured_media_url":"https:\/\/i0.wp.com\/verdadeon.com.br\/portal\/wp-content\/uploads\/2022\/05\/eduardo-machado-1-1.jpg?fit=800%2C533&ssl=1","jetpack_sharing_enabled":true,"_links":{"self":[{"href":"https:\/\/verdadeon.com.br\/portal\/wp-json\/wp\/v2\/posts\/25344","targetHints":{"allow":["GET"]}}],"collection":[{"href":"https:\/\/verdadeon.com.br\/portal\/wp-json\/wp\/v2\/posts"}],"about":[{"href":"https:\/\/verdadeon.com.br\/portal\/wp-json\/wp\/v2\/types\/post"}],"author":[{"embeddable":true,"href":"https:\/\/verdadeon.com.br\/portal\/wp-json\/wp\/v2\/users\/10"}],"replies":[{"embeddable":true,"href":"https:\/\/verdadeon.com.br\/portal\/wp-json\/wp\/v2\/comments?post=25344"}],"version-history":[{"count":1,"href":"https:\/\/verdadeon.com.br\/portal\/wp-json\/wp\/v2\/posts\/25344\/revisions"}],"predecessor-version":[{"id":25348,"href":"https:\/\/verdadeon.com.br\/portal\/wp-json\/wp\/v2\/posts\/25344\/revisions\/25348"}],"wp:featuredmedia":[{"embeddable":true,"href":"https:\/\/verdadeon.com.br\/portal\/wp-json\/wp\/v2\/media\/25347"}],"wp:attachment":[{"href":"https:\/\/verdadeon.com.br\/portal\/wp-json\/wp\/v2\/media?parent=25344"}],"wp:term":[{"taxonomy":"category","embeddable":true,"href":"https:\/\/verdadeon.com.br\/portal\/wp-json\/wp\/v2\/categories?post=25344"},{"taxonomy":"post_tag","embeddable":true,"href":"https:\/\/verdadeon.com.br\/portal\/wp-json\/wp\/v2\/tags?post=25344"}],"curies":[{"name":"wp","href":"https:\/\/api.w.org\/{rel}","templated":true}]}}