{"id":25335,"date":"2022-05-26T10:44:01","date_gmt":"2022-05-26T13:44:01","guid":{"rendered":"https:\/\/verdadeon.com.br\/portal\/?p=25335"},"modified":"2022-05-26T10:44:01","modified_gmt":"2022-05-26T13:44:01","slug":"anvisa-amplia-uso-do-remdesivir-em-casos-de-covid-19","status":"publish","type":"post","link":"https:\/\/verdadeon.com.br\/portal\/2022\/05\/26\/anvisa-amplia-uso-do-remdesivir-em-casos-de-covid-19\/","title":{"rendered":"Anvisa amplia uso do remdesivir em casos de covid-19"},"content":{"rendered":"<div class=\"col-lg-12 mb-3\">\n<div class=\"row\">\n<h3 class=\"col-10 offset-1 animated fadeInDown dealy-900 display-8 display-md-8 alt-font font-italic my-1 text-center\">Paciente com risco de evoluir para caso greve pode receber o rem\u00e9dio<\/h3>\n<\/div>\n<ul class=\"divider social-icons si-border round si-colored-bg-on-hover my-3\"><\/ul>\n<div class=\"row\">\n<h4 class=\"col-10 offset-1 animated fadeInDown dealy-1100 alt-font font-italic my-2 small text-info text-center\">\u00a0Ag\u00eancia Brasil<\/h4>\n<\/div>\n<\/div>\n<div class=\"col-xl-7 offset-xl-1 col-lg-8 offset-lg-0 col-md-10 offset-md-1 mb-3\">\n<div class=\"post-item alt-font\">\n<div class=\"post-item-wrap\">\n<p>A Ag\u00eancia Nacional de Vigil\u00e2ncia Sanit\u00e1ria (Anvisa) aprovou nova indica\u00e7\u00e3o do medicamento Veklury, cuja subst\u00e2ncia ativa \u00e9 o remdesivir, para o tratamento da covid-19. A medida foi aprovada no dia 23 e divulgada hoje no<em>\u00a0site<\/em>\u00a0da institui\u00e7\u00e3o. O rem\u00e9dio poder\u00e1 ser usado em pacientes adultos que \u201cn\u00e3o necessitem de administra\u00e7\u00e3o suplementar de oxig\u00eanio e que apresentem risco aumentado de progredir para caso grave\u201d da doen\u00e7a.<img data-recalc-dims=\"1\" decoding=\"async\" src=\"https:\/\/i0.wp.com\/agenciabrasil.ebc.com.br\/ebc.png?w=1220&#038;ssl=1\" \/><img data-recalc-dims=\"1\" decoding=\"async\" src=\"https:\/\/i0.wp.com\/agenciabrasil.ebc.com.br\/ebc.gif?w=1220&#038;ssl=1\" \/><\/p>\n<p>\u201cO remdesivir \u00e9 um antiviral injet\u00e1vel\u202fproduzido no formato de p\u00f3 para dilui\u00e7\u00e3o,\u202fem frascos de 100 mg.\u202fA subst\u00e2ncia impede a replica\u00e7\u00e3o do v\u00edrus no organismo, diminuindo o processo de infec\u00e7\u00e3o\u201d, diz a nota da Anvisa. Segundo a ag\u00eancia, a empresa Gilead Sciences Farmac\u00eautica do Brasil apresentou dados cl\u00ednicos que demonstraram a efic\u00e1cia e a seguran\u00e7a do medicamento para esta finalidade.<\/p>\n<p>Antes, o remdesivir tinha indica\u00e7\u00e3o terap\u00eautica no Brasil para tratamento de covid-19 apenas em pacientes adultos e adolescentes com pneumonia que precisam de oxig\u00eanio. Com a nova indica\u00e7\u00e3o, o uso da medica\u00e7\u00e3o deve ser iniciado assim que poss\u00edvel ap\u00f3s o diagn\u00f3stico e dentro de sete dias do aparecimento dos sintomas.<\/p>\n<p>O tratamento tem o tempo total de tr\u00eas dias. A recomenda\u00e7\u00e3o da Anvisa \u00e9 que seja administrada, por infus\u00e3o intravenosa, uma dose \u00fanica de 200 mg de remdesivir no primeiro dia. Nos dias seguintes, a administra\u00e7\u00e3o de uma dose di\u00e1ria de 100 mg, com o mesmo procedimento.<\/p>\n<p>A Anvisa recomenda ainda que sejam seguidas as mesmas condi\u00e7\u00f5es de seguran\u00e7a para uso do medicamento em ambiente ambulatorial, como a realiza\u00e7\u00e3o de testes laboratoriais hep\u00e1ticos e renais em todos os pacientes antes do in\u00edcio do tratamento.<\/p>\n<\/div>\n<p class=\"alt-font font-italic my-2 small text-info\">Edi\u00e7\u00e3o: N\u00e1dia Franco<\/p>\n<\/div>\n<\/div>\n","protected":false},"excerpt":{"rendered":"<p>Paciente com risco de evoluir para caso greve pode receber o rem\u00e9dio \u00a0Ag\u00eancia Brasil A Ag\u00eancia Nacional de Vigil\u00e2ncia Sanit\u00e1ria (Anvisa) aprovou nova indica\u00e7\u00e3o do medicamento<span class=\"excerpt-hellip\"> [\u2026]<\/span><\/p>\n","protected":false},"author":4,"featured_media":25336,"comment_status":"open","ping_status":"open","sticky":false,"template":"","format":"standard","meta":{"_jetpack_memberships_contains_paid_content":false,"footnotes":"","jetpack_publicize_message":"","jetpack_publicize_feature_enabled":true,"jetpack_social_post_already_shared":false,"jetpack_social_options":{"image_generator_settings":{"template":"highway","default_image_id":0,"enabled":false},"version":2}},"categories":[28,44],"tags":[],"class_list":["post-25335","post","type-post","status-publish","format-standard","has-post-thumbnail","hentry","category-cotidiano","category-noticias"],"yoast_head":"<!-- This site is optimized with the Yoast SEO plugin v25.6 - https:\/\/yoast.com\/wordpress\/plugins\/seo\/ -->\n<title>Anvisa amplia uso do remdesivir em casos de covid-19 - VerdadeOn<\/title>\n<meta name=\"robots\" content=\"index, follow, max-snippet:-1, max-image-preview:large, max-video-preview:-1\" \/>\n<link rel=\"canonical\" href=\"https:\/\/verdadeon.com.br\/portal\/2022\/05\/26\/anvisa-amplia-uso-do-remdesivir-em-casos-de-covid-19\/\" \/>\n<meta property=\"og:locale\" content=\"pt_BR\" \/>\n<meta property=\"og:type\" content=\"article\" \/>\n<meta property=\"og:title\" content=\"Anvisa amplia uso do remdesivir em casos de covid-19 - VerdadeOn\" \/>\n<meta property=\"og:description\" content=\"Paciente com risco de evoluir para caso greve pode receber o rem\u00e9dio \u00a0Ag\u00eancia Brasil A Ag\u00eancia Nacional de Vigil\u00e2ncia Sanit\u00e1ria (Anvisa) aprovou nova indica\u00e7\u00e3o do medicamento [\u2026]\" \/>\n<meta property=\"og:url\" content=\"https:\/\/verdadeon.com.br\/portal\/2022\/05\/26\/anvisa-amplia-uso-do-remdesivir-em-casos-de-covid-19\/\" \/>\n<meta property=\"og:site_name\" content=\"VerdadeOn\" \/>\n<meta property=\"article:published_time\" content=\"2022-05-26T13:44:01+00:00\" \/>\n<meta property=\"og:image\" content=\"https:\/\/verdadeon.com.br\/portal\/wp-content\/uploads\/2022\/05\/2021-06-02t134517z_1614631010_rc2nrn9vjexm_rtrmadp_3_health-coronavirus-india-egypt.jpg\" \/>\n\t<meta property=\"og:image:width\" content=\"1000\" \/>\n\t<meta property=\"og:image:height\" content=\"670\" \/>\n\t<meta property=\"og:image:type\" content=\"image\/jpeg\" \/>\n<meta name=\"author\" content=\"Fernando Calixto\" \/>\n<meta name=\"twitter:card\" content=\"summary_large_image\" \/>\n<meta name=\"twitter:label1\" content=\"Escrito por\" \/>\n\t<meta name=\"twitter:data1\" content=\"Fernando Calixto\" \/>\n\t<meta name=\"twitter:label2\" content=\"Est. tempo de leitura\" \/>\n\t<meta name=\"twitter:data2\" content=\"2 minutos\" \/>\n<script type=\"application\/ld+json\" class=\"yoast-schema-graph\">{\"@context\":\"https:\/\/schema.org\",\"@graph\":[{\"@type\":\"WebPage\",\"@id\":\"https:\/\/verdadeon.com.br\/portal\/2022\/05\/26\/anvisa-amplia-uso-do-remdesivir-em-casos-de-covid-19\/\",\"url\":\"https:\/\/verdadeon.com.br\/portal\/2022\/05\/26\/anvisa-amplia-uso-do-remdesivir-em-casos-de-covid-19\/\",\"name\":\"Anvisa amplia uso do remdesivir em casos de covid-19 - VerdadeOn\",\"isPartOf\":{\"@id\":\"https:\/\/verdadeon.com.br\/portal\/#website\"},\"primaryImageOfPage\":{\"@id\":\"https:\/\/verdadeon.com.br\/portal\/2022\/05\/26\/anvisa-amplia-uso-do-remdesivir-em-casos-de-covid-19\/#primaryimage\"},\"image\":{\"@id\":\"https:\/\/verdadeon.com.br\/portal\/2022\/05\/26\/anvisa-amplia-uso-do-remdesivir-em-casos-de-covid-19\/#primaryimage\"},\"thumbnailUrl\":\"https:\/\/i0.wp.com\/verdadeon.com.br\/portal\/wp-content\/uploads\/2022\/05\/2021-06-02t134517z_1614631010_rc2nrn9vjexm_rtrmadp_3_health-coronavirus-india-egypt.jpg?fit=1000%2C670&ssl=1\",\"datePublished\":\"2022-05-26T13:44:01+00:00\",\"author\":{\"@id\":\"https:\/\/verdadeon.com.br\/portal\/#\/schema\/person\/8994718f49ee62ba5610471e29ca1f62\"},\"breadcrumb\":{\"@id\":\"https:\/\/verdadeon.com.br\/portal\/2022\/05\/26\/anvisa-amplia-uso-do-remdesivir-em-casos-de-covid-19\/#breadcrumb\"},\"inLanguage\":\"pt-BR\",\"potentialAction\":[{\"@type\":\"ReadAction\",\"target\":[\"https:\/\/verdadeon.com.br\/portal\/2022\/05\/26\/anvisa-amplia-uso-do-remdesivir-em-casos-de-covid-19\/\"]}]},{\"@type\":\"ImageObject\",\"inLanguage\":\"pt-BR\",\"@id\":\"https:\/\/verdadeon.com.br\/portal\/2022\/05\/26\/anvisa-amplia-uso-do-remdesivir-em-casos-de-covid-19\/#primaryimage\",\"url\":\"https:\/\/i0.wp.com\/verdadeon.com.br\/portal\/wp-content\/uploads\/2022\/05\/2021-06-02t134517z_1614631010_rc2nrn9vjexm_rtrmadp_3_health-coronavirus-india-egypt.jpg?fit=1000%2C670&ssl=1\",\"contentUrl\":\"https:\/\/i0.wp.com\/verdadeon.com.br\/portal\/wp-content\/uploads\/2022\/05\/2021-06-02t134517z_1614631010_rc2nrn9vjexm_rtrmadp_3_health-coronavirus-india-egypt.jpg?fit=1000%2C670&ssl=1\",\"width\":1000,\"height\":670},{\"@type\":\"BreadcrumbList\",\"@id\":\"https:\/\/verdadeon.com.br\/portal\/2022\/05\/26\/anvisa-amplia-uso-do-remdesivir-em-casos-de-covid-19\/#breadcrumb\",\"itemListElement\":[{\"@type\":\"ListItem\",\"position\":1,\"name\":\"In\u00edcio\",\"item\":\"https:\/\/verdadeon.com.br\/portal\/\"},{\"@type\":\"ListItem\",\"position\":2,\"name\":\"Anvisa amplia uso do remdesivir em casos de covid-19\"}]},{\"@type\":\"WebSite\",\"@id\":\"https:\/\/verdadeon.com.br\/portal\/#website\",\"url\":\"https:\/\/verdadeon.com.br\/portal\/\",\"name\":\"VerdadeOn\",\"description\":\"Not\u00edcias di\u00e1rias sobre Franca, Regi\u00e3o, Esporte, Cultura, Cotidiano, Colunas. Cobertura nos principais eventos da cidade \u00e9 aqui - Verdadeon Franca\",\"potentialAction\":[{\"@type\":\"SearchAction\",\"target\":{\"@type\":\"EntryPoint\",\"urlTemplate\":\"https:\/\/verdadeon.com.br\/portal\/?s={search_term_string}\"},\"query-input\":{\"@type\":\"PropertyValueSpecification\",\"valueRequired\":true,\"valueName\":\"search_term_string\"}}],\"inLanguage\":\"pt-BR\"},{\"@type\":\"Person\",\"@id\":\"https:\/\/verdadeon.com.br\/portal\/#\/schema\/person\/8994718f49ee62ba5610471e29ca1f62\",\"name\":\"Fernando Calixto\",\"image\":{\"@type\":\"ImageObject\",\"inLanguage\":\"pt-BR\",\"@id\":\"https:\/\/verdadeon.com.br\/portal\/#\/schema\/person\/image\/\",\"url\":\"https:\/\/secure.gravatar.com\/avatar\/7578910c24966c0316c340f9dbd601e93ee9f9212e1033968b367af9306bd9fb?s=96&d=mm&r=g\",\"contentUrl\":\"https:\/\/secure.gravatar.com\/avatar\/7578910c24966c0316c340f9dbd601e93ee9f9212e1033968b367af9306bd9fb?s=96&d=mm&r=g\",\"caption\":\"Fernando Calixto\"},\"url\":\"https:\/\/verdadeon.com.br\/portal\/author\/fernando-calixto\/\"}]}<\/script>\n<!-- \/ Yoast SEO plugin. -->","yoast_head_json":{"title":"Anvisa amplia uso do remdesivir em casos de covid-19 - VerdadeOn","robots":{"index":"index","follow":"follow","max-snippet":"max-snippet:-1","max-image-preview":"max-image-preview:large","max-video-preview":"max-video-preview:-1"},"canonical":"https:\/\/verdadeon.com.br\/portal\/2022\/05\/26\/anvisa-amplia-uso-do-remdesivir-em-casos-de-covid-19\/","og_locale":"pt_BR","og_type":"article","og_title":"Anvisa amplia uso do remdesivir em casos de covid-19 - VerdadeOn","og_description":"Paciente com risco de evoluir para caso greve pode receber o rem\u00e9dio \u00a0Ag\u00eancia Brasil A Ag\u00eancia Nacional de Vigil\u00e2ncia Sanit\u00e1ria (Anvisa) aprovou nova indica\u00e7\u00e3o do medicamento [\u2026]","og_url":"https:\/\/verdadeon.com.br\/portal\/2022\/05\/26\/anvisa-amplia-uso-do-remdesivir-em-casos-de-covid-19\/","og_site_name":"VerdadeOn","article_published_time":"2022-05-26T13:44:01+00:00","og_image":[{"width":1000,"height":670,"url":"https:\/\/verdadeon.com.br\/portal\/wp-content\/uploads\/2022\/05\/2021-06-02t134517z_1614631010_rc2nrn9vjexm_rtrmadp_3_health-coronavirus-india-egypt.jpg","type":"image\/jpeg"}],"author":"Fernando Calixto","twitter_card":"summary_large_image","twitter_misc":{"Escrito por":"Fernando Calixto","Est. tempo de leitura":"2 minutos"},"schema":{"@context":"https:\/\/schema.org","@graph":[{"@type":"WebPage","@id":"https:\/\/verdadeon.com.br\/portal\/2022\/05\/26\/anvisa-amplia-uso-do-remdesivir-em-casos-de-covid-19\/","url":"https:\/\/verdadeon.com.br\/portal\/2022\/05\/26\/anvisa-amplia-uso-do-remdesivir-em-casos-de-covid-19\/","name":"Anvisa amplia uso do remdesivir em casos de covid-19 - VerdadeOn","isPartOf":{"@id":"https:\/\/verdadeon.com.br\/portal\/#website"},"primaryImageOfPage":{"@id":"https:\/\/verdadeon.com.br\/portal\/2022\/05\/26\/anvisa-amplia-uso-do-remdesivir-em-casos-de-covid-19\/#primaryimage"},"image":{"@id":"https:\/\/verdadeon.com.br\/portal\/2022\/05\/26\/anvisa-amplia-uso-do-remdesivir-em-casos-de-covid-19\/#primaryimage"},"thumbnailUrl":"https:\/\/i0.wp.com\/verdadeon.com.br\/portal\/wp-content\/uploads\/2022\/05\/2021-06-02t134517z_1614631010_rc2nrn9vjexm_rtrmadp_3_health-coronavirus-india-egypt.jpg?fit=1000%2C670&ssl=1","datePublished":"2022-05-26T13:44:01+00:00","author":{"@id":"https:\/\/verdadeon.com.br\/portal\/#\/schema\/person\/8994718f49ee62ba5610471e29ca1f62"},"breadcrumb":{"@id":"https:\/\/verdadeon.com.br\/portal\/2022\/05\/26\/anvisa-amplia-uso-do-remdesivir-em-casos-de-covid-19\/#breadcrumb"},"inLanguage":"pt-BR","potentialAction":[{"@type":"ReadAction","target":["https:\/\/verdadeon.com.br\/portal\/2022\/05\/26\/anvisa-amplia-uso-do-remdesivir-em-casos-de-covid-19\/"]}]},{"@type":"ImageObject","inLanguage":"pt-BR","@id":"https:\/\/verdadeon.com.br\/portal\/2022\/05\/26\/anvisa-amplia-uso-do-remdesivir-em-casos-de-covid-19\/#primaryimage","url":"https:\/\/i0.wp.com\/verdadeon.com.br\/portal\/wp-content\/uploads\/2022\/05\/2021-06-02t134517z_1614631010_rc2nrn9vjexm_rtrmadp_3_health-coronavirus-india-egypt.jpg?fit=1000%2C670&ssl=1","contentUrl":"https:\/\/i0.wp.com\/verdadeon.com.br\/portal\/wp-content\/uploads\/2022\/05\/2021-06-02t134517z_1614631010_rc2nrn9vjexm_rtrmadp_3_health-coronavirus-india-egypt.jpg?fit=1000%2C670&ssl=1","width":1000,"height":670},{"@type":"BreadcrumbList","@id":"https:\/\/verdadeon.com.br\/portal\/2022\/05\/26\/anvisa-amplia-uso-do-remdesivir-em-casos-de-covid-19\/#breadcrumb","itemListElement":[{"@type":"ListItem","position":1,"name":"In\u00edcio","item":"https:\/\/verdadeon.com.br\/portal\/"},{"@type":"ListItem","position":2,"name":"Anvisa amplia uso do remdesivir em casos de covid-19"}]},{"@type":"WebSite","@id":"https:\/\/verdadeon.com.br\/portal\/#website","url":"https:\/\/verdadeon.com.br\/portal\/","name":"VerdadeOn","description":"Not\u00edcias di\u00e1rias sobre Franca, Regi\u00e3o, Esporte, Cultura, Cotidiano, Colunas. Cobertura nos principais eventos da cidade \u00e9 aqui - Verdadeon Franca","potentialAction":[{"@type":"SearchAction","target":{"@type":"EntryPoint","urlTemplate":"https:\/\/verdadeon.com.br\/portal\/?s={search_term_string}"},"query-input":{"@type":"PropertyValueSpecification","valueRequired":true,"valueName":"search_term_string"}}],"inLanguage":"pt-BR"},{"@type":"Person","@id":"https:\/\/verdadeon.com.br\/portal\/#\/schema\/person\/8994718f49ee62ba5610471e29ca1f62","name":"Fernando Calixto","image":{"@type":"ImageObject","inLanguage":"pt-BR","@id":"https:\/\/verdadeon.com.br\/portal\/#\/schema\/person\/image\/","url":"https:\/\/secure.gravatar.com\/avatar\/7578910c24966c0316c340f9dbd601e93ee9f9212e1033968b367af9306bd9fb?s=96&d=mm&r=g","contentUrl":"https:\/\/secure.gravatar.com\/avatar\/7578910c24966c0316c340f9dbd601e93ee9f9212e1033968b367af9306bd9fb?s=96&d=mm&r=g","caption":"Fernando Calixto"},"url":"https:\/\/verdadeon.com.br\/portal\/author\/fernando-calixto\/"}]}},"jetpack_publicize_connections":[],"jetpack_featured_media_url":"https:\/\/i0.wp.com\/verdadeon.com.br\/portal\/wp-content\/uploads\/2022\/05\/2021-06-02t134517z_1614631010_rc2nrn9vjexm_rtrmadp_3_health-coronavirus-india-egypt.jpg?fit=1000%2C670&ssl=1","jetpack_sharing_enabled":true,"_links":{"self":[{"href":"https:\/\/verdadeon.com.br\/portal\/wp-json\/wp\/v2\/posts\/25335","targetHints":{"allow":["GET"]}}],"collection":[{"href":"https:\/\/verdadeon.com.br\/portal\/wp-json\/wp\/v2\/posts"}],"about":[{"href":"https:\/\/verdadeon.com.br\/portal\/wp-json\/wp\/v2\/types\/post"}],"author":[{"embeddable":true,"href":"https:\/\/verdadeon.com.br\/portal\/wp-json\/wp\/v2\/users\/4"}],"replies":[{"embeddable":true,"href":"https:\/\/verdadeon.com.br\/portal\/wp-json\/wp\/v2\/comments?post=25335"}],"version-history":[{"count":1,"href":"https:\/\/verdadeon.com.br\/portal\/wp-json\/wp\/v2\/posts\/25335\/revisions"}],"predecessor-version":[{"id":25343,"href":"https:\/\/verdadeon.com.br\/portal\/wp-json\/wp\/v2\/posts\/25335\/revisions\/25343"}],"wp:featuredmedia":[{"embeddable":true,"href":"https:\/\/verdadeon.com.br\/portal\/wp-json\/wp\/v2\/media\/25336"}],"wp:attachment":[{"href":"https:\/\/verdadeon.com.br\/portal\/wp-json\/wp\/v2\/media?parent=25335"}],"wp:term":[{"taxonomy":"category","embeddable":true,"href":"https:\/\/verdadeon.com.br\/portal\/wp-json\/wp\/v2\/categories?post=25335"},{"taxonomy":"post_tag","embeddable":true,"href":"https:\/\/verdadeon.com.br\/portal\/wp-json\/wp\/v2\/tags?post=25335"}],"curies":[{"name":"wp","href":"https:\/\/api.w.org\/{rel}","templated":true}]}}