{"id":25332,"date":"2022-05-26T10:41:19","date_gmt":"2022-05-26T13:41:19","guid":{"rendered":"https:\/\/verdadeon.com.br\/portal\/?p=25332"},"modified":"2022-05-26T10:41:19","modified_gmt":"2022-05-26T13:41:19","slug":"subsidio-do-casa-verde-amarela-aumentara-em-ate-214","status":"publish","type":"post","link":"https:\/\/verdadeon.com.br\/portal\/2022\/05\/26\/subsidio-do-casa-verde-amarela-aumentara-em-ate-214\/","title":{"rendered":"Subs\u00eddio do Casa Verde Amarela aumentar\u00e1 em at\u00e9 21,4%"},"content":{"rendered":"<div class=\"col-lg-12 mb-3\">\n<div class=\"row\">\n<h3 class=\"col-10 offset-1 animated fadeInDown dealy-900 display-8 display-md-8 alt-font font-italic my-1 text-center\">Acr\u00e9scimo varia conforme regi\u00e3o, renda familiar e tamanho da popula\u00e7\u00e3o<\/h3>\n<\/div>\n<p>Ag\u00eancia Brasil<\/p><\/div>\n<div class=\"col-xl-7 offset-xl-1 col-lg-8 offset-lg-0 col-md-10 offset-md-1 mb-3\">\n<div class=\"post-item alt-font\">\n<div class=\"post-item-wrap\">\n<p>O subs\u00eddio definido pelo governo federal para financiamento de im\u00f3veis do Programa Casa Verde Amarela, voltado a fam\u00edlias de baixa renda, ser\u00e1 ampliado em percentuais que variam de 12,5% a 21,4%.<img data-recalc-dims=\"1\" decoding=\"async\" src=\"https:\/\/i0.wp.com\/agenciabrasil.ebc.com.br\/ebc.png?w=1220&#038;ssl=1\" \/><img data-recalc-dims=\"1\" decoding=\"async\" src=\"https:\/\/i0.wp.com\/agenciabrasil.ebc.com.br\/ebc.gif?w=1220&#038;ssl=1\" \/><\/p>\n<p>O acr\u00e9scimo varia conforme regi\u00e3o, renda familiar e popula\u00e7\u00e3o do munic\u00edpio. A informa\u00e7\u00e3o \u00e9 do Minist\u00e9rio do Desenvolvimento Regional (MDR).<\/p>\n<p>Segundo a pasta, a amplia\u00e7\u00e3o do subs\u00eddio tem, como objetivo, facilitar a aquisi\u00e7\u00e3o da casa pr\u00f3pria e ampliar o n\u00famero de moradias entregues. A medida entra em vigor no in\u00edcio de junho e vale at\u00e9 31 de dezembro de 2022.<\/p>\n<p>\u201cUma fam\u00edlia de S\u00e3o Paulo com renda mensal m\u00e9dia bruta de R$ 1,8 mil, por exemplo, ter\u00e1 o subs\u00eddio m\u00e9dio ajustado de R$ 38,1 mil para R$ 42,9 mil. J\u00e1 para uma fam\u00edlia de Jo\u00e3o Pessoa (PB) com renda mensal m\u00e9dia bruta de R$ 1,8 mil, o subs\u00eddio m\u00e9dio passar\u00e1 de R$ 29,9 mil para R$ 34 mil\u201d, detalhou o minist\u00e9rio, em nota.<\/p>\n<p>Nos primeiros quatro meses do ano, o programa j\u00e1 possibilitou a contrata\u00e7\u00e3o de 100 mil unidades habitacionais, segundo o MDR. Com o aumento do subs\u00eddio, a expectativa do governo \u00e9 de que haja a contrata\u00e7\u00e3o de 400 mil unidades ao longo de todo o ano.<\/p>\n<p>Em 2021, cerca de 350 mil fam\u00edlias se beneficiaram do programa, por meio de financiamento com recursos do Fundo de Garantia do Tempo de Servi\u00e7o (FGTS).<\/p>\n<p>\u201cA altera\u00e7\u00e3o no subs\u00eddio deve ser imediatamente implementada pelo principal agente financeiro, a Caixa Econ\u00f4mica Federal\u201d, explicou o minist\u00e9rio ao garantir que a medida \u201cn\u00e3o implicar\u00e1 em mudan\u00e7as no or\u00e7amento de descontos aprovado pelo Conselho Curador do FGTS, correspondente a R$ 8,5 bilh\u00f5es em 2022\u201d.<\/p>\n<\/div>\n<p class=\"alt-font font-italic my-2 small text-info\">Edi\u00e7\u00e3o: Denise Griesinger<\/p>\n<\/div>\n<\/div>\n","protected":false},"excerpt":{"rendered":"<p>Acr\u00e9scimo varia conforme regi\u00e3o, renda familiar e tamanho da popula\u00e7\u00e3o Ag\u00eancia Brasil O subs\u00eddio definido pelo governo federal para financiamento de im\u00f3veis do Programa Casa Verde<span class=\"excerpt-hellip\"> [\u2026]<\/span><\/p>\n","protected":false},"author":4,"featured_media":25339,"comment_status":"open","ping_status":"open","sticky":false,"template":"","format":"standard","meta":{"_jetpack_memberships_contains_paid_content":false,"footnotes":"","jetpack_publicize_message":"","jetpack_publicize_feature_enabled":true,"jetpack_social_post_already_shared":false,"jetpack_social_options":{"image_generator_settings":{"template":"highway","default_image_id":0,"enabled":false},"version":2}},"categories":[28,44],"tags":[],"class_list":["post-25332","post","type-post","status-publish","format-standard","has-post-thumbnail","hentry","category-cotidiano","category-noticias"],"yoast_head":"<!-- This site is optimized with the Yoast SEO plugin v25.6 - https:\/\/yoast.com\/wordpress\/plugins\/seo\/ -->\n<title>Subs\u00eddio do Casa Verde Amarela aumentar\u00e1 em at\u00e9 21,4% - VerdadeOn<\/title>\n<meta name=\"robots\" content=\"index, follow, max-snippet:-1, max-image-preview:large, max-video-preview:-1\" \/>\n<link rel=\"canonical\" href=\"https:\/\/verdadeon.com.br\/portal\/2022\/05\/26\/subsidio-do-casa-verde-amarela-aumentara-em-ate-214\/\" \/>\n<meta property=\"og:locale\" content=\"pt_BR\" \/>\n<meta property=\"og:type\" content=\"article\" \/>\n<meta property=\"og:title\" content=\"Subs\u00eddio do Casa Verde Amarela aumentar\u00e1 em at\u00e9 21,4% - VerdadeOn\" \/>\n<meta property=\"og:description\" content=\"Acr\u00e9scimo varia conforme regi\u00e3o, renda familiar e tamanho da popula\u00e7\u00e3o Ag\u00eancia Brasil O subs\u00eddio definido pelo governo federal para financiamento de im\u00f3veis do Programa Casa Verde [\u2026]\" \/>\n<meta property=\"og:url\" content=\"https:\/\/verdadeon.com.br\/portal\/2022\/05\/26\/subsidio-do-casa-verde-amarela-aumentara-em-ate-214\/\" \/>\n<meta property=\"og:site_name\" content=\"VerdadeOn\" \/>\n<meta property=\"article:published_time\" content=\"2022-05-26T13:41:19+00:00\" \/>\n<meta property=\"og:image\" content=\"https:\/\/verdadeon.com.br\/portal\/wp-content\/uploads\/2022\/05\/51766089622_9f9f160388_o.jpg\" \/>\n\t<meta property=\"og:image:width\" content=\"1000\" \/>\n\t<meta property=\"og:image:height\" content=\"670\" \/>\n\t<meta property=\"og:image:type\" content=\"image\/jpeg\" \/>\n<meta name=\"author\" content=\"Fernando Calixto\" \/>\n<meta name=\"twitter:card\" content=\"summary_large_image\" \/>\n<meta name=\"twitter:label1\" content=\"Escrito por\" \/>\n\t<meta name=\"twitter:data1\" content=\"Fernando Calixto\" \/>\n\t<meta name=\"twitter:label2\" content=\"Est. tempo de leitura\" \/>\n\t<meta name=\"twitter:data2\" content=\"2 minutos\" \/>\n<script type=\"application\/ld+json\" class=\"yoast-schema-graph\">{\"@context\":\"https:\/\/schema.org\",\"@graph\":[{\"@type\":\"WebPage\",\"@id\":\"https:\/\/verdadeon.com.br\/portal\/2022\/05\/26\/subsidio-do-casa-verde-amarela-aumentara-em-ate-214\/\",\"url\":\"https:\/\/verdadeon.com.br\/portal\/2022\/05\/26\/subsidio-do-casa-verde-amarela-aumentara-em-ate-214\/\",\"name\":\"Subs\u00eddio do Casa Verde Amarela aumentar\u00e1 em at\u00e9 21,4% - VerdadeOn\",\"isPartOf\":{\"@id\":\"https:\/\/verdadeon.com.br\/portal\/#website\"},\"primaryImageOfPage\":{\"@id\":\"https:\/\/verdadeon.com.br\/portal\/2022\/05\/26\/subsidio-do-casa-verde-amarela-aumentara-em-ate-214\/#primaryimage\"},\"image\":{\"@id\":\"https:\/\/verdadeon.com.br\/portal\/2022\/05\/26\/subsidio-do-casa-verde-amarela-aumentara-em-ate-214\/#primaryimage\"},\"thumbnailUrl\":\"https:\/\/i0.wp.com\/verdadeon.com.br\/portal\/wp-content\/uploads\/2022\/05\/51766089622_9f9f160388_o.jpg?fit=1000%2C670&ssl=1\",\"datePublished\":\"2022-05-26T13:41:19+00:00\",\"author\":{\"@id\":\"https:\/\/verdadeon.com.br\/portal\/#\/schema\/person\/8994718f49ee62ba5610471e29ca1f62\"},\"breadcrumb\":{\"@id\":\"https:\/\/verdadeon.com.br\/portal\/2022\/05\/26\/subsidio-do-casa-verde-amarela-aumentara-em-ate-214\/#breadcrumb\"},\"inLanguage\":\"pt-BR\",\"potentialAction\":[{\"@type\":\"ReadAction\",\"target\":[\"https:\/\/verdadeon.com.br\/portal\/2022\/05\/26\/subsidio-do-casa-verde-amarela-aumentara-em-ate-214\/\"]}]},{\"@type\":\"ImageObject\",\"inLanguage\":\"pt-BR\",\"@id\":\"https:\/\/verdadeon.com.br\/portal\/2022\/05\/26\/subsidio-do-casa-verde-amarela-aumentara-em-ate-214\/#primaryimage\",\"url\":\"https:\/\/i0.wp.com\/verdadeon.com.br\/portal\/wp-content\/uploads\/2022\/05\/51766089622_9f9f160388_o.jpg?fit=1000%2C670&ssl=1\",\"contentUrl\":\"https:\/\/i0.wp.com\/verdadeon.com.br\/portal\/wp-content\/uploads\/2022\/05\/51766089622_9f9f160388_o.jpg?fit=1000%2C670&ssl=1\",\"width\":1000,\"height\":670},{\"@type\":\"BreadcrumbList\",\"@id\":\"https:\/\/verdadeon.com.br\/portal\/2022\/05\/26\/subsidio-do-casa-verde-amarela-aumentara-em-ate-214\/#breadcrumb\",\"itemListElement\":[{\"@type\":\"ListItem\",\"position\":1,\"name\":\"In\u00edcio\",\"item\":\"https:\/\/verdadeon.com.br\/portal\/\"},{\"@type\":\"ListItem\",\"position\":2,\"name\":\"Subs\u00eddio do Casa Verde Amarela aumentar\u00e1 em at\u00e9 21,4%\"}]},{\"@type\":\"WebSite\",\"@id\":\"https:\/\/verdadeon.com.br\/portal\/#website\",\"url\":\"https:\/\/verdadeon.com.br\/portal\/\",\"name\":\"VerdadeOn\",\"description\":\"Not\u00edcias di\u00e1rias sobre Franca, Regi\u00e3o, Esporte, Cultura, Cotidiano, Colunas. Cobertura nos principais eventos da cidade \u00e9 aqui - Verdadeon Franca\",\"potentialAction\":[{\"@type\":\"SearchAction\",\"target\":{\"@type\":\"EntryPoint\",\"urlTemplate\":\"https:\/\/verdadeon.com.br\/portal\/?s={search_term_string}\"},\"query-input\":{\"@type\":\"PropertyValueSpecification\",\"valueRequired\":true,\"valueName\":\"search_term_string\"}}],\"inLanguage\":\"pt-BR\"},{\"@type\":\"Person\",\"@id\":\"https:\/\/verdadeon.com.br\/portal\/#\/schema\/person\/8994718f49ee62ba5610471e29ca1f62\",\"name\":\"Fernando Calixto\",\"image\":{\"@type\":\"ImageObject\",\"inLanguage\":\"pt-BR\",\"@id\":\"https:\/\/verdadeon.com.br\/portal\/#\/schema\/person\/image\/\",\"url\":\"https:\/\/secure.gravatar.com\/avatar\/7578910c24966c0316c340f9dbd601e93ee9f9212e1033968b367af9306bd9fb?s=96&d=mm&r=g\",\"contentUrl\":\"https:\/\/secure.gravatar.com\/avatar\/7578910c24966c0316c340f9dbd601e93ee9f9212e1033968b367af9306bd9fb?s=96&d=mm&r=g\",\"caption\":\"Fernando Calixto\"},\"url\":\"https:\/\/verdadeon.com.br\/portal\/author\/fernando-calixto\/\"}]}<\/script>\n<!-- \/ Yoast SEO plugin. -->","yoast_head_json":{"title":"Subs\u00eddio do Casa Verde Amarela aumentar\u00e1 em at\u00e9 21,4% - VerdadeOn","robots":{"index":"index","follow":"follow","max-snippet":"max-snippet:-1","max-image-preview":"max-image-preview:large","max-video-preview":"max-video-preview:-1"},"canonical":"https:\/\/verdadeon.com.br\/portal\/2022\/05\/26\/subsidio-do-casa-verde-amarela-aumentara-em-ate-214\/","og_locale":"pt_BR","og_type":"article","og_title":"Subs\u00eddio do Casa Verde Amarela aumentar\u00e1 em at\u00e9 21,4% - VerdadeOn","og_description":"Acr\u00e9scimo varia conforme regi\u00e3o, renda familiar e tamanho da popula\u00e7\u00e3o Ag\u00eancia Brasil O subs\u00eddio definido pelo governo federal para financiamento de im\u00f3veis do Programa Casa Verde [\u2026]","og_url":"https:\/\/verdadeon.com.br\/portal\/2022\/05\/26\/subsidio-do-casa-verde-amarela-aumentara-em-ate-214\/","og_site_name":"VerdadeOn","article_published_time":"2022-05-26T13:41:19+00:00","og_image":[{"width":1000,"height":670,"url":"https:\/\/verdadeon.com.br\/portal\/wp-content\/uploads\/2022\/05\/51766089622_9f9f160388_o.jpg","type":"image\/jpeg"}],"author":"Fernando Calixto","twitter_card":"summary_large_image","twitter_misc":{"Escrito por":"Fernando Calixto","Est. tempo de leitura":"2 minutos"},"schema":{"@context":"https:\/\/schema.org","@graph":[{"@type":"WebPage","@id":"https:\/\/verdadeon.com.br\/portal\/2022\/05\/26\/subsidio-do-casa-verde-amarela-aumentara-em-ate-214\/","url":"https:\/\/verdadeon.com.br\/portal\/2022\/05\/26\/subsidio-do-casa-verde-amarela-aumentara-em-ate-214\/","name":"Subs\u00eddio do Casa Verde Amarela aumentar\u00e1 em at\u00e9 21,4% - VerdadeOn","isPartOf":{"@id":"https:\/\/verdadeon.com.br\/portal\/#website"},"primaryImageOfPage":{"@id":"https:\/\/verdadeon.com.br\/portal\/2022\/05\/26\/subsidio-do-casa-verde-amarela-aumentara-em-ate-214\/#primaryimage"},"image":{"@id":"https:\/\/verdadeon.com.br\/portal\/2022\/05\/26\/subsidio-do-casa-verde-amarela-aumentara-em-ate-214\/#primaryimage"},"thumbnailUrl":"https:\/\/i0.wp.com\/verdadeon.com.br\/portal\/wp-content\/uploads\/2022\/05\/51766089622_9f9f160388_o.jpg?fit=1000%2C670&ssl=1","datePublished":"2022-05-26T13:41:19+00:00","author":{"@id":"https:\/\/verdadeon.com.br\/portal\/#\/schema\/person\/8994718f49ee62ba5610471e29ca1f62"},"breadcrumb":{"@id":"https:\/\/verdadeon.com.br\/portal\/2022\/05\/26\/subsidio-do-casa-verde-amarela-aumentara-em-ate-214\/#breadcrumb"},"inLanguage":"pt-BR","potentialAction":[{"@type":"ReadAction","target":["https:\/\/verdadeon.com.br\/portal\/2022\/05\/26\/subsidio-do-casa-verde-amarela-aumentara-em-ate-214\/"]}]},{"@type":"ImageObject","inLanguage":"pt-BR","@id":"https:\/\/verdadeon.com.br\/portal\/2022\/05\/26\/subsidio-do-casa-verde-amarela-aumentara-em-ate-214\/#primaryimage","url":"https:\/\/i0.wp.com\/verdadeon.com.br\/portal\/wp-content\/uploads\/2022\/05\/51766089622_9f9f160388_o.jpg?fit=1000%2C670&ssl=1","contentUrl":"https:\/\/i0.wp.com\/verdadeon.com.br\/portal\/wp-content\/uploads\/2022\/05\/51766089622_9f9f160388_o.jpg?fit=1000%2C670&ssl=1","width":1000,"height":670},{"@type":"BreadcrumbList","@id":"https:\/\/verdadeon.com.br\/portal\/2022\/05\/26\/subsidio-do-casa-verde-amarela-aumentara-em-ate-214\/#breadcrumb","itemListElement":[{"@type":"ListItem","position":1,"name":"In\u00edcio","item":"https:\/\/verdadeon.com.br\/portal\/"},{"@type":"ListItem","position":2,"name":"Subs\u00eddio do Casa Verde Amarela aumentar\u00e1 em at\u00e9 21,4%"}]},{"@type":"WebSite","@id":"https:\/\/verdadeon.com.br\/portal\/#website","url":"https:\/\/verdadeon.com.br\/portal\/","name":"VerdadeOn","description":"Not\u00edcias di\u00e1rias sobre Franca, Regi\u00e3o, Esporte, Cultura, Cotidiano, Colunas. Cobertura nos principais eventos da cidade \u00e9 aqui - Verdadeon Franca","potentialAction":[{"@type":"SearchAction","target":{"@type":"EntryPoint","urlTemplate":"https:\/\/verdadeon.com.br\/portal\/?s={search_term_string}"},"query-input":{"@type":"PropertyValueSpecification","valueRequired":true,"valueName":"search_term_string"}}],"inLanguage":"pt-BR"},{"@type":"Person","@id":"https:\/\/verdadeon.com.br\/portal\/#\/schema\/person\/8994718f49ee62ba5610471e29ca1f62","name":"Fernando Calixto","image":{"@type":"ImageObject","inLanguage":"pt-BR","@id":"https:\/\/verdadeon.com.br\/portal\/#\/schema\/person\/image\/","url":"https:\/\/secure.gravatar.com\/avatar\/7578910c24966c0316c340f9dbd601e93ee9f9212e1033968b367af9306bd9fb?s=96&d=mm&r=g","contentUrl":"https:\/\/secure.gravatar.com\/avatar\/7578910c24966c0316c340f9dbd601e93ee9f9212e1033968b367af9306bd9fb?s=96&d=mm&r=g","caption":"Fernando Calixto"},"url":"https:\/\/verdadeon.com.br\/portal\/author\/fernando-calixto\/"}]}},"jetpack_publicize_connections":[],"jetpack_featured_media_url":"https:\/\/i0.wp.com\/verdadeon.com.br\/portal\/wp-content\/uploads\/2022\/05\/51766089622_9f9f160388_o.jpg?fit=1000%2C670&ssl=1","jetpack_sharing_enabled":true,"_links":{"self":[{"href":"https:\/\/verdadeon.com.br\/portal\/wp-json\/wp\/v2\/posts\/25332","targetHints":{"allow":["GET"]}}],"collection":[{"href":"https:\/\/verdadeon.com.br\/portal\/wp-json\/wp\/v2\/posts"}],"about":[{"href":"https:\/\/verdadeon.com.br\/portal\/wp-json\/wp\/v2\/types\/post"}],"author":[{"embeddable":true,"href":"https:\/\/verdadeon.com.br\/portal\/wp-json\/wp\/v2\/users\/4"}],"replies":[{"embeddable":true,"href":"https:\/\/verdadeon.com.br\/portal\/wp-json\/wp\/v2\/comments?post=25332"}],"version-history":[{"count":1,"href":"https:\/\/verdadeon.com.br\/portal\/wp-json\/wp\/v2\/posts\/25332\/revisions"}],"predecessor-version":[{"id":25340,"href":"https:\/\/verdadeon.com.br\/portal\/wp-json\/wp\/v2\/posts\/25332\/revisions\/25340"}],"wp:featuredmedia":[{"embeddable":true,"href":"https:\/\/verdadeon.com.br\/portal\/wp-json\/wp\/v2\/media\/25339"}],"wp:attachment":[{"href":"https:\/\/verdadeon.com.br\/portal\/wp-json\/wp\/v2\/media?parent=25332"}],"wp:term":[{"taxonomy":"category","embeddable":true,"href":"https:\/\/verdadeon.com.br\/portal\/wp-json\/wp\/v2\/categories?post=25332"},{"taxonomy":"post_tag","embeddable":true,"href":"https:\/\/verdadeon.com.br\/portal\/wp-json\/wp\/v2\/tags?post=25332"}],"curies":[{"name":"wp","href":"https:\/\/api.w.org\/{rel}","templated":true}]}}