{"id":25256,"date":"2022-05-23T17:55:55","date_gmt":"2022-05-23T20:55:55","guid":{"rendered":"https:\/\/verdadeon.com.br\/portal\/?p=25256"},"modified":"2022-05-23T17:55:55","modified_gmt":"2022-05-23T20:55:55","slug":"com-presenca-de-fieis-francanos-inauguracao-de-santuario-e-marcado-por-emocao-em-cassia","status":"publish","type":"post","link":"https:\/\/verdadeon.com.br\/portal\/2022\/05\/23\/com-presenca-de-fieis-francanos-inauguracao-de-santuario-e-marcado-por-emocao-em-cassia\/","title":{"rendered":"Com presen\u00e7a de fieis francanos, inaugura\u00e7\u00e3o de Santu\u00e1rio \u00e9 marcado por emo\u00e7\u00e3o em C\u00e1ssia"},"content":{"rendered":"<h2>Cerim\u00f4nia oficializou a doa\u00e7\u00e3o do Santu\u00e1rio para a Igreja Cat\u00f3lica em Minas Gerais<\/h2>\n<p>Fernando Lima<\/p>\n<p>Foi um dia para entrar para a hist\u00f3ria de centenas de milhares de fieis devotos de Santa Rita de C\u00e1ssia, a inaugura\u00e7\u00e3o do Santu\u00e1rio foi marcada por emo\u00e7\u00e3o e pela presen\u00e7a de pessoas vindas de todas as partes do pa\u00eds.<\/p>\n<p>A moradora de Franca, Nat\u00e1lia Garcia, foi com o marido e com a filha de dois anos, at\u00e9 o Santu\u00e1rio. A mulher explicou que a devo\u00e7\u00e3o \u00e0 santa nasceu dentro de casa, e que pretende passar para a filha, Manuela, de apenas dois anos, que estava vestida como Santa Rita. &#8220;Eu casei na igreja de Santa Rita, a gente participa na comunidade, \u00e9 uma devo\u00e7\u00e3o muito grande mesmo. Hoje a gente vestiu ela de Ritinha como uma homenagem \u00e0 Santa, para agradecer todas as gra\u00e7as que a gente recebe&#8221;, contou.<\/p>\n<p>&#8220;Muita devo\u00e7\u00e3o \u00e0 Santa Rita, \u00e9 at\u00e9 dif\u00edcil falar dela, porqu\u00ea s\u00f3 com recebe as gra\u00e7as dela \u00e9 que sabe como \u00e9. Eu tenho ela como exemplo, eu amo ela de paix\u00e3o e sou devota h\u00e1 anos&#8221;, contou a fiel Daiane Silva, que \u00e9 comerciante. Ela andou cerca de 60 km at\u00e9 o Santu\u00e1rio, como uma forma de agradecimento \u00e0 sa\u00fade da m\u00e3e dela, de 64 anos. &#8220;Meu irm\u00e3o morreu de covid-19, ele era novo, n\u00e3o pudemos enterrar ele, foi uma tristeza muito grande. No mesmo dia em que ele foi enterrado, minha m\u00e3e testou positivo. Minha m\u00e3e j\u00e1 \u00e9 idosa e eu tive tanto medo de ficar sozinha nessa vida, que me agarrei com Santa Rita e implorei para ela cur\u00e1-la, e ela curou. Hoje \u00e9 s\u00f3 agradecer esse milagre&#8221;, contou emocionada.<\/p>\n<p>A inaugura\u00e7\u00e3o do Santu\u00e1rio teve in\u00edcio na sexta-feira (20), continuou no s\u00e1bado (21), e foi encerrada no domingo (22), de acordo com a administra\u00e7\u00e3o do local, foram recebidos mais de 150 mil fieis nestes tr\u00eas dias.\u00a0 Os n\u00fameros do Santu\u00e1rio impressionam, foram cerca de 500 mil tijolos usados na constru\u00e7\u00e3o, em uma \u00e1rea de 180 mil metros quadrados. As obras tiveram in\u00edcio em 2018, e fazem parte do sonho do empres\u00e1rio Paulo Fl\u00e1vio de Melo, que \u00e9 devoto de Santa Rita.<\/p>\n<p>Melo contou que \u00e9 devoto da santa, nascido na cidade, ele quis deixar um legado para os fieis que visitam anualmente C\u00e1ssia. &#8220;Eu me sinto realizado todos os dias quando levanto. Espero que a cidade de C\u00e1ssia, a regi\u00e3o, estado de Minas, o Brasil e o mundo estejam sempre aqui conosco para prestigiar a nossa querida Santa Rita de C\u00e1ssia&#8221;, disse Paulo na inaugura\u00e7\u00e3o.<\/p>\n<h4>R\u00e9plica<\/h4>\n<p>Um dos momentos de maior emo\u00e7\u00e3o para os fieis, \u00e9 a visita \u00e0 r\u00e9plica da casa de Santa Rita, que fica ao lado do Santu\u00e1rio. A casa simples, foi constru\u00edda exatamente igual a que existe em C\u00e1ssia, na It\u00e1lia, onde a santa viveu a inf\u00e2ncia. Os m\u00f3veis foram constru\u00eddos exatamente iguais aos d\u00e1 \u00e9poca, por volta do ano de 1.400. A r\u00e9plica do quarto da santa fica protegido com um vidro, e os fieis s\u00e3o orientados para que n\u00e3o toquem nos m\u00f3veis, para que fiquem preservados.<\/p>\n","protected":false},"excerpt":{"rendered":"<p>Cerim\u00f4nia oficializou a doa\u00e7\u00e3o do Santu\u00e1rio para a Igreja Cat\u00f3lica em Minas Gerais Fernando Lima Foi um dia para entrar para a hist\u00f3ria de centenas de<span class=\"excerpt-hellip\"> [\u2026]<\/span><\/p>\n","protected":false},"author":7,"featured_media":25264,"comment_status":"open","ping_status":"open","sticky":false,"template":"","format":"standard","meta":{"_jetpack_memberships_contains_paid_content":false,"footnotes":"","jetpack_publicize_message":"","jetpack_publicize_feature_enabled":true,"jetpack_social_post_already_shared":false,"jetpack_social_options":{"image_generator_settings":{"template":"highway","default_image_id":0,"enabled":false},"version":2}},"categories":[28,81],"tags":[],"class_list":["post-25256","post","type-post","status-publish","format-standard","has-post-thumbnail","hentry","category-cotidiano","category-manchete"],"yoast_head":"<!-- This site is optimized with the Yoast SEO plugin v25.6 - https:\/\/yoast.com\/wordpress\/plugins\/seo\/ -->\n<title>Com presen\u00e7a de fieis francanos, inaugura\u00e7\u00e3o de Santu\u00e1rio \u00e9 marcado por emo\u00e7\u00e3o em C\u00e1ssia - VerdadeOn<\/title>\n<meta name=\"robots\" content=\"index, follow, max-snippet:-1, max-image-preview:large, max-video-preview:-1\" \/>\n<link rel=\"canonical\" href=\"https:\/\/verdadeon.com.br\/portal\/2022\/05\/23\/com-presenca-de-fieis-francanos-inauguracao-de-santuario-e-marcado-por-emocao-em-cassia\/\" \/>\n<meta property=\"og:locale\" content=\"pt_BR\" \/>\n<meta property=\"og:type\" content=\"article\" \/>\n<meta property=\"og:title\" content=\"Com presen\u00e7a de fieis francanos, inaugura\u00e7\u00e3o de Santu\u00e1rio \u00e9 marcado por emo\u00e7\u00e3o em C\u00e1ssia - VerdadeOn\" \/>\n<meta property=\"og:description\" content=\"Cerim\u00f4nia oficializou a doa\u00e7\u00e3o do Santu\u00e1rio para a Igreja Cat\u00f3lica em Minas Gerais Fernando Lima Foi um dia para entrar para a hist\u00f3ria de centenas de [\u2026]\" \/>\n<meta property=\"og:url\" content=\"https:\/\/verdadeon.com.br\/portal\/2022\/05\/23\/com-presenca-de-fieis-francanos-inauguracao-de-santuario-e-marcado-por-emocao-em-cassia\/\" \/>\n<meta property=\"og:site_name\" content=\"VerdadeOn\" \/>\n<meta property=\"article:published_time\" content=\"2022-05-23T20:55:55+00:00\" \/>\n<meta property=\"og:image\" content=\"https:\/\/verdadeon.com.br\/portal\/wp-content\/uploads\/2022\/05\/WhatsApp-Image-2022-05-23-at-17.47.29.jpeg\" \/>\n\t<meta property=\"og:image:width\" content=\"1080\" \/>\n\t<meta property=\"og:image:height\" content=\"739\" \/>\n\t<meta property=\"og:image:type\" content=\"image\/jpeg\" \/>\n<meta name=\"author\" content=\"Fernando Lima\" \/>\n<meta name=\"twitter:card\" content=\"summary_large_image\" \/>\n<meta name=\"twitter:label1\" content=\"Escrito por\" \/>\n\t<meta name=\"twitter:data1\" content=\"Fernando Lima\" \/>\n\t<meta name=\"twitter:label2\" content=\"Est. tempo de leitura\" \/>\n\t<meta name=\"twitter:data2\" content=\"3 minutos\" \/>\n<script type=\"application\/ld+json\" class=\"yoast-schema-graph\">{\"@context\":\"https:\/\/schema.org\",\"@graph\":[{\"@type\":\"WebPage\",\"@id\":\"https:\/\/verdadeon.com.br\/portal\/2022\/05\/23\/com-presenca-de-fieis-francanos-inauguracao-de-santuario-e-marcado-por-emocao-em-cassia\/\",\"url\":\"https:\/\/verdadeon.com.br\/portal\/2022\/05\/23\/com-presenca-de-fieis-francanos-inauguracao-de-santuario-e-marcado-por-emocao-em-cassia\/\",\"name\":\"Com presen\u00e7a de fieis francanos, inaugura\u00e7\u00e3o de Santu\u00e1rio \u00e9 marcado por emo\u00e7\u00e3o em C\u00e1ssia - VerdadeOn\",\"isPartOf\":{\"@id\":\"https:\/\/verdadeon.com.br\/portal\/#website\"},\"primaryImageOfPage\":{\"@id\":\"https:\/\/verdadeon.com.br\/portal\/2022\/05\/23\/com-presenca-de-fieis-francanos-inauguracao-de-santuario-e-marcado-por-emocao-em-cassia\/#primaryimage\"},\"image\":{\"@id\":\"https:\/\/verdadeon.com.br\/portal\/2022\/05\/23\/com-presenca-de-fieis-francanos-inauguracao-de-santuario-e-marcado-por-emocao-em-cassia\/#primaryimage\"},\"thumbnailUrl\":\"https:\/\/i0.wp.com\/verdadeon.com.br\/portal\/wp-content\/uploads\/2022\/05\/WhatsApp-Image-2022-05-23-at-17.47.29.jpeg?fit=1080%2C739&ssl=1\",\"datePublished\":\"2022-05-23T20:55:55+00:00\",\"author\":{\"@id\":\"https:\/\/verdadeon.com.br\/portal\/#\/schema\/person\/cc32be22b8e8599387c480bc83e1d11a\"},\"breadcrumb\":{\"@id\":\"https:\/\/verdadeon.com.br\/portal\/2022\/05\/23\/com-presenca-de-fieis-francanos-inauguracao-de-santuario-e-marcado-por-emocao-em-cassia\/#breadcrumb\"},\"inLanguage\":\"pt-BR\",\"potentialAction\":[{\"@type\":\"ReadAction\",\"target\":[\"https:\/\/verdadeon.com.br\/portal\/2022\/05\/23\/com-presenca-de-fieis-francanos-inauguracao-de-santuario-e-marcado-por-emocao-em-cassia\/\"]}]},{\"@type\":\"ImageObject\",\"inLanguage\":\"pt-BR\",\"@id\":\"https:\/\/verdadeon.com.br\/portal\/2022\/05\/23\/com-presenca-de-fieis-francanos-inauguracao-de-santuario-e-marcado-por-emocao-em-cassia\/#primaryimage\",\"url\":\"https:\/\/i0.wp.com\/verdadeon.com.br\/portal\/wp-content\/uploads\/2022\/05\/WhatsApp-Image-2022-05-23-at-17.47.29.jpeg?fit=1080%2C739&ssl=1\",\"contentUrl\":\"https:\/\/i0.wp.com\/verdadeon.com.br\/portal\/wp-content\/uploads\/2022\/05\/WhatsApp-Image-2022-05-23-at-17.47.29.jpeg?fit=1080%2C739&ssl=1\",\"width\":1080,\"height\":739,\"caption\":\"Santu\u00e1rio Santa Rita de C\u00e1ssia (\u00a9Divulga\u00e7\u00e3o)\"},{\"@type\":\"BreadcrumbList\",\"@id\":\"https:\/\/verdadeon.com.br\/portal\/2022\/05\/23\/com-presenca-de-fieis-francanos-inauguracao-de-santuario-e-marcado-por-emocao-em-cassia\/#breadcrumb\",\"itemListElement\":[{\"@type\":\"ListItem\",\"position\":1,\"name\":\"In\u00edcio\",\"item\":\"https:\/\/verdadeon.com.br\/portal\/\"},{\"@type\":\"ListItem\",\"position\":2,\"name\":\"Com presen\u00e7a de fieis francanos, inaugura\u00e7\u00e3o de Santu\u00e1rio \u00e9 marcado por emo\u00e7\u00e3o em C\u00e1ssia\"}]},{\"@type\":\"WebSite\",\"@id\":\"https:\/\/verdadeon.com.br\/portal\/#website\",\"url\":\"https:\/\/verdadeon.com.br\/portal\/\",\"name\":\"VerdadeOn\",\"description\":\"Not\u00edcias di\u00e1rias sobre Franca, Regi\u00e3o, Esporte, Cultura, Cotidiano, Colunas. Cobertura nos principais eventos da cidade \u00e9 aqui - Verdadeon Franca\",\"potentialAction\":[{\"@type\":\"SearchAction\",\"target\":{\"@type\":\"EntryPoint\",\"urlTemplate\":\"https:\/\/verdadeon.com.br\/portal\/?s={search_term_string}\"},\"query-input\":{\"@type\":\"PropertyValueSpecification\",\"valueRequired\":true,\"valueName\":\"search_term_string\"}}],\"inLanguage\":\"pt-BR\"},{\"@type\":\"Person\",\"@id\":\"https:\/\/verdadeon.com.br\/portal\/#\/schema\/person\/cc32be22b8e8599387c480bc83e1d11a\",\"name\":\"Fernando Lima\",\"image\":{\"@type\":\"ImageObject\",\"inLanguage\":\"pt-BR\",\"@id\":\"https:\/\/verdadeon.com.br\/portal\/#\/schema\/person\/image\/\",\"url\":\"https:\/\/secure.gravatar.com\/avatar\/df4c8e132080d2b3a4841d5d232045464e0eed11a1d6e43115ca0843d48768d3?s=96&d=mm&r=g\",\"contentUrl\":\"https:\/\/secure.gravatar.com\/avatar\/df4c8e132080d2b3a4841d5d232045464e0eed11a1d6e43115ca0843d48768d3?s=96&d=mm&r=g\",\"caption\":\"Fernando Lima\"},\"sameAs\":[\"http:\/\/verdadeon.com.br\/\"],\"url\":\"https:\/\/verdadeon.com.br\/portal\/author\/fernando-lima\/\"}]}<\/script>\n<!-- \/ Yoast SEO plugin. -->","yoast_head_json":{"title":"Com presen\u00e7a de fieis francanos, inaugura\u00e7\u00e3o de Santu\u00e1rio \u00e9 marcado por emo\u00e7\u00e3o em C\u00e1ssia - VerdadeOn","robots":{"index":"index","follow":"follow","max-snippet":"max-snippet:-1","max-image-preview":"max-image-preview:large","max-video-preview":"max-video-preview:-1"},"canonical":"https:\/\/verdadeon.com.br\/portal\/2022\/05\/23\/com-presenca-de-fieis-francanos-inauguracao-de-santuario-e-marcado-por-emocao-em-cassia\/","og_locale":"pt_BR","og_type":"article","og_title":"Com presen\u00e7a de fieis francanos, inaugura\u00e7\u00e3o de Santu\u00e1rio \u00e9 marcado por emo\u00e7\u00e3o em C\u00e1ssia - VerdadeOn","og_description":"Cerim\u00f4nia oficializou a doa\u00e7\u00e3o do Santu\u00e1rio para a Igreja Cat\u00f3lica em Minas Gerais Fernando Lima Foi um dia para entrar para a hist\u00f3ria de centenas de [\u2026]","og_url":"https:\/\/verdadeon.com.br\/portal\/2022\/05\/23\/com-presenca-de-fieis-francanos-inauguracao-de-santuario-e-marcado-por-emocao-em-cassia\/","og_site_name":"VerdadeOn","article_published_time":"2022-05-23T20:55:55+00:00","og_image":[{"width":1080,"height":739,"url":"https:\/\/verdadeon.com.br\/portal\/wp-content\/uploads\/2022\/05\/WhatsApp-Image-2022-05-23-at-17.47.29.jpeg","type":"image\/jpeg"}],"author":"Fernando Lima","twitter_card":"summary_large_image","twitter_misc":{"Escrito por":"Fernando Lima","Est. tempo de leitura":"3 minutos"},"schema":{"@context":"https:\/\/schema.org","@graph":[{"@type":"WebPage","@id":"https:\/\/verdadeon.com.br\/portal\/2022\/05\/23\/com-presenca-de-fieis-francanos-inauguracao-de-santuario-e-marcado-por-emocao-em-cassia\/","url":"https:\/\/verdadeon.com.br\/portal\/2022\/05\/23\/com-presenca-de-fieis-francanos-inauguracao-de-santuario-e-marcado-por-emocao-em-cassia\/","name":"Com presen\u00e7a de fieis francanos, inaugura\u00e7\u00e3o de Santu\u00e1rio \u00e9 marcado por emo\u00e7\u00e3o em C\u00e1ssia - VerdadeOn","isPartOf":{"@id":"https:\/\/verdadeon.com.br\/portal\/#website"},"primaryImageOfPage":{"@id":"https:\/\/verdadeon.com.br\/portal\/2022\/05\/23\/com-presenca-de-fieis-francanos-inauguracao-de-santuario-e-marcado-por-emocao-em-cassia\/#primaryimage"},"image":{"@id":"https:\/\/verdadeon.com.br\/portal\/2022\/05\/23\/com-presenca-de-fieis-francanos-inauguracao-de-santuario-e-marcado-por-emocao-em-cassia\/#primaryimage"},"thumbnailUrl":"https:\/\/i0.wp.com\/verdadeon.com.br\/portal\/wp-content\/uploads\/2022\/05\/WhatsApp-Image-2022-05-23-at-17.47.29.jpeg?fit=1080%2C739&ssl=1","datePublished":"2022-05-23T20:55:55+00:00","author":{"@id":"https:\/\/verdadeon.com.br\/portal\/#\/schema\/person\/cc32be22b8e8599387c480bc83e1d11a"},"breadcrumb":{"@id":"https:\/\/verdadeon.com.br\/portal\/2022\/05\/23\/com-presenca-de-fieis-francanos-inauguracao-de-santuario-e-marcado-por-emocao-em-cassia\/#breadcrumb"},"inLanguage":"pt-BR","potentialAction":[{"@type":"ReadAction","target":["https:\/\/verdadeon.com.br\/portal\/2022\/05\/23\/com-presenca-de-fieis-francanos-inauguracao-de-santuario-e-marcado-por-emocao-em-cassia\/"]}]},{"@type":"ImageObject","inLanguage":"pt-BR","@id":"https:\/\/verdadeon.com.br\/portal\/2022\/05\/23\/com-presenca-de-fieis-francanos-inauguracao-de-santuario-e-marcado-por-emocao-em-cassia\/#primaryimage","url":"https:\/\/i0.wp.com\/verdadeon.com.br\/portal\/wp-content\/uploads\/2022\/05\/WhatsApp-Image-2022-05-23-at-17.47.29.jpeg?fit=1080%2C739&ssl=1","contentUrl":"https:\/\/i0.wp.com\/verdadeon.com.br\/portal\/wp-content\/uploads\/2022\/05\/WhatsApp-Image-2022-05-23-at-17.47.29.jpeg?fit=1080%2C739&ssl=1","width":1080,"height":739,"caption":"Santu\u00e1rio Santa Rita de C\u00e1ssia (\u00a9Divulga\u00e7\u00e3o)"},{"@type":"BreadcrumbList","@id":"https:\/\/verdadeon.com.br\/portal\/2022\/05\/23\/com-presenca-de-fieis-francanos-inauguracao-de-santuario-e-marcado-por-emocao-em-cassia\/#breadcrumb","itemListElement":[{"@type":"ListItem","position":1,"name":"In\u00edcio","item":"https:\/\/verdadeon.com.br\/portal\/"},{"@type":"ListItem","position":2,"name":"Com presen\u00e7a de fieis francanos, inaugura\u00e7\u00e3o de Santu\u00e1rio \u00e9 marcado por emo\u00e7\u00e3o em C\u00e1ssia"}]},{"@type":"WebSite","@id":"https:\/\/verdadeon.com.br\/portal\/#website","url":"https:\/\/verdadeon.com.br\/portal\/","name":"VerdadeOn","description":"Not\u00edcias di\u00e1rias sobre Franca, Regi\u00e3o, Esporte, Cultura, Cotidiano, Colunas. Cobertura nos principais eventos da cidade \u00e9 aqui - Verdadeon Franca","potentialAction":[{"@type":"SearchAction","target":{"@type":"EntryPoint","urlTemplate":"https:\/\/verdadeon.com.br\/portal\/?s={search_term_string}"},"query-input":{"@type":"PropertyValueSpecification","valueRequired":true,"valueName":"search_term_string"}}],"inLanguage":"pt-BR"},{"@type":"Person","@id":"https:\/\/verdadeon.com.br\/portal\/#\/schema\/person\/cc32be22b8e8599387c480bc83e1d11a","name":"Fernando Lima","image":{"@type":"ImageObject","inLanguage":"pt-BR","@id":"https:\/\/verdadeon.com.br\/portal\/#\/schema\/person\/image\/","url":"https:\/\/secure.gravatar.com\/avatar\/df4c8e132080d2b3a4841d5d232045464e0eed11a1d6e43115ca0843d48768d3?s=96&d=mm&r=g","contentUrl":"https:\/\/secure.gravatar.com\/avatar\/df4c8e132080d2b3a4841d5d232045464e0eed11a1d6e43115ca0843d48768d3?s=96&d=mm&r=g","caption":"Fernando Lima"},"sameAs":["http:\/\/verdadeon.com.br\/"],"url":"https:\/\/verdadeon.com.br\/portal\/author\/fernando-lima\/"}]}},"jetpack_publicize_connections":[],"jetpack_featured_media_url":"https:\/\/i0.wp.com\/verdadeon.com.br\/portal\/wp-content\/uploads\/2022\/05\/WhatsApp-Image-2022-05-23-at-17.47.29.jpeg?fit=1080%2C739&ssl=1","jetpack_sharing_enabled":true,"_links":{"self":[{"href":"https:\/\/verdadeon.com.br\/portal\/wp-json\/wp\/v2\/posts\/25256","targetHints":{"allow":["GET"]}}],"collection":[{"href":"https:\/\/verdadeon.com.br\/portal\/wp-json\/wp\/v2\/posts"}],"about":[{"href":"https:\/\/verdadeon.com.br\/portal\/wp-json\/wp\/v2\/types\/post"}],"author":[{"embeddable":true,"href":"https:\/\/verdadeon.com.br\/portal\/wp-json\/wp\/v2\/users\/7"}],"replies":[{"embeddable":true,"href":"https:\/\/verdadeon.com.br\/portal\/wp-json\/wp\/v2\/comments?post=25256"}],"version-history":[{"count":1,"href":"https:\/\/verdadeon.com.br\/portal\/wp-json\/wp\/v2\/posts\/25256\/revisions"}],"predecessor-version":[{"id":25266,"href":"https:\/\/verdadeon.com.br\/portal\/wp-json\/wp\/v2\/posts\/25256\/revisions\/25266"}],"wp:featuredmedia":[{"embeddable":true,"href":"https:\/\/verdadeon.com.br\/portal\/wp-json\/wp\/v2\/media\/25264"}],"wp:attachment":[{"href":"https:\/\/verdadeon.com.br\/portal\/wp-json\/wp\/v2\/media?parent=25256"}],"wp:term":[{"taxonomy":"category","embeddable":true,"href":"https:\/\/verdadeon.com.br\/portal\/wp-json\/wp\/v2\/categories?post=25256"},{"taxonomy":"post_tag","embeddable":true,"href":"https:\/\/verdadeon.com.br\/portal\/wp-json\/wp\/v2\/tags?post=25256"}],"curies":[{"name":"wp","href":"https:\/\/api.w.org\/{rel}","templated":true}]}}