{"id":25237,"date":"2022-05-21T13:31:37","date_gmt":"2022-05-21T16:31:37","guid":{"rendered":"https:\/\/verdadeon.com.br\/portal\/?p=25237"},"modified":"2022-05-21T13:31:37","modified_gmt":"2022-05-21T16:31:37","slug":"programa-que-doa-notebooks-para-professores-sera-votado-na-camara-de-franca","status":"publish","type":"post","link":"https:\/\/verdadeon.com.br\/portal\/2022\/05\/21\/programa-que-doa-notebooks-para-professores-sera-votado-na-camara-de-franca\/","title":{"rendered":"Programa que doa notebooks para professores ser\u00e1 votado na C\u00e2mara de Franca"},"content":{"rendered":"<h2>No total nove itens ser\u00e3o apreciados pelos vereadores, entre projetos da Prefeitura e dos pr\u00f3prios parlamentares<\/h2>\n<p>A C\u00e2mara Municipal de Franca vota na pr\u00f3xima sess\u00e3o, a cria\u00e7\u00e3o do programa Computador do Professor da Rede B\u00e1sica, da Secretaria Municipal de Educa\u00e7\u00e3o.<\/p>\n<p>A proposta consiste na doa\u00e7\u00e3o de notebooks aos Professores, \u00e0s Professoras e Especialistas da Rede Municipal de Ensino que atuam na Educa\u00e7\u00e3o Infantil, Ensino Fundamental Anos Iniciais e Educa\u00e7\u00e3o Especial, da Educa\u00e7\u00e3o B\u00e1sica. \u00a0\u201cAs normas relativas aos crit\u00e9rios de sele\u00e7\u00e3o dos Professores, Professoras e Especialistas para receberem a doa\u00e7\u00e3o, referente a primeira etapa da doa\u00e7\u00e3o, obedecem aos recursos repassados para as a\u00e7\u00f5es do ensino, referentes aos 30% do FUNDEB\u201d, justificou. De acordo com a Administra\u00e7\u00e3o ser\u00e3o investidos neste ano mais de R$ 301 mil.<\/p>\n<p>Outro projeto de autoria do Poder Executivo, prev\u00ea a cria\u00e7\u00e3o de 75 cargos de enfermeiros e t\u00e9cnicos de enfermagem, e vai passar por segunda vota\u00e7\u00e3o. Eles ser\u00e3o contratados de forma permanente pela Prefeitura, e distribu\u00eddos nas unidades de sa\u00fade do munic\u00edpio.<\/p>\n<p>\u201cComparando os per\u00edodos de janeiro a abril dos anos de 2021 e 2022, constatou-se a m\u00e9dia de 30% de aumento da demanda nas unidades do PSR, que passou de 64 mil para 83 mil atendimentos, Aeroporto, de 31 mil para 43 mil, Jardim Anita, de 30 mil para 39 mil; e incr\u00edveis 128% de aumento nos atendimentos do Pronto Socorro Infantil, que passou de 14 mil para 32 mil consultas, motivando a necessidade de amplia\u00e7\u00e3o do quadro de servidores\u201d, justificou.<\/p>\n<p>Ser\u00e3o criados 45 cargos para t\u00e9cnicos de enfermagem e 30 cargos para enfermeiros.<\/p>\n<h4>Redu\u00e7\u00e3o de gastos e burocracia<\/h4>\n<p>Os vereadores ainda votam o Projeto de Lei de autoria do vereador Daniel Bassi (PSDB) que dispensa a autentica\u00e7\u00e3o e o reconhecimento de firma de c\u00f3pias reprogr\u00e1ficas pelo advogado constitu\u00eddo. \u201cO intuito deste projeto de lei \u00e9 minimizar os gastos aos usu\u00e1rios do servi\u00e7o p\u00fablico, bem como a burocracia nos procedimentos da Administra\u00e7\u00e3o P\u00fablica Municipal, contribuindo para a celeridade no tr\u00e2mite desses procedimentos, embasado na f\u00e9 p\u00fablica do advogado. Em 2018, foi publicada a Lei Federal n\u00ba13.726, a qual dispensa reconhecimento de firma e autentica\u00e7\u00e3o de c\u00f3pia de documentos em \u00f3rg\u00e3os p\u00fablicos da Uni\u00e3o, Estados, Distrito Federal e Munic\u00edpios. Em conson\u00e2ncia com a Lei Federal 13.726\/2018, existem leis em \u00e2mbito estadual e municipal disciplinando a quest\u00e3o\u201d, justificou no projeto.<\/p>\n","protected":false},"excerpt":{"rendered":"<p>No total nove itens ser\u00e3o apreciados pelos vereadores, entre projetos da Prefeitura e dos pr\u00f3prios parlamentares A C\u00e2mara Municipal de Franca vota na pr\u00f3xima sess\u00e3o, a<span class=\"excerpt-hellip\"> [\u2026]<\/span><\/p>\n","protected":false},"author":7,"featured_media":23498,"comment_status":"open","ping_status":"open","sticky":false,"template":"","format":"standard","meta":{"_jetpack_memberships_contains_paid_content":false,"footnotes":"","jetpack_publicize_message":"","jetpack_publicize_feature_enabled":true,"jetpack_social_post_already_shared":false,"jetpack_social_options":{"image_generator_settings":{"template":"highway","default_image_id":0,"enabled":false},"version":2}},"categories":[28,81],"tags":[],"class_list":["post-25237","post","type-post","status-publish","format-standard","has-post-thumbnail","hentry","category-cotidiano","category-manchete"],"yoast_head":"<!-- This site is optimized with the Yoast SEO plugin v25.6 - https:\/\/yoast.com\/wordpress\/plugins\/seo\/ -->\n<title>Programa que doa notebooks para professores ser\u00e1 votado na C\u00e2mara de Franca - VerdadeOn<\/title>\n<meta name=\"robots\" content=\"index, follow, max-snippet:-1, max-image-preview:large, max-video-preview:-1\" \/>\n<link rel=\"canonical\" href=\"https:\/\/verdadeon.com.br\/portal\/2022\/05\/21\/programa-que-doa-notebooks-para-professores-sera-votado-na-camara-de-franca\/\" \/>\n<meta property=\"og:locale\" content=\"pt_BR\" \/>\n<meta property=\"og:type\" content=\"article\" \/>\n<meta property=\"og:title\" content=\"Programa que doa notebooks para professores ser\u00e1 votado na C\u00e2mara de Franca - VerdadeOn\" \/>\n<meta property=\"og:description\" content=\"No total nove itens ser\u00e3o apreciados pelos vereadores, entre projetos da Prefeitura e dos pr\u00f3prios parlamentares A C\u00e2mara Municipal de Franca vota na pr\u00f3xima sess\u00e3o, a [\u2026]\" \/>\n<meta property=\"og:url\" content=\"https:\/\/verdadeon.com.br\/portal\/2022\/05\/21\/programa-que-doa-notebooks-para-professores-sera-votado-na-camara-de-franca\/\" \/>\n<meta property=\"og:site_name\" content=\"VerdadeOn\" \/>\n<meta property=\"article:published_time\" content=\"2022-05-21T16:31:37+00:00\" \/>\n<meta property=\"og:image\" content=\"https:\/\/verdadeon.com.br\/portal\/wp-content\/uploads\/2022\/03\/WhatsApp-Image-2022-03-04-at-14.51.13-e1646483581632.jpeg\" \/>\n\t<meta property=\"og:image:width\" content=\"1001\" \/>\n\t<meta property=\"og:image:height\" content=\"668\" \/>\n\t<meta property=\"og:image:type\" content=\"image\/jpeg\" \/>\n<meta name=\"author\" content=\"Fernando Lima\" \/>\n<meta name=\"twitter:card\" content=\"summary_large_image\" \/>\n<meta name=\"twitter:label1\" content=\"Escrito por\" \/>\n\t<meta name=\"twitter:data1\" content=\"Fernando Lima\" \/>\n\t<meta name=\"twitter:label2\" content=\"Est. tempo de leitura\" \/>\n\t<meta name=\"twitter:data2\" content=\"3 minutos\" \/>\n<script type=\"application\/ld+json\" class=\"yoast-schema-graph\">{\"@context\":\"https:\/\/schema.org\",\"@graph\":[{\"@type\":\"WebPage\",\"@id\":\"https:\/\/verdadeon.com.br\/portal\/2022\/05\/21\/programa-que-doa-notebooks-para-professores-sera-votado-na-camara-de-franca\/\",\"url\":\"https:\/\/verdadeon.com.br\/portal\/2022\/05\/21\/programa-que-doa-notebooks-para-professores-sera-votado-na-camara-de-franca\/\",\"name\":\"Programa que doa notebooks para professores ser\u00e1 votado na C\u00e2mara de Franca - VerdadeOn\",\"isPartOf\":{\"@id\":\"https:\/\/verdadeon.com.br\/portal\/#website\"},\"primaryImageOfPage\":{\"@id\":\"https:\/\/verdadeon.com.br\/portal\/2022\/05\/21\/programa-que-doa-notebooks-para-professores-sera-votado-na-camara-de-franca\/#primaryimage\"},\"image\":{\"@id\":\"https:\/\/verdadeon.com.br\/portal\/2022\/05\/21\/programa-que-doa-notebooks-para-professores-sera-votado-na-camara-de-franca\/#primaryimage\"},\"thumbnailUrl\":\"https:\/\/i0.wp.com\/verdadeon.com.br\/portal\/wp-content\/uploads\/2022\/03\/WhatsApp-Image-2022-03-04-at-14.51.13-e1646483581632.jpeg?fit=1001%2C668&ssl=1\",\"datePublished\":\"2022-05-21T16:31:37+00:00\",\"author\":{\"@id\":\"https:\/\/verdadeon.com.br\/portal\/#\/schema\/person\/cc32be22b8e8599387c480bc83e1d11a\"},\"breadcrumb\":{\"@id\":\"https:\/\/verdadeon.com.br\/portal\/2022\/05\/21\/programa-que-doa-notebooks-para-professores-sera-votado-na-camara-de-franca\/#breadcrumb\"},\"inLanguage\":\"pt-BR\",\"potentialAction\":[{\"@type\":\"ReadAction\",\"target\":[\"https:\/\/verdadeon.com.br\/portal\/2022\/05\/21\/programa-que-doa-notebooks-para-professores-sera-votado-na-camara-de-franca\/\"]}]},{\"@type\":\"ImageObject\",\"inLanguage\":\"pt-BR\",\"@id\":\"https:\/\/verdadeon.com.br\/portal\/2022\/05\/21\/programa-que-doa-notebooks-para-professores-sera-votado-na-camara-de-franca\/#primaryimage\",\"url\":\"https:\/\/i0.wp.com\/verdadeon.com.br\/portal\/wp-content\/uploads\/2022\/03\/WhatsApp-Image-2022-03-04-at-14.51.13-e1646483581632.jpeg?fit=1001%2C668&ssl=1\",\"contentUrl\":\"https:\/\/i0.wp.com\/verdadeon.com.br\/portal\/wp-content\/uploads\/2022\/03\/WhatsApp-Image-2022-03-04-at-14.51.13-e1646483581632.jpeg?fit=1001%2C668&ssl=1\",\"width\":1001,\"height\":668,\"caption\":\"Foram debatidos e votados os temas que passaram por an\u00e1lise das comiss\u00f5es da Casa de Leis e ou propostas inclu\u00eddas em regime de urg\u00eancia | Foto: C\u00e2mara Municipal\"},{\"@type\":\"BreadcrumbList\",\"@id\":\"https:\/\/verdadeon.com.br\/portal\/2022\/05\/21\/programa-que-doa-notebooks-para-professores-sera-votado-na-camara-de-franca\/#breadcrumb\",\"itemListElement\":[{\"@type\":\"ListItem\",\"position\":1,\"name\":\"In\u00edcio\",\"item\":\"https:\/\/verdadeon.com.br\/portal\/\"},{\"@type\":\"ListItem\",\"position\":2,\"name\":\"Programa que doa notebooks para professores ser\u00e1 votado na C\u00e2mara de Franca\"}]},{\"@type\":\"WebSite\",\"@id\":\"https:\/\/verdadeon.com.br\/portal\/#website\",\"url\":\"https:\/\/verdadeon.com.br\/portal\/\",\"name\":\"VerdadeOn\",\"description\":\"Not\u00edcias di\u00e1rias sobre Franca, Regi\u00e3o, Esporte, Cultura, Cotidiano, Colunas. Cobertura nos principais eventos da cidade \u00e9 aqui - Verdadeon Franca\",\"potentialAction\":[{\"@type\":\"SearchAction\",\"target\":{\"@type\":\"EntryPoint\",\"urlTemplate\":\"https:\/\/verdadeon.com.br\/portal\/?s={search_term_string}\"},\"query-input\":{\"@type\":\"PropertyValueSpecification\",\"valueRequired\":true,\"valueName\":\"search_term_string\"}}],\"inLanguage\":\"pt-BR\"},{\"@type\":\"Person\",\"@id\":\"https:\/\/verdadeon.com.br\/portal\/#\/schema\/person\/cc32be22b8e8599387c480bc83e1d11a\",\"name\":\"Fernando Lima\",\"image\":{\"@type\":\"ImageObject\",\"inLanguage\":\"pt-BR\",\"@id\":\"https:\/\/verdadeon.com.br\/portal\/#\/schema\/person\/image\/\",\"url\":\"https:\/\/secure.gravatar.com\/avatar\/df4c8e132080d2b3a4841d5d232045464e0eed11a1d6e43115ca0843d48768d3?s=96&d=mm&r=g\",\"contentUrl\":\"https:\/\/secure.gravatar.com\/avatar\/df4c8e132080d2b3a4841d5d232045464e0eed11a1d6e43115ca0843d48768d3?s=96&d=mm&r=g\",\"caption\":\"Fernando Lima\"},\"sameAs\":[\"http:\/\/verdadeon.com.br\/\"],\"url\":\"https:\/\/verdadeon.com.br\/portal\/author\/fernando-lima\/\"}]}<\/script>\n<!-- \/ Yoast SEO plugin. -->","yoast_head_json":{"title":"Programa que doa notebooks para professores ser\u00e1 votado na C\u00e2mara de Franca - VerdadeOn","robots":{"index":"index","follow":"follow","max-snippet":"max-snippet:-1","max-image-preview":"max-image-preview:large","max-video-preview":"max-video-preview:-1"},"canonical":"https:\/\/verdadeon.com.br\/portal\/2022\/05\/21\/programa-que-doa-notebooks-para-professores-sera-votado-na-camara-de-franca\/","og_locale":"pt_BR","og_type":"article","og_title":"Programa que doa notebooks para professores ser\u00e1 votado na C\u00e2mara de Franca - VerdadeOn","og_description":"No total nove itens ser\u00e3o apreciados pelos vereadores, entre projetos da Prefeitura e dos pr\u00f3prios parlamentares A C\u00e2mara Municipal de Franca vota na pr\u00f3xima sess\u00e3o, a [\u2026]","og_url":"https:\/\/verdadeon.com.br\/portal\/2022\/05\/21\/programa-que-doa-notebooks-para-professores-sera-votado-na-camara-de-franca\/","og_site_name":"VerdadeOn","article_published_time":"2022-05-21T16:31:37+00:00","og_image":[{"width":1001,"height":668,"url":"https:\/\/verdadeon.com.br\/portal\/wp-content\/uploads\/2022\/03\/WhatsApp-Image-2022-03-04-at-14.51.13-e1646483581632.jpeg","type":"image\/jpeg"}],"author":"Fernando Lima","twitter_card":"summary_large_image","twitter_misc":{"Escrito por":"Fernando Lima","Est. tempo de leitura":"3 minutos"},"schema":{"@context":"https:\/\/schema.org","@graph":[{"@type":"WebPage","@id":"https:\/\/verdadeon.com.br\/portal\/2022\/05\/21\/programa-que-doa-notebooks-para-professores-sera-votado-na-camara-de-franca\/","url":"https:\/\/verdadeon.com.br\/portal\/2022\/05\/21\/programa-que-doa-notebooks-para-professores-sera-votado-na-camara-de-franca\/","name":"Programa que doa notebooks para professores ser\u00e1 votado na C\u00e2mara de Franca - VerdadeOn","isPartOf":{"@id":"https:\/\/verdadeon.com.br\/portal\/#website"},"primaryImageOfPage":{"@id":"https:\/\/verdadeon.com.br\/portal\/2022\/05\/21\/programa-que-doa-notebooks-para-professores-sera-votado-na-camara-de-franca\/#primaryimage"},"image":{"@id":"https:\/\/verdadeon.com.br\/portal\/2022\/05\/21\/programa-que-doa-notebooks-para-professores-sera-votado-na-camara-de-franca\/#primaryimage"},"thumbnailUrl":"https:\/\/i0.wp.com\/verdadeon.com.br\/portal\/wp-content\/uploads\/2022\/03\/WhatsApp-Image-2022-03-04-at-14.51.13-e1646483581632.jpeg?fit=1001%2C668&ssl=1","datePublished":"2022-05-21T16:31:37+00:00","author":{"@id":"https:\/\/verdadeon.com.br\/portal\/#\/schema\/person\/cc32be22b8e8599387c480bc83e1d11a"},"breadcrumb":{"@id":"https:\/\/verdadeon.com.br\/portal\/2022\/05\/21\/programa-que-doa-notebooks-para-professores-sera-votado-na-camara-de-franca\/#breadcrumb"},"inLanguage":"pt-BR","potentialAction":[{"@type":"ReadAction","target":["https:\/\/verdadeon.com.br\/portal\/2022\/05\/21\/programa-que-doa-notebooks-para-professores-sera-votado-na-camara-de-franca\/"]}]},{"@type":"ImageObject","inLanguage":"pt-BR","@id":"https:\/\/verdadeon.com.br\/portal\/2022\/05\/21\/programa-que-doa-notebooks-para-professores-sera-votado-na-camara-de-franca\/#primaryimage","url":"https:\/\/i0.wp.com\/verdadeon.com.br\/portal\/wp-content\/uploads\/2022\/03\/WhatsApp-Image-2022-03-04-at-14.51.13-e1646483581632.jpeg?fit=1001%2C668&ssl=1","contentUrl":"https:\/\/i0.wp.com\/verdadeon.com.br\/portal\/wp-content\/uploads\/2022\/03\/WhatsApp-Image-2022-03-04-at-14.51.13-e1646483581632.jpeg?fit=1001%2C668&ssl=1","width":1001,"height":668,"caption":"Foram debatidos e votados os temas que passaram por an\u00e1lise das comiss\u00f5es da Casa de Leis e ou propostas inclu\u00eddas em regime de urg\u00eancia | Foto: C\u00e2mara Municipal"},{"@type":"BreadcrumbList","@id":"https:\/\/verdadeon.com.br\/portal\/2022\/05\/21\/programa-que-doa-notebooks-para-professores-sera-votado-na-camara-de-franca\/#breadcrumb","itemListElement":[{"@type":"ListItem","position":1,"name":"In\u00edcio","item":"https:\/\/verdadeon.com.br\/portal\/"},{"@type":"ListItem","position":2,"name":"Programa que doa notebooks para professores ser\u00e1 votado na C\u00e2mara de Franca"}]},{"@type":"WebSite","@id":"https:\/\/verdadeon.com.br\/portal\/#website","url":"https:\/\/verdadeon.com.br\/portal\/","name":"VerdadeOn","description":"Not\u00edcias di\u00e1rias sobre Franca, Regi\u00e3o, Esporte, Cultura, Cotidiano, Colunas. Cobertura nos principais eventos da cidade \u00e9 aqui - Verdadeon Franca","potentialAction":[{"@type":"SearchAction","target":{"@type":"EntryPoint","urlTemplate":"https:\/\/verdadeon.com.br\/portal\/?s={search_term_string}"},"query-input":{"@type":"PropertyValueSpecification","valueRequired":true,"valueName":"search_term_string"}}],"inLanguage":"pt-BR"},{"@type":"Person","@id":"https:\/\/verdadeon.com.br\/portal\/#\/schema\/person\/cc32be22b8e8599387c480bc83e1d11a","name":"Fernando Lima","image":{"@type":"ImageObject","inLanguage":"pt-BR","@id":"https:\/\/verdadeon.com.br\/portal\/#\/schema\/person\/image\/","url":"https:\/\/secure.gravatar.com\/avatar\/df4c8e132080d2b3a4841d5d232045464e0eed11a1d6e43115ca0843d48768d3?s=96&d=mm&r=g","contentUrl":"https:\/\/secure.gravatar.com\/avatar\/df4c8e132080d2b3a4841d5d232045464e0eed11a1d6e43115ca0843d48768d3?s=96&d=mm&r=g","caption":"Fernando Lima"},"sameAs":["http:\/\/verdadeon.com.br\/"],"url":"https:\/\/verdadeon.com.br\/portal\/author\/fernando-lima\/"}]}},"jetpack_publicize_connections":[],"jetpack_featured_media_url":"https:\/\/i0.wp.com\/verdadeon.com.br\/portal\/wp-content\/uploads\/2022\/03\/WhatsApp-Image-2022-03-04-at-14.51.13-e1646483581632.jpeg?fit=1001%2C668&ssl=1","jetpack_sharing_enabled":true,"_links":{"self":[{"href":"https:\/\/verdadeon.com.br\/portal\/wp-json\/wp\/v2\/posts\/25237","targetHints":{"allow":["GET"]}}],"collection":[{"href":"https:\/\/verdadeon.com.br\/portal\/wp-json\/wp\/v2\/posts"}],"about":[{"href":"https:\/\/verdadeon.com.br\/portal\/wp-json\/wp\/v2\/types\/post"}],"author":[{"embeddable":true,"href":"https:\/\/verdadeon.com.br\/portal\/wp-json\/wp\/v2\/users\/7"}],"replies":[{"embeddable":true,"href":"https:\/\/verdadeon.com.br\/portal\/wp-json\/wp\/v2\/comments?post=25237"}],"version-history":[{"count":1,"href":"https:\/\/verdadeon.com.br\/portal\/wp-json\/wp\/v2\/posts\/25237\/revisions"}],"predecessor-version":[{"id":25238,"href":"https:\/\/verdadeon.com.br\/portal\/wp-json\/wp\/v2\/posts\/25237\/revisions\/25238"}],"wp:featuredmedia":[{"embeddable":true,"href":"https:\/\/verdadeon.com.br\/portal\/wp-json\/wp\/v2\/media\/23498"}],"wp:attachment":[{"href":"https:\/\/verdadeon.com.br\/portal\/wp-json\/wp\/v2\/media?parent=25237"}],"wp:term":[{"taxonomy":"category","embeddable":true,"href":"https:\/\/verdadeon.com.br\/portal\/wp-json\/wp\/v2\/categories?post=25237"},{"taxonomy":"post_tag","embeddable":true,"href":"https:\/\/verdadeon.com.br\/portal\/wp-json\/wp\/v2\/tags?post=25237"}],"curies":[{"name":"wp","href":"https:\/\/api.w.org\/{rel}","templated":true}]}}