{"id":25220,"date":"2022-05-20T17:48:55","date_gmt":"2022-05-20T20:48:55","guid":{"rendered":"https:\/\/verdadeon.com.br\/portal\/?p=25220"},"modified":"2022-05-20T17:48:55","modified_gmt":"2022-05-20T20:48:55","slug":"onda-de-frio-alavanca-vendas-em-lojas-de-roupas-e-calcados-alem-da-gastronomia","status":"publish","type":"post","link":"https:\/\/verdadeon.com.br\/portal\/2022\/05\/20\/onda-de-frio-alavanca-vendas-em-lojas-de-roupas-e-calcados-alem-da-gastronomia\/","title":{"rendered":"Onda de frio alavanca vendas em lojas de roupas e cal\u00e7ados, al\u00e9m da gastronomia"},"content":{"rendered":"<h2>Temperatura em Franca chegou perto dos 3\u00ba; frio continua, mas ser\u00e1 mais ameno nos pr\u00f3ximos dias<\/h2>\n<p>&nbsp;<\/p>\n<p><span style=\"font-weight: 400;\">A intensa onda de frio que atingiu Franca e v\u00e1rias regi\u00f5es do pa\u00eds nesta semana provocou uma verdadeira corrida dos consumidores \u00e0s lojas para compra de roupas e acess\u00f3rios para se protegerem nos dias gelados. A cidade teve recorde de temperaturas m\u00ednimas, com destaque para os 3,4\u00ba registrados pelo Inmet (Instituto Nacional de Meteorologia) na quinta-feira (19).<\/span><\/p>\n<p><span style=\"font-weight: 400;\">O in\u00edcio da 51\u00aa Expoagro, com programa\u00e7\u00e3o de shows musicais \u00e0 noite nos pr\u00f3ximos dias, tamb\u00e9m tem contribu\u00eddo para o aquecimento nas vendas.<\/span><\/p>\n<p><span style=\"font-weight: 400;\">Quem precisou fazer compras por aplicativos de mensagens, teve que ter paci\u00eancia; lojistas tiveram que se reorganizar para atender toda demanda. Lojas de roupas publicaram avisos em suas redes sociais, em diferentes dias, avisando que o atendimento pelo Instagram e WhatsApp estavam congestionados ou demorados devido ao grande movimento nas lojas f\u00edsicas.<\/span><\/p>\n<p><span style=\"font-weight: 400;\">Em grupos de Desapego no WhatsApp foi bastante comum a procura por pe\u00e7as mais quentes, botas, mantas e gorros entre as m\u00e3es.<\/span><\/p>\n<p><span style=\"font-weight: 400;\">Andressa Soares Alves Folhas \u00e9 propriet\u00e1ria de lojas de confec\u00e7\u00e3o e cal\u00e7ados infanto-juvenis no Bairro Cidade Nova &#8211; Tagarela Kids e Forever Young Moda Teen &#8211; e disse que as vendas surpreenderam nos \u00faltimos dias. \u201cNos dois primeiros dias de frio foi bem movimento na loja e WhatsApp, que at\u00e9 congestionou. Ningu\u00e9m estava preparado para um frio t\u00e3o forte e as pessoas precisaram comprar casacos mais pesados, mais quentes, al\u00e9m dos coturnos, que est\u00e3o muito em alta, e as botas. No meu segmento, as m\u00e3es s\u00f3 compram quando tem onda de frio, porque as crian\u00e7as perdem as roupas e cal\u00e7ados muito r\u00e1pido\u201d, afirmou Andressa.<\/span><\/p>\n<p><span style=\"font-weight: 400;\">A expectativa \u00e9 que as temperaturas mais amenas realmente marquem o inverno de 2022 para garantir vendas maiores. \u201cTodo ano a gente ouve que vai ter frio intenso, mas n\u00e3o acontece. Desta vez, at\u00e9 pelas informa\u00e7\u00f5es da agronomia, isso deve se concretizar, o que \u00e9 bom para dar um <em>up<\/em> nas vendas no com\u00e9rcio, porque o inverno \u00e9 a esta\u00e7\u00e3o mais dif\u00edcil para vender, por ter um tempo curto de vendas, s\u00e3o basicamente dois meses\u201d, comentou Andressa, que est\u00e1 no segmento h\u00e1 12 anos e acredita no aquecimento das vendas tamb\u00e9m com a realiza\u00e7\u00e3o da Expoagro e outros eventos.<\/span><\/p>\n<p><span style=\"font-weight: 400;\">Al\u00e9m da procura intensa por casacos, gorros, luvas, meias, cobertores, cachec\u00f3is, al\u00e9m de cal\u00e7ados, o setor de gastronomia tamb\u00e9m registrou aumento. Na Padaria Estrela a alta ficou entre 10% e 15%, com procura especialmente por caldos, caf\u00e9s, cappuccinos, chocolates su\u00ed\u00e7os e a panhoca (creme de gorgonzola servido no p\u00e3o italiano com iscas de fil\u00e9 mignon). \u201cNo frio, a gente sente mais fome, ent\u00e3o o setor de alimenta\u00e7\u00e3o vende mais. N\u00f3s temos um padr\u00e3o anual de vendas e, no frio, entre meados de maio at\u00e9 julho, registramos aumento\u201d, disse Alex Xavier, administrador da Padaria.<\/span><\/p>\n<h4><span style=\"font-weight: 400;\">Previs\u00e3o<\/span><\/h4>\n<p><span style=\"font-weight: 400;\">A queda nas temperaturas foi provocada pelo avan\u00e7o de uma massa de ar frio de origem polar em v\u00e1rias regi\u00f5es brasileiras. Em Franca, as temperaturas continuam mais amenas nos pr\u00f3ximos dias, mas menos intensas que nesta semana. Segundo o Climatempo, o ar frio come\u00e7a a se afastar em dire\u00e7\u00e3o ao oceano, e com isso, o frio vai diminuindo no continente. As Regi\u00f5es Sudeste e Centro-Oeste j\u00e1 devem registrar essa diminui\u00e7\u00e3o gradativa a partir deste s\u00e1bado (21); as condi\u00e7\u00f5es para geadas ser\u00e3o bem localizadas.<\/span><\/p>\n<p><span style=\"font-weight: 400;\">O s\u00e1bado e domingo devem ter sol o dia todo e noites sem nuvens. As temperaturas m\u00ednimas e m\u00e1ximas devem ficar entre 6\u00ba e 22\u00ba e 8\u00ba e 23\u00ba, respectivamente.<\/span><\/p>\n","protected":false},"excerpt":{"rendered":"<p>Temperatura em Franca chegou perto dos 3\u00ba; frio continua, mas ser\u00e1 mais ameno nos pr\u00f3ximos dias &nbsp; A intensa onda de frio que atingiu Franca e<span class=\"excerpt-hellip\"> [\u2026]<\/span><\/p>\n","protected":false},"author":12,"featured_media":20049,"comment_status":"open","ping_status":"open","sticky":false,"template":"","format":"standard","meta":{"_jetpack_memberships_contains_paid_content":false,"footnotes":"","jetpack_publicize_message":"","jetpack_publicize_feature_enabled":true,"jetpack_social_post_already_shared":false,"jetpack_social_options":{"image_generator_settings":{"template":"highway","default_image_id":0,"enabled":false},"version":2}},"categories":[28,81],"tags":[],"class_list":["post-25220","post","type-post","status-publish","format-standard","has-post-thumbnail","hentry","category-cotidiano","category-manchete"],"yoast_head":"<!-- This site is optimized with the Yoast SEO plugin v25.6 - https:\/\/yoast.com\/wordpress\/plugins\/seo\/ -->\n<title>Onda de frio alavanca vendas em lojas de roupas e cal\u00e7ados, al\u00e9m da gastronomia - VerdadeOn<\/title>\n<meta name=\"robots\" content=\"index, follow, max-snippet:-1, max-image-preview:large, max-video-preview:-1\" \/>\n<link rel=\"canonical\" href=\"https:\/\/verdadeon.com.br\/portal\/2022\/05\/20\/onda-de-frio-alavanca-vendas-em-lojas-de-roupas-e-calcados-alem-da-gastronomia\/\" \/>\n<meta property=\"og:locale\" content=\"pt_BR\" \/>\n<meta property=\"og:type\" content=\"article\" \/>\n<meta property=\"og:title\" content=\"Onda de frio alavanca vendas em lojas de roupas e cal\u00e7ados, al\u00e9m da gastronomia - VerdadeOn\" \/>\n<meta property=\"og:description\" content=\"Temperatura em Franca chegou perto dos 3\u00ba; frio continua, mas ser\u00e1 mais ameno nos pr\u00f3ximos dias &nbsp; A intensa onda de frio que atingiu Franca e [\u2026]\" \/>\n<meta property=\"og:url\" content=\"https:\/\/verdadeon.com.br\/portal\/2022\/05\/20\/onda-de-frio-alavanca-vendas-em-lojas-de-roupas-e-calcados-alem-da-gastronomia\/\" \/>\n<meta property=\"og:site_name\" content=\"VerdadeOn\" \/>\n<meta property=\"article:published_time\" content=\"2022-05-20T20:48:55+00:00\" \/>\n<meta property=\"og:image\" content=\"https:\/\/verdadeon.com.br\/portal\/wp-content\/uploads\/2021\/10\/MOVIMENTO-COMERCIO-EM-FRANCA-LOJAS-DO-CALCADAO-DA-VOLUNTARIOS-DA-FRANCA-FOTO-FERNANDO-CALIXTO-JORNAL-VERDADE-e1633118698447.jpeg\" \/>\n\t<meta property=\"og:image:width\" content=\"1001\" \/>\n\t<meta property=\"og:image:height\" content=\"668\" \/>\n\t<meta property=\"og:image:type\" content=\"image\/jpeg\" \/>\n<meta name=\"author\" content=\"Nelise Luques\" \/>\n<meta name=\"twitter:card\" content=\"summary_large_image\" \/>\n<meta name=\"twitter:label1\" content=\"Escrito por\" \/>\n\t<meta name=\"twitter:data1\" content=\"Nelise Luques\" \/>\n\t<meta name=\"twitter:label2\" content=\"Est. tempo de leitura\" \/>\n\t<meta name=\"twitter:data2\" content=\"4 minutos\" \/>\n<script type=\"application\/ld+json\" class=\"yoast-schema-graph\">{\"@context\":\"https:\/\/schema.org\",\"@graph\":[{\"@type\":\"WebPage\",\"@id\":\"https:\/\/verdadeon.com.br\/portal\/2022\/05\/20\/onda-de-frio-alavanca-vendas-em-lojas-de-roupas-e-calcados-alem-da-gastronomia\/\",\"url\":\"https:\/\/verdadeon.com.br\/portal\/2022\/05\/20\/onda-de-frio-alavanca-vendas-em-lojas-de-roupas-e-calcados-alem-da-gastronomia\/\",\"name\":\"Onda de frio alavanca vendas em lojas de roupas e cal\u00e7ados, al\u00e9m da gastronomia - VerdadeOn\",\"isPartOf\":{\"@id\":\"https:\/\/verdadeon.com.br\/portal\/#website\"},\"primaryImageOfPage\":{\"@id\":\"https:\/\/verdadeon.com.br\/portal\/2022\/05\/20\/onda-de-frio-alavanca-vendas-em-lojas-de-roupas-e-calcados-alem-da-gastronomia\/#primaryimage\"},\"image\":{\"@id\":\"https:\/\/verdadeon.com.br\/portal\/2022\/05\/20\/onda-de-frio-alavanca-vendas-em-lojas-de-roupas-e-calcados-alem-da-gastronomia\/#primaryimage\"},\"thumbnailUrl\":\"https:\/\/i0.wp.com\/verdadeon.com.br\/portal\/wp-content\/uploads\/2021\/10\/MOVIMENTO-COMERCIO-EM-FRANCA-LOJAS-DO-CALCADAO-DA-VOLUNTARIOS-DA-FRANCA-FOTO-FERNANDO-CALIXTO-JORNAL-VERDADE-e1633118698447.jpeg?fit=1001%2C668&ssl=1\",\"datePublished\":\"2022-05-20T20:48:55+00:00\",\"author\":{\"@id\":\"https:\/\/verdadeon.com.br\/portal\/#\/schema\/person\/8248726d36015c1916636fabb175d972\"},\"breadcrumb\":{\"@id\":\"https:\/\/verdadeon.com.br\/portal\/2022\/05\/20\/onda-de-frio-alavanca-vendas-em-lojas-de-roupas-e-calcados-alem-da-gastronomia\/#breadcrumb\"},\"inLanguage\":\"pt-BR\",\"potentialAction\":[{\"@type\":\"ReadAction\",\"target\":[\"https:\/\/verdadeon.com.br\/portal\/2022\/05\/20\/onda-de-frio-alavanca-vendas-em-lojas-de-roupas-e-calcados-alem-da-gastronomia\/\"]}]},{\"@type\":\"ImageObject\",\"inLanguage\":\"pt-BR\",\"@id\":\"https:\/\/verdadeon.com.br\/portal\/2022\/05\/20\/onda-de-frio-alavanca-vendas-em-lojas-de-roupas-e-calcados-alem-da-gastronomia\/#primaryimage\",\"url\":\"https:\/\/i0.wp.com\/verdadeon.com.br\/portal\/wp-content\/uploads\/2021\/10\/MOVIMENTO-COMERCIO-EM-FRANCA-LOJAS-DO-CALCADAO-DA-VOLUNTARIOS-DA-FRANCA-FOTO-FERNANDO-CALIXTO-JORNAL-VERDADE-e1633118698447.jpeg?fit=1001%2C668&ssl=1\",\"contentUrl\":\"https:\/\/i0.wp.com\/verdadeon.com.br\/portal\/wp-content\/uploads\/2021\/10\/MOVIMENTO-COMERCIO-EM-FRANCA-LOJAS-DO-CALCADAO-DA-VOLUNTARIOS-DA-FRANCA-FOTO-FERNANDO-CALIXTO-JORNAL-VERDADE-e1633118698447.jpeg?fit=1001%2C668&ssl=1\",\"width\":1001,\"height\":668,\"caption\":\"A ACIF informou que as lojas adotar\u00e3o hor\u00e1rio especial de Natal, at\u00e9 22h durante a semana, a partir do dia 5 de dezembro | Foto: Fernando Calixto \/ Jornal Verdade\"},{\"@type\":\"BreadcrumbList\",\"@id\":\"https:\/\/verdadeon.com.br\/portal\/2022\/05\/20\/onda-de-frio-alavanca-vendas-em-lojas-de-roupas-e-calcados-alem-da-gastronomia\/#breadcrumb\",\"itemListElement\":[{\"@type\":\"ListItem\",\"position\":1,\"name\":\"In\u00edcio\",\"item\":\"https:\/\/verdadeon.com.br\/portal\/\"},{\"@type\":\"ListItem\",\"position\":2,\"name\":\"Onda de frio alavanca vendas em lojas de roupas e cal\u00e7ados, al\u00e9m da gastronomia\"}]},{\"@type\":\"WebSite\",\"@id\":\"https:\/\/verdadeon.com.br\/portal\/#website\",\"url\":\"https:\/\/verdadeon.com.br\/portal\/\",\"name\":\"VerdadeOn\",\"description\":\"Not\u00edcias di\u00e1rias sobre Franca, Regi\u00e3o, Esporte, Cultura, Cotidiano, Colunas. Cobertura nos principais eventos da cidade \u00e9 aqui - Verdadeon Franca\",\"potentialAction\":[{\"@type\":\"SearchAction\",\"target\":{\"@type\":\"EntryPoint\",\"urlTemplate\":\"https:\/\/verdadeon.com.br\/portal\/?s={search_term_string}\"},\"query-input\":{\"@type\":\"PropertyValueSpecification\",\"valueRequired\":true,\"valueName\":\"search_term_string\"}}],\"inLanguage\":\"pt-BR\"},{\"@type\":\"Person\",\"@id\":\"https:\/\/verdadeon.com.br\/portal\/#\/schema\/person\/8248726d36015c1916636fabb175d972\",\"name\":\"Nelise Luques\",\"image\":{\"@type\":\"ImageObject\",\"inLanguage\":\"pt-BR\",\"@id\":\"https:\/\/verdadeon.com.br\/portal\/#\/schema\/person\/image\/\",\"url\":\"https:\/\/secure.gravatar.com\/avatar\/29b2a17f5bcadeb827411b66f48ac13c3e0ecaf5906c0f5745ecc5d41c24eada?s=96&d=mm&r=g\",\"contentUrl\":\"https:\/\/secure.gravatar.com\/avatar\/29b2a17f5bcadeb827411b66f48ac13c3e0ecaf5906c0f5745ecc5d41c24eada?s=96&d=mm&r=g\",\"caption\":\"Nelise Luques\"},\"url\":\"https:\/\/verdadeon.com.br\/portal\/author\/verdade\/\"}]}<\/script>\n<!-- \/ Yoast SEO plugin. -->","yoast_head_json":{"title":"Onda de frio alavanca vendas em lojas de roupas e cal\u00e7ados, al\u00e9m da gastronomia - VerdadeOn","robots":{"index":"index","follow":"follow","max-snippet":"max-snippet:-1","max-image-preview":"max-image-preview:large","max-video-preview":"max-video-preview:-1"},"canonical":"https:\/\/verdadeon.com.br\/portal\/2022\/05\/20\/onda-de-frio-alavanca-vendas-em-lojas-de-roupas-e-calcados-alem-da-gastronomia\/","og_locale":"pt_BR","og_type":"article","og_title":"Onda de frio alavanca vendas em lojas de roupas e cal\u00e7ados, al\u00e9m da gastronomia - VerdadeOn","og_description":"Temperatura em Franca chegou perto dos 3\u00ba; frio continua, mas ser\u00e1 mais ameno nos pr\u00f3ximos dias &nbsp; A intensa onda de frio que atingiu Franca e [\u2026]","og_url":"https:\/\/verdadeon.com.br\/portal\/2022\/05\/20\/onda-de-frio-alavanca-vendas-em-lojas-de-roupas-e-calcados-alem-da-gastronomia\/","og_site_name":"VerdadeOn","article_published_time":"2022-05-20T20:48:55+00:00","og_image":[{"width":1001,"height":668,"url":"https:\/\/verdadeon.com.br\/portal\/wp-content\/uploads\/2021\/10\/MOVIMENTO-COMERCIO-EM-FRANCA-LOJAS-DO-CALCADAO-DA-VOLUNTARIOS-DA-FRANCA-FOTO-FERNANDO-CALIXTO-JORNAL-VERDADE-e1633118698447.jpeg","type":"image\/jpeg"}],"author":"Nelise Luques","twitter_card":"summary_large_image","twitter_misc":{"Escrito por":"Nelise Luques","Est. tempo de leitura":"4 minutos"},"schema":{"@context":"https:\/\/schema.org","@graph":[{"@type":"WebPage","@id":"https:\/\/verdadeon.com.br\/portal\/2022\/05\/20\/onda-de-frio-alavanca-vendas-em-lojas-de-roupas-e-calcados-alem-da-gastronomia\/","url":"https:\/\/verdadeon.com.br\/portal\/2022\/05\/20\/onda-de-frio-alavanca-vendas-em-lojas-de-roupas-e-calcados-alem-da-gastronomia\/","name":"Onda de frio alavanca vendas em lojas de roupas e cal\u00e7ados, al\u00e9m da gastronomia - VerdadeOn","isPartOf":{"@id":"https:\/\/verdadeon.com.br\/portal\/#website"},"primaryImageOfPage":{"@id":"https:\/\/verdadeon.com.br\/portal\/2022\/05\/20\/onda-de-frio-alavanca-vendas-em-lojas-de-roupas-e-calcados-alem-da-gastronomia\/#primaryimage"},"image":{"@id":"https:\/\/verdadeon.com.br\/portal\/2022\/05\/20\/onda-de-frio-alavanca-vendas-em-lojas-de-roupas-e-calcados-alem-da-gastronomia\/#primaryimage"},"thumbnailUrl":"https:\/\/i0.wp.com\/verdadeon.com.br\/portal\/wp-content\/uploads\/2021\/10\/MOVIMENTO-COMERCIO-EM-FRANCA-LOJAS-DO-CALCADAO-DA-VOLUNTARIOS-DA-FRANCA-FOTO-FERNANDO-CALIXTO-JORNAL-VERDADE-e1633118698447.jpeg?fit=1001%2C668&ssl=1","datePublished":"2022-05-20T20:48:55+00:00","author":{"@id":"https:\/\/verdadeon.com.br\/portal\/#\/schema\/person\/8248726d36015c1916636fabb175d972"},"breadcrumb":{"@id":"https:\/\/verdadeon.com.br\/portal\/2022\/05\/20\/onda-de-frio-alavanca-vendas-em-lojas-de-roupas-e-calcados-alem-da-gastronomia\/#breadcrumb"},"inLanguage":"pt-BR","potentialAction":[{"@type":"ReadAction","target":["https:\/\/verdadeon.com.br\/portal\/2022\/05\/20\/onda-de-frio-alavanca-vendas-em-lojas-de-roupas-e-calcados-alem-da-gastronomia\/"]}]},{"@type":"ImageObject","inLanguage":"pt-BR","@id":"https:\/\/verdadeon.com.br\/portal\/2022\/05\/20\/onda-de-frio-alavanca-vendas-em-lojas-de-roupas-e-calcados-alem-da-gastronomia\/#primaryimage","url":"https:\/\/i0.wp.com\/verdadeon.com.br\/portal\/wp-content\/uploads\/2021\/10\/MOVIMENTO-COMERCIO-EM-FRANCA-LOJAS-DO-CALCADAO-DA-VOLUNTARIOS-DA-FRANCA-FOTO-FERNANDO-CALIXTO-JORNAL-VERDADE-e1633118698447.jpeg?fit=1001%2C668&ssl=1","contentUrl":"https:\/\/i0.wp.com\/verdadeon.com.br\/portal\/wp-content\/uploads\/2021\/10\/MOVIMENTO-COMERCIO-EM-FRANCA-LOJAS-DO-CALCADAO-DA-VOLUNTARIOS-DA-FRANCA-FOTO-FERNANDO-CALIXTO-JORNAL-VERDADE-e1633118698447.jpeg?fit=1001%2C668&ssl=1","width":1001,"height":668,"caption":"A ACIF informou que as lojas adotar\u00e3o hor\u00e1rio especial de Natal, at\u00e9 22h durante a semana, a partir do dia 5 de dezembro | Foto: Fernando Calixto \/ Jornal Verdade"},{"@type":"BreadcrumbList","@id":"https:\/\/verdadeon.com.br\/portal\/2022\/05\/20\/onda-de-frio-alavanca-vendas-em-lojas-de-roupas-e-calcados-alem-da-gastronomia\/#breadcrumb","itemListElement":[{"@type":"ListItem","position":1,"name":"In\u00edcio","item":"https:\/\/verdadeon.com.br\/portal\/"},{"@type":"ListItem","position":2,"name":"Onda de frio alavanca vendas em lojas de roupas e cal\u00e7ados, al\u00e9m da gastronomia"}]},{"@type":"WebSite","@id":"https:\/\/verdadeon.com.br\/portal\/#website","url":"https:\/\/verdadeon.com.br\/portal\/","name":"VerdadeOn","description":"Not\u00edcias di\u00e1rias sobre Franca, Regi\u00e3o, Esporte, Cultura, Cotidiano, Colunas. Cobertura nos principais eventos da cidade \u00e9 aqui - Verdadeon Franca","potentialAction":[{"@type":"SearchAction","target":{"@type":"EntryPoint","urlTemplate":"https:\/\/verdadeon.com.br\/portal\/?s={search_term_string}"},"query-input":{"@type":"PropertyValueSpecification","valueRequired":true,"valueName":"search_term_string"}}],"inLanguage":"pt-BR"},{"@type":"Person","@id":"https:\/\/verdadeon.com.br\/portal\/#\/schema\/person\/8248726d36015c1916636fabb175d972","name":"Nelise Luques","image":{"@type":"ImageObject","inLanguage":"pt-BR","@id":"https:\/\/verdadeon.com.br\/portal\/#\/schema\/person\/image\/","url":"https:\/\/secure.gravatar.com\/avatar\/29b2a17f5bcadeb827411b66f48ac13c3e0ecaf5906c0f5745ecc5d41c24eada?s=96&d=mm&r=g","contentUrl":"https:\/\/secure.gravatar.com\/avatar\/29b2a17f5bcadeb827411b66f48ac13c3e0ecaf5906c0f5745ecc5d41c24eada?s=96&d=mm&r=g","caption":"Nelise Luques"},"url":"https:\/\/verdadeon.com.br\/portal\/author\/verdade\/"}]}},"jetpack_publicize_connections":[],"jetpack_featured_media_url":"https:\/\/i0.wp.com\/verdadeon.com.br\/portal\/wp-content\/uploads\/2021\/10\/MOVIMENTO-COMERCIO-EM-FRANCA-LOJAS-DO-CALCADAO-DA-VOLUNTARIOS-DA-FRANCA-FOTO-FERNANDO-CALIXTO-JORNAL-VERDADE-e1633118698447.jpeg?fit=1001%2C668&ssl=1","jetpack_sharing_enabled":true,"_links":{"self":[{"href":"https:\/\/verdadeon.com.br\/portal\/wp-json\/wp\/v2\/posts\/25220","targetHints":{"allow":["GET"]}}],"collection":[{"href":"https:\/\/verdadeon.com.br\/portal\/wp-json\/wp\/v2\/posts"}],"about":[{"href":"https:\/\/verdadeon.com.br\/portal\/wp-json\/wp\/v2\/types\/post"}],"author":[{"embeddable":true,"href":"https:\/\/verdadeon.com.br\/portal\/wp-json\/wp\/v2\/users\/12"}],"replies":[{"embeddable":true,"href":"https:\/\/verdadeon.com.br\/portal\/wp-json\/wp\/v2\/comments?post=25220"}],"version-history":[{"count":1,"href":"https:\/\/verdadeon.com.br\/portal\/wp-json\/wp\/v2\/posts\/25220\/revisions"}],"predecessor-version":[{"id":25222,"href":"https:\/\/verdadeon.com.br\/portal\/wp-json\/wp\/v2\/posts\/25220\/revisions\/25222"}],"wp:featuredmedia":[{"embeddable":true,"href":"https:\/\/verdadeon.com.br\/portal\/wp-json\/wp\/v2\/media\/20049"}],"wp:attachment":[{"href":"https:\/\/verdadeon.com.br\/portal\/wp-json\/wp\/v2\/media?parent=25220"}],"wp:term":[{"taxonomy":"category","embeddable":true,"href":"https:\/\/verdadeon.com.br\/portal\/wp-json\/wp\/v2\/categories?post=25220"},{"taxonomy":"post_tag","embeddable":true,"href":"https:\/\/verdadeon.com.br\/portal\/wp-json\/wp\/v2\/tags?post=25220"}],"curies":[{"name":"wp","href":"https:\/\/api.w.org\/{rel}","templated":true}]}}