{"id":25173,"date":"2022-05-18T17:10:35","date_gmt":"2022-05-18T20:10:35","guid":{"rendered":"https:\/\/verdadeon.com.br\/portal\/?p=25173"},"modified":"2022-05-18T17:09:55","modified_gmt":"2022-05-18T20:09:55","slug":"cristais-paulista-inicia-campanha-do-agasalho-doe-calor-e-receba-amor","status":"publish","type":"post","link":"https:\/\/verdadeon.com.br\/portal\/2022\/05\/18\/cristais-paulista-inicia-campanha-do-agasalho-doe-calor-e-receba-amor\/","title":{"rendered":"Cristais Paulista inicia Campanha do Agasalho &#8220;Doe Calor e Receba Amor&#8221;"},"content":{"rendered":"<h2>A\u00e7\u00e3o, realizada pela Prefeitura e Fundo Social, arrecada roupas, cal\u00e7ados, cobertores, al\u00e9m de pe\u00e7as de enxoval e meias<\/h2>\n<p>&nbsp;<\/p>\n<p><span style=\"font-weight: 400;\">A Prefeitura de Cristais Paulista e o Fundo Social de Solidariedade iniciaram nesta quarta-feira (18) a Campanha do Agasalho 2022, Doe Calor e Receba Amor. A campanha ir\u00e1 receber doa\u00e7\u00f5es at\u00e9 o m\u00eas de julho. As entregas devem ser encaminhadas diretamente ao Fundo Social, localizado no Centro da cidade.<\/span><\/p>\n<p><span style=\"font-weight: 400;\">A popula\u00e7\u00e3o pode doar pe\u00e7as como roupas femininas, masculinas e infantis, acess\u00f3rios de inverno, cal\u00e7ados, cobertores novos e usados, itens de cama, mesa e banho, desde que estejam em bom estado de conserva\u00e7\u00e3o para o uso imediato.<\/span><\/p>\n<p><span style=\"font-weight: 400;\">Devido a onda de frio que atinge a regi\u00e3o nesta semana, a demanda maior para o momento \u00e9 de meias, mantas, cobertores e agasalhos mais refor\u00e7ados. Durante o recebimento das doa\u00e7\u00f5es, o Fundo Social far\u00e1 um trabalho de separa\u00e7\u00e3o das pe\u00e7as doadas, que ser\u00e3o encaminhadas para pessoas carentes de Cristais Paulista. \u201cS\u00e3o diversas fam\u00edlias que precisam muito de doa\u00e7\u00f5es. N\u00f3s temos uma sala de doa\u00e7\u00e3o permanente aqui no Fundo Social e as pessoas podem buscar as pe\u00e7as que necessitarem. \u00c9 muito importante que a popula\u00e7\u00e3o cristalense abrace essa campanha\u201d, finalizou Sheila Mara de Oliveira, coordenadora do Fundo Social de Solidariedade, ao refor\u00e7ar que as doa\u00e7\u00f5es s\u00e3o destinadas para moradores da zona urbana e rural de Cristais.<\/span><\/p>\n<p><span style=\"font-weight: 400;\">Segundo Sheila, a expectativa \u00e9 arrecadar neste ano mais de 4 mil itens. \u201cJ\u00e1 conseguimos em torno de 4 mil a 5 mil pe\u00e7as em campanhas que foram feitas em outros anos. Esperamos arrecadar mais que essa quantidade, principalmente com esse frio intenso que estamos enfrentando\u201d.<\/span><\/p>\n<p><span style=\"font-weight: 400;\">Se for necess\u00e1rio, o Fundo Social pode buscar doa\u00e7\u00f5es, basta entrar em contato pelo telefone 98198-9431. &#8220;\u00c0s vezes a pessoa n\u00e3o pode trazer, mora mais longe ou tem uma quantidade maior de roupas para doar, ent\u00e3o \u00e9 s\u00f3 ligar que a gente se organiza e busca\u201d, afirmou a gestora do Fundo Social.<\/span><\/p>\n<h4><span style=\"font-weight: 400;\">Onde doar<\/span><\/h4>\n<p><span style=\"font-weight: 400;\">Fundo Social de Solidariedade Cristais Paulista<\/span><\/p>\n<p><span style=\"font-weight: 400;\">Endere\u00e7o: Avenida Ant\u00f4nio Prado, 3141, Centro<\/span><\/p>\n<p><span style=\"font-weight: 400;\">Segunda a sexta, das 8h \u00e0s 11h e das 13h \u00e0s 17h<\/span><\/p>\n<p>&nbsp;<\/p>\n","protected":false},"excerpt":{"rendered":"<p>A\u00e7\u00e3o, realizada pela Prefeitura e Fundo Social, arrecada roupas, cal\u00e7ados, cobertores, al\u00e9m de pe\u00e7as de enxoval e meias &nbsp; A Prefeitura de Cristais Paulista e o<span class=\"excerpt-hellip\"> [\u2026]<\/span><\/p>\n","protected":false},"author":12,"featured_media":25174,"comment_status":"open","ping_status":"open","sticky":false,"template":"","format":"standard","meta":{"_jetpack_memberships_contains_paid_content":false,"footnotes":"","jetpack_publicize_message":"","jetpack_publicize_feature_enabled":true,"jetpack_social_post_already_shared":false,"jetpack_social_options":{"image_generator_settings":{"template":"highway","default_image_id":0,"enabled":false},"version":2}},"categories":[28,81],"tags":[],"class_list":["post-25173","post","type-post","status-publish","format-standard","has-post-thumbnail","hentry","category-cotidiano","category-manchete"],"yoast_head":"<!-- This site is optimized with the Yoast SEO plugin v25.6 - https:\/\/yoast.com\/wordpress\/plugins\/seo\/ -->\n<title>Cristais Paulista inicia Campanha do Agasalho &quot;Doe Calor e Receba Amor&quot; - VerdadeOn<\/title>\n<meta name=\"robots\" content=\"index, follow, max-snippet:-1, max-image-preview:large, max-video-preview:-1\" \/>\n<link rel=\"canonical\" href=\"https:\/\/verdadeon.com.br\/portal\/2022\/05\/18\/cristais-paulista-inicia-campanha-do-agasalho-doe-calor-e-receba-amor\/\" \/>\n<meta property=\"og:locale\" content=\"pt_BR\" \/>\n<meta property=\"og:type\" content=\"article\" \/>\n<meta property=\"og:title\" content=\"Cristais Paulista inicia Campanha do Agasalho &quot;Doe Calor e Receba Amor&quot; - VerdadeOn\" \/>\n<meta property=\"og:description\" content=\"A\u00e7\u00e3o, realizada pela Prefeitura e Fundo Social, arrecada roupas, cal\u00e7ados, cobertores, al\u00e9m de pe\u00e7as de enxoval e meias &nbsp; A Prefeitura de Cristais Paulista e o [\u2026]\" \/>\n<meta property=\"og:url\" content=\"https:\/\/verdadeon.com.br\/portal\/2022\/05\/18\/cristais-paulista-inicia-campanha-do-agasalho-doe-calor-e-receba-amor\/\" \/>\n<meta property=\"og:site_name\" content=\"VerdadeOn\" \/>\n<meta property=\"article:published_time\" content=\"2022-05-18T20:10:35+00:00\" \/>\n<meta property=\"og:image\" content=\"https:\/\/verdadeon.com.br\/portal\/wp-content\/uploads\/2022\/05\/Sheila-Mara-de-Oliveira-coordenadora-do-Fundo-Social-de-Solidariedade-Cristais-Paulista-e1652904464518.jpeg\" \/>\n\t<meta property=\"og:image:width\" content=\"1001\" \/>\n\t<meta property=\"og:image:height\" content=\"668\" \/>\n\t<meta property=\"og:image:type\" content=\"image\/jpeg\" \/>\n<meta name=\"author\" content=\"Nelise Luques\" \/>\n<meta name=\"twitter:card\" content=\"summary_large_image\" \/>\n<meta name=\"twitter:label1\" content=\"Escrito por\" \/>\n\t<meta name=\"twitter:data1\" content=\"Nelise Luques\" \/>\n\t<meta name=\"twitter:label2\" content=\"Est. tempo de leitura\" \/>\n\t<meta name=\"twitter:data2\" content=\"2 minutos\" \/>\n<script type=\"application\/ld+json\" class=\"yoast-schema-graph\">{\"@context\":\"https:\/\/schema.org\",\"@graph\":[{\"@type\":\"WebPage\",\"@id\":\"https:\/\/verdadeon.com.br\/portal\/2022\/05\/18\/cristais-paulista-inicia-campanha-do-agasalho-doe-calor-e-receba-amor\/\",\"url\":\"https:\/\/verdadeon.com.br\/portal\/2022\/05\/18\/cristais-paulista-inicia-campanha-do-agasalho-doe-calor-e-receba-amor\/\",\"name\":\"Cristais Paulista inicia Campanha do Agasalho \\\"Doe Calor e Receba Amor\\\" - VerdadeOn\",\"isPartOf\":{\"@id\":\"https:\/\/verdadeon.com.br\/portal\/#website\"},\"primaryImageOfPage\":{\"@id\":\"https:\/\/verdadeon.com.br\/portal\/2022\/05\/18\/cristais-paulista-inicia-campanha-do-agasalho-doe-calor-e-receba-amor\/#primaryimage\"},\"image\":{\"@id\":\"https:\/\/verdadeon.com.br\/portal\/2022\/05\/18\/cristais-paulista-inicia-campanha-do-agasalho-doe-calor-e-receba-amor\/#primaryimage\"},\"thumbnailUrl\":\"https:\/\/i0.wp.com\/verdadeon.com.br\/portal\/wp-content\/uploads\/2022\/05\/Sheila-Mara-de-Oliveira-coordenadora-do-Fundo-Social-de-Solidariedade-Cristais-Paulista-e1652904464518.jpeg?fit=1001%2C668&ssl=1\",\"datePublished\":\"2022-05-18T20:10:35+00:00\",\"author\":{\"@id\":\"https:\/\/verdadeon.com.br\/portal\/#\/schema\/person\/8248726d36015c1916636fabb175d972\"},\"breadcrumb\":{\"@id\":\"https:\/\/verdadeon.com.br\/portal\/2022\/05\/18\/cristais-paulista-inicia-campanha-do-agasalho-doe-calor-e-receba-amor\/#breadcrumb\"},\"inLanguage\":\"pt-BR\",\"potentialAction\":[{\"@type\":\"ReadAction\",\"target\":[\"https:\/\/verdadeon.com.br\/portal\/2022\/05\/18\/cristais-paulista-inicia-campanha-do-agasalho-doe-calor-e-receba-amor\/\"]}]},{\"@type\":\"ImageObject\",\"inLanguage\":\"pt-BR\",\"@id\":\"https:\/\/verdadeon.com.br\/portal\/2022\/05\/18\/cristais-paulista-inicia-campanha-do-agasalho-doe-calor-e-receba-amor\/#primaryimage\",\"url\":\"https:\/\/i0.wp.com\/verdadeon.com.br\/portal\/wp-content\/uploads\/2022\/05\/Sheila-Mara-de-Oliveira-coordenadora-do-Fundo-Social-de-Solidariedade-Cristais-Paulista-e1652904464518.jpeg?fit=1001%2C668&ssl=1\",\"contentUrl\":\"https:\/\/i0.wp.com\/verdadeon.com.br\/portal\/wp-content\/uploads\/2022\/05\/Sheila-Mara-de-Oliveira-coordenadora-do-Fundo-Social-de-Solidariedade-Cristais-Paulista-e1652904464518.jpeg?fit=1001%2C668&ssl=1\",\"width\":1001,\"height\":668,\"caption\":\"Sheila Mara de Oliveira, coordenadora do Fundo Social de Solidariedade de Cristais Paulista, na sala permanente de doa\u00e7\u00f5es da entidade | Foto: Divulga\u00e7\u00e3o\"},{\"@type\":\"BreadcrumbList\",\"@id\":\"https:\/\/verdadeon.com.br\/portal\/2022\/05\/18\/cristais-paulista-inicia-campanha-do-agasalho-doe-calor-e-receba-amor\/#breadcrumb\",\"itemListElement\":[{\"@type\":\"ListItem\",\"position\":1,\"name\":\"In\u00edcio\",\"item\":\"https:\/\/verdadeon.com.br\/portal\/\"},{\"@type\":\"ListItem\",\"position\":2,\"name\":\"Cristais Paulista inicia Campanha do Agasalho &#8220;Doe Calor e Receba Amor&#8221;\"}]},{\"@type\":\"WebSite\",\"@id\":\"https:\/\/verdadeon.com.br\/portal\/#website\",\"url\":\"https:\/\/verdadeon.com.br\/portal\/\",\"name\":\"VerdadeOn\",\"description\":\"Not\u00edcias di\u00e1rias sobre Franca, Regi\u00e3o, Esporte, Cultura, Cotidiano, Colunas. Cobertura nos principais eventos da cidade \u00e9 aqui - Verdadeon Franca\",\"potentialAction\":[{\"@type\":\"SearchAction\",\"target\":{\"@type\":\"EntryPoint\",\"urlTemplate\":\"https:\/\/verdadeon.com.br\/portal\/?s={search_term_string}\"},\"query-input\":{\"@type\":\"PropertyValueSpecification\",\"valueRequired\":true,\"valueName\":\"search_term_string\"}}],\"inLanguage\":\"pt-BR\"},{\"@type\":\"Person\",\"@id\":\"https:\/\/verdadeon.com.br\/portal\/#\/schema\/person\/8248726d36015c1916636fabb175d972\",\"name\":\"Nelise Luques\",\"image\":{\"@type\":\"ImageObject\",\"inLanguage\":\"pt-BR\",\"@id\":\"https:\/\/verdadeon.com.br\/portal\/#\/schema\/person\/image\/\",\"url\":\"https:\/\/secure.gravatar.com\/avatar\/29b2a17f5bcadeb827411b66f48ac13c3e0ecaf5906c0f5745ecc5d41c24eada?s=96&d=mm&r=g\",\"contentUrl\":\"https:\/\/secure.gravatar.com\/avatar\/29b2a17f5bcadeb827411b66f48ac13c3e0ecaf5906c0f5745ecc5d41c24eada?s=96&d=mm&r=g\",\"caption\":\"Nelise Luques\"},\"url\":\"https:\/\/verdadeon.com.br\/portal\/author\/verdade\/\"}]}<\/script>\n<!-- \/ Yoast SEO plugin. -->","yoast_head_json":{"title":"Cristais Paulista inicia Campanha do Agasalho \"Doe Calor e Receba Amor\" - VerdadeOn","robots":{"index":"index","follow":"follow","max-snippet":"max-snippet:-1","max-image-preview":"max-image-preview:large","max-video-preview":"max-video-preview:-1"},"canonical":"https:\/\/verdadeon.com.br\/portal\/2022\/05\/18\/cristais-paulista-inicia-campanha-do-agasalho-doe-calor-e-receba-amor\/","og_locale":"pt_BR","og_type":"article","og_title":"Cristais Paulista inicia Campanha do Agasalho \"Doe Calor e Receba Amor\" - VerdadeOn","og_description":"A\u00e7\u00e3o, realizada pela Prefeitura e Fundo Social, arrecada roupas, cal\u00e7ados, cobertores, al\u00e9m de pe\u00e7as de enxoval e meias &nbsp; A Prefeitura de Cristais Paulista e o [\u2026]","og_url":"https:\/\/verdadeon.com.br\/portal\/2022\/05\/18\/cristais-paulista-inicia-campanha-do-agasalho-doe-calor-e-receba-amor\/","og_site_name":"VerdadeOn","article_published_time":"2022-05-18T20:10:35+00:00","og_image":[{"width":1001,"height":668,"url":"https:\/\/verdadeon.com.br\/portal\/wp-content\/uploads\/2022\/05\/Sheila-Mara-de-Oliveira-coordenadora-do-Fundo-Social-de-Solidariedade-Cristais-Paulista-e1652904464518.jpeg","type":"image\/jpeg"}],"author":"Nelise Luques","twitter_card":"summary_large_image","twitter_misc":{"Escrito por":"Nelise Luques","Est. tempo de leitura":"2 minutos"},"schema":{"@context":"https:\/\/schema.org","@graph":[{"@type":"WebPage","@id":"https:\/\/verdadeon.com.br\/portal\/2022\/05\/18\/cristais-paulista-inicia-campanha-do-agasalho-doe-calor-e-receba-amor\/","url":"https:\/\/verdadeon.com.br\/portal\/2022\/05\/18\/cristais-paulista-inicia-campanha-do-agasalho-doe-calor-e-receba-amor\/","name":"Cristais Paulista inicia Campanha do Agasalho \"Doe Calor e Receba Amor\" - VerdadeOn","isPartOf":{"@id":"https:\/\/verdadeon.com.br\/portal\/#website"},"primaryImageOfPage":{"@id":"https:\/\/verdadeon.com.br\/portal\/2022\/05\/18\/cristais-paulista-inicia-campanha-do-agasalho-doe-calor-e-receba-amor\/#primaryimage"},"image":{"@id":"https:\/\/verdadeon.com.br\/portal\/2022\/05\/18\/cristais-paulista-inicia-campanha-do-agasalho-doe-calor-e-receba-amor\/#primaryimage"},"thumbnailUrl":"https:\/\/i0.wp.com\/verdadeon.com.br\/portal\/wp-content\/uploads\/2022\/05\/Sheila-Mara-de-Oliveira-coordenadora-do-Fundo-Social-de-Solidariedade-Cristais-Paulista-e1652904464518.jpeg?fit=1001%2C668&ssl=1","datePublished":"2022-05-18T20:10:35+00:00","author":{"@id":"https:\/\/verdadeon.com.br\/portal\/#\/schema\/person\/8248726d36015c1916636fabb175d972"},"breadcrumb":{"@id":"https:\/\/verdadeon.com.br\/portal\/2022\/05\/18\/cristais-paulista-inicia-campanha-do-agasalho-doe-calor-e-receba-amor\/#breadcrumb"},"inLanguage":"pt-BR","potentialAction":[{"@type":"ReadAction","target":["https:\/\/verdadeon.com.br\/portal\/2022\/05\/18\/cristais-paulista-inicia-campanha-do-agasalho-doe-calor-e-receba-amor\/"]}]},{"@type":"ImageObject","inLanguage":"pt-BR","@id":"https:\/\/verdadeon.com.br\/portal\/2022\/05\/18\/cristais-paulista-inicia-campanha-do-agasalho-doe-calor-e-receba-amor\/#primaryimage","url":"https:\/\/i0.wp.com\/verdadeon.com.br\/portal\/wp-content\/uploads\/2022\/05\/Sheila-Mara-de-Oliveira-coordenadora-do-Fundo-Social-de-Solidariedade-Cristais-Paulista-e1652904464518.jpeg?fit=1001%2C668&ssl=1","contentUrl":"https:\/\/i0.wp.com\/verdadeon.com.br\/portal\/wp-content\/uploads\/2022\/05\/Sheila-Mara-de-Oliveira-coordenadora-do-Fundo-Social-de-Solidariedade-Cristais-Paulista-e1652904464518.jpeg?fit=1001%2C668&ssl=1","width":1001,"height":668,"caption":"Sheila Mara de Oliveira, coordenadora do Fundo Social de Solidariedade de Cristais Paulista, na sala permanente de doa\u00e7\u00f5es da entidade | Foto: Divulga\u00e7\u00e3o"},{"@type":"BreadcrumbList","@id":"https:\/\/verdadeon.com.br\/portal\/2022\/05\/18\/cristais-paulista-inicia-campanha-do-agasalho-doe-calor-e-receba-amor\/#breadcrumb","itemListElement":[{"@type":"ListItem","position":1,"name":"In\u00edcio","item":"https:\/\/verdadeon.com.br\/portal\/"},{"@type":"ListItem","position":2,"name":"Cristais Paulista inicia Campanha do Agasalho &#8220;Doe Calor e Receba Amor&#8221;"}]},{"@type":"WebSite","@id":"https:\/\/verdadeon.com.br\/portal\/#website","url":"https:\/\/verdadeon.com.br\/portal\/","name":"VerdadeOn","description":"Not\u00edcias di\u00e1rias sobre Franca, Regi\u00e3o, Esporte, Cultura, Cotidiano, Colunas. Cobertura nos principais eventos da cidade \u00e9 aqui - Verdadeon Franca","potentialAction":[{"@type":"SearchAction","target":{"@type":"EntryPoint","urlTemplate":"https:\/\/verdadeon.com.br\/portal\/?s={search_term_string}"},"query-input":{"@type":"PropertyValueSpecification","valueRequired":true,"valueName":"search_term_string"}}],"inLanguage":"pt-BR"},{"@type":"Person","@id":"https:\/\/verdadeon.com.br\/portal\/#\/schema\/person\/8248726d36015c1916636fabb175d972","name":"Nelise Luques","image":{"@type":"ImageObject","inLanguage":"pt-BR","@id":"https:\/\/verdadeon.com.br\/portal\/#\/schema\/person\/image\/","url":"https:\/\/secure.gravatar.com\/avatar\/29b2a17f5bcadeb827411b66f48ac13c3e0ecaf5906c0f5745ecc5d41c24eada?s=96&d=mm&r=g","contentUrl":"https:\/\/secure.gravatar.com\/avatar\/29b2a17f5bcadeb827411b66f48ac13c3e0ecaf5906c0f5745ecc5d41c24eada?s=96&d=mm&r=g","caption":"Nelise Luques"},"url":"https:\/\/verdadeon.com.br\/portal\/author\/verdade\/"}]}},"jetpack_publicize_connections":[],"jetpack_featured_media_url":"https:\/\/i0.wp.com\/verdadeon.com.br\/portal\/wp-content\/uploads\/2022\/05\/Sheila-Mara-de-Oliveira-coordenadora-do-Fundo-Social-de-Solidariedade-Cristais-Paulista-e1652904464518.jpeg?fit=1001%2C668&ssl=1","jetpack_sharing_enabled":true,"_links":{"self":[{"href":"https:\/\/verdadeon.com.br\/portal\/wp-json\/wp\/v2\/posts\/25173","targetHints":{"allow":["GET"]}}],"collection":[{"href":"https:\/\/verdadeon.com.br\/portal\/wp-json\/wp\/v2\/posts"}],"about":[{"href":"https:\/\/verdadeon.com.br\/portal\/wp-json\/wp\/v2\/types\/post"}],"author":[{"embeddable":true,"href":"https:\/\/verdadeon.com.br\/portal\/wp-json\/wp\/v2\/users\/12"}],"replies":[{"embeddable":true,"href":"https:\/\/verdadeon.com.br\/portal\/wp-json\/wp\/v2\/comments?post=25173"}],"version-history":[{"count":1,"href":"https:\/\/verdadeon.com.br\/portal\/wp-json\/wp\/v2\/posts\/25173\/revisions"}],"predecessor-version":[{"id":25175,"href":"https:\/\/verdadeon.com.br\/portal\/wp-json\/wp\/v2\/posts\/25173\/revisions\/25175"}],"wp:featuredmedia":[{"embeddable":true,"href":"https:\/\/verdadeon.com.br\/portal\/wp-json\/wp\/v2\/media\/25174"}],"wp:attachment":[{"href":"https:\/\/verdadeon.com.br\/portal\/wp-json\/wp\/v2\/media?parent=25173"}],"wp:term":[{"taxonomy":"category","embeddable":true,"href":"https:\/\/verdadeon.com.br\/portal\/wp-json\/wp\/v2\/categories?post=25173"},{"taxonomy":"post_tag","embeddable":true,"href":"https:\/\/verdadeon.com.br\/portal\/wp-json\/wp\/v2\/tags?post=25173"}],"curies":[{"name":"wp","href":"https:\/\/api.w.org\/{rel}","templated":true}]}}