{"id":25148,"date":"2022-05-17T17:28:53","date_gmt":"2022-05-17T20:28:53","guid":{"rendered":"https:\/\/verdadeon.com.br\/portal\/?p=25148"},"modified":"2022-05-17T17:28:53","modified_gmt":"2022-05-17T20:28:53","slug":"franca-inicia-acao-especial-para-acolhimento-de-pessoas-durante-frio-intenso","status":"publish","type":"post","link":"https:\/\/verdadeon.com.br\/portal\/2022\/05\/17\/franca-inicia-acao-especial-para-acolhimento-de-pessoas-durante-frio-intenso\/","title":{"rendered":"Franca inicia a\u00e7\u00e3o especial para acolhimento de pessoas durante frio intenso"},"content":{"rendered":"<h2>Medidas ser\u00e3o adotadas at\u00e9 a pr\u00f3xima segunda-feira (23), mas poder\u00e3o ser estendidas caso frio permane\u00e7a<\/h2>\n<div>Teve in\u00edcio na \u00faltima segunda-feira (16), uma opera\u00e7\u00e3o especial da Secretaria de A\u00e7\u00e3o Social de Franca, para acolher pessoas em situa\u00e7\u00e3o de rua, por conta das baixas temperaturas que est\u00e3o sendo registradas na cidade.<\/div>\n<div>\u00a0Foram abertas 50 novas vagas para o abrigamento das pessoas em situa\u00e7\u00e3o de vulnerabilidade social, nos servi\u00e7os de assist\u00eancia, sendo a Casa de Passagem, Abrigo Provis\u00f3rio e Acolhimento Noturno, passando de 128 para 178 vagas dispon\u00edveis, com a oferta de alimentos, banho e pernoite at\u00e9 a pr\u00f3xima segunda-feira (23), mas o trabalho poder\u00e1 ser estendido de acordo com as condi\u00e7\u00f5es clim\u00e1ticas.<\/div>\n<div>Gislaine Liporoni, secret\u00e1ria de A\u00e7\u00e3o Social, explicou que os servi\u00e7os poder\u00e3o ser acionados durante todo o dia, no per\u00edodo das 7 \u00e0s 15h, no Espa\u00e7o Dignidade, pelo telefone (16) 99603-3456, no hor\u00e1rio das 15 \u00e0s 22h, no Servi\u00e7o de Abordagem Social (16) 99965-6571 e das 22 \u00e0s 7h, a Guarda Civil poder\u00e1 ser acionada pelo telefone (16) 3724-1033 para o atendimento\u00a0 aos chamados feitos pela comunidade para o acolhimento das pessoas.<\/div>\n<div>A secret\u00e1ria solicitou o apoio da popula\u00e7\u00e3o neste trabalho, doando agasalhos, meias novas para adultos, cobertores novos e usados, que estejam em bom estado de conserva\u00e7\u00e3o e alimentos embalados, como leite, biscoito, p\u00e3es de forma, bisnagas, margarina e achocolatado.As doa\u00e7\u00f5es poder\u00e3o ser entregues na sede da Secretaria de A\u00e7\u00e3o Social (Av. Champagnat, 1.750 &#8211; Centro), de segunda a sexta-feira, das 9 \u00e0s 16h.<\/div>\n<h4>Alerta<\/h4>\n<div>Segundo alerta emitido pela Defesa Civil do Estado, entre esta ter\u00e7a-feira e sexta-feira, uma intensa massa de ar polar ir\u00e1 avan\u00e7ar sobre o Estado, provocando queda acentuada da temperatura, com momentos de frio intenso na regi\u00e3o de Franca, onde as menores temperaturas, com previs\u00e3o de 3\u00ba C, ocorrer\u00e3o entre o final da madrugada e in\u00edcio da manh\u00e3.<\/div>\n<div>A Secretaria de A\u00e7\u00e3o Social destacou que outra a\u00e7\u00e3o importante ser\u00e1 o aux\u00edlio encaminhado pelo Governo do Estado, para a oferta de novas vagas nos servi\u00e7os de acolhimento, durante o per\u00edodo de baixas temperaturas, a partir do pr\u00f3ximo m\u00eas.<\/div>\n<div>A utiliza\u00e7\u00e3o dos recursos do Fundo Estadual de Assist\u00eancia Social foi aprovada pelo Conselho Municipal de Assist\u00eancia Social, de acordo com a\u00a0 Resolu\u00e7\u00e3o n.\u00ba 15, de 12 de maio, publicada no Di\u00e1rio Oficial do \u00faltimo dia 13.<\/div>\n<div>S\u00e3o recursos extraordin\u00e1rios, em car\u00e1ter emergencial e em parcela \u00fanica, no valor de R$ 70 mil, a serem repassados pelo Fundo Estadual ao Fundo Municipal de Assist\u00eancia Social, para a amplia\u00e7\u00e3o de 24 vagas nos Servi\u00e7os para a Popula\u00e7\u00e3o em Situa\u00e7\u00e3o de Rua, para os meses de junho, julho e agosto deste ano, durante as baixas temperaturas.<\/div>\n","protected":false},"excerpt":{"rendered":"<p>Medidas ser\u00e3o adotadas at\u00e9 a pr\u00f3xima segunda-feira (23), mas poder\u00e3o ser estendidas caso frio permane\u00e7a Teve in\u00edcio na \u00faltima segunda-feira (16), uma opera\u00e7\u00e3o especial da Secretaria<span class=\"excerpt-hellip\"> [\u2026]<\/span><\/p>\n","protected":false},"author":7,"featured_media":25149,"comment_status":"open","ping_status":"open","sticky":false,"template":"","format":"standard","meta":{"_jetpack_memberships_contains_paid_content":false,"footnotes":"","jetpack_publicize_message":"","jetpack_publicize_feature_enabled":true,"jetpack_social_post_already_shared":false,"jetpack_social_options":{"image_generator_settings":{"template":"highway","default_image_id":0,"enabled":false},"version":2}},"categories":[28,44],"tags":[],"class_list":["post-25148","post","type-post","status-publish","format-standard","has-post-thumbnail","hentry","category-cotidiano","category-noticias"],"yoast_head":"<!-- This site is optimized with the Yoast SEO plugin v25.6 - https:\/\/yoast.com\/wordpress\/plugins\/seo\/ -->\n<title>Franca inicia a\u00e7\u00e3o especial para acolhimento de pessoas durante frio intenso - VerdadeOn<\/title>\n<meta name=\"robots\" content=\"index, follow, max-snippet:-1, max-image-preview:large, max-video-preview:-1\" \/>\n<link rel=\"canonical\" href=\"https:\/\/verdadeon.com.br\/portal\/2022\/05\/17\/franca-inicia-acao-especial-para-acolhimento-de-pessoas-durante-frio-intenso\/\" \/>\n<meta property=\"og:locale\" content=\"pt_BR\" \/>\n<meta property=\"og:type\" content=\"article\" \/>\n<meta property=\"og:title\" content=\"Franca inicia a\u00e7\u00e3o especial para acolhimento de pessoas durante frio intenso - VerdadeOn\" \/>\n<meta property=\"og:description\" content=\"Medidas ser\u00e3o adotadas at\u00e9 a pr\u00f3xima segunda-feira (23), mas poder\u00e3o ser estendidas caso frio permane\u00e7a Teve in\u00edcio na \u00faltima segunda-feira (16), uma opera\u00e7\u00e3o especial da Secretaria [\u2026]\" \/>\n<meta property=\"og:url\" content=\"https:\/\/verdadeon.com.br\/portal\/2022\/05\/17\/franca-inicia-acao-especial-para-acolhimento-de-pessoas-durante-frio-intenso\/\" \/>\n<meta property=\"og:site_name\" content=\"VerdadeOn\" \/>\n<meta property=\"article:published_time\" content=\"2022-05-17T20:28:53+00:00\" \/>\n<meta property=\"og:image\" content=\"https:\/\/verdadeon.com.br\/portal\/wp-content\/uploads\/2022\/05\/09.jpg\" \/>\n\t<meta property=\"og:image:width\" content=\"1920\" \/>\n\t<meta property=\"og:image:height\" content=\"1080\" \/>\n\t<meta property=\"og:image:type\" content=\"image\/jpeg\" \/>\n<meta name=\"author\" content=\"Fernando Lima\" \/>\n<meta name=\"twitter:card\" content=\"summary_large_image\" \/>\n<meta name=\"twitter:label1\" content=\"Escrito por\" \/>\n\t<meta name=\"twitter:data1\" content=\"Fernando Lima\" \/>\n\t<meta name=\"twitter:label2\" content=\"Est. tempo de leitura\" \/>\n\t<meta name=\"twitter:data2\" content=\"3 minutos\" \/>\n<script type=\"application\/ld+json\" class=\"yoast-schema-graph\">{\"@context\":\"https:\/\/schema.org\",\"@graph\":[{\"@type\":\"WebPage\",\"@id\":\"https:\/\/verdadeon.com.br\/portal\/2022\/05\/17\/franca-inicia-acao-especial-para-acolhimento-de-pessoas-durante-frio-intenso\/\",\"url\":\"https:\/\/verdadeon.com.br\/portal\/2022\/05\/17\/franca-inicia-acao-especial-para-acolhimento-de-pessoas-durante-frio-intenso\/\",\"name\":\"Franca inicia a\u00e7\u00e3o especial para acolhimento de pessoas durante frio intenso - VerdadeOn\",\"isPartOf\":{\"@id\":\"https:\/\/verdadeon.com.br\/portal\/#website\"},\"primaryImageOfPage\":{\"@id\":\"https:\/\/verdadeon.com.br\/portal\/2022\/05\/17\/franca-inicia-acao-especial-para-acolhimento-de-pessoas-durante-frio-intenso\/#primaryimage\"},\"image\":{\"@id\":\"https:\/\/verdadeon.com.br\/portal\/2022\/05\/17\/franca-inicia-acao-especial-para-acolhimento-de-pessoas-durante-frio-intenso\/#primaryimage\"},\"thumbnailUrl\":\"https:\/\/i0.wp.com\/verdadeon.com.br\/portal\/wp-content\/uploads\/2022\/05\/09.jpg?fit=1920%2C1080&ssl=1\",\"datePublished\":\"2022-05-17T20:28:53+00:00\",\"author\":{\"@id\":\"https:\/\/verdadeon.com.br\/portal\/#\/schema\/person\/cc32be22b8e8599387c480bc83e1d11a\"},\"breadcrumb\":{\"@id\":\"https:\/\/verdadeon.com.br\/portal\/2022\/05\/17\/franca-inicia-acao-especial-para-acolhimento-de-pessoas-durante-frio-intenso\/#breadcrumb\"},\"inLanguage\":\"pt-BR\",\"potentialAction\":[{\"@type\":\"ReadAction\",\"target\":[\"https:\/\/verdadeon.com.br\/portal\/2022\/05\/17\/franca-inicia-acao-especial-para-acolhimento-de-pessoas-durante-frio-intenso\/\"]}]},{\"@type\":\"ImageObject\",\"inLanguage\":\"pt-BR\",\"@id\":\"https:\/\/verdadeon.com.br\/portal\/2022\/05\/17\/franca-inicia-acao-especial-para-acolhimento-de-pessoas-durante-frio-intenso\/#primaryimage\",\"url\":\"https:\/\/i0.wp.com\/verdadeon.com.br\/portal\/wp-content\/uploads\/2022\/05\/09.jpg?fit=1920%2C1080&ssl=1\",\"contentUrl\":\"https:\/\/i0.wp.com\/verdadeon.com.br\/portal\/wp-content\/uploads\/2022\/05\/09.jpg?fit=1920%2C1080&ssl=1\",\"width\":1920,\"height\":1080,\"caption\":\"A Secretaria de A\u00e7\u00e3o Social abriu 50 novas vagas para o abrigamento das pessoas, em situa\u00e7\u00e3o de vulnerabilidade social | Foto: Prefeitura de Franca\"},{\"@type\":\"BreadcrumbList\",\"@id\":\"https:\/\/verdadeon.com.br\/portal\/2022\/05\/17\/franca-inicia-acao-especial-para-acolhimento-de-pessoas-durante-frio-intenso\/#breadcrumb\",\"itemListElement\":[{\"@type\":\"ListItem\",\"position\":1,\"name\":\"In\u00edcio\",\"item\":\"https:\/\/verdadeon.com.br\/portal\/\"},{\"@type\":\"ListItem\",\"position\":2,\"name\":\"Franca inicia a\u00e7\u00e3o especial para acolhimento de pessoas durante frio intenso\"}]},{\"@type\":\"WebSite\",\"@id\":\"https:\/\/verdadeon.com.br\/portal\/#website\",\"url\":\"https:\/\/verdadeon.com.br\/portal\/\",\"name\":\"VerdadeOn\",\"description\":\"Not\u00edcias di\u00e1rias sobre Franca, Regi\u00e3o, Esporte, Cultura, Cotidiano, Colunas. Cobertura nos principais eventos da cidade \u00e9 aqui - Verdadeon Franca\",\"potentialAction\":[{\"@type\":\"SearchAction\",\"target\":{\"@type\":\"EntryPoint\",\"urlTemplate\":\"https:\/\/verdadeon.com.br\/portal\/?s={search_term_string}\"},\"query-input\":{\"@type\":\"PropertyValueSpecification\",\"valueRequired\":true,\"valueName\":\"search_term_string\"}}],\"inLanguage\":\"pt-BR\"},{\"@type\":\"Person\",\"@id\":\"https:\/\/verdadeon.com.br\/portal\/#\/schema\/person\/cc32be22b8e8599387c480bc83e1d11a\",\"name\":\"Fernando Lima\",\"image\":{\"@type\":\"ImageObject\",\"inLanguage\":\"pt-BR\",\"@id\":\"https:\/\/verdadeon.com.br\/portal\/#\/schema\/person\/image\/\",\"url\":\"https:\/\/secure.gravatar.com\/avatar\/df4c8e132080d2b3a4841d5d232045464e0eed11a1d6e43115ca0843d48768d3?s=96&d=mm&r=g\",\"contentUrl\":\"https:\/\/secure.gravatar.com\/avatar\/df4c8e132080d2b3a4841d5d232045464e0eed11a1d6e43115ca0843d48768d3?s=96&d=mm&r=g\",\"caption\":\"Fernando Lima\"},\"sameAs\":[\"http:\/\/verdadeon.com.br\/\"],\"url\":\"https:\/\/verdadeon.com.br\/portal\/author\/fernando-lima\/\"}]}<\/script>\n<!-- \/ Yoast SEO plugin. -->","yoast_head_json":{"title":"Franca inicia a\u00e7\u00e3o especial para acolhimento de pessoas durante frio intenso - VerdadeOn","robots":{"index":"index","follow":"follow","max-snippet":"max-snippet:-1","max-image-preview":"max-image-preview:large","max-video-preview":"max-video-preview:-1"},"canonical":"https:\/\/verdadeon.com.br\/portal\/2022\/05\/17\/franca-inicia-acao-especial-para-acolhimento-de-pessoas-durante-frio-intenso\/","og_locale":"pt_BR","og_type":"article","og_title":"Franca inicia a\u00e7\u00e3o especial para acolhimento de pessoas durante frio intenso - VerdadeOn","og_description":"Medidas ser\u00e3o adotadas at\u00e9 a pr\u00f3xima segunda-feira (23), mas poder\u00e3o ser estendidas caso frio permane\u00e7a Teve in\u00edcio na \u00faltima segunda-feira (16), uma opera\u00e7\u00e3o especial da Secretaria [\u2026]","og_url":"https:\/\/verdadeon.com.br\/portal\/2022\/05\/17\/franca-inicia-acao-especial-para-acolhimento-de-pessoas-durante-frio-intenso\/","og_site_name":"VerdadeOn","article_published_time":"2022-05-17T20:28:53+00:00","og_image":[{"width":1920,"height":1080,"url":"https:\/\/verdadeon.com.br\/portal\/wp-content\/uploads\/2022\/05\/09.jpg","type":"image\/jpeg"}],"author":"Fernando Lima","twitter_card":"summary_large_image","twitter_misc":{"Escrito por":"Fernando Lima","Est. tempo de leitura":"3 minutos"},"schema":{"@context":"https:\/\/schema.org","@graph":[{"@type":"WebPage","@id":"https:\/\/verdadeon.com.br\/portal\/2022\/05\/17\/franca-inicia-acao-especial-para-acolhimento-de-pessoas-durante-frio-intenso\/","url":"https:\/\/verdadeon.com.br\/portal\/2022\/05\/17\/franca-inicia-acao-especial-para-acolhimento-de-pessoas-durante-frio-intenso\/","name":"Franca inicia a\u00e7\u00e3o especial para acolhimento de pessoas durante frio intenso - VerdadeOn","isPartOf":{"@id":"https:\/\/verdadeon.com.br\/portal\/#website"},"primaryImageOfPage":{"@id":"https:\/\/verdadeon.com.br\/portal\/2022\/05\/17\/franca-inicia-acao-especial-para-acolhimento-de-pessoas-durante-frio-intenso\/#primaryimage"},"image":{"@id":"https:\/\/verdadeon.com.br\/portal\/2022\/05\/17\/franca-inicia-acao-especial-para-acolhimento-de-pessoas-durante-frio-intenso\/#primaryimage"},"thumbnailUrl":"https:\/\/i0.wp.com\/verdadeon.com.br\/portal\/wp-content\/uploads\/2022\/05\/09.jpg?fit=1920%2C1080&ssl=1","datePublished":"2022-05-17T20:28:53+00:00","author":{"@id":"https:\/\/verdadeon.com.br\/portal\/#\/schema\/person\/cc32be22b8e8599387c480bc83e1d11a"},"breadcrumb":{"@id":"https:\/\/verdadeon.com.br\/portal\/2022\/05\/17\/franca-inicia-acao-especial-para-acolhimento-de-pessoas-durante-frio-intenso\/#breadcrumb"},"inLanguage":"pt-BR","potentialAction":[{"@type":"ReadAction","target":["https:\/\/verdadeon.com.br\/portal\/2022\/05\/17\/franca-inicia-acao-especial-para-acolhimento-de-pessoas-durante-frio-intenso\/"]}]},{"@type":"ImageObject","inLanguage":"pt-BR","@id":"https:\/\/verdadeon.com.br\/portal\/2022\/05\/17\/franca-inicia-acao-especial-para-acolhimento-de-pessoas-durante-frio-intenso\/#primaryimage","url":"https:\/\/i0.wp.com\/verdadeon.com.br\/portal\/wp-content\/uploads\/2022\/05\/09.jpg?fit=1920%2C1080&ssl=1","contentUrl":"https:\/\/i0.wp.com\/verdadeon.com.br\/portal\/wp-content\/uploads\/2022\/05\/09.jpg?fit=1920%2C1080&ssl=1","width":1920,"height":1080,"caption":"A Secretaria de A\u00e7\u00e3o Social abriu 50 novas vagas para o abrigamento das pessoas, em situa\u00e7\u00e3o de vulnerabilidade social | Foto: Prefeitura de Franca"},{"@type":"BreadcrumbList","@id":"https:\/\/verdadeon.com.br\/portal\/2022\/05\/17\/franca-inicia-acao-especial-para-acolhimento-de-pessoas-durante-frio-intenso\/#breadcrumb","itemListElement":[{"@type":"ListItem","position":1,"name":"In\u00edcio","item":"https:\/\/verdadeon.com.br\/portal\/"},{"@type":"ListItem","position":2,"name":"Franca inicia a\u00e7\u00e3o especial para acolhimento de pessoas durante frio intenso"}]},{"@type":"WebSite","@id":"https:\/\/verdadeon.com.br\/portal\/#website","url":"https:\/\/verdadeon.com.br\/portal\/","name":"VerdadeOn","description":"Not\u00edcias di\u00e1rias sobre Franca, Regi\u00e3o, Esporte, Cultura, Cotidiano, Colunas. Cobertura nos principais eventos da cidade \u00e9 aqui - Verdadeon Franca","potentialAction":[{"@type":"SearchAction","target":{"@type":"EntryPoint","urlTemplate":"https:\/\/verdadeon.com.br\/portal\/?s={search_term_string}"},"query-input":{"@type":"PropertyValueSpecification","valueRequired":true,"valueName":"search_term_string"}}],"inLanguage":"pt-BR"},{"@type":"Person","@id":"https:\/\/verdadeon.com.br\/portal\/#\/schema\/person\/cc32be22b8e8599387c480bc83e1d11a","name":"Fernando Lima","image":{"@type":"ImageObject","inLanguage":"pt-BR","@id":"https:\/\/verdadeon.com.br\/portal\/#\/schema\/person\/image\/","url":"https:\/\/secure.gravatar.com\/avatar\/df4c8e132080d2b3a4841d5d232045464e0eed11a1d6e43115ca0843d48768d3?s=96&d=mm&r=g","contentUrl":"https:\/\/secure.gravatar.com\/avatar\/df4c8e132080d2b3a4841d5d232045464e0eed11a1d6e43115ca0843d48768d3?s=96&d=mm&r=g","caption":"Fernando Lima"},"sameAs":["http:\/\/verdadeon.com.br\/"],"url":"https:\/\/verdadeon.com.br\/portal\/author\/fernando-lima\/"}]}},"jetpack_publicize_connections":[],"jetpack_featured_media_url":"https:\/\/i0.wp.com\/verdadeon.com.br\/portal\/wp-content\/uploads\/2022\/05\/09.jpg?fit=1920%2C1080&ssl=1","jetpack_sharing_enabled":true,"_links":{"self":[{"href":"https:\/\/verdadeon.com.br\/portal\/wp-json\/wp\/v2\/posts\/25148","targetHints":{"allow":["GET"]}}],"collection":[{"href":"https:\/\/verdadeon.com.br\/portal\/wp-json\/wp\/v2\/posts"}],"about":[{"href":"https:\/\/verdadeon.com.br\/portal\/wp-json\/wp\/v2\/types\/post"}],"author":[{"embeddable":true,"href":"https:\/\/verdadeon.com.br\/portal\/wp-json\/wp\/v2\/users\/7"}],"replies":[{"embeddable":true,"href":"https:\/\/verdadeon.com.br\/portal\/wp-json\/wp\/v2\/comments?post=25148"}],"version-history":[{"count":1,"href":"https:\/\/verdadeon.com.br\/portal\/wp-json\/wp\/v2\/posts\/25148\/revisions"}],"predecessor-version":[{"id":25150,"href":"https:\/\/verdadeon.com.br\/portal\/wp-json\/wp\/v2\/posts\/25148\/revisions\/25150"}],"wp:featuredmedia":[{"embeddable":true,"href":"https:\/\/verdadeon.com.br\/portal\/wp-json\/wp\/v2\/media\/25149"}],"wp:attachment":[{"href":"https:\/\/verdadeon.com.br\/portal\/wp-json\/wp\/v2\/media?parent=25148"}],"wp:term":[{"taxonomy":"category","embeddable":true,"href":"https:\/\/verdadeon.com.br\/portal\/wp-json\/wp\/v2\/categories?post=25148"},{"taxonomy":"post_tag","embeddable":true,"href":"https:\/\/verdadeon.com.br\/portal\/wp-json\/wp\/v2\/tags?post=25148"}],"curies":[{"name":"wp","href":"https:\/\/api.w.org\/{rel}","templated":true}]}}