{"id":2514,"date":"2020-01-16T11:09:40","date_gmt":"2020-01-16T14:09:40","guid":{"rendered":"http:\/\/verdadeon.com.br\/portal\/?p=2514"},"modified":"2020-01-16T11:09:46","modified_gmt":"2020-01-16T14:09:46","slug":"bandidos-explodem-caixa-economica-em-pedregulho","status":"publish","type":"post","link":"https:\/\/verdadeon.com.br\/portal\/2020\/01\/16\/bandidos-explodem-caixa-economica-em-pedregulho\/","title":{"rendered":"Bandidos explodem Caixa Econ\u00f4mica em Pedregulho"},"content":{"rendered":"\n<h2 class=\"wp-block-heading\">Ainda n\u00e3o h\u00e1 informa\u00e7\u00f5es sobre feridos <\/h2>\n\n\n\n<p>A madrugada desta quinta-feira (16) foi de medo e tens\u00e3o para a popula\u00e7\u00e3o de Pedregulho. Bandidos explodiram v\u00e1rios caixas eletr\u00f4nicos da Caixa Econ\u00f4mica Federal da cidade da regi\u00e3o. <\/p>\n\n\n\n<p>De acordo com relatos dos moradores pr\u00f3ximos a rua Eliseu Alves Teixeira, no Centro, local da explos\u00e3o, o roubo aconteceu por volta das 2 horas. A Pol\u00edcia Militar foi chamada logo em seguida.<\/p>\n\n\n\n<p>Ainda n\u00e3o h\u00e1 informa\u00e7\u00f5es sobre pessoas feridas. O valor levado pelos ladr\u00f5es  n\u00e3o foi divulgado. Durante o dia mais informa\u00e7\u00f5es.<\/p>\n","protected":false},"excerpt":{"rendered":"<p>Ainda n\u00e3o h\u00e1 informa\u00e7\u00f5es sobre feridos A madrugada desta quinta-feira (16) foi de medo e tens\u00e3o para a popula\u00e7\u00e3o de Pedregulho. Bandidos explodiram v\u00e1rios caixas eletr\u00f4nicos<span class=\"excerpt-hellip\"> [\u2026]<\/span><\/p>\n","protected":false},"author":3,"featured_media":2515,"comment_status":"open","ping_status":"open","sticky":false,"template":"","format":"standard","meta":{"_jetpack_memberships_contains_paid_content":false,"footnotes":"","jetpack_publicize_message":"","jetpack_publicize_feature_enabled":true,"jetpack_social_post_already_shared":false,"jetpack_social_options":{"image_generator_settings":{"template":"highway","default_image_id":0,"enabled":false},"version":2}},"categories":[7],"tags":[],"class_list":["post-2514","post","type-post","status-publish","format-standard","has-post-thumbnail","hentry","category-news"],"yoast_head":"<!-- This site is optimized with the Yoast SEO plugin v25.6 - https:\/\/yoast.com\/wordpress\/plugins\/seo\/ -->\n<title>Bandidos explodem Caixa Econ\u00f4mica em Pedregulho - VerdadeOn<\/title>\n<meta name=\"robots\" content=\"index, follow, max-snippet:-1, max-image-preview:large, max-video-preview:-1\" \/>\n<link rel=\"canonical\" href=\"https:\/\/verdadeon.com.br\/portal\/2020\/01\/16\/bandidos-explodem-caixa-economica-em-pedregulho\/\" \/>\n<meta property=\"og:locale\" content=\"pt_BR\" \/>\n<meta property=\"og:type\" content=\"article\" \/>\n<meta property=\"og:title\" content=\"Bandidos explodem Caixa Econ\u00f4mica em Pedregulho - VerdadeOn\" \/>\n<meta property=\"og:description\" content=\"Ainda n\u00e3o h\u00e1 informa\u00e7\u00f5es sobre feridos A madrugada desta quinta-feira (16) foi de medo e tens\u00e3o para a popula\u00e7\u00e3o de Pedregulho. Bandidos explodiram v\u00e1rios caixas eletr\u00f4nicos [\u2026]\" \/>\n<meta property=\"og:url\" content=\"https:\/\/verdadeon.com.br\/portal\/2020\/01\/16\/bandidos-explodem-caixa-economica-em-pedregulho\/\" \/>\n<meta property=\"og:site_name\" content=\"VerdadeOn\" \/>\n<meta property=\"article:published_time\" content=\"2020-01-16T14:09:40+00:00\" \/>\n<meta property=\"article:modified_time\" content=\"2020-01-16T14:09:46+00:00\" \/>\n<meta property=\"og:image\" content=\"https:\/\/verdadeon.com.br\/portal\/wp-content\/uploads\/2020\/01\/WhatsApp-Image-2020-01-16-at-08.24.37-1-e1579356498480.jpeg\" \/>\n\t<meta property=\"og:image:width\" content=\"580\" \/>\n\t<meta property=\"og:image:height\" content=\"678\" \/>\n\t<meta property=\"og:image:type\" content=\"image\/jpeg\" \/>\n<meta name=\"author\" content=\"Admin\" \/>\n<meta name=\"twitter:card\" content=\"summary_large_image\" \/>\n<meta name=\"twitter:label1\" content=\"Escrito por\" \/>\n\t<meta name=\"twitter:data1\" content=\"Admin\" \/>\n\t<meta name=\"twitter:label2\" content=\"Est. tempo de leitura\" \/>\n\t<meta name=\"twitter:data2\" content=\"1 minuto\" \/>\n<script type=\"application\/ld+json\" class=\"yoast-schema-graph\">{\"@context\":\"https:\/\/schema.org\",\"@graph\":[{\"@type\":\"WebPage\",\"@id\":\"https:\/\/verdadeon.com.br\/portal\/2020\/01\/16\/bandidos-explodem-caixa-economica-em-pedregulho\/\",\"url\":\"https:\/\/verdadeon.com.br\/portal\/2020\/01\/16\/bandidos-explodem-caixa-economica-em-pedregulho\/\",\"name\":\"Bandidos explodem Caixa Econ\u00f4mica em Pedregulho - VerdadeOn\",\"isPartOf\":{\"@id\":\"https:\/\/verdadeon.com.br\/portal\/#website\"},\"primaryImageOfPage\":{\"@id\":\"https:\/\/verdadeon.com.br\/portal\/2020\/01\/16\/bandidos-explodem-caixa-economica-em-pedregulho\/#primaryimage\"},\"image\":{\"@id\":\"https:\/\/verdadeon.com.br\/portal\/2020\/01\/16\/bandidos-explodem-caixa-economica-em-pedregulho\/#primaryimage\"},\"thumbnailUrl\":\"https:\/\/i0.wp.com\/verdadeon.com.br\/portal\/wp-content\/uploads\/2020\/01\/WhatsApp-Image-2020-01-16-at-08.24.37-1-e1579356498480.jpeg?fit=580%2C678&ssl=1\",\"datePublished\":\"2020-01-16T14:09:40+00:00\",\"dateModified\":\"2020-01-16T14:09:46+00:00\",\"author\":{\"@id\":\"https:\/\/verdadeon.com.br\/portal\/#\/schema\/person\/31b3f1eb559e4ce9d3c1dc1f2268a70c\"},\"breadcrumb\":{\"@id\":\"https:\/\/verdadeon.com.br\/portal\/2020\/01\/16\/bandidos-explodem-caixa-economica-em-pedregulho\/#breadcrumb\"},\"inLanguage\":\"pt-BR\",\"potentialAction\":[{\"@type\":\"ReadAction\",\"target\":[\"https:\/\/verdadeon.com.br\/portal\/2020\/01\/16\/bandidos-explodem-caixa-economica-em-pedregulho\/\"]}]},{\"@type\":\"ImageObject\",\"inLanguage\":\"pt-BR\",\"@id\":\"https:\/\/verdadeon.com.br\/portal\/2020\/01\/16\/bandidos-explodem-caixa-economica-em-pedregulho\/#primaryimage\",\"url\":\"https:\/\/i0.wp.com\/verdadeon.com.br\/portal\/wp-content\/uploads\/2020\/01\/WhatsApp-Image-2020-01-16-at-08.24.37-1-e1579356498480.jpeg?fit=580%2C678&ssl=1\",\"contentUrl\":\"https:\/\/i0.wp.com\/verdadeon.com.br\/portal\/wp-content\/uploads\/2020\/01\/WhatsApp-Image-2020-01-16-at-08.24.37-1-e1579356498480.jpeg?fit=580%2C678&ssl=1\",\"width\":580,\"height\":678,\"caption\":\"Imagens da destrui\u00e7\u00e3o dos caixas eletr\u00f4nicos no Centro da cidade | Foto: Redes sociais\"},{\"@type\":\"BreadcrumbList\",\"@id\":\"https:\/\/verdadeon.com.br\/portal\/2020\/01\/16\/bandidos-explodem-caixa-economica-em-pedregulho\/#breadcrumb\",\"itemListElement\":[{\"@type\":\"ListItem\",\"position\":1,\"name\":\"In\u00edcio\",\"item\":\"https:\/\/verdadeon.com.br\/portal\/\"},{\"@type\":\"ListItem\",\"position\":2,\"name\":\"Bandidos explodem Caixa Econ\u00f4mica em Pedregulho\"}]},{\"@type\":\"WebSite\",\"@id\":\"https:\/\/verdadeon.com.br\/portal\/#website\",\"url\":\"https:\/\/verdadeon.com.br\/portal\/\",\"name\":\"VerdadeOn\",\"description\":\"Not\u00edcias di\u00e1rias sobre Franca, Regi\u00e3o, Esporte, Cultura, Cotidiano, Colunas. Cobertura nos principais eventos da cidade \u00e9 aqui - Verdadeon Franca\",\"potentialAction\":[{\"@type\":\"SearchAction\",\"target\":{\"@type\":\"EntryPoint\",\"urlTemplate\":\"https:\/\/verdadeon.com.br\/portal\/?s={search_term_string}\"},\"query-input\":{\"@type\":\"PropertyValueSpecification\",\"valueRequired\":true,\"valueName\":\"search_term_string\"}}],\"inLanguage\":\"pt-BR\"},{\"@type\":\"Person\",\"@id\":\"https:\/\/verdadeon.com.br\/portal\/#\/schema\/person\/31b3f1eb559e4ce9d3c1dc1f2268a70c\",\"name\":\"Admin\",\"image\":{\"@type\":\"ImageObject\",\"inLanguage\":\"pt-BR\",\"@id\":\"https:\/\/verdadeon.com.br\/portal\/#\/schema\/person\/image\/\",\"url\":\"https:\/\/secure.gravatar.com\/avatar\/e550a5b4dab3efe8ca3a8bf0fb981073a921f9a24159040707270602980dd8af?s=96&d=mm&r=g\",\"contentUrl\":\"https:\/\/secure.gravatar.com\/avatar\/e550a5b4dab3efe8ca3a8bf0fb981073a921f9a24159040707270602980dd8af?s=96&d=mm&r=g\",\"caption\":\"Admin\"},\"url\":\"https:\/\/verdadeon.com.br\/portal\/author\/admin\/\"}]}<\/script>\n<!-- \/ Yoast SEO plugin. -->","yoast_head_json":{"title":"Bandidos explodem Caixa Econ\u00f4mica em Pedregulho - VerdadeOn","robots":{"index":"index","follow":"follow","max-snippet":"max-snippet:-1","max-image-preview":"max-image-preview:large","max-video-preview":"max-video-preview:-1"},"canonical":"https:\/\/verdadeon.com.br\/portal\/2020\/01\/16\/bandidos-explodem-caixa-economica-em-pedregulho\/","og_locale":"pt_BR","og_type":"article","og_title":"Bandidos explodem Caixa Econ\u00f4mica em Pedregulho - VerdadeOn","og_description":"Ainda n\u00e3o h\u00e1 informa\u00e7\u00f5es sobre feridos A madrugada desta quinta-feira (16) foi de medo e tens\u00e3o para a popula\u00e7\u00e3o de Pedregulho. Bandidos explodiram v\u00e1rios caixas eletr\u00f4nicos [\u2026]","og_url":"https:\/\/verdadeon.com.br\/portal\/2020\/01\/16\/bandidos-explodem-caixa-economica-em-pedregulho\/","og_site_name":"VerdadeOn","article_published_time":"2020-01-16T14:09:40+00:00","article_modified_time":"2020-01-16T14:09:46+00:00","og_image":[{"width":580,"height":678,"url":"https:\/\/verdadeon.com.br\/portal\/wp-content\/uploads\/2020\/01\/WhatsApp-Image-2020-01-16-at-08.24.37-1-e1579356498480.jpeg","type":"image\/jpeg"}],"author":"Admin","twitter_card":"summary_large_image","twitter_misc":{"Escrito por":"Admin","Est. tempo de leitura":"1 minuto"},"schema":{"@context":"https:\/\/schema.org","@graph":[{"@type":"WebPage","@id":"https:\/\/verdadeon.com.br\/portal\/2020\/01\/16\/bandidos-explodem-caixa-economica-em-pedregulho\/","url":"https:\/\/verdadeon.com.br\/portal\/2020\/01\/16\/bandidos-explodem-caixa-economica-em-pedregulho\/","name":"Bandidos explodem Caixa Econ\u00f4mica em Pedregulho - VerdadeOn","isPartOf":{"@id":"https:\/\/verdadeon.com.br\/portal\/#website"},"primaryImageOfPage":{"@id":"https:\/\/verdadeon.com.br\/portal\/2020\/01\/16\/bandidos-explodem-caixa-economica-em-pedregulho\/#primaryimage"},"image":{"@id":"https:\/\/verdadeon.com.br\/portal\/2020\/01\/16\/bandidos-explodem-caixa-economica-em-pedregulho\/#primaryimage"},"thumbnailUrl":"https:\/\/i0.wp.com\/verdadeon.com.br\/portal\/wp-content\/uploads\/2020\/01\/WhatsApp-Image-2020-01-16-at-08.24.37-1-e1579356498480.jpeg?fit=580%2C678&ssl=1","datePublished":"2020-01-16T14:09:40+00:00","dateModified":"2020-01-16T14:09:46+00:00","author":{"@id":"https:\/\/verdadeon.com.br\/portal\/#\/schema\/person\/31b3f1eb559e4ce9d3c1dc1f2268a70c"},"breadcrumb":{"@id":"https:\/\/verdadeon.com.br\/portal\/2020\/01\/16\/bandidos-explodem-caixa-economica-em-pedregulho\/#breadcrumb"},"inLanguage":"pt-BR","potentialAction":[{"@type":"ReadAction","target":["https:\/\/verdadeon.com.br\/portal\/2020\/01\/16\/bandidos-explodem-caixa-economica-em-pedregulho\/"]}]},{"@type":"ImageObject","inLanguage":"pt-BR","@id":"https:\/\/verdadeon.com.br\/portal\/2020\/01\/16\/bandidos-explodem-caixa-economica-em-pedregulho\/#primaryimage","url":"https:\/\/i0.wp.com\/verdadeon.com.br\/portal\/wp-content\/uploads\/2020\/01\/WhatsApp-Image-2020-01-16-at-08.24.37-1-e1579356498480.jpeg?fit=580%2C678&ssl=1","contentUrl":"https:\/\/i0.wp.com\/verdadeon.com.br\/portal\/wp-content\/uploads\/2020\/01\/WhatsApp-Image-2020-01-16-at-08.24.37-1-e1579356498480.jpeg?fit=580%2C678&ssl=1","width":580,"height":678,"caption":"Imagens da destrui\u00e7\u00e3o dos caixas eletr\u00f4nicos no Centro da cidade | Foto: Redes sociais"},{"@type":"BreadcrumbList","@id":"https:\/\/verdadeon.com.br\/portal\/2020\/01\/16\/bandidos-explodem-caixa-economica-em-pedregulho\/#breadcrumb","itemListElement":[{"@type":"ListItem","position":1,"name":"In\u00edcio","item":"https:\/\/verdadeon.com.br\/portal\/"},{"@type":"ListItem","position":2,"name":"Bandidos explodem Caixa Econ\u00f4mica em Pedregulho"}]},{"@type":"WebSite","@id":"https:\/\/verdadeon.com.br\/portal\/#website","url":"https:\/\/verdadeon.com.br\/portal\/","name":"VerdadeOn","description":"Not\u00edcias di\u00e1rias sobre Franca, Regi\u00e3o, Esporte, Cultura, Cotidiano, Colunas. Cobertura nos principais eventos da cidade \u00e9 aqui - Verdadeon Franca","potentialAction":[{"@type":"SearchAction","target":{"@type":"EntryPoint","urlTemplate":"https:\/\/verdadeon.com.br\/portal\/?s={search_term_string}"},"query-input":{"@type":"PropertyValueSpecification","valueRequired":true,"valueName":"search_term_string"}}],"inLanguage":"pt-BR"},{"@type":"Person","@id":"https:\/\/verdadeon.com.br\/portal\/#\/schema\/person\/31b3f1eb559e4ce9d3c1dc1f2268a70c","name":"Admin","image":{"@type":"ImageObject","inLanguage":"pt-BR","@id":"https:\/\/verdadeon.com.br\/portal\/#\/schema\/person\/image\/","url":"https:\/\/secure.gravatar.com\/avatar\/e550a5b4dab3efe8ca3a8bf0fb981073a921f9a24159040707270602980dd8af?s=96&d=mm&r=g","contentUrl":"https:\/\/secure.gravatar.com\/avatar\/e550a5b4dab3efe8ca3a8bf0fb981073a921f9a24159040707270602980dd8af?s=96&d=mm&r=g","caption":"Admin"},"url":"https:\/\/verdadeon.com.br\/portal\/author\/admin\/"}]}},"jetpack_publicize_connections":[],"jetpack_featured_media_url":"https:\/\/i0.wp.com\/verdadeon.com.br\/portal\/wp-content\/uploads\/2020\/01\/WhatsApp-Image-2020-01-16-at-08.24.37-1-e1579356498480.jpeg?fit=580%2C678&ssl=1","jetpack_sharing_enabled":true,"_links":{"self":[{"href":"https:\/\/verdadeon.com.br\/portal\/wp-json\/wp\/v2\/posts\/2514","targetHints":{"allow":["GET"]}}],"collection":[{"href":"https:\/\/verdadeon.com.br\/portal\/wp-json\/wp\/v2\/posts"}],"about":[{"href":"https:\/\/verdadeon.com.br\/portal\/wp-json\/wp\/v2\/types\/post"}],"author":[{"embeddable":true,"href":"https:\/\/verdadeon.com.br\/portal\/wp-json\/wp\/v2\/users\/3"}],"replies":[{"embeddable":true,"href":"https:\/\/verdadeon.com.br\/portal\/wp-json\/wp\/v2\/comments?post=2514"}],"version-history":[{"count":0,"href":"https:\/\/verdadeon.com.br\/portal\/wp-json\/wp\/v2\/posts\/2514\/revisions"}],"wp:featuredmedia":[{"embeddable":true,"href":"https:\/\/verdadeon.com.br\/portal\/wp-json\/wp\/v2\/media\/2515"}],"wp:attachment":[{"href":"https:\/\/verdadeon.com.br\/portal\/wp-json\/wp\/v2\/media?parent=2514"}],"wp:term":[{"taxonomy":"category","embeddable":true,"href":"https:\/\/verdadeon.com.br\/portal\/wp-json\/wp\/v2\/categories?post=2514"},{"taxonomy":"post_tag","embeddable":true,"href":"https:\/\/verdadeon.com.br\/portal\/wp-json\/wp\/v2\/tags?post=2514"}],"curies":[{"name":"wp","href":"https:\/\/api.w.org\/{rel}","templated":true}]}}