{"id":25114,"date":"2022-05-16T11:33:46","date_gmt":"2022-05-16T14:33:46","guid":{"rendered":"https:\/\/verdadeon.com.br\/portal\/?p=25114"},"modified":"2022-05-16T11:34:09","modified_gmt":"2022-05-16T14:34:09","slug":"camara-entrega-titulo-de-cidadao-francano-ao-deputado-federal-arnaldo-jardim","status":"publish","type":"post","link":"https:\/\/verdadeon.com.br\/portal\/2022\/05\/16\/camara-entrega-titulo-de-cidadao-francano-ao-deputado-federal-arnaldo-jardim\/","title":{"rendered":"C\u00e2mara entrega t\u00edtulo de cidad\u00e3o francano ao deputado federal Arnaldo Jardim"},"content":{"rendered":"<p><span style=\"font-size: medium;\">Na noite desta segunda-feira, 16 de maio, ser\u00e1 realizada Sess\u00e3o Solene no Plen\u00e1rio da C\u00e2mara Municipal de Franca para entrega do t\u00edtulo de cidad\u00e3o francano ao deputado federal Arnaldo Jardim (Cidadania).<\/span><\/p>\n<p><span style=\"font-size: medium;\">A homenagem acontece a partir das 19h e foi prestada pelo\u00a0<a href=\"https:\/\/sapl.franca.sp.leg.br\/parlamentar\/4\" target=\"_blank\" rel=\"nofollow noopener\" data-saferedirecturl=\"https:\/\/www.google.com\/url?q=https:\/\/sapl.franca.sp.leg.br\/parlamentar\/4&amp;source=gmail&amp;ust=1652793014065000&amp;usg=AOvVaw3ONTYo5jPt1k_73dAHQUUt\">vereador Daniel Bassi (PSDB)\u00a0<\/a>atrav\u00e9s do\u00a0<a href=\"https:\/\/sapl.franca.sp.leg.br\/materia\/3050\" target=\"_blank\" rel=\"nofollow noopener\" data-saferedirecturl=\"https:\/\/www.google.com\/url?q=https:\/\/sapl.franca.sp.leg.br\/materia\/3050&amp;source=gmail&amp;ust=1652793014065000&amp;usg=AOvVaw3VvR-HslTWrkYdMPiz3w8H\">Projeto de Decreto Legislativo n\u00ba 2 de 2021<\/a>\u00a0aprovado pela Casa de Leis. Arnaldo Jardim nasceu em Altin\u00f3polis (SP).<\/span><\/p>\n<p><span style=\"font-size: medium;\">\u00c9 engenheiro civil pela Escola Polit\u00e9cnica da USP e iniciou sua vida pol\u00edtica como l\u00edder estudantil, quando foi diretor do DCE da USP e da Uni\u00e3o Estadual dos Estudantes, na \u00e9poca das lutas pela democracia.<\/span><\/p>\n<p><span style=\"font-size: medium;\">Eleito pela primeira vez, em 1986, foi o relator do anteprojeto da Constitui\u00e7\u00e3o Estadual e da emenda que acabou com a imunidade parlamentar para crimes comuns. Jardim foi secret\u00e1rio estadual da Habita\u00e7\u00e3o entre 1992-1993.<\/span><\/p>\n<p><span style=\"font-size: medium;\">Daniel Bassi destacou \u2018respons\u00e1vel pela entrega de parte significativa das habita\u00e7\u00f5es no Bairro Vicente Leporace da cidade de Franca, enquanto Secret\u00e1rio de Habita\u00e7\u00e3o do Estado. Valorizou os produtores rurais e trabalhou ao lado das cooperativas de Franca, enquanto Secret\u00e1rio de Agricultura\u2019<\/span><\/p>\n<p><span style=\"font-size: medium;\">E acrescentou \u2018destinou, neste ano de 2021, a quantia de R$ 750.000,00 (setecentos e cinquenta mil reais) para a nossa cidade de Franca, contribuindo com essa verba em diversas vias sociais, tais como sa\u00fade, causa animal, institui\u00e7\u00f5es sociais, revitaliza\u00e7\u00f5es de pra\u00e7as e acessibilidade em vias p\u00fablicas da cidade\u2019<\/span><\/p>\n","protected":false},"excerpt":{"rendered":"<p>Na noite desta segunda-feira, 16 de maio, ser\u00e1 realizada Sess\u00e3o Solene no Plen\u00e1rio da C\u00e2mara Municipal de Franca para entrega do t\u00edtulo de cidad\u00e3o francano ao<span class=\"excerpt-hellip\"> [\u2026]<\/span><\/p>\n","protected":false},"author":4,"featured_media":25115,"comment_status":"open","ping_status":"open","sticky":false,"template":"","format":"standard","meta":{"_jetpack_memberships_contains_paid_content":false,"footnotes":"","jetpack_publicize_message":"","jetpack_publicize_feature_enabled":true,"jetpack_social_post_already_shared":false,"jetpack_social_options":{"image_generator_settings":{"template":"highway","default_image_id":0,"enabled":false},"version":2}},"categories":[28,44],"tags":[],"class_list":["post-25114","post","type-post","status-publish","format-standard","has-post-thumbnail","hentry","category-cotidiano","category-noticias"],"yoast_head":"<!-- This site is optimized with the Yoast SEO plugin v25.6 - https:\/\/yoast.com\/wordpress\/plugins\/seo\/ -->\n<title>C\u00e2mara entrega t\u00edtulo de cidad\u00e3o francano ao deputado federal Arnaldo Jardim - VerdadeOn<\/title>\n<meta name=\"robots\" content=\"index, follow, max-snippet:-1, max-image-preview:large, max-video-preview:-1\" \/>\n<link rel=\"canonical\" href=\"https:\/\/verdadeon.com.br\/portal\/2022\/05\/16\/camara-entrega-titulo-de-cidadao-francano-ao-deputado-federal-arnaldo-jardim\/\" \/>\n<meta property=\"og:locale\" content=\"pt_BR\" \/>\n<meta property=\"og:type\" content=\"article\" \/>\n<meta property=\"og:title\" content=\"C\u00e2mara entrega t\u00edtulo de cidad\u00e3o francano ao deputado federal Arnaldo Jardim - VerdadeOn\" \/>\n<meta property=\"og:description\" content=\"Na noite desta segunda-feira, 16 de maio, ser\u00e1 realizada Sess\u00e3o Solene no Plen\u00e1rio da C\u00e2mara Municipal de Franca para entrega do t\u00edtulo de cidad\u00e3o francano ao [\u2026]\" \/>\n<meta property=\"og:url\" content=\"https:\/\/verdadeon.com.br\/portal\/2022\/05\/16\/camara-entrega-titulo-de-cidadao-francano-ao-deputado-federal-arnaldo-jardim\/\" \/>\n<meta property=\"og:site_name\" content=\"VerdadeOn\" \/>\n<meta property=\"article:published_time\" content=\"2022-05-16T14:33:46+00:00\" \/>\n<meta property=\"article:modified_time\" content=\"2022-05-16T14:34:09+00:00\" \/>\n<meta property=\"og:image\" content=\"https:\/\/verdadeon.com.br\/portal\/wp-content\/uploads\/2022\/05\/deputado1.jpg\" \/>\n\t<meta property=\"og:image:width\" content=\"1000\" \/>\n\t<meta property=\"og:image:height\" content=\"670\" \/>\n\t<meta property=\"og:image:type\" content=\"image\/jpeg\" \/>\n<meta name=\"author\" content=\"Fernando Calixto\" \/>\n<meta name=\"twitter:card\" content=\"summary_large_image\" \/>\n<meta name=\"twitter:label1\" content=\"Escrito por\" \/>\n\t<meta name=\"twitter:data1\" content=\"Fernando Calixto\" \/>\n\t<meta name=\"twitter:label2\" content=\"Est. tempo de leitura\" \/>\n\t<meta name=\"twitter:data2\" content=\"2 minutos\" \/>\n<script type=\"application\/ld+json\" class=\"yoast-schema-graph\">{\"@context\":\"https:\/\/schema.org\",\"@graph\":[{\"@type\":\"WebPage\",\"@id\":\"https:\/\/verdadeon.com.br\/portal\/2022\/05\/16\/camara-entrega-titulo-de-cidadao-francano-ao-deputado-federal-arnaldo-jardim\/\",\"url\":\"https:\/\/verdadeon.com.br\/portal\/2022\/05\/16\/camara-entrega-titulo-de-cidadao-francano-ao-deputado-federal-arnaldo-jardim\/\",\"name\":\"C\u00e2mara entrega t\u00edtulo de cidad\u00e3o francano ao deputado federal Arnaldo Jardim - VerdadeOn\",\"isPartOf\":{\"@id\":\"https:\/\/verdadeon.com.br\/portal\/#website\"},\"primaryImageOfPage\":{\"@id\":\"https:\/\/verdadeon.com.br\/portal\/2022\/05\/16\/camara-entrega-titulo-de-cidadao-francano-ao-deputado-federal-arnaldo-jardim\/#primaryimage\"},\"image\":{\"@id\":\"https:\/\/verdadeon.com.br\/portal\/2022\/05\/16\/camara-entrega-titulo-de-cidadao-francano-ao-deputado-federal-arnaldo-jardim\/#primaryimage\"},\"thumbnailUrl\":\"https:\/\/i0.wp.com\/verdadeon.com.br\/portal\/wp-content\/uploads\/2022\/05\/deputado1.jpg?fit=1000%2C670&ssl=1\",\"datePublished\":\"2022-05-16T14:33:46+00:00\",\"dateModified\":\"2022-05-16T14:34:09+00:00\",\"author\":{\"@id\":\"https:\/\/verdadeon.com.br\/portal\/#\/schema\/person\/8994718f49ee62ba5610471e29ca1f62\"},\"breadcrumb\":{\"@id\":\"https:\/\/verdadeon.com.br\/portal\/2022\/05\/16\/camara-entrega-titulo-de-cidadao-francano-ao-deputado-federal-arnaldo-jardim\/#breadcrumb\"},\"inLanguage\":\"pt-BR\",\"potentialAction\":[{\"@type\":\"ReadAction\",\"target\":[\"https:\/\/verdadeon.com.br\/portal\/2022\/05\/16\/camara-entrega-titulo-de-cidadao-francano-ao-deputado-federal-arnaldo-jardim\/\"]}]},{\"@type\":\"ImageObject\",\"inLanguage\":\"pt-BR\",\"@id\":\"https:\/\/verdadeon.com.br\/portal\/2022\/05\/16\/camara-entrega-titulo-de-cidadao-francano-ao-deputado-federal-arnaldo-jardim\/#primaryimage\",\"url\":\"https:\/\/i0.wp.com\/verdadeon.com.br\/portal\/wp-content\/uploads\/2022\/05\/deputado1.jpg?fit=1000%2C670&ssl=1\",\"contentUrl\":\"https:\/\/i0.wp.com\/verdadeon.com.br\/portal\/wp-content\/uploads\/2022\/05\/deputado1.jpg?fit=1000%2C670&ssl=1\",\"width\":1000,\"height\":670,\"caption\":\"O deputado federal Arnaldo Jardim e o vereador Daniel Bassi\"},{\"@type\":\"BreadcrumbList\",\"@id\":\"https:\/\/verdadeon.com.br\/portal\/2022\/05\/16\/camara-entrega-titulo-de-cidadao-francano-ao-deputado-federal-arnaldo-jardim\/#breadcrumb\",\"itemListElement\":[{\"@type\":\"ListItem\",\"position\":1,\"name\":\"In\u00edcio\",\"item\":\"https:\/\/verdadeon.com.br\/portal\/\"},{\"@type\":\"ListItem\",\"position\":2,\"name\":\"C\u00e2mara entrega t\u00edtulo de cidad\u00e3o francano ao deputado federal Arnaldo Jardim\"}]},{\"@type\":\"WebSite\",\"@id\":\"https:\/\/verdadeon.com.br\/portal\/#website\",\"url\":\"https:\/\/verdadeon.com.br\/portal\/\",\"name\":\"VerdadeOn\",\"description\":\"Not\u00edcias di\u00e1rias sobre Franca, Regi\u00e3o, Esporte, Cultura, Cotidiano, Colunas. Cobertura nos principais eventos da cidade \u00e9 aqui - Verdadeon Franca\",\"potentialAction\":[{\"@type\":\"SearchAction\",\"target\":{\"@type\":\"EntryPoint\",\"urlTemplate\":\"https:\/\/verdadeon.com.br\/portal\/?s={search_term_string}\"},\"query-input\":{\"@type\":\"PropertyValueSpecification\",\"valueRequired\":true,\"valueName\":\"search_term_string\"}}],\"inLanguage\":\"pt-BR\"},{\"@type\":\"Person\",\"@id\":\"https:\/\/verdadeon.com.br\/portal\/#\/schema\/person\/8994718f49ee62ba5610471e29ca1f62\",\"name\":\"Fernando Calixto\",\"image\":{\"@type\":\"ImageObject\",\"inLanguage\":\"pt-BR\",\"@id\":\"https:\/\/verdadeon.com.br\/portal\/#\/schema\/person\/image\/\",\"url\":\"https:\/\/secure.gravatar.com\/avatar\/7578910c24966c0316c340f9dbd601e93ee9f9212e1033968b367af9306bd9fb?s=96&d=mm&r=g\",\"contentUrl\":\"https:\/\/secure.gravatar.com\/avatar\/7578910c24966c0316c340f9dbd601e93ee9f9212e1033968b367af9306bd9fb?s=96&d=mm&r=g\",\"caption\":\"Fernando Calixto\"},\"url\":\"https:\/\/verdadeon.com.br\/portal\/author\/fernando-calixto\/\"}]}<\/script>\n<!-- \/ Yoast SEO plugin. -->","yoast_head_json":{"title":"C\u00e2mara entrega t\u00edtulo de cidad\u00e3o francano ao deputado federal Arnaldo Jardim - VerdadeOn","robots":{"index":"index","follow":"follow","max-snippet":"max-snippet:-1","max-image-preview":"max-image-preview:large","max-video-preview":"max-video-preview:-1"},"canonical":"https:\/\/verdadeon.com.br\/portal\/2022\/05\/16\/camara-entrega-titulo-de-cidadao-francano-ao-deputado-federal-arnaldo-jardim\/","og_locale":"pt_BR","og_type":"article","og_title":"C\u00e2mara entrega t\u00edtulo de cidad\u00e3o francano ao deputado federal Arnaldo Jardim - VerdadeOn","og_description":"Na noite desta segunda-feira, 16 de maio, ser\u00e1 realizada Sess\u00e3o Solene no Plen\u00e1rio da C\u00e2mara Municipal de Franca para entrega do t\u00edtulo de cidad\u00e3o francano ao [\u2026]","og_url":"https:\/\/verdadeon.com.br\/portal\/2022\/05\/16\/camara-entrega-titulo-de-cidadao-francano-ao-deputado-federal-arnaldo-jardim\/","og_site_name":"VerdadeOn","article_published_time":"2022-05-16T14:33:46+00:00","article_modified_time":"2022-05-16T14:34:09+00:00","og_image":[{"width":1000,"height":670,"url":"https:\/\/verdadeon.com.br\/portal\/wp-content\/uploads\/2022\/05\/deputado1.jpg","type":"image\/jpeg"}],"author":"Fernando Calixto","twitter_card":"summary_large_image","twitter_misc":{"Escrito por":"Fernando Calixto","Est. tempo de leitura":"2 minutos"},"schema":{"@context":"https:\/\/schema.org","@graph":[{"@type":"WebPage","@id":"https:\/\/verdadeon.com.br\/portal\/2022\/05\/16\/camara-entrega-titulo-de-cidadao-francano-ao-deputado-federal-arnaldo-jardim\/","url":"https:\/\/verdadeon.com.br\/portal\/2022\/05\/16\/camara-entrega-titulo-de-cidadao-francano-ao-deputado-federal-arnaldo-jardim\/","name":"C\u00e2mara entrega t\u00edtulo de cidad\u00e3o francano ao deputado federal Arnaldo Jardim - VerdadeOn","isPartOf":{"@id":"https:\/\/verdadeon.com.br\/portal\/#website"},"primaryImageOfPage":{"@id":"https:\/\/verdadeon.com.br\/portal\/2022\/05\/16\/camara-entrega-titulo-de-cidadao-francano-ao-deputado-federal-arnaldo-jardim\/#primaryimage"},"image":{"@id":"https:\/\/verdadeon.com.br\/portal\/2022\/05\/16\/camara-entrega-titulo-de-cidadao-francano-ao-deputado-federal-arnaldo-jardim\/#primaryimage"},"thumbnailUrl":"https:\/\/i0.wp.com\/verdadeon.com.br\/portal\/wp-content\/uploads\/2022\/05\/deputado1.jpg?fit=1000%2C670&ssl=1","datePublished":"2022-05-16T14:33:46+00:00","dateModified":"2022-05-16T14:34:09+00:00","author":{"@id":"https:\/\/verdadeon.com.br\/portal\/#\/schema\/person\/8994718f49ee62ba5610471e29ca1f62"},"breadcrumb":{"@id":"https:\/\/verdadeon.com.br\/portal\/2022\/05\/16\/camara-entrega-titulo-de-cidadao-francano-ao-deputado-federal-arnaldo-jardim\/#breadcrumb"},"inLanguage":"pt-BR","potentialAction":[{"@type":"ReadAction","target":["https:\/\/verdadeon.com.br\/portal\/2022\/05\/16\/camara-entrega-titulo-de-cidadao-francano-ao-deputado-federal-arnaldo-jardim\/"]}]},{"@type":"ImageObject","inLanguage":"pt-BR","@id":"https:\/\/verdadeon.com.br\/portal\/2022\/05\/16\/camara-entrega-titulo-de-cidadao-francano-ao-deputado-federal-arnaldo-jardim\/#primaryimage","url":"https:\/\/i0.wp.com\/verdadeon.com.br\/portal\/wp-content\/uploads\/2022\/05\/deputado1.jpg?fit=1000%2C670&ssl=1","contentUrl":"https:\/\/i0.wp.com\/verdadeon.com.br\/portal\/wp-content\/uploads\/2022\/05\/deputado1.jpg?fit=1000%2C670&ssl=1","width":1000,"height":670,"caption":"O deputado federal Arnaldo Jardim e o vereador Daniel Bassi"},{"@type":"BreadcrumbList","@id":"https:\/\/verdadeon.com.br\/portal\/2022\/05\/16\/camara-entrega-titulo-de-cidadao-francano-ao-deputado-federal-arnaldo-jardim\/#breadcrumb","itemListElement":[{"@type":"ListItem","position":1,"name":"In\u00edcio","item":"https:\/\/verdadeon.com.br\/portal\/"},{"@type":"ListItem","position":2,"name":"C\u00e2mara entrega t\u00edtulo de cidad\u00e3o francano ao deputado federal Arnaldo Jardim"}]},{"@type":"WebSite","@id":"https:\/\/verdadeon.com.br\/portal\/#website","url":"https:\/\/verdadeon.com.br\/portal\/","name":"VerdadeOn","description":"Not\u00edcias di\u00e1rias sobre Franca, Regi\u00e3o, Esporte, Cultura, Cotidiano, Colunas. Cobertura nos principais eventos da cidade \u00e9 aqui - Verdadeon Franca","potentialAction":[{"@type":"SearchAction","target":{"@type":"EntryPoint","urlTemplate":"https:\/\/verdadeon.com.br\/portal\/?s={search_term_string}"},"query-input":{"@type":"PropertyValueSpecification","valueRequired":true,"valueName":"search_term_string"}}],"inLanguage":"pt-BR"},{"@type":"Person","@id":"https:\/\/verdadeon.com.br\/portal\/#\/schema\/person\/8994718f49ee62ba5610471e29ca1f62","name":"Fernando Calixto","image":{"@type":"ImageObject","inLanguage":"pt-BR","@id":"https:\/\/verdadeon.com.br\/portal\/#\/schema\/person\/image\/","url":"https:\/\/secure.gravatar.com\/avatar\/7578910c24966c0316c340f9dbd601e93ee9f9212e1033968b367af9306bd9fb?s=96&d=mm&r=g","contentUrl":"https:\/\/secure.gravatar.com\/avatar\/7578910c24966c0316c340f9dbd601e93ee9f9212e1033968b367af9306bd9fb?s=96&d=mm&r=g","caption":"Fernando Calixto"},"url":"https:\/\/verdadeon.com.br\/portal\/author\/fernando-calixto\/"}]}},"jetpack_publicize_connections":[],"jetpack_featured_media_url":"https:\/\/i0.wp.com\/verdadeon.com.br\/portal\/wp-content\/uploads\/2022\/05\/deputado1.jpg?fit=1000%2C670&ssl=1","jetpack_sharing_enabled":true,"_links":{"self":[{"href":"https:\/\/verdadeon.com.br\/portal\/wp-json\/wp\/v2\/posts\/25114","targetHints":{"allow":["GET"]}}],"collection":[{"href":"https:\/\/verdadeon.com.br\/portal\/wp-json\/wp\/v2\/posts"}],"about":[{"href":"https:\/\/verdadeon.com.br\/portal\/wp-json\/wp\/v2\/types\/post"}],"author":[{"embeddable":true,"href":"https:\/\/verdadeon.com.br\/portal\/wp-json\/wp\/v2\/users\/4"}],"replies":[{"embeddable":true,"href":"https:\/\/verdadeon.com.br\/portal\/wp-json\/wp\/v2\/comments?post=25114"}],"version-history":[{"count":2,"href":"https:\/\/verdadeon.com.br\/portal\/wp-json\/wp\/v2\/posts\/25114\/revisions"}],"predecessor-version":[{"id":25117,"href":"https:\/\/verdadeon.com.br\/portal\/wp-json\/wp\/v2\/posts\/25114\/revisions\/25117"}],"wp:featuredmedia":[{"embeddable":true,"href":"https:\/\/verdadeon.com.br\/portal\/wp-json\/wp\/v2\/media\/25115"}],"wp:attachment":[{"href":"https:\/\/verdadeon.com.br\/portal\/wp-json\/wp\/v2\/media?parent=25114"}],"wp:term":[{"taxonomy":"category","embeddable":true,"href":"https:\/\/verdadeon.com.br\/portal\/wp-json\/wp\/v2\/categories?post=25114"},{"taxonomy":"post_tag","embeddable":true,"href":"https:\/\/verdadeon.com.br\/portal\/wp-json\/wp\/v2\/tags?post=25114"}],"curies":[{"name":"wp","href":"https:\/\/api.w.org\/{rel}","templated":true}]}}