{"id":25096,"date":"2022-05-14T15:30:11","date_gmt":"2022-05-14T18:30:11","guid":{"rendered":"https:\/\/verdadeon.com.br\/portal\/?p=25096"},"modified":"2022-05-14T16:17:22","modified_gmt":"2022-05-14T19:17:22","slug":"aos-10-anos-morador-de-restinga-integra-associacao-internacional-dos-pintores-com-a-boca-e-os-pes","status":"publish","type":"post","link":"https:\/\/verdadeon.com.br\/portal\/2022\/05\/14\/aos-10-anos-morador-de-restinga-integra-associacao-internacional-dos-pintores-com-a-boca-e-os-pes\/","title":{"rendered":"Aos 10 anos, morador de Restinga integra Associa\u00e7\u00e3o Internacional dos Pintores com a Boca e os P\u00e9s"},"content":{"rendered":"<h2><span style=\"font-weight: 400;\">Diogo tamb\u00e9m participa de exposi\u00e7\u00e3o na Pinacoteca Municipal de Franca: &#8216;Posso me expressar atrav\u00e9s da arte&#8217;<\/span><\/h2>\n<p><span style=\"font-weight: 400;\">Estudante do quarto ano, Diogo Alexandre de Sousa Silva, aos 10 anos, \u00e9 um verdadeiro tesouro descoberto na cidade de Restinga, na regi\u00e3o de Franca. Ele tem artrogripose m\u00faltipla cong\u00eanita com s\u00edndrome de amioplasia (falta de musculatura), o que limita seus movimentos, mas, mesmo t\u00e3o novo, desenvolveu outras habilidades e pinta quadros com a boca.<\/span><\/p>\n<p><span style=\"font-weight: 400;\">Atualmente, Diogo integra a Associa\u00e7\u00e3o dos Pintores com a Boca e os P\u00e9s, entidade internacional e corporativa, presente em 70 pa\u00edses, com 800 artistas, sendo que no Brasil conta com mais de 50 artistas integrados.<\/span><\/p>\n<p><span style=\"font-weight: 400;\">A admiss\u00e3o do artista mirim ocorreu em mar\u00e7o deste ano e foi intermediada pela renomada artista pl\u00e1stica Goret Chagas, de Franca, conhecida por suas obras de arte pintadas com a boca e os p\u00e9s.<\/span><\/p>\n<p><span style=\"font-weight: 400;\">A oportunidade de integrar a respeitada associa\u00e7\u00e3o surgiu de maneira despretensiosa, durante um passeio no shopping de Franca. A dona de casa Ana Cristina de Sousa, m\u00e3e de Diogo, encontrou com Miriam, irm\u00e3 de Goret e ela comentou que os dois tinham a mesma defici\u00eancia. Quando Miriam comentou com Diogo um pouco sobre o talento e obras de Goret, ele se encantou. \u201cEle disse que queria ser artista como a irm\u00e3 dela!\u201d, comentou a m\u00e3e do artista. \u201cEu conheci o trabalho da Goret quando o Diogo fazia tratamento na Caminhar, sess\u00f5es de fisioterapia, fonoaudiologia e oficinas, e l\u00e1 eles me falaram da Goret e me mostraram algumas reportagens sobre a hist\u00f3ria dela. Fiquei encantada\u201d, disse Cristina.<\/span><\/p>\n<p><span style=\"font-weight: 400;\">Diogo, acompanhado de seus pais, esteve na casa de Goret antes mesmo da pandemia, em 2020, para que os dois se conhecessem e para alinharem o encaminhamento das obras e documentos para submeter \u00e0 aprova\u00e7\u00e3o da Associa\u00e7\u00e3o.\u00a0<\/span><\/p>\n<p><span style=\"font-weight: 400;\">\u201cEle me falou que ia ser um artista famoso!\u201d, recordou Goret.\u00a0<\/span><\/p>\n<p><span style=\"font-weight: 400;\">Segundo ela, foram coletados os dados dele, atestado m\u00e9dico, pinturas e termo de compromisso. Depois de organizar o material, ela enviou para o editorial da Associa\u00e7\u00e3o em S\u00e3o Paulo. \u201cA diretora Paola Manograsso avaliou e enviou para a Su\u00ed\u00e7a, onde tem o j\u00fari que seleciona os artistas que far\u00e3o parte da associa\u00e7\u00e3o, e ele foi admitido. Ele, com dez anos, se tornou um profissional, \u00e9 um bolsista e com a venda dos cart\u00f5es e calend\u00e1rios com obras de n\u00f3s artistas, a associa\u00e7\u00e3o remunera todos integrantes\u201d, explicou Goret.<\/span><\/p>\n<p><span style=\"font-weight: 400;\">\u201cEu fiquei super feliz, porque voc\u00ea est\u00e1 mudando a vida da crian\u00e7a, \u00e9 mudan\u00e7a de vida, \u00e9 arte. Isso para mim \u00e9 um presente de Deus. E a determina\u00e7\u00e3o dele e a vontade de crescer s\u00e3o impressionantes.\u201d<\/span><\/p>\n<p><span style=\"font-weight: 400;\">Diogo reconhece a grandeza de integrar a Associa\u00e7\u00e3o dos Pintores com a Boca e os P\u00e9s. \u201cEu me sinto muito feliz pintando, para mim \u00e9 muito gratificante fazer parte da equipe associa\u00e7\u00e3o, abriu um leque muito grande onde eu posso me expressar atrav\u00e9s da arte\u201d, disse ele.<\/span><\/p>\n<h4><span style=\"font-weight: 400;\">Exposi\u00e7\u00e3o<\/span><\/h4>\n<p><span style=\"font-weight: 400;\">Diogo, ao lado de Goret Chagas e Jos\u00e9 Henrique Breda, segue com obras na exposi\u00e7\u00e3o art\u00edstica \u201cTalento e Inclus\u00e3o: Pincelando com a Boca e os P\u00e9s&#8221;, na Pinacoteca Municipal \u201cAm\u00e9rico Maciel de Castro J\u00fanior\u201d, de Franca, at\u00e9 o dia 20 de maio.<\/span><\/p>\n<p><span style=\"font-weight: 400;\">A visita\u00e7\u00e3o \u00e9 gratuita e pode ser feita de segunda a sexta-feira, das 8h \u00e0s 17h, no pr\u00e9dio da Casa da Cultura e do Artista Francano \u201cAbdias do Nascimento\u201d, na Pra\u00e7a em frente ao Cemit\u00e9rio da Saudade. \u201cEst\u00e1 sendo muito legal porque foi a minha primeira exposi\u00e7\u00e3o que eu estive presente, eu senti um mix de emo\u00e7\u00f5es\u201d, comentou Diogo, que prefere pintar paisagens, al\u00e9m de personagens de desenhos, e j\u00e1 participou da Semana de Portinari, de forma online.<\/span><\/p>\n<p>&nbsp;<\/p>\n<p><img data-recalc-dims=\"1\" loading=\"lazy\" decoding=\"async\" class=\"alignnone wp-image-25099 size-full\" src=\"https:\/\/i0.wp.com\/verdadeon.com.br\/portal\/wp-content\/uploads\/2022\/05\/WhatsApp-Image-2022-05-14-at-09.10.50.jpeg?resize=750%2C734&#038;ssl=1\" alt=\"\" width=\"750\" height=\"734\" srcset=\"https:\/\/i0.wp.com\/verdadeon.com.br\/portal\/wp-content\/uploads\/2022\/05\/WhatsApp-Image-2022-05-14-at-09.10.50.jpeg?w=750&amp;ssl=1 750w, https:\/\/i0.wp.com\/verdadeon.com.br\/portal\/wp-content\/uploads\/2022\/05\/WhatsApp-Image-2022-05-14-at-09.10.50.jpeg?resize=300%2C294&amp;ssl=1 300w, https:\/\/i0.wp.com\/verdadeon.com.br\/portal\/wp-content\/uploads\/2022\/05\/WhatsApp-Image-2022-05-14-at-09.10.50.jpeg?resize=149%2C146&amp;ssl=1 149w, https:\/\/i0.wp.com\/verdadeon.com.br\/portal\/wp-content\/uploads\/2022\/05\/WhatsApp-Image-2022-05-14-at-09.10.50.jpeg?resize=50%2C50&amp;ssl=1 50w, https:\/\/i0.wp.com\/verdadeon.com.br\/portal\/wp-content\/uploads\/2022\/05\/WhatsApp-Image-2022-05-14-at-09.10.50.jpeg?resize=77%2C75&amp;ssl=1 77w\" sizes=\"auto, (max-width: 750px) 100vw, 750px\" \/> <img data-recalc-dims=\"1\" loading=\"lazy\" decoding=\"async\" class=\"alignnone wp-image-25097 size-full\" src=\"https:\/\/i0.wp.com\/verdadeon.com.br\/portal\/wp-content\/uploads\/2022\/05\/WhatsApp-Image-2022-05-14-at-09.09.16.jpeg?resize=750%2C793&#038;ssl=1\" alt=\"\" width=\"750\" height=\"793\" srcset=\"https:\/\/i0.wp.com\/verdadeon.com.br\/portal\/wp-content\/uploads\/2022\/05\/WhatsApp-Image-2022-05-14-at-09.09.16.jpeg?w=750&amp;ssl=1 750w, https:\/\/i0.wp.com\/verdadeon.com.br\/portal\/wp-content\/uploads\/2022\/05\/WhatsApp-Image-2022-05-14-at-09.09.16.jpeg?resize=284%2C300&amp;ssl=1 284w, https:\/\/i0.wp.com\/verdadeon.com.br\/portal\/wp-content\/uploads\/2022\/05\/WhatsApp-Image-2022-05-14-at-09.09.16.jpeg?resize=138%2C146&amp;ssl=1 138w, https:\/\/i0.wp.com\/verdadeon.com.br\/portal\/wp-content\/uploads\/2022\/05\/WhatsApp-Image-2022-05-14-at-09.09.16.jpeg?resize=47%2C50&amp;ssl=1 47w, https:\/\/i0.wp.com\/verdadeon.com.br\/portal\/wp-content\/uploads\/2022\/05\/WhatsApp-Image-2022-05-14-at-09.09.16.jpeg?resize=71%2C75&amp;ssl=1 71w\" sizes=\"auto, (max-width: 750px) 100vw, 750px\" \/> <img data-recalc-dims=\"1\" loading=\"lazy\" decoding=\"async\" class=\"alignnone wp-image-25098 size-full\" src=\"https:\/\/i0.wp.com\/verdadeon.com.br\/portal\/wp-content\/uploads\/2022\/05\/WhatsApp-Image-2022-05-14-at-09.09.17.jpeg?resize=719%2C1024&#038;ssl=1\" alt=\"\" width=\"719\" height=\"1024\" srcset=\"https:\/\/i0.wp.com\/verdadeon.com.br\/portal\/wp-content\/uploads\/2022\/05\/WhatsApp-Image-2022-05-14-at-09.09.17.jpeg?w=719&amp;ssl=1 719w, https:\/\/i0.wp.com\/verdadeon.com.br\/portal\/wp-content\/uploads\/2022\/05\/WhatsApp-Image-2022-05-14-at-09.09.17.jpeg?resize=211%2C300&amp;ssl=1 211w, https:\/\/i0.wp.com\/verdadeon.com.br\/portal\/wp-content\/uploads\/2022\/05\/WhatsApp-Image-2022-05-14-at-09.09.17.jpeg?resize=103%2C146&amp;ssl=1 103w, https:\/\/i0.wp.com\/verdadeon.com.br\/portal\/wp-content\/uploads\/2022\/05\/WhatsApp-Image-2022-05-14-at-09.09.17.jpeg?resize=35%2C50&amp;ssl=1 35w, https:\/\/i0.wp.com\/verdadeon.com.br\/portal\/wp-content\/uploads\/2022\/05\/WhatsApp-Image-2022-05-14-at-09.09.17.jpeg?resize=53%2C75&amp;ssl=1 53w\" sizes=\"auto, (max-width: 719px) 100vw, 719px\" \/><\/p>\n<p>&nbsp;<\/p>\n","protected":false},"excerpt":{"rendered":"<p>Diogo tamb\u00e9m participa de exposi\u00e7\u00e3o na Pinacoteca Municipal de Franca: &#8216;Posso me expressar atrav\u00e9s da arte&#8217; Estudante do quarto ano, Diogo Alexandre de Sousa Silva, aos<span class=\"excerpt-hellip\"> [\u2026]<\/span><\/p>\n","protected":false},"author":12,"featured_media":25100,"comment_status":"open","ping_status":"open","sticky":false,"template":"","format":"standard","meta":{"_jetpack_memberships_contains_paid_content":false,"footnotes":"","jetpack_publicize_message":"","jetpack_publicize_feature_enabled":true,"jetpack_social_post_already_shared":false,"jetpack_social_options":{"image_generator_settings":{"template":"highway","default_image_id":0,"enabled":false},"version":2}},"categories":[28,81],"tags":[],"class_list":["post-25096","post","type-post","status-publish","format-standard","has-post-thumbnail","hentry","category-cotidiano","category-manchete"],"yoast_head":"<!-- This site is optimized with the Yoast SEO plugin v25.6 - https:\/\/yoast.com\/wordpress\/plugins\/seo\/ -->\n<title>Aos 10 anos, morador de Restinga integra Associa\u00e7\u00e3o Internacional dos Pintores com a Boca e os P\u00e9s - VerdadeOn<\/title>\n<meta name=\"robots\" content=\"index, follow, max-snippet:-1, max-image-preview:large, max-video-preview:-1\" \/>\n<link rel=\"canonical\" href=\"https:\/\/verdadeon.com.br\/portal\/2022\/05\/14\/aos-10-anos-morador-de-restinga-integra-associacao-internacional-dos-pintores-com-a-boca-e-os-pes\/\" \/>\n<meta property=\"og:locale\" content=\"pt_BR\" \/>\n<meta property=\"og:type\" content=\"article\" \/>\n<meta property=\"og:title\" content=\"Aos 10 anos, morador de Restinga integra Associa\u00e7\u00e3o Internacional dos Pintores com a Boca e os P\u00e9s - VerdadeOn\" \/>\n<meta property=\"og:description\" content=\"Diogo tamb\u00e9m participa de exposi\u00e7\u00e3o na Pinacoteca Municipal de Franca: &#8216;Posso me expressar atrav\u00e9s da arte&#8217; Estudante do quarto ano, Diogo Alexandre de Sousa Silva, aos [\u2026]\" \/>\n<meta property=\"og:url\" content=\"https:\/\/verdadeon.com.br\/portal\/2022\/05\/14\/aos-10-anos-morador-de-restinga-integra-associacao-internacional-dos-pintores-com-a-boca-e-os-pes\/\" \/>\n<meta property=\"og:site_name\" content=\"VerdadeOn\" \/>\n<meta property=\"article:published_time\" content=\"2022-05-14T18:30:11+00:00\" \/>\n<meta property=\"article:modified_time\" content=\"2022-05-14T19:17:22+00:00\" \/>\n<meta property=\"og:image\" content=\"https:\/\/verdadeon.com.br\/portal\/wp-content\/uploads\/2022\/05\/WhatsApp-Image-2022-05-14-at-09.12.44.jpeg\" \/>\n\t<meta property=\"og:image:width\" content=\"768\" \/>\n\t<meta property=\"og:image:height\" content=\"1024\" \/>\n\t<meta property=\"og:image:type\" content=\"image\/jpeg\" \/>\n<meta name=\"author\" content=\"Nelise Luques\" \/>\n<meta name=\"twitter:card\" content=\"summary_large_image\" \/>\n<meta name=\"twitter:label1\" content=\"Escrito por\" \/>\n\t<meta name=\"twitter:data1\" content=\"Nelise Luques\" \/>\n\t<meta name=\"twitter:label2\" content=\"Est. tempo de leitura\" \/>\n\t<meta name=\"twitter:data2\" content=\"4 minutos\" \/>\n<script type=\"application\/ld+json\" class=\"yoast-schema-graph\">{\"@context\":\"https:\/\/schema.org\",\"@graph\":[{\"@type\":\"WebPage\",\"@id\":\"https:\/\/verdadeon.com.br\/portal\/2022\/05\/14\/aos-10-anos-morador-de-restinga-integra-associacao-internacional-dos-pintores-com-a-boca-e-os-pes\/\",\"url\":\"https:\/\/verdadeon.com.br\/portal\/2022\/05\/14\/aos-10-anos-morador-de-restinga-integra-associacao-internacional-dos-pintores-com-a-boca-e-os-pes\/\",\"name\":\"Aos 10 anos, morador de Restinga integra Associa\u00e7\u00e3o Internacional dos Pintores com a Boca e os P\u00e9s - VerdadeOn\",\"isPartOf\":{\"@id\":\"https:\/\/verdadeon.com.br\/portal\/#website\"},\"primaryImageOfPage\":{\"@id\":\"https:\/\/verdadeon.com.br\/portal\/2022\/05\/14\/aos-10-anos-morador-de-restinga-integra-associacao-internacional-dos-pintores-com-a-boca-e-os-pes\/#primaryimage\"},\"image\":{\"@id\":\"https:\/\/verdadeon.com.br\/portal\/2022\/05\/14\/aos-10-anos-morador-de-restinga-integra-associacao-internacional-dos-pintores-com-a-boca-e-os-pes\/#primaryimage\"},\"thumbnailUrl\":\"https:\/\/i0.wp.com\/verdadeon.com.br\/portal\/wp-content\/uploads\/2022\/05\/WhatsApp-Image-2022-05-14-at-09.12.44.jpeg?fit=768%2C1024&ssl=1\",\"datePublished\":\"2022-05-14T18:30:11+00:00\",\"dateModified\":\"2022-05-14T19:17:22+00:00\",\"author\":{\"@id\":\"https:\/\/verdadeon.com.br\/portal\/#\/schema\/person\/8248726d36015c1916636fabb175d972\"},\"breadcrumb\":{\"@id\":\"https:\/\/verdadeon.com.br\/portal\/2022\/05\/14\/aos-10-anos-morador-de-restinga-integra-associacao-internacional-dos-pintores-com-a-boca-e-os-pes\/#breadcrumb\"},\"inLanguage\":\"pt-BR\",\"potentialAction\":[{\"@type\":\"ReadAction\",\"target\":[\"https:\/\/verdadeon.com.br\/portal\/2022\/05\/14\/aos-10-anos-morador-de-restinga-integra-associacao-internacional-dos-pintores-com-a-boca-e-os-pes\/\"]}]},{\"@type\":\"ImageObject\",\"inLanguage\":\"pt-BR\",\"@id\":\"https:\/\/verdadeon.com.br\/portal\/2022\/05\/14\/aos-10-anos-morador-de-restinga-integra-associacao-internacional-dos-pintores-com-a-boca-e-os-pes\/#primaryimage\",\"url\":\"https:\/\/i0.wp.com\/verdadeon.com.br\/portal\/wp-content\/uploads\/2022\/05\/WhatsApp-Image-2022-05-14-at-09.12.44.jpeg?fit=768%2C1024&ssl=1\",\"contentUrl\":\"https:\/\/i0.wp.com\/verdadeon.com.br\/portal\/wp-content\/uploads\/2022\/05\/WhatsApp-Image-2022-05-14-at-09.12.44.jpeg?fit=768%2C1024&ssl=1\",\"width\":768,\"height\":1024,\"caption\":\"Diogo Alexandre de Sousa Silva tem dez anos e pinta com a boca e os p\u00e9s. Com apoio da artista pl\u00e1stica Goret Chagas, de Franca, ele foi admitido na Associa\u00e7\u00e3o dos Pintores com a Boca e os P\u00e9s | Fotos: Arquivo Pessoal\"},{\"@type\":\"BreadcrumbList\",\"@id\":\"https:\/\/verdadeon.com.br\/portal\/2022\/05\/14\/aos-10-anos-morador-de-restinga-integra-associacao-internacional-dos-pintores-com-a-boca-e-os-pes\/#breadcrumb\",\"itemListElement\":[{\"@type\":\"ListItem\",\"position\":1,\"name\":\"In\u00edcio\",\"item\":\"https:\/\/verdadeon.com.br\/portal\/\"},{\"@type\":\"ListItem\",\"position\":2,\"name\":\"Aos 10 anos, morador de Restinga integra Associa\u00e7\u00e3o Internacional dos Pintores com a Boca e os P\u00e9s\"}]},{\"@type\":\"WebSite\",\"@id\":\"https:\/\/verdadeon.com.br\/portal\/#website\",\"url\":\"https:\/\/verdadeon.com.br\/portal\/\",\"name\":\"VerdadeOn\",\"description\":\"Not\u00edcias di\u00e1rias sobre Franca, Regi\u00e3o, Esporte, Cultura, Cotidiano, Colunas. Cobertura nos principais eventos da cidade \u00e9 aqui - Verdadeon Franca\",\"potentialAction\":[{\"@type\":\"SearchAction\",\"target\":{\"@type\":\"EntryPoint\",\"urlTemplate\":\"https:\/\/verdadeon.com.br\/portal\/?s={search_term_string}\"},\"query-input\":{\"@type\":\"PropertyValueSpecification\",\"valueRequired\":true,\"valueName\":\"search_term_string\"}}],\"inLanguage\":\"pt-BR\"},{\"@type\":\"Person\",\"@id\":\"https:\/\/verdadeon.com.br\/portal\/#\/schema\/person\/8248726d36015c1916636fabb175d972\",\"name\":\"Nelise Luques\",\"image\":{\"@type\":\"ImageObject\",\"inLanguage\":\"pt-BR\",\"@id\":\"https:\/\/verdadeon.com.br\/portal\/#\/schema\/person\/image\/\",\"url\":\"https:\/\/secure.gravatar.com\/avatar\/29b2a17f5bcadeb827411b66f48ac13c3e0ecaf5906c0f5745ecc5d41c24eada?s=96&d=mm&r=g\",\"contentUrl\":\"https:\/\/secure.gravatar.com\/avatar\/29b2a17f5bcadeb827411b66f48ac13c3e0ecaf5906c0f5745ecc5d41c24eada?s=96&d=mm&r=g\",\"caption\":\"Nelise Luques\"},\"url\":\"https:\/\/verdadeon.com.br\/portal\/author\/verdade\/\"}]}<\/script>\n<!-- \/ Yoast SEO plugin. -->","yoast_head_json":{"title":"Aos 10 anos, morador de Restinga integra Associa\u00e7\u00e3o Internacional dos Pintores com a Boca e os P\u00e9s - VerdadeOn","robots":{"index":"index","follow":"follow","max-snippet":"max-snippet:-1","max-image-preview":"max-image-preview:large","max-video-preview":"max-video-preview:-1"},"canonical":"https:\/\/verdadeon.com.br\/portal\/2022\/05\/14\/aos-10-anos-morador-de-restinga-integra-associacao-internacional-dos-pintores-com-a-boca-e-os-pes\/","og_locale":"pt_BR","og_type":"article","og_title":"Aos 10 anos, morador de Restinga integra Associa\u00e7\u00e3o Internacional dos Pintores com a Boca e os P\u00e9s - VerdadeOn","og_description":"Diogo tamb\u00e9m participa de exposi\u00e7\u00e3o na Pinacoteca Municipal de Franca: &#8216;Posso me expressar atrav\u00e9s da arte&#8217; Estudante do quarto ano, Diogo Alexandre de Sousa Silva, aos [\u2026]","og_url":"https:\/\/verdadeon.com.br\/portal\/2022\/05\/14\/aos-10-anos-morador-de-restinga-integra-associacao-internacional-dos-pintores-com-a-boca-e-os-pes\/","og_site_name":"VerdadeOn","article_published_time":"2022-05-14T18:30:11+00:00","article_modified_time":"2022-05-14T19:17:22+00:00","og_image":[{"width":768,"height":1024,"url":"https:\/\/verdadeon.com.br\/portal\/wp-content\/uploads\/2022\/05\/WhatsApp-Image-2022-05-14-at-09.12.44.jpeg","type":"image\/jpeg"}],"author":"Nelise Luques","twitter_card":"summary_large_image","twitter_misc":{"Escrito por":"Nelise Luques","Est. tempo de leitura":"4 minutos"},"schema":{"@context":"https:\/\/schema.org","@graph":[{"@type":"WebPage","@id":"https:\/\/verdadeon.com.br\/portal\/2022\/05\/14\/aos-10-anos-morador-de-restinga-integra-associacao-internacional-dos-pintores-com-a-boca-e-os-pes\/","url":"https:\/\/verdadeon.com.br\/portal\/2022\/05\/14\/aos-10-anos-morador-de-restinga-integra-associacao-internacional-dos-pintores-com-a-boca-e-os-pes\/","name":"Aos 10 anos, morador de Restinga integra Associa\u00e7\u00e3o Internacional dos Pintores com a Boca e os P\u00e9s - VerdadeOn","isPartOf":{"@id":"https:\/\/verdadeon.com.br\/portal\/#website"},"primaryImageOfPage":{"@id":"https:\/\/verdadeon.com.br\/portal\/2022\/05\/14\/aos-10-anos-morador-de-restinga-integra-associacao-internacional-dos-pintores-com-a-boca-e-os-pes\/#primaryimage"},"image":{"@id":"https:\/\/verdadeon.com.br\/portal\/2022\/05\/14\/aos-10-anos-morador-de-restinga-integra-associacao-internacional-dos-pintores-com-a-boca-e-os-pes\/#primaryimage"},"thumbnailUrl":"https:\/\/i0.wp.com\/verdadeon.com.br\/portal\/wp-content\/uploads\/2022\/05\/WhatsApp-Image-2022-05-14-at-09.12.44.jpeg?fit=768%2C1024&ssl=1","datePublished":"2022-05-14T18:30:11+00:00","dateModified":"2022-05-14T19:17:22+00:00","author":{"@id":"https:\/\/verdadeon.com.br\/portal\/#\/schema\/person\/8248726d36015c1916636fabb175d972"},"breadcrumb":{"@id":"https:\/\/verdadeon.com.br\/portal\/2022\/05\/14\/aos-10-anos-morador-de-restinga-integra-associacao-internacional-dos-pintores-com-a-boca-e-os-pes\/#breadcrumb"},"inLanguage":"pt-BR","potentialAction":[{"@type":"ReadAction","target":["https:\/\/verdadeon.com.br\/portal\/2022\/05\/14\/aos-10-anos-morador-de-restinga-integra-associacao-internacional-dos-pintores-com-a-boca-e-os-pes\/"]}]},{"@type":"ImageObject","inLanguage":"pt-BR","@id":"https:\/\/verdadeon.com.br\/portal\/2022\/05\/14\/aos-10-anos-morador-de-restinga-integra-associacao-internacional-dos-pintores-com-a-boca-e-os-pes\/#primaryimage","url":"https:\/\/i0.wp.com\/verdadeon.com.br\/portal\/wp-content\/uploads\/2022\/05\/WhatsApp-Image-2022-05-14-at-09.12.44.jpeg?fit=768%2C1024&ssl=1","contentUrl":"https:\/\/i0.wp.com\/verdadeon.com.br\/portal\/wp-content\/uploads\/2022\/05\/WhatsApp-Image-2022-05-14-at-09.12.44.jpeg?fit=768%2C1024&ssl=1","width":768,"height":1024,"caption":"Diogo Alexandre de Sousa Silva tem dez anos e pinta com a boca e os p\u00e9s. Com apoio da artista pl\u00e1stica Goret Chagas, de Franca, ele foi admitido na Associa\u00e7\u00e3o dos Pintores com a Boca e os P\u00e9s | Fotos: Arquivo Pessoal"},{"@type":"BreadcrumbList","@id":"https:\/\/verdadeon.com.br\/portal\/2022\/05\/14\/aos-10-anos-morador-de-restinga-integra-associacao-internacional-dos-pintores-com-a-boca-e-os-pes\/#breadcrumb","itemListElement":[{"@type":"ListItem","position":1,"name":"In\u00edcio","item":"https:\/\/verdadeon.com.br\/portal\/"},{"@type":"ListItem","position":2,"name":"Aos 10 anos, morador de Restinga integra Associa\u00e7\u00e3o Internacional dos Pintores com a Boca e os P\u00e9s"}]},{"@type":"WebSite","@id":"https:\/\/verdadeon.com.br\/portal\/#website","url":"https:\/\/verdadeon.com.br\/portal\/","name":"VerdadeOn","description":"Not\u00edcias di\u00e1rias sobre Franca, Regi\u00e3o, Esporte, Cultura, Cotidiano, Colunas. Cobertura nos principais eventos da cidade \u00e9 aqui - Verdadeon Franca","potentialAction":[{"@type":"SearchAction","target":{"@type":"EntryPoint","urlTemplate":"https:\/\/verdadeon.com.br\/portal\/?s={search_term_string}"},"query-input":{"@type":"PropertyValueSpecification","valueRequired":true,"valueName":"search_term_string"}}],"inLanguage":"pt-BR"},{"@type":"Person","@id":"https:\/\/verdadeon.com.br\/portal\/#\/schema\/person\/8248726d36015c1916636fabb175d972","name":"Nelise Luques","image":{"@type":"ImageObject","inLanguage":"pt-BR","@id":"https:\/\/verdadeon.com.br\/portal\/#\/schema\/person\/image\/","url":"https:\/\/secure.gravatar.com\/avatar\/29b2a17f5bcadeb827411b66f48ac13c3e0ecaf5906c0f5745ecc5d41c24eada?s=96&d=mm&r=g","contentUrl":"https:\/\/secure.gravatar.com\/avatar\/29b2a17f5bcadeb827411b66f48ac13c3e0ecaf5906c0f5745ecc5d41c24eada?s=96&d=mm&r=g","caption":"Nelise Luques"},"url":"https:\/\/verdadeon.com.br\/portal\/author\/verdade\/"}]}},"jetpack_publicize_connections":[],"jetpack_featured_media_url":"https:\/\/i0.wp.com\/verdadeon.com.br\/portal\/wp-content\/uploads\/2022\/05\/WhatsApp-Image-2022-05-14-at-09.12.44.jpeg?fit=768%2C1024&ssl=1","jetpack_sharing_enabled":true,"_links":{"self":[{"href":"https:\/\/verdadeon.com.br\/portal\/wp-json\/wp\/v2\/posts\/25096","targetHints":{"allow":["GET"]}}],"collection":[{"href":"https:\/\/verdadeon.com.br\/portal\/wp-json\/wp\/v2\/posts"}],"about":[{"href":"https:\/\/verdadeon.com.br\/portal\/wp-json\/wp\/v2\/types\/post"}],"author":[{"embeddable":true,"href":"https:\/\/verdadeon.com.br\/portal\/wp-json\/wp\/v2\/users\/12"}],"replies":[{"embeddable":true,"href":"https:\/\/verdadeon.com.br\/portal\/wp-json\/wp\/v2\/comments?post=25096"}],"version-history":[{"count":4,"href":"https:\/\/verdadeon.com.br\/portal\/wp-json\/wp\/v2\/posts\/25096\/revisions"}],"predecessor-version":[{"id":25111,"href":"https:\/\/verdadeon.com.br\/portal\/wp-json\/wp\/v2\/posts\/25096\/revisions\/25111"}],"wp:featuredmedia":[{"embeddable":true,"href":"https:\/\/verdadeon.com.br\/portal\/wp-json\/wp\/v2\/media\/25100"}],"wp:attachment":[{"href":"https:\/\/verdadeon.com.br\/portal\/wp-json\/wp\/v2\/media?parent=25096"}],"wp:term":[{"taxonomy":"category","embeddable":true,"href":"https:\/\/verdadeon.com.br\/portal\/wp-json\/wp\/v2\/categories?post=25096"},{"taxonomy":"post_tag","embeddable":true,"href":"https:\/\/verdadeon.com.br\/portal\/wp-json\/wp\/v2\/tags?post=25096"}],"curies":[{"name":"wp","href":"https:\/\/api.w.org\/{rel}","templated":true}]}}