{"id":25024,"date":"2022-05-11T16:33:32","date_gmt":"2022-05-11T19:33:32","guid":{"rendered":"https:\/\/verdadeon.com.br\/portal\/?p=25024"},"modified":"2022-05-11T16:31:33","modified_gmt":"2022-05-11T19:31:33","slug":"franca-tera-2o-festival-de-cerveja-artesanal-neste-sabado","status":"publish","type":"post","link":"https:\/\/verdadeon.com.br\/portal\/2022\/05\/11\/franca-tera-2o-festival-de-cerveja-artesanal-neste-sabado\/","title":{"rendered":"Franca ter\u00e1 2\u00ba Festival de Cerveja Artesanal neste s\u00e1bado"},"content":{"rendered":"<h2><span style=\"font-weight: 400;\">N\u00facleo do Empreender Acif promete reunir mais de 20 marcas de cerveja artesanal no evento, que ter\u00e1 bandas de rock<\/span><\/h2>\n<p><span style=\"font-weight: 400;\">O N\u00facleo de Cervejeiros Artesanais do Programa Empreender Acif (Associa\u00e7\u00e3o do Com\u00e9rcio e Ind\u00fastria de Franca) promover\u00e1 neste s\u00e1bado (14), o 2\u00ba Festival de Cerveja Artesanal de Franca. O evento vai acontecer a partir das 16h, na Associa\u00e7\u00e3o dos Servidores P\u00fablicos Municipais, e promete mais de 20 torneiras operando com excelentes estilos de cerveja artesanal, dentre eles Pilsen, IPA, APA, Pale Ale e Stout. A entrada custar\u00e1 R$ 10 para o p\u00fablico acima de 14 anos.\u00a0<\/span><\/p>\n<p><span style=\"font-weight: 400;\">A \u00e1rea gastron\u00f4mica vai contar com hamb\u00fargueres artesanais, past\u00e9is, batatas e espetinhos. As bandas The Wanteds e Uncle Trucker ficar\u00e3o respons\u00e1veis pela programa\u00e7\u00e3o musical, voltada para o rock n\u2019 roll.<\/span><\/p>\n<p><span style=\"font-weight: 400;\">\u201cO objetivo do evento \u00e9 promover e popularizar a cultura cervejeira na cidade de Franca, que tem se fortalecido ano a ano\u201d, afirma o gestor do Empreender Acif, Jaider Silva. \u201cEm 2019, tivemos uma experi\u00eancia muito boa com a primeira edi\u00e7\u00e3o e, agora, ap\u00f3s o per\u00edodo restritivo da pandemia, retomamos esta a\u00e7\u00e3o que promete uma boa experi\u00eancia para o p\u00fablico francano\u201d, diz.<\/span><\/p>\n<p><span style=\"font-weight: 400;\">O n\u00facleo de Cervejeiros Artesanais de Franca \u00e9 formado pelas cervejarias A Venda, Bratz, Barbosa, DuZapa, Eg\u00edpcia, Feitoria da Cerveja, JT Cervejaria, Rural, SacraMalte e Santo Growler Beer Kombi.<\/span><\/p>\n<p>&nbsp;<\/p>\n<p><span style=\"font-weight: 400;\">\u00a0<\/span><b>Servi\u00e7o<\/b><\/p>\n<p><b>2\u00ba Festival de Cerveja Artesanal de Franca<\/b><\/p>\n<p><span style=\"font-weight: 400;\">\u00a0Data: 14\/05 (s\u00e1bado)<\/span><\/p>\n<p><span style=\"font-weight: 400;\">Hora: a partir das 16h<\/span><\/p>\n<p><span style=\"font-weight: 400;\">Local: Associa\u00e7\u00e3o dos Servidores P\u00fablicos Municipais \u2013 Avenida S\u00e3o Vicente, 4000.<\/span><\/p>\n<p>&nbsp;<\/p>\n","protected":false},"excerpt":{"rendered":"<p>N\u00facleo do Empreender Acif promete reunir mais de 20 marcas de cerveja artesanal no evento, que ter\u00e1 bandas de rock O N\u00facleo de Cervejeiros Artesanais do<span class=\"excerpt-hellip\"> [\u2026]<\/span><\/p>\n","protected":false},"author":10,"featured_media":25026,"comment_status":"open","ping_status":"open","sticky":false,"template":"","format":"standard","meta":{"_jetpack_memberships_contains_paid_content":false,"footnotes":"","jetpack_publicize_message":"","jetpack_publicize_feature_enabled":true,"jetpack_social_post_already_shared":false,"jetpack_social_options":{"image_generator_settings":{"template":"highway","default_image_id":0,"enabled":false},"version":2}},"categories":[28,81],"tags":[],"class_list":["post-25024","post","type-post","status-publish","format-standard","has-post-thumbnail","hentry","category-cotidiano","category-manchete"],"yoast_head":"<!-- This site is optimized with the Yoast SEO plugin v25.6 - https:\/\/yoast.com\/wordpress\/plugins\/seo\/ -->\n<title>Franca ter\u00e1 2\u00ba Festival de Cerveja Artesanal neste s\u00e1bado - VerdadeOn<\/title>\n<meta name=\"robots\" content=\"index, follow, max-snippet:-1, max-image-preview:large, max-video-preview:-1\" \/>\n<link rel=\"canonical\" href=\"https:\/\/verdadeon.com.br\/portal\/2022\/05\/11\/franca-tera-2o-festival-de-cerveja-artesanal-neste-sabado\/\" \/>\n<meta property=\"og:locale\" content=\"pt_BR\" \/>\n<meta property=\"og:type\" content=\"article\" \/>\n<meta property=\"og:title\" content=\"Franca ter\u00e1 2\u00ba Festival de Cerveja Artesanal neste s\u00e1bado - VerdadeOn\" \/>\n<meta property=\"og:description\" content=\"N\u00facleo do Empreender Acif promete reunir mais de 20 marcas de cerveja artesanal no evento, que ter\u00e1 bandas de rock O N\u00facleo de Cervejeiros Artesanais do [\u2026]\" \/>\n<meta property=\"og:url\" content=\"https:\/\/verdadeon.com.br\/portal\/2022\/05\/11\/franca-tera-2o-festival-de-cerveja-artesanal-neste-sabado\/\" \/>\n<meta property=\"og:site_name\" content=\"VerdadeOn\" \/>\n<meta property=\"article:published_time\" content=\"2022-05-11T19:33:32+00:00\" \/>\n<meta property=\"og:image\" content=\"https:\/\/verdadeon.com.br\/portal\/wp-content\/uploads\/2022\/05\/WhatsApp-Image-2022-05-11-at-16.30.53.jpeg\" \/>\n\t<meta property=\"og:image:width\" content=\"1000\" \/>\n\t<meta property=\"og:image:height\" content=\"670\" \/>\n\t<meta property=\"og:image:type\" content=\"image\/jpeg\" \/>\n<meta name=\"author\" content=\"Redacao VerdadeOn\" \/>\n<meta name=\"twitter:card\" content=\"summary_large_image\" \/>\n<meta name=\"twitter:label1\" content=\"Escrito por\" \/>\n\t<meta name=\"twitter:data1\" content=\"Redacao VerdadeOn\" \/>\n\t<meta name=\"twitter:label2\" content=\"Est. tempo de leitura\" \/>\n\t<meta name=\"twitter:data2\" content=\"2 minutos\" \/>\n<script type=\"application\/ld+json\" class=\"yoast-schema-graph\">{\"@context\":\"https:\/\/schema.org\",\"@graph\":[{\"@type\":\"WebPage\",\"@id\":\"https:\/\/verdadeon.com.br\/portal\/2022\/05\/11\/franca-tera-2o-festival-de-cerveja-artesanal-neste-sabado\/\",\"url\":\"https:\/\/verdadeon.com.br\/portal\/2022\/05\/11\/franca-tera-2o-festival-de-cerveja-artesanal-neste-sabado\/\",\"name\":\"Franca ter\u00e1 2\u00ba Festival de Cerveja Artesanal neste s\u00e1bado - VerdadeOn\",\"isPartOf\":{\"@id\":\"https:\/\/verdadeon.com.br\/portal\/#website\"},\"primaryImageOfPage\":{\"@id\":\"https:\/\/verdadeon.com.br\/portal\/2022\/05\/11\/franca-tera-2o-festival-de-cerveja-artesanal-neste-sabado\/#primaryimage\"},\"image\":{\"@id\":\"https:\/\/verdadeon.com.br\/portal\/2022\/05\/11\/franca-tera-2o-festival-de-cerveja-artesanal-neste-sabado\/#primaryimage\"},\"thumbnailUrl\":\"https:\/\/i0.wp.com\/verdadeon.com.br\/portal\/wp-content\/uploads\/2022\/05\/WhatsApp-Image-2022-05-11-at-16.30.53.jpeg?fit=1000%2C670&ssl=1\",\"datePublished\":\"2022-05-11T19:33:32+00:00\",\"author\":{\"@id\":\"https:\/\/verdadeon.com.br\/portal\/#\/schema\/person\/a5060ad1e9ea3df545188fc93ce43d2f\"},\"breadcrumb\":{\"@id\":\"https:\/\/verdadeon.com.br\/portal\/2022\/05\/11\/franca-tera-2o-festival-de-cerveja-artesanal-neste-sabado\/#breadcrumb\"},\"inLanguage\":\"pt-BR\",\"potentialAction\":[{\"@type\":\"ReadAction\",\"target\":[\"https:\/\/verdadeon.com.br\/portal\/2022\/05\/11\/franca-tera-2o-festival-de-cerveja-artesanal-neste-sabado\/\"]}]},{\"@type\":\"ImageObject\",\"inLanguage\":\"pt-BR\",\"@id\":\"https:\/\/verdadeon.com.br\/portal\/2022\/05\/11\/franca-tera-2o-festival-de-cerveja-artesanal-neste-sabado\/#primaryimage\",\"url\":\"https:\/\/i0.wp.com\/verdadeon.com.br\/portal\/wp-content\/uploads\/2022\/05\/WhatsApp-Image-2022-05-11-at-16.30.53.jpeg?fit=1000%2C670&ssl=1\",\"contentUrl\":\"https:\/\/i0.wp.com\/verdadeon.com.br\/portal\/wp-content\/uploads\/2022\/05\/WhatsApp-Image-2022-05-11-at-16.30.53.jpeg?fit=1000%2C670&ssl=1\",\"width\":1000,\"height\":670,\"caption\":\"Em celebra\u00e7\u00e3o ao St. Patrick\u2019s, N\u00facleo ACIF de Cervejeiros Artesanais promover\u00e3o dia de gala com muita \\\"M\u00fasica, gastronomia e cerveja\\\".\"},{\"@type\":\"BreadcrumbList\",\"@id\":\"https:\/\/verdadeon.com.br\/portal\/2022\/05\/11\/franca-tera-2o-festival-de-cerveja-artesanal-neste-sabado\/#breadcrumb\",\"itemListElement\":[{\"@type\":\"ListItem\",\"position\":1,\"name\":\"In\u00edcio\",\"item\":\"https:\/\/verdadeon.com.br\/portal\/\"},{\"@type\":\"ListItem\",\"position\":2,\"name\":\"Franca ter\u00e1 2\u00ba Festival de Cerveja Artesanal neste s\u00e1bado\"}]},{\"@type\":\"WebSite\",\"@id\":\"https:\/\/verdadeon.com.br\/portal\/#website\",\"url\":\"https:\/\/verdadeon.com.br\/portal\/\",\"name\":\"VerdadeOn\",\"description\":\"Not\u00edcias di\u00e1rias sobre Franca, Regi\u00e3o, Esporte, Cultura, Cotidiano, Colunas. Cobertura nos principais eventos da cidade \u00e9 aqui - Verdadeon Franca\",\"potentialAction\":[{\"@type\":\"SearchAction\",\"target\":{\"@type\":\"EntryPoint\",\"urlTemplate\":\"https:\/\/verdadeon.com.br\/portal\/?s={search_term_string}\"},\"query-input\":{\"@type\":\"PropertyValueSpecification\",\"valueRequired\":true,\"valueName\":\"search_term_string\"}}],\"inLanguage\":\"pt-BR\"},{\"@type\":\"Person\",\"@id\":\"https:\/\/verdadeon.com.br\/portal\/#\/schema\/person\/a5060ad1e9ea3df545188fc93ce43d2f\",\"name\":\"Redacao VerdadeOn\",\"image\":{\"@type\":\"ImageObject\",\"inLanguage\":\"pt-BR\",\"@id\":\"https:\/\/verdadeon.com.br\/portal\/#\/schema\/person\/image\/\",\"url\":\"https:\/\/secure.gravatar.com\/avatar\/459a9613caaaf07f582c3d0841eea68bdd66f533e465e6ba8b9cb45619572cf4?s=96&d=mm&r=g\",\"contentUrl\":\"https:\/\/secure.gravatar.com\/avatar\/459a9613caaaf07f582c3d0841eea68bdd66f533e465e6ba8b9cb45619572cf4?s=96&d=mm&r=g\",\"caption\":\"Redacao VerdadeOn\"},\"url\":\"https:\/\/verdadeon.com.br\/portal\/author\/redacao\/\"}]}<\/script>\n<!-- \/ Yoast SEO plugin. -->","yoast_head_json":{"title":"Franca ter\u00e1 2\u00ba Festival de Cerveja Artesanal neste s\u00e1bado - VerdadeOn","robots":{"index":"index","follow":"follow","max-snippet":"max-snippet:-1","max-image-preview":"max-image-preview:large","max-video-preview":"max-video-preview:-1"},"canonical":"https:\/\/verdadeon.com.br\/portal\/2022\/05\/11\/franca-tera-2o-festival-de-cerveja-artesanal-neste-sabado\/","og_locale":"pt_BR","og_type":"article","og_title":"Franca ter\u00e1 2\u00ba Festival de Cerveja Artesanal neste s\u00e1bado - VerdadeOn","og_description":"N\u00facleo do Empreender Acif promete reunir mais de 20 marcas de cerveja artesanal no evento, que ter\u00e1 bandas de rock O N\u00facleo de Cervejeiros Artesanais do [\u2026]","og_url":"https:\/\/verdadeon.com.br\/portal\/2022\/05\/11\/franca-tera-2o-festival-de-cerveja-artesanal-neste-sabado\/","og_site_name":"VerdadeOn","article_published_time":"2022-05-11T19:33:32+00:00","og_image":[{"width":1000,"height":670,"url":"https:\/\/verdadeon.com.br\/portal\/wp-content\/uploads\/2022\/05\/WhatsApp-Image-2022-05-11-at-16.30.53.jpeg","type":"image\/jpeg"}],"author":"Redacao VerdadeOn","twitter_card":"summary_large_image","twitter_misc":{"Escrito por":"Redacao VerdadeOn","Est. tempo de leitura":"2 minutos"},"schema":{"@context":"https:\/\/schema.org","@graph":[{"@type":"WebPage","@id":"https:\/\/verdadeon.com.br\/portal\/2022\/05\/11\/franca-tera-2o-festival-de-cerveja-artesanal-neste-sabado\/","url":"https:\/\/verdadeon.com.br\/portal\/2022\/05\/11\/franca-tera-2o-festival-de-cerveja-artesanal-neste-sabado\/","name":"Franca ter\u00e1 2\u00ba Festival de Cerveja Artesanal neste s\u00e1bado - VerdadeOn","isPartOf":{"@id":"https:\/\/verdadeon.com.br\/portal\/#website"},"primaryImageOfPage":{"@id":"https:\/\/verdadeon.com.br\/portal\/2022\/05\/11\/franca-tera-2o-festival-de-cerveja-artesanal-neste-sabado\/#primaryimage"},"image":{"@id":"https:\/\/verdadeon.com.br\/portal\/2022\/05\/11\/franca-tera-2o-festival-de-cerveja-artesanal-neste-sabado\/#primaryimage"},"thumbnailUrl":"https:\/\/i0.wp.com\/verdadeon.com.br\/portal\/wp-content\/uploads\/2022\/05\/WhatsApp-Image-2022-05-11-at-16.30.53.jpeg?fit=1000%2C670&ssl=1","datePublished":"2022-05-11T19:33:32+00:00","author":{"@id":"https:\/\/verdadeon.com.br\/portal\/#\/schema\/person\/a5060ad1e9ea3df545188fc93ce43d2f"},"breadcrumb":{"@id":"https:\/\/verdadeon.com.br\/portal\/2022\/05\/11\/franca-tera-2o-festival-de-cerveja-artesanal-neste-sabado\/#breadcrumb"},"inLanguage":"pt-BR","potentialAction":[{"@type":"ReadAction","target":["https:\/\/verdadeon.com.br\/portal\/2022\/05\/11\/franca-tera-2o-festival-de-cerveja-artesanal-neste-sabado\/"]}]},{"@type":"ImageObject","inLanguage":"pt-BR","@id":"https:\/\/verdadeon.com.br\/portal\/2022\/05\/11\/franca-tera-2o-festival-de-cerveja-artesanal-neste-sabado\/#primaryimage","url":"https:\/\/i0.wp.com\/verdadeon.com.br\/portal\/wp-content\/uploads\/2022\/05\/WhatsApp-Image-2022-05-11-at-16.30.53.jpeg?fit=1000%2C670&ssl=1","contentUrl":"https:\/\/i0.wp.com\/verdadeon.com.br\/portal\/wp-content\/uploads\/2022\/05\/WhatsApp-Image-2022-05-11-at-16.30.53.jpeg?fit=1000%2C670&ssl=1","width":1000,"height":670,"caption":"Em celebra\u00e7\u00e3o ao St. Patrick\u2019s, N\u00facleo ACIF de Cervejeiros Artesanais promover\u00e3o dia de gala com muita \"M\u00fasica, gastronomia e cerveja\"."},{"@type":"BreadcrumbList","@id":"https:\/\/verdadeon.com.br\/portal\/2022\/05\/11\/franca-tera-2o-festival-de-cerveja-artesanal-neste-sabado\/#breadcrumb","itemListElement":[{"@type":"ListItem","position":1,"name":"In\u00edcio","item":"https:\/\/verdadeon.com.br\/portal\/"},{"@type":"ListItem","position":2,"name":"Franca ter\u00e1 2\u00ba Festival de Cerveja Artesanal neste s\u00e1bado"}]},{"@type":"WebSite","@id":"https:\/\/verdadeon.com.br\/portal\/#website","url":"https:\/\/verdadeon.com.br\/portal\/","name":"VerdadeOn","description":"Not\u00edcias di\u00e1rias sobre Franca, Regi\u00e3o, Esporte, Cultura, Cotidiano, Colunas. Cobertura nos principais eventos da cidade \u00e9 aqui - Verdadeon Franca","potentialAction":[{"@type":"SearchAction","target":{"@type":"EntryPoint","urlTemplate":"https:\/\/verdadeon.com.br\/portal\/?s={search_term_string}"},"query-input":{"@type":"PropertyValueSpecification","valueRequired":true,"valueName":"search_term_string"}}],"inLanguage":"pt-BR"},{"@type":"Person","@id":"https:\/\/verdadeon.com.br\/portal\/#\/schema\/person\/a5060ad1e9ea3df545188fc93ce43d2f","name":"Redacao VerdadeOn","image":{"@type":"ImageObject","inLanguage":"pt-BR","@id":"https:\/\/verdadeon.com.br\/portal\/#\/schema\/person\/image\/","url":"https:\/\/secure.gravatar.com\/avatar\/459a9613caaaf07f582c3d0841eea68bdd66f533e465e6ba8b9cb45619572cf4?s=96&d=mm&r=g","contentUrl":"https:\/\/secure.gravatar.com\/avatar\/459a9613caaaf07f582c3d0841eea68bdd66f533e465e6ba8b9cb45619572cf4?s=96&d=mm&r=g","caption":"Redacao VerdadeOn"},"url":"https:\/\/verdadeon.com.br\/portal\/author\/redacao\/"}]}},"jetpack_publicize_connections":[],"jetpack_featured_media_url":"https:\/\/i0.wp.com\/verdadeon.com.br\/portal\/wp-content\/uploads\/2022\/05\/WhatsApp-Image-2022-05-11-at-16.30.53.jpeg?fit=1000%2C670&ssl=1","jetpack_sharing_enabled":true,"_links":{"self":[{"href":"https:\/\/verdadeon.com.br\/portal\/wp-json\/wp\/v2\/posts\/25024","targetHints":{"allow":["GET"]}}],"collection":[{"href":"https:\/\/verdadeon.com.br\/portal\/wp-json\/wp\/v2\/posts"}],"about":[{"href":"https:\/\/verdadeon.com.br\/portal\/wp-json\/wp\/v2\/types\/post"}],"author":[{"embeddable":true,"href":"https:\/\/verdadeon.com.br\/portal\/wp-json\/wp\/v2\/users\/10"}],"replies":[{"embeddable":true,"href":"https:\/\/verdadeon.com.br\/portal\/wp-json\/wp\/v2\/comments?post=25024"}],"version-history":[{"count":1,"href":"https:\/\/verdadeon.com.br\/portal\/wp-json\/wp\/v2\/posts\/25024\/revisions"}],"predecessor-version":[{"id":25027,"href":"https:\/\/verdadeon.com.br\/portal\/wp-json\/wp\/v2\/posts\/25024\/revisions\/25027"}],"wp:featuredmedia":[{"embeddable":true,"href":"https:\/\/verdadeon.com.br\/portal\/wp-json\/wp\/v2\/media\/25026"}],"wp:attachment":[{"href":"https:\/\/verdadeon.com.br\/portal\/wp-json\/wp\/v2\/media?parent=25024"}],"wp:term":[{"taxonomy":"category","embeddable":true,"href":"https:\/\/verdadeon.com.br\/portal\/wp-json\/wp\/v2\/categories?post=25024"},{"taxonomy":"post_tag","embeddable":true,"href":"https:\/\/verdadeon.com.br\/portal\/wp-json\/wp\/v2\/tags?post=25024"}],"curies":[{"name":"wp","href":"https:\/\/api.w.org\/{rel}","templated":true}]}}