{"id":24990,"date":"2022-05-10T12:00:02","date_gmt":"2022-05-10T15:00:02","guid":{"rendered":"https:\/\/verdadeon.com.br\/portal\/?p=24990"},"modified":"2022-05-10T17:55:35","modified_gmt":"2022-05-10T20:55:35","slug":"pretendo-continuar-defendendo-o-esporte-atrelado-a-saude-e-educacao-diz-aildo-ferreira-ex-secretario-estadual-de-esporte","status":"publish","type":"post","link":"https:\/\/verdadeon.com.br\/portal\/2022\/05\/10\/pretendo-continuar-defendendo-o-esporte-atrelado-a-saude-e-educacao-diz-aildo-ferreira-ex-secretario-estadual-de-esporte\/","title":{"rendered":"\u2018Pretendo continuar defendendo o esporte, atrelado \u00e0 sa\u00fade e educa\u00e7\u00e3o\u2019, diz Aildo Ferreira, ex-secret\u00e1rio estadual de Esporte"},"content":{"rendered":"<h2><span style=\"font-weight: 400;\">Pol\u00edtico cumpre agenda em Franca e visitou o Jornal Verdade na tarde desta ter\u00e7a-feira<\/span><\/h2>\n<p>&nbsp;<\/p>\n<p><span style=\"font-weight: 400;\">O ex-Secret\u00e1rio Estadual de Esportes de S\u00e3o Paulo, Aildo Rodrigues Ferreira, visitou o Jornal Verdade na tarde desta ter\u00e7a-feira (10) e aproveitou para falar da sua pr\u00e9-candidatura a deputado estadual pelo partido Republicanos. Ele esteve acompanhado pelo ex-jogador de basquete <\/span><span style=\"font-weight: 400;\">Marco Aur\u00e9lio Pegolo dos Santos, o Chu\u00ed, ex-secret\u00e1rio executivo de Esporte do Estado.<\/span><\/p>\n<p><span style=\"font-weight: 400;\">Aildo comentou sobre o momento de retomada dos campeonatos esportivos ap\u00f3s a crise sanit\u00e1ria da Covid, iniciativas para fomentar o esporte e defendeu que a pr\u00e1tica esportiva se torne obrigat\u00f3ria na grade curricular das escolas.\u00a0<\/span><\/p>\n<p><span style=\"font-weight: 400;\">Ele estava \u00e0 frente da Secretaria de Esporte do Estado durante a pandemia e acompanhou de perto a paralisa\u00e7\u00e3o dos campeonatos. \u201cFomos bastante prejudicados pela pandemia, travou tudo. A gente n\u00e3o realizou Jogos Regionais, Jogos Abertos, Jogos da Juventude, Jogos dos Idosos, Copinhas, Campeonato de Futebol Amador, ficou tudo parado por dois anos. E todo o or\u00e7amento foi contingenciado e o recurso canalizado para a sa\u00fade. O que o gestor p\u00fablico precisa, nesta fase, \u00e9 tentar resgatar o tempo perdido, acelerando a retomada, os programas, os investimentos\u201d.<\/span><\/p>\n<p><span style=\"font-weight: 400;\">Ap\u00f3s tr\u00eas anos e tr\u00eas meses \u00e0 frente da secretaria e atualmente desligado do cargo &#8211; desde 1\u00ba de abril deste ano &#8211; por conta das elei\u00e7\u00f5es, Aildo aposta nas experi\u00eancias com as iniciativas esportivas para dar continuidade a projetos que valorizem ainda mais o esporte. \u201cEu pretendo continuar defendendo o esporte, lutando em prol do esporte, atrelado \u00e0 sa\u00fade e educa\u00e7\u00e3o, porque essas tr\u00eas \u00e1reas est\u00e3o entrela\u00e7adas. O esporte tem a capacidade de educar com prazer, com alegria e precisa de investimentos\u201d, afirmou Aildo.<\/span><\/p>\n<p><span style=\"font-weight: 400;\">Para ele, o investimento em Centros de Forma\u00e7\u00e3o Esportiva \u00e9 uma alternativa para atender o p\u00fablico interessado em esporte e desvendar talentos nos munic\u00edpios. \u201cN\u00f3s fizemos 42 centros esportivos na primeira etapa e na segunda, que est\u00e1 em implanta\u00e7\u00e3o agora em 2022 s\u00e3o mais 80. Desses 80, v\u00e1rios j\u00e1 foram inaugurados, entre eles tem dois aqui em Franca, um de handebol e outro gin\u00e1stica r\u00edtmica\u201d.<\/span><\/p>\n<p><span style=\"font-weight: 400;\">Aildo explicou que o Estado firma parceria com os munic\u00edpios para instalar os Centros Esportivos e escolhe a modalidade a ser desenvolvida. As unidades devem come\u00e7ar a funcionar com no m\u00ednimo 60 participantes.<\/span><\/p>\n<p><span style=\"font-weight: 400;\">Outro ponto abordado durante a visita ao Verdade foi a quest\u00e3o do Esporte no ensino. \u201cO esporte tem essa capacidade de formar cidad\u00e3os do bem. Ele deveria ser obrigat\u00f3rio na grade curricular, mas isso \u00e9 uma mudan\u00e7a cultural que no Parlamento temos um canal para fazer.\u201d<\/span><\/p>\n<p><span style=\"font-weight: 400;\">O pol\u00edtico afirmou que acredita que a educa\u00e7\u00e3o \u00e9 o melhor caminho para evitar, por exemplo, atitudes racistas e homof\u00f3bicas em ambientes esportivos, al\u00e9m do apoio e est\u00edmulo, enquanto parlamentar, \u00e0s federa\u00e7\u00f5es, associa\u00e7\u00f5es e clubes esportivos para que criem programas de combate \u00e0 essas pr\u00e1ticas. \u201cUm povo pouco instru\u00eddo \u00e9 f\u00e1cil de ser manipulado. Talvez esteja a\u00ed a falta de interesse no investimento maior na educa\u00e7\u00e3o.\u201d<\/span><\/p>\n<p>&nbsp;<\/p>\n","protected":false},"excerpt":{"rendered":"<p>Pol\u00edtico cumpre agenda em Franca e visitou o Jornal Verdade na tarde desta ter\u00e7a-feira &nbsp; O ex-Secret\u00e1rio Estadual de Esportes de S\u00e3o Paulo, Aildo Rodrigues Ferreira,<span class=\"excerpt-hellip\"> [\u2026]<\/span><\/p>\n","protected":false},"author":12,"featured_media":24994,"comment_status":"open","ping_status":"open","sticky":false,"template":"","format":"standard","meta":{"_jetpack_memberships_contains_paid_content":false,"footnotes":"","jetpack_publicize_message":"","jetpack_publicize_feature_enabled":true,"jetpack_social_post_already_shared":false,"jetpack_social_options":{"image_generator_settings":{"template":"highway","default_image_id":0,"enabled":false},"version":2}},"categories":[28,81],"tags":[],"class_list":["post-24990","post","type-post","status-publish","format-standard","has-post-thumbnail","hentry","category-cotidiano","category-manchete"],"yoast_head":"<!-- This site is optimized with the Yoast SEO plugin v25.6 - https:\/\/yoast.com\/wordpress\/plugins\/seo\/ -->\n<title>\u2018Pretendo continuar defendendo o esporte, atrelado \u00e0 sa\u00fade e educa\u00e7\u00e3o\u2019, diz Aildo Ferreira, ex-secret\u00e1rio estadual de Esporte - VerdadeOn<\/title>\n<meta name=\"robots\" content=\"index, follow, max-snippet:-1, max-image-preview:large, max-video-preview:-1\" \/>\n<link rel=\"canonical\" href=\"https:\/\/verdadeon.com.br\/portal\/2022\/05\/10\/pretendo-continuar-defendendo-o-esporte-atrelado-a-saude-e-educacao-diz-aildo-ferreira-ex-secretario-estadual-de-esporte\/\" \/>\n<meta property=\"og:locale\" content=\"pt_BR\" \/>\n<meta property=\"og:type\" content=\"article\" \/>\n<meta property=\"og:title\" content=\"\u2018Pretendo continuar defendendo o esporte, atrelado \u00e0 sa\u00fade e educa\u00e7\u00e3o\u2019, diz Aildo Ferreira, ex-secret\u00e1rio estadual de Esporte - VerdadeOn\" \/>\n<meta property=\"og:description\" content=\"Pol\u00edtico cumpre agenda em Franca e visitou o Jornal Verdade na tarde desta ter\u00e7a-feira &nbsp; O ex-Secret\u00e1rio Estadual de Esportes de S\u00e3o Paulo, Aildo Rodrigues Ferreira, [\u2026]\" \/>\n<meta property=\"og:url\" content=\"https:\/\/verdadeon.com.br\/portal\/2022\/05\/10\/pretendo-continuar-defendendo-o-esporte-atrelado-a-saude-e-educacao-diz-aildo-ferreira-ex-secretario-estadual-de-esporte\/\" \/>\n<meta property=\"og:site_name\" content=\"VerdadeOn\" \/>\n<meta property=\"article:published_time\" content=\"2022-05-10T15:00:02+00:00\" \/>\n<meta property=\"article:modified_time\" content=\"2022-05-10T20:55:35+00:00\" \/>\n<meta property=\"og:image\" content=\"https:\/\/verdadeon.com.br\/portal\/wp-content\/uploads\/2022\/05\/VISITA-DO-CHUI-E-AILDO-RODRIGUES-EX-SECRETARIO-ESTADUAL-DE-ESPORTE-AO-JORNAL-VERDADE.jpeg\" \/>\n\t<meta property=\"og:image:width\" content=\"1000\" \/>\n\t<meta property=\"og:image:height\" content=\"670\" \/>\n\t<meta property=\"og:image:type\" content=\"image\/jpeg\" \/>\n<meta name=\"author\" content=\"Nelise Luques\" \/>\n<meta name=\"twitter:card\" content=\"summary_large_image\" \/>\n<meta name=\"twitter:label1\" content=\"Escrito por\" \/>\n\t<meta name=\"twitter:data1\" content=\"Nelise Luques\" \/>\n\t<meta name=\"twitter:label2\" content=\"Est. tempo de leitura\" \/>\n\t<meta name=\"twitter:data2\" content=\"3 minutos\" \/>\n<script type=\"application\/ld+json\" class=\"yoast-schema-graph\">{\"@context\":\"https:\/\/schema.org\",\"@graph\":[{\"@type\":\"WebPage\",\"@id\":\"https:\/\/verdadeon.com.br\/portal\/2022\/05\/10\/pretendo-continuar-defendendo-o-esporte-atrelado-a-saude-e-educacao-diz-aildo-ferreira-ex-secretario-estadual-de-esporte\/\",\"url\":\"https:\/\/verdadeon.com.br\/portal\/2022\/05\/10\/pretendo-continuar-defendendo-o-esporte-atrelado-a-saude-e-educacao-diz-aildo-ferreira-ex-secretario-estadual-de-esporte\/\",\"name\":\"\u2018Pretendo continuar defendendo o esporte, atrelado \u00e0 sa\u00fade e educa\u00e7\u00e3o\u2019, diz Aildo Ferreira, ex-secret\u00e1rio estadual de Esporte - VerdadeOn\",\"isPartOf\":{\"@id\":\"https:\/\/verdadeon.com.br\/portal\/#website\"},\"primaryImageOfPage\":{\"@id\":\"https:\/\/verdadeon.com.br\/portal\/2022\/05\/10\/pretendo-continuar-defendendo-o-esporte-atrelado-a-saude-e-educacao-diz-aildo-ferreira-ex-secretario-estadual-de-esporte\/#primaryimage\"},\"image\":{\"@id\":\"https:\/\/verdadeon.com.br\/portal\/2022\/05\/10\/pretendo-continuar-defendendo-o-esporte-atrelado-a-saude-e-educacao-diz-aildo-ferreira-ex-secretario-estadual-de-esporte\/#primaryimage\"},\"thumbnailUrl\":\"https:\/\/i0.wp.com\/verdadeon.com.br\/portal\/wp-content\/uploads\/2022\/05\/VISITA-DO-CHUI-E-AILDO-RODRIGUES-EX-SECRETARIO-ESTADUAL-DE-ESPORTE-AO-JORNAL-VERDADE.jpeg?fit=1000%2C670&ssl=1\",\"datePublished\":\"2022-05-10T15:00:02+00:00\",\"dateModified\":\"2022-05-10T20:55:35+00:00\",\"author\":{\"@id\":\"https:\/\/verdadeon.com.br\/portal\/#\/schema\/person\/8248726d36015c1916636fabb175d972\"},\"breadcrumb\":{\"@id\":\"https:\/\/verdadeon.com.br\/portal\/2022\/05\/10\/pretendo-continuar-defendendo-o-esporte-atrelado-a-saude-e-educacao-diz-aildo-ferreira-ex-secretario-estadual-de-esporte\/#breadcrumb\"},\"inLanguage\":\"pt-BR\",\"potentialAction\":[{\"@type\":\"ReadAction\",\"target\":[\"https:\/\/verdadeon.com.br\/portal\/2022\/05\/10\/pretendo-continuar-defendendo-o-esporte-atrelado-a-saude-e-educacao-diz-aildo-ferreira-ex-secretario-estadual-de-esporte\/\"]}]},{\"@type\":\"ImageObject\",\"inLanguage\":\"pt-BR\",\"@id\":\"https:\/\/verdadeon.com.br\/portal\/2022\/05\/10\/pretendo-continuar-defendendo-o-esporte-atrelado-a-saude-e-educacao-diz-aildo-ferreira-ex-secretario-estadual-de-esporte\/#primaryimage\",\"url\":\"https:\/\/i0.wp.com\/verdadeon.com.br\/portal\/wp-content\/uploads\/2022\/05\/VISITA-DO-CHUI-E-AILDO-RODRIGUES-EX-SECRETARIO-ESTADUAL-DE-ESPORTE-AO-JORNAL-VERDADE.jpeg?fit=1000%2C670&ssl=1\",\"contentUrl\":\"https:\/\/i0.wp.com\/verdadeon.com.br\/portal\/wp-content\/uploads\/2022\/05\/VISITA-DO-CHUI-E-AILDO-RODRIGUES-EX-SECRETARIO-ESTADUAL-DE-ESPORTE-AO-JORNAL-VERDADE.jpeg?fit=1000%2C670&ssl=1\",\"width\":1000,\"height\":670,\"caption\":\"O ex-Secret\u00e1rio Estadual de Esportes de S\u00e3o Paulo, Aildo Rodrigues Ferreira, acompanhado por Marco Aur\u00e9lio Pegolo dos Santos, o Chu\u00ed, ex-jogador de basquete e ex-secret\u00e1rio executivo de Esporte do Estado, \u00e9 recebido pelos jornalistas Fernando Calixto, editor chefe do Verdade, e Nelise Luques, rep\u00f3rter | Foto: Jornal Verdade\"},{\"@type\":\"BreadcrumbList\",\"@id\":\"https:\/\/verdadeon.com.br\/portal\/2022\/05\/10\/pretendo-continuar-defendendo-o-esporte-atrelado-a-saude-e-educacao-diz-aildo-ferreira-ex-secretario-estadual-de-esporte\/#breadcrumb\",\"itemListElement\":[{\"@type\":\"ListItem\",\"position\":1,\"name\":\"In\u00edcio\",\"item\":\"https:\/\/verdadeon.com.br\/portal\/\"},{\"@type\":\"ListItem\",\"position\":2,\"name\":\"\u2018Pretendo continuar defendendo o esporte, atrelado \u00e0 sa\u00fade e educa\u00e7\u00e3o\u2019, diz Aildo Ferreira, ex-secret\u00e1rio estadual de Esporte\"}]},{\"@type\":\"WebSite\",\"@id\":\"https:\/\/verdadeon.com.br\/portal\/#website\",\"url\":\"https:\/\/verdadeon.com.br\/portal\/\",\"name\":\"VerdadeOn\",\"description\":\"Not\u00edcias di\u00e1rias sobre Franca, Regi\u00e3o, Esporte, Cultura, Cotidiano, Colunas. Cobertura nos principais eventos da cidade \u00e9 aqui - Verdadeon Franca\",\"potentialAction\":[{\"@type\":\"SearchAction\",\"target\":{\"@type\":\"EntryPoint\",\"urlTemplate\":\"https:\/\/verdadeon.com.br\/portal\/?s={search_term_string}\"},\"query-input\":{\"@type\":\"PropertyValueSpecification\",\"valueRequired\":true,\"valueName\":\"search_term_string\"}}],\"inLanguage\":\"pt-BR\"},{\"@type\":\"Person\",\"@id\":\"https:\/\/verdadeon.com.br\/portal\/#\/schema\/person\/8248726d36015c1916636fabb175d972\",\"name\":\"Nelise Luques\",\"image\":{\"@type\":\"ImageObject\",\"inLanguage\":\"pt-BR\",\"@id\":\"https:\/\/verdadeon.com.br\/portal\/#\/schema\/person\/image\/\",\"url\":\"https:\/\/secure.gravatar.com\/avatar\/29b2a17f5bcadeb827411b66f48ac13c3e0ecaf5906c0f5745ecc5d41c24eada?s=96&d=mm&r=g\",\"contentUrl\":\"https:\/\/secure.gravatar.com\/avatar\/29b2a17f5bcadeb827411b66f48ac13c3e0ecaf5906c0f5745ecc5d41c24eada?s=96&d=mm&r=g\",\"caption\":\"Nelise Luques\"},\"url\":\"https:\/\/verdadeon.com.br\/portal\/author\/verdade\/\"}]}<\/script>\n<!-- \/ Yoast SEO plugin. -->","yoast_head_json":{"title":"\u2018Pretendo continuar defendendo o esporte, atrelado \u00e0 sa\u00fade e educa\u00e7\u00e3o\u2019, diz Aildo Ferreira, ex-secret\u00e1rio estadual de Esporte - VerdadeOn","robots":{"index":"index","follow":"follow","max-snippet":"max-snippet:-1","max-image-preview":"max-image-preview:large","max-video-preview":"max-video-preview:-1"},"canonical":"https:\/\/verdadeon.com.br\/portal\/2022\/05\/10\/pretendo-continuar-defendendo-o-esporte-atrelado-a-saude-e-educacao-diz-aildo-ferreira-ex-secretario-estadual-de-esporte\/","og_locale":"pt_BR","og_type":"article","og_title":"\u2018Pretendo continuar defendendo o esporte, atrelado \u00e0 sa\u00fade e educa\u00e7\u00e3o\u2019, diz Aildo Ferreira, ex-secret\u00e1rio estadual de Esporte - VerdadeOn","og_description":"Pol\u00edtico cumpre agenda em Franca e visitou o Jornal Verdade na tarde desta ter\u00e7a-feira &nbsp; O ex-Secret\u00e1rio Estadual de Esportes de S\u00e3o Paulo, Aildo Rodrigues Ferreira, [\u2026]","og_url":"https:\/\/verdadeon.com.br\/portal\/2022\/05\/10\/pretendo-continuar-defendendo-o-esporte-atrelado-a-saude-e-educacao-diz-aildo-ferreira-ex-secretario-estadual-de-esporte\/","og_site_name":"VerdadeOn","article_published_time":"2022-05-10T15:00:02+00:00","article_modified_time":"2022-05-10T20:55:35+00:00","og_image":[{"width":1000,"height":670,"url":"https:\/\/verdadeon.com.br\/portal\/wp-content\/uploads\/2022\/05\/VISITA-DO-CHUI-E-AILDO-RODRIGUES-EX-SECRETARIO-ESTADUAL-DE-ESPORTE-AO-JORNAL-VERDADE.jpeg","type":"image\/jpeg"}],"author":"Nelise Luques","twitter_card":"summary_large_image","twitter_misc":{"Escrito por":"Nelise Luques","Est. tempo de leitura":"3 minutos"},"schema":{"@context":"https:\/\/schema.org","@graph":[{"@type":"WebPage","@id":"https:\/\/verdadeon.com.br\/portal\/2022\/05\/10\/pretendo-continuar-defendendo-o-esporte-atrelado-a-saude-e-educacao-diz-aildo-ferreira-ex-secretario-estadual-de-esporte\/","url":"https:\/\/verdadeon.com.br\/portal\/2022\/05\/10\/pretendo-continuar-defendendo-o-esporte-atrelado-a-saude-e-educacao-diz-aildo-ferreira-ex-secretario-estadual-de-esporte\/","name":"\u2018Pretendo continuar defendendo o esporte, atrelado \u00e0 sa\u00fade e educa\u00e7\u00e3o\u2019, diz Aildo Ferreira, ex-secret\u00e1rio estadual de Esporte - VerdadeOn","isPartOf":{"@id":"https:\/\/verdadeon.com.br\/portal\/#website"},"primaryImageOfPage":{"@id":"https:\/\/verdadeon.com.br\/portal\/2022\/05\/10\/pretendo-continuar-defendendo-o-esporte-atrelado-a-saude-e-educacao-diz-aildo-ferreira-ex-secretario-estadual-de-esporte\/#primaryimage"},"image":{"@id":"https:\/\/verdadeon.com.br\/portal\/2022\/05\/10\/pretendo-continuar-defendendo-o-esporte-atrelado-a-saude-e-educacao-diz-aildo-ferreira-ex-secretario-estadual-de-esporte\/#primaryimage"},"thumbnailUrl":"https:\/\/i0.wp.com\/verdadeon.com.br\/portal\/wp-content\/uploads\/2022\/05\/VISITA-DO-CHUI-E-AILDO-RODRIGUES-EX-SECRETARIO-ESTADUAL-DE-ESPORTE-AO-JORNAL-VERDADE.jpeg?fit=1000%2C670&ssl=1","datePublished":"2022-05-10T15:00:02+00:00","dateModified":"2022-05-10T20:55:35+00:00","author":{"@id":"https:\/\/verdadeon.com.br\/portal\/#\/schema\/person\/8248726d36015c1916636fabb175d972"},"breadcrumb":{"@id":"https:\/\/verdadeon.com.br\/portal\/2022\/05\/10\/pretendo-continuar-defendendo-o-esporte-atrelado-a-saude-e-educacao-diz-aildo-ferreira-ex-secretario-estadual-de-esporte\/#breadcrumb"},"inLanguage":"pt-BR","potentialAction":[{"@type":"ReadAction","target":["https:\/\/verdadeon.com.br\/portal\/2022\/05\/10\/pretendo-continuar-defendendo-o-esporte-atrelado-a-saude-e-educacao-diz-aildo-ferreira-ex-secretario-estadual-de-esporte\/"]}]},{"@type":"ImageObject","inLanguage":"pt-BR","@id":"https:\/\/verdadeon.com.br\/portal\/2022\/05\/10\/pretendo-continuar-defendendo-o-esporte-atrelado-a-saude-e-educacao-diz-aildo-ferreira-ex-secretario-estadual-de-esporte\/#primaryimage","url":"https:\/\/i0.wp.com\/verdadeon.com.br\/portal\/wp-content\/uploads\/2022\/05\/VISITA-DO-CHUI-E-AILDO-RODRIGUES-EX-SECRETARIO-ESTADUAL-DE-ESPORTE-AO-JORNAL-VERDADE.jpeg?fit=1000%2C670&ssl=1","contentUrl":"https:\/\/i0.wp.com\/verdadeon.com.br\/portal\/wp-content\/uploads\/2022\/05\/VISITA-DO-CHUI-E-AILDO-RODRIGUES-EX-SECRETARIO-ESTADUAL-DE-ESPORTE-AO-JORNAL-VERDADE.jpeg?fit=1000%2C670&ssl=1","width":1000,"height":670,"caption":"O ex-Secret\u00e1rio Estadual de Esportes de S\u00e3o Paulo, Aildo Rodrigues Ferreira, acompanhado por Marco Aur\u00e9lio Pegolo dos Santos, o Chu\u00ed, ex-jogador de basquete e ex-secret\u00e1rio executivo de Esporte do Estado, \u00e9 recebido pelos jornalistas Fernando Calixto, editor chefe do Verdade, e Nelise Luques, rep\u00f3rter | Foto: Jornal Verdade"},{"@type":"BreadcrumbList","@id":"https:\/\/verdadeon.com.br\/portal\/2022\/05\/10\/pretendo-continuar-defendendo-o-esporte-atrelado-a-saude-e-educacao-diz-aildo-ferreira-ex-secretario-estadual-de-esporte\/#breadcrumb","itemListElement":[{"@type":"ListItem","position":1,"name":"In\u00edcio","item":"https:\/\/verdadeon.com.br\/portal\/"},{"@type":"ListItem","position":2,"name":"\u2018Pretendo continuar defendendo o esporte, atrelado \u00e0 sa\u00fade e educa\u00e7\u00e3o\u2019, diz Aildo Ferreira, ex-secret\u00e1rio estadual de Esporte"}]},{"@type":"WebSite","@id":"https:\/\/verdadeon.com.br\/portal\/#website","url":"https:\/\/verdadeon.com.br\/portal\/","name":"VerdadeOn","description":"Not\u00edcias di\u00e1rias sobre Franca, Regi\u00e3o, Esporte, Cultura, Cotidiano, Colunas. Cobertura nos principais eventos da cidade \u00e9 aqui - Verdadeon Franca","potentialAction":[{"@type":"SearchAction","target":{"@type":"EntryPoint","urlTemplate":"https:\/\/verdadeon.com.br\/portal\/?s={search_term_string}"},"query-input":{"@type":"PropertyValueSpecification","valueRequired":true,"valueName":"search_term_string"}}],"inLanguage":"pt-BR"},{"@type":"Person","@id":"https:\/\/verdadeon.com.br\/portal\/#\/schema\/person\/8248726d36015c1916636fabb175d972","name":"Nelise Luques","image":{"@type":"ImageObject","inLanguage":"pt-BR","@id":"https:\/\/verdadeon.com.br\/portal\/#\/schema\/person\/image\/","url":"https:\/\/secure.gravatar.com\/avatar\/29b2a17f5bcadeb827411b66f48ac13c3e0ecaf5906c0f5745ecc5d41c24eada?s=96&d=mm&r=g","contentUrl":"https:\/\/secure.gravatar.com\/avatar\/29b2a17f5bcadeb827411b66f48ac13c3e0ecaf5906c0f5745ecc5d41c24eada?s=96&d=mm&r=g","caption":"Nelise Luques"},"url":"https:\/\/verdadeon.com.br\/portal\/author\/verdade\/"}]}},"jetpack_publicize_connections":[],"jetpack_featured_media_url":"https:\/\/i0.wp.com\/verdadeon.com.br\/portal\/wp-content\/uploads\/2022\/05\/VISITA-DO-CHUI-E-AILDO-RODRIGUES-EX-SECRETARIO-ESTADUAL-DE-ESPORTE-AO-JORNAL-VERDADE.jpeg?fit=1000%2C670&ssl=1","jetpack_sharing_enabled":true,"_links":{"self":[{"href":"https:\/\/verdadeon.com.br\/portal\/wp-json\/wp\/v2\/posts\/24990","targetHints":{"allow":["GET"]}}],"collection":[{"href":"https:\/\/verdadeon.com.br\/portal\/wp-json\/wp\/v2\/posts"}],"about":[{"href":"https:\/\/verdadeon.com.br\/portal\/wp-json\/wp\/v2\/types\/post"}],"author":[{"embeddable":true,"href":"https:\/\/verdadeon.com.br\/portal\/wp-json\/wp\/v2\/users\/12"}],"replies":[{"embeddable":true,"href":"https:\/\/verdadeon.com.br\/portal\/wp-json\/wp\/v2\/comments?post=24990"}],"version-history":[{"count":1,"href":"https:\/\/verdadeon.com.br\/portal\/wp-json\/wp\/v2\/posts\/24990\/revisions"}],"predecessor-version":[{"id":24995,"href":"https:\/\/verdadeon.com.br\/portal\/wp-json\/wp\/v2\/posts\/24990\/revisions\/24995"}],"wp:featuredmedia":[{"embeddable":true,"href":"https:\/\/verdadeon.com.br\/portal\/wp-json\/wp\/v2\/media\/24994"}],"wp:attachment":[{"href":"https:\/\/verdadeon.com.br\/portal\/wp-json\/wp\/v2\/media?parent=24990"}],"wp:term":[{"taxonomy":"category","embeddable":true,"href":"https:\/\/verdadeon.com.br\/portal\/wp-json\/wp\/v2\/categories?post=24990"},{"taxonomy":"post_tag","embeddable":true,"href":"https:\/\/verdadeon.com.br\/portal\/wp-json\/wp\/v2\/tags?post=24990"}],"curies":[{"name":"wp","href":"https:\/\/api.w.org\/{rel}","templated":true}]}}