{"id":2499,"date":"2020-01-07T14:26:05","date_gmt":"2020-01-07T17:26:05","guid":{"rendered":"http:\/\/verdadeon.com.br\/portal\/?p=2499"},"modified":"2020-01-07T14:26:08","modified_gmt":"2020-01-07T17:26:08","slug":"definidas-regras-para-venda-de-queijo-artesanal-em-todo-o-pais","status":"publish","type":"post","link":"https:\/\/verdadeon.com.br\/portal\/2020\/01\/07\/definidas-regras-para-venda-de-queijo-artesanal-em-todo-o-pais\/","title":{"rendered":"Definidas regras para venda de queijo artesanal em todo o pa\u00eds"},"content":{"rendered":"\n<h2 class=\"wp-block-heading\">A normatiza\u00e7\u00e3o vale para todos os derivados de leite<\/h2>\n\n\n\n<p>O Minist\u00e9rio da Agricultura definiu as regras para que produtores possam comercializar queijos artesanais em todo o pa\u00eds, e n\u00e3o apenas na localidade de produ\u00e7\u00e3o. A normatiza\u00e7\u00e3o detalha o funcionamento do Selo Arte, criado a partir da&nbsp;<a href=\"http:\/\/www.planalto.gov.br\/ccivil_03\/_ato2015-2018\/2018\/Lei\/L13680.htm\" target=\"_blank\" rel=\"noreferrer noopener\">Lei 13.680 de 2018<\/a>, que instituiu legisla\u00e7\u00e3o espec\u00edfica para a caracteriza\u00e7\u00e3o de alimentos de origem animal, e da regulamenta\u00e7\u00e3o institu\u00edda em&nbsp;<a href=\"http:\/\/agenciabrasil.ebc.com.br\/economia\/noticia\/2019-07\/selo-arte-vai-beneficiar-170-mil-produtores-de-queijos-artesanais\" target=\"_blank\" rel=\"noreferrer noopener\">decreto editado em julho de 2019<\/a>.<\/p>\n\n\n\n<p>O minist\u00e9rio estima que haja no pa\u00eds 170 mil produtores de queijos artesanais.<\/p>\n\n\n\n<p>A normatiza\u00e7\u00e3o vale n\u00e3o apenas para o queijo, mas para todos os derivados de leite, como iogurtes, requeij\u00f5es, nata e produtos similares, chamados tecnicamente de l\u00e1cteos.<\/p>\n\n\n\n<p>Detalhamentos semelhantes ser\u00e3o estipulados para carnes, pescados e produtos derivados de abelhas, como mel.<\/p>\n\n\n\n<p>Pelas regras antigas, um produtor precisava de uma autoriza\u00e7\u00e3o de inspe\u00e7\u00e3o federal para comercializar fora de seu local de origem, o que valia tanto para produtos industriais quanto artesanais. Pelas novas normas, quem obtiver o Selo Arte gozar\u00e1 dos benef\u00edcios da inspe\u00e7\u00e3o federal, tendo autoriza\u00e7\u00e3o para comercializar em outras cidades e estados.<\/p>\n\n\n\n<p>Segundo o diretor do Departamento de Cadeias Produtivas do Minist\u00e9rio da Agricultura, Orlando Castro, as exig\u00eancias permanecer\u00e3o no patamar da permiss\u00e3o de inspe\u00e7\u00e3o federal. Mas o Selo poder\u00e1 ser concedido pelos servi\u00e7os de inspe\u00e7\u00e3o estaduais, agilizando o processo.<\/p>\n\n\n\n<p>Para conseguir o selo, o interessado ter\u00e1 de provar que seu produto se enquadra na modalidade artesanal. Apesar de o termo ser adotado cada vez mais, ele presume uma s\u00e9rie de procedimentos. Entre as caracter\u00edsticas est\u00e1 o manejo manual e o emprego de padr\u00f5es criados e reconhecidos como de uma fam\u00edlia, grupo ou regi\u00e3o, al\u00e9m da n\u00e3o utiliza\u00e7\u00e3o de maquin\u00e1rio.<\/p>\n\n\n\n<p>O candidato ao Selo ter\u00e1 que demonstrar tamb\u00e9m que cumpre com exig\u00eancias sanit\u00e1rias, de higiene e de sa\u00fade dos animais, a partir dos quais o leite \u00e9 produzido. A propriedade deve ter certifica\u00e7\u00e3o de vacina\u00e7\u00e3o contra brucelose e tuberculose. As ordenhas precisam ser separadas do local do armazenamento.<\/p>\n\n\n\n<p>A estrutura tem par\u00e2metros como as divis\u00f5es em vidro e pisos em azulejo. \u201cSitua\u00e7\u00e3o de ordenha tem que ter vistoria sanit\u00e1ria e procedimento de limpeza. Tem que ter qualifica\u00e7\u00e3o dos trabalhadores. Tem que ter controle de vacina do rebanho. \u00c9 Tudo que se exige na unidade de fabrico normal. \u00c9 a quest\u00e3o de boas pr\u00e1ticas de manejo e ordenha\u201d, disse Castro.<\/p>\n\n\n\n<h2 class=\"wp-block-heading\">Avan\u00e7o<\/h2>\n\n\n\n<p>Na avalia\u00e7\u00e3o do diretor administrativo da Associa\u00e7\u00e3o Brasileira dos Produtores de Leite (Abraleite), Am\u00e9rico da Silva Neto, o Selo Arte foi um avan\u00e7o muito importante. Mas alerta que muitos produtores n\u00e3o conseguem seguir as exig\u00eancias postas.<\/p>\n\n\n\n<p>\u201cO pequeno produtor, que faz 200, 300 litros por dia, n\u00e3o tem condi\u00e7\u00e3o de fazer an\u00e1lise de brucelose e tuberculose, n\u00e3o consegue contratar veterin\u00e1rio para estar na propriedade. N\u00e3o arca com as estruturas f\u00edsicas para o ambiente adequado. Agora \u00e9 promover os meios para que as pessoas que produzem possam atender a esses requisitos\u201d, disse Neto.<\/p>\n\n\n\n<p>Uma das medidas que poderia ir neste sentido, segundo o diretor da associa\u00e7\u00e3o, seria a concess\u00e3o de empr\u00e9stimos a juros mais baixos. Outra medida seria a qualifica\u00e7\u00e3o desses fabricantes. \u201cPrecisa ter equipamentos para armazenar e transportar o leite. N\u00e3o adianta ter equipamento se n\u00e3o sabe nem ler a norma\u201d, disse o representante da Abraleite, que atua na fabrica\u00e7\u00e3o de queijo fresco e curado.<\/p>\n\n\n\n<p>O diretor de Cadeias Produtivas do Minist\u00e9rio da Agricultura, Orlando Castro, tamb\u00e9m aponta a import\u00e2ncia de a\u00e7\u00f5es de promo\u00e7\u00e3o da qualifica\u00e7\u00e3o do setor. De acordo com ele, al\u00e9m das a\u00e7\u00f5es de empresas de assist\u00eancia t\u00e9cnica, como a Emater, o minist\u00e9rio pretende desenvolver trabalhos nos estados para que gerem iniciativas multiplicadoras.<\/p>\n\n\n\n<p><em>Fonte:Ag\u00eancia Brasil<\/em><\/p>\n","protected":false},"excerpt":{"rendered":"<p>A normatiza\u00e7\u00e3o vale para todos os derivados de leite O Minist\u00e9rio da Agricultura definiu as regras para que produtores possam comercializar queijos artesanais em todo o<span class=\"excerpt-hellip\"> [\u2026]<\/span><\/p>\n","protected":false},"author":3,"featured_media":2500,"comment_status":"open","ping_status":"open","sticky":false,"template":"","format":"standard","meta":{"_jetpack_memberships_contains_paid_content":false,"footnotes":"","jetpack_publicize_message":"","jetpack_publicize_feature_enabled":true,"jetpack_social_post_already_shared":false,"jetpack_social_options":{"image_generator_settings":{"template":"highway","default_image_id":0,"enabled":false},"version":2}},"categories":[30],"tags":[36],"class_list":["post-2499","post","type-post","status-publish","format-standard","has-post-thumbnail","hentry","category-variedades","tag-queijo-artesanal-derivados-de-leiteministerio-da-agriculturaabraleite"],"yoast_head":"<!-- This site is optimized with the Yoast SEO plugin v25.6 - https:\/\/yoast.com\/wordpress\/plugins\/seo\/ -->\n<title>Definidas regras para venda de queijo artesanal em todo o pa\u00eds - VerdadeOn<\/title>\n<meta name=\"robots\" content=\"index, follow, max-snippet:-1, max-image-preview:large, max-video-preview:-1\" \/>\n<link rel=\"canonical\" href=\"https:\/\/verdadeon.com.br\/portal\/2020\/01\/07\/definidas-regras-para-venda-de-queijo-artesanal-em-todo-o-pais\/\" \/>\n<meta property=\"og:locale\" content=\"pt_BR\" \/>\n<meta property=\"og:type\" content=\"article\" \/>\n<meta property=\"og:title\" content=\"Definidas regras para venda de queijo artesanal em todo o pa\u00eds - VerdadeOn\" \/>\n<meta property=\"og:description\" content=\"A normatiza\u00e7\u00e3o vale para todos os derivados de leite O Minist\u00e9rio da Agricultura definiu as regras para que produtores possam comercializar queijos artesanais em todo o [\u2026]\" \/>\n<meta property=\"og:url\" content=\"https:\/\/verdadeon.com.br\/portal\/2020\/01\/07\/definidas-regras-para-venda-de-queijo-artesanal-em-todo-o-pais\/\" \/>\n<meta property=\"og:site_name\" content=\"VerdadeOn\" \/>\n<meta property=\"article:published_time\" content=\"2020-01-07T17:26:05+00:00\" \/>\n<meta property=\"article:modified_time\" content=\"2020-01-07T17:26:08+00:00\" \/>\n<meta property=\"og:image\" content=\"https:\/\/verdadeon.com.br\/portal\/wp-content\/uploads\/2020\/01\/1091481-pzzb8542-scaled.jpg\" \/>\n\t<meta property=\"og:image:width\" content=\"1000\" \/>\n\t<meta property=\"og:image:height\" content=\"667\" \/>\n\t<meta property=\"og:image:type\" content=\"image\/jpeg\" \/>\n<meta name=\"author\" content=\"Admin\" \/>\n<meta name=\"twitter:card\" content=\"summary_large_image\" \/>\n<meta name=\"twitter:label1\" content=\"Escrito por\" \/>\n\t<meta name=\"twitter:data1\" content=\"Admin\" \/>\n\t<meta name=\"twitter:label2\" content=\"Est. tempo de leitura\" \/>\n\t<meta name=\"twitter:data2\" content=\"3 minutos\" \/>\n<script type=\"application\/ld+json\" class=\"yoast-schema-graph\">{\"@context\":\"https:\/\/schema.org\",\"@graph\":[{\"@type\":\"WebPage\",\"@id\":\"https:\/\/verdadeon.com.br\/portal\/2020\/01\/07\/definidas-regras-para-venda-de-queijo-artesanal-em-todo-o-pais\/\",\"url\":\"https:\/\/verdadeon.com.br\/portal\/2020\/01\/07\/definidas-regras-para-venda-de-queijo-artesanal-em-todo-o-pais\/\",\"name\":\"Definidas regras para venda de queijo artesanal em todo o pa\u00eds - VerdadeOn\",\"isPartOf\":{\"@id\":\"https:\/\/verdadeon.com.br\/portal\/#website\"},\"primaryImageOfPage\":{\"@id\":\"https:\/\/verdadeon.com.br\/portal\/2020\/01\/07\/definidas-regras-para-venda-de-queijo-artesanal-em-todo-o-pais\/#primaryimage\"},\"image\":{\"@id\":\"https:\/\/verdadeon.com.br\/portal\/2020\/01\/07\/definidas-regras-para-venda-de-queijo-artesanal-em-todo-o-pais\/#primaryimage\"},\"thumbnailUrl\":\"https:\/\/i0.wp.com\/verdadeon.com.br\/portal\/wp-content\/uploads\/2020\/01\/1091481-pzzb8542-scaled.jpg?fit=1000%2C667&ssl=1\",\"datePublished\":\"2020-01-07T17:26:05+00:00\",\"dateModified\":\"2020-01-07T17:26:08+00:00\",\"author\":{\"@id\":\"https:\/\/verdadeon.com.br\/portal\/#\/schema\/person\/31b3f1eb559e4ce9d3c1dc1f2268a70c\"},\"breadcrumb\":{\"@id\":\"https:\/\/verdadeon.com.br\/portal\/2020\/01\/07\/definidas-regras-para-venda-de-queijo-artesanal-em-todo-o-pais\/#breadcrumb\"},\"inLanguage\":\"pt-BR\",\"potentialAction\":[{\"@type\":\"ReadAction\",\"target\":[\"https:\/\/verdadeon.com.br\/portal\/2020\/01\/07\/definidas-regras-para-venda-de-queijo-artesanal-em-todo-o-pais\/\"]}]},{\"@type\":\"ImageObject\",\"inLanguage\":\"pt-BR\",\"@id\":\"https:\/\/verdadeon.com.br\/portal\/2020\/01\/07\/definidas-regras-para-venda-de-queijo-artesanal-em-todo-o-pais\/#primaryimage\",\"url\":\"https:\/\/i0.wp.com\/verdadeon.com.br\/portal\/wp-content\/uploads\/2020\/01\/1091481-pzzb8542-scaled.jpg?fit=1000%2C667&ssl=1\",\"contentUrl\":\"https:\/\/i0.wp.com\/verdadeon.com.br\/portal\/wp-content\/uploads\/2020\/01\/1091481-pzzb8542-scaled.jpg?fit=1000%2C667&ssl=1\",\"width\":1000,\"height\":667,\"caption\":\"Bras\u00edlia - Fabio Ramalho, parlamentares mineiros, o ministro S\u00e9rgio S\u00e1 Leit\u00e3o e produtores de queijo de Minas durante evento em prol da regulariza\u00e7\u00e3o da venda do queijo artesanal (Fabio Rodrigues Pozzebom\/Ag\u00eancia Brasil)\"},{\"@type\":\"BreadcrumbList\",\"@id\":\"https:\/\/verdadeon.com.br\/portal\/2020\/01\/07\/definidas-regras-para-venda-de-queijo-artesanal-em-todo-o-pais\/#breadcrumb\",\"itemListElement\":[{\"@type\":\"ListItem\",\"position\":1,\"name\":\"In\u00edcio\",\"item\":\"https:\/\/verdadeon.com.br\/portal\/\"},{\"@type\":\"ListItem\",\"position\":2,\"name\":\"Definidas regras para venda de queijo artesanal em todo o pa\u00eds\"}]},{\"@type\":\"WebSite\",\"@id\":\"https:\/\/verdadeon.com.br\/portal\/#website\",\"url\":\"https:\/\/verdadeon.com.br\/portal\/\",\"name\":\"VerdadeOn\",\"description\":\"Not\u00edcias di\u00e1rias sobre Franca, Regi\u00e3o, Esporte, Cultura, Cotidiano, Colunas. Cobertura nos principais eventos da cidade \u00e9 aqui - Verdadeon Franca\",\"potentialAction\":[{\"@type\":\"SearchAction\",\"target\":{\"@type\":\"EntryPoint\",\"urlTemplate\":\"https:\/\/verdadeon.com.br\/portal\/?s={search_term_string}\"},\"query-input\":{\"@type\":\"PropertyValueSpecification\",\"valueRequired\":true,\"valueName\":\"search_term_string\"}}],\"inLanguage\":\"pt-BR\"},{\"@type\":\"Person\",\"@id\":\"https:\/\/verdadeon.com.br\/portal\/#\/schema\/person\/31b3f1eb559e4ce9d3c1dc1f2268a70c\",\"name\":\"Admin\",\"image\":{\"@type\":\"ImageObject\",\"inLanguage\":\"pt-BR\",\"@id\":\"https:\/\/verdadeon.com.br\/portal\/#\/schema\/person\/image\/\",\"url\":\"https:\/\/secure.gravatar.com\/avatar\/e550a5b4dab3efe8ca3a8bf0fb981073a921f9a24159040707270602980dd8af?s=96&d=mm&r=g\",\"contentUrl\":\"https:\/\/secure.gravatar.com\/avatar\/e550a5b4dab3efe8ca3a8bf0fb981073a921f9a24159040707270602980dd8af?s=96&d=mm&r=g\",\"caption\":\"Admin\"},\"url\":\"https:\/\/verdadeon.com.br\/portal\/author\/admin\/\"}]}<\/script>\n<!-- \/ Yoast SEO plugin. -->","yoast_head_json":{"title":"Definidas regras para venda de queijo artesanal em todo o pa\u00eds - VerdadeOn","robots":{"index":"index","follow":"follow","max-snippet":"max-snippet:-1","max-image-preview":"max-image-preview:large","max-video-preview":"max-video-preview:-1"},"canonical":"https:\/\/verdadeon.com.br\/portal\/2020\/01\/07\/definidas-regras-para-venda-de-queijo-artesanal-em-todo-o-pais\/","og_locale":"pt_BR","og_type":"article","og_title":"Definidas regras para venda de queijo artesanal em todo o pa\u00eds - VerdadeOn","og_description":"A normatiza\u00e7\u00e3o vale para todos os derivados de leite O Minist\u00e9rio da Agricultura definiu as regras para que produtores possam comercializar queijos artesanais em todo o [\u2026]","og_url":"https:\/\/verdadeon.com.br\/portal\/2020\/01\/07\/definidas-regras-para-venda-de-queijo-artesanal-em-todo-o-pais\/","og_site_name":"VerdadeOn","article_published_time":"2020-01-07T17:26:05+00:00","article_modified_time":"2020-01-07T17:26:08+00:00","og_image":[{"width":1000,"height":667,"url":"https:\/\/verdadeon.com.br\/portal\/wp-content\/uploads\/2020\/01\/1091481-pzzb8542-scaled.jpg","type":"image\/jpeg"}],"author":"Admin","twitter_card":"summary_large_image","twitter_misc":{"Escrito por":"Admin","Est. tempo de leitura":"3 minutos"},"schema":{"@context":"https:\/\/schema.org","@graph":[{"@type":"WebPage","@id":"https:\/\/verdadeon.com.br\/portal\/2020\/01\/07\/definidas-regras-para-venda-de-queijo-artesanal-em-todo-o-pais\/","url":"https:\/\/verdadeon.com.br\/portal\/2020\/01\/07\/definidas-regras-para-venda-de-queijo-artesanal-em-todo-o-pais\/","name":"Definidas regras para venda de queijo artesanal em todo o pa\u00eds - VerdadeOn","isPartOf":{"@id":"https:\/\/verdadeon.com.br\/portal\/#website"},"primaryImageOfPage":{"@id":"https:\/\/verdadeon.com.br\/portal\/2020\/01\/07\/definidas-regras-para-venda-de-queijo-artesanal-em-todo-o-pais\/#primaryimage"},"image":{"@id":"https:\/\/verdadeon.com.br\/portal\/2020\/01\/07\/definidas-regras-para-venda-de-queijo-artesanal-em-todo-o-pais\/#primaryimage"},"thumbnailUrl":"https:\/\/i0.wp.com\/verdadeon.com.br\/portal\/wp-content\/uploads\/2020\/01\/1091481-pzzb8542-scaled.jpg?fit=1000%2C667&ssl=1","datePublished":"2020-01-07T17:26:05+00:00","dateModified":"2020-01-07T17:26:08+00:00","author":{"@id":"https:\/\/verdadeon.com.br\/portal\/#\/schema\/person\/31b3f1eb559e4ce9d3c1dc1f2268a70c"},"breadcrumb":{"@id":"https:\/\/verdadeon.com.br\/portal\/2020\/01\/07\/definidas-regras-para-venda-de-queijo-artesanal-em-todo-o-pais\/#breadcrumb"},"inLanguage":"pt-BR","potentialAction":[{"@type":"ReadAction","target":["https:\/\/verdadeon.com.br\/portal\/2020\/01\/07\/definidas-regras-para-venda-de-queijo-artesanal-em-todo-o-pais\/"]}]},{"@type":"ImageObject","inLanguage":"pt-BR","@id":"https:\/\/verdadeon.com.br\/portal\/2020\/01\/07\/definidas-regras-para-venda-de-queijo-artesanal-em-todo-o-pais\/#primaryimage","url":"https:\/\/i0.wp.com\/verdadeon.com.br\/portal\/wp-content\/uploads\/2020\/01\/1091481-pzzb8542-scaled.jpg?fit=1000%2C667&ssl=1","contentUrl":"https:\/\/i0.wp.com\/verdadeon.com.br\/portal\/wp-content\/uploads\/2020\/01\/1091481-pzzb8542-scaled.jpg?fit=1000%2C667&ssl=1","width":1000,"height":667,"caption":"Bras\u00edlia - Fabio Ramalho, parlamentares mineiros, o ministro S\u00e9rgio S\u00e1 Leit\u00e3o e produtores de queijo de Minas durante evento em prol da regulariza\u00e7\u00e3o da venda do queijo artesanal (Fabio Rodrigues Pozzebom\/Ag\u00eancia Brasil)"},{"@type":"BreadcrumbList","@id":"https:\/\/verdadeon.com.br\/portal\/2020\/01\/07\/definidas-regras-para-venda-de-queijo-artesanal-em-todo-o-pais\/#breadcrumb","itemListElement":[{"@type":"ListItem","position":1,"name":"In\u00edcio","item":"https:\/\/verdadeon.com.br\/portal\/"},{"@type":"ListItem","position":2,"name":"Definidas regras para venda de queijo artesanal em todo o pa\u00eds"}]},{"@type":"WebSite","@id":"https:\/\/verdadeon.com.br\/portal\/#website","url":"https:\/\/verdadeon.com.br\/portal\/","name":"VerdadeOn","description":"Not\u00edcias di\u00e1rias sobre Franca, Regi\u00e3o, Esporte, Cultura, Cotidiano, Colunas. Cobertura nos principais eventos da cidade \u00e9 aqui - Verdadeon Franca","potentialAction":[{"@type":"SearchAction","target":{"@type":"EntryPoint","urlTemplate":"https:\/\/verdadeon.com.br\/portal\/?s={search_term_string}"},"query-input":{"@type":"PropertyValueSpecification","valueRequired":true,"valueName":"search_term_string"}}],"inLanguage":"pt-BR"},{"@type":"Person","@id":"https:\/\/verdadeon.com.br\/portal\/#\/schema\/person\/31b3f1eb559e4ce9d3c1dc1f2268a70c","name":"Admin","image":{"@type":"ImageObject","inLanguage":"pt-BR","@id":"https:\/\/verdadeon.com.br\/portal\/#\/schema\/person\/image\/","url":"https:\/\/secure.gravatar.com\/avatar\/e550a5b4dab3efe8ca3a8bf0fb981073a921f9a24159040707270602980dd8af?s=96&d=mm&r=g","contentUrl":"https:\/\/secure.gravatar.com\/avatar\/e550a5b4dab3efe8ca3a8bf0fb981073a921f9a24159040707270602980dd8af?s=96&d=mm&r=g","caption":"Admin"},"url":"https:\/\/verdadeon.com.br\/portal\/author\/admin\/"}]}},"jetpack_publicize_connections":[],"jetpack_featured_media_url":"https:\/\/i0.wp.com\/verdadeon.com.br\/portal\/wp-content\/uploads\/2020\/01\/1091481-pzzb8542-scaled.jpg?fit=1000%2C667&ssl=1","jetpack_sharing_enabled":true,"_links":{"self":[{"href":"https:\/\/verdadeon.com.br\/portal\/wp-json\/wp\/v2\/posts\/2499","targetHints":{"allow":["GET"]}}],"collection":[{"href":"https:\/\/verdadeon.com.br\/portal\/wp-json\/wp\/v2\/posts"}],"about":[{"href":"https:\/\/verdadeon.com.br\/portal\/wp-json\/wp\/v2\/types\/post"}],"author":[{"embeddable":true,"href":"https:\/\/verdadeon.com.br\/portal\/wp-json\/wp\/v2\/users\/3"}],"replies":[{"embeddable":true,"href":"https:\/\/verdadeon.com.br\/portal\/wp-json\/wp\/v2\/comments?post=2499"}],"version-history":[{"count":0,"href":"https:\/\/verdadeon.com.br\/portal\/wp-json\/wp\/v2\/posts\/2499\/revisions"}],"wp:featuredmedia":[{"embeddable":true,"href":"https:\/\/verdadeon.com.br\/portal\/wp-json\/wp\/v2\/media\/2500"}],"wp:attachment":[{"href":"https:\/\/verdadeon.com.br\/portal\/wp-json\/wp\/v2\/media?parent=2499"}],"wp:term":[{"taxonomy":"category","embeddable":true,"href":"https:\/\/verdadeon.com.br\/portal\/wp-json\/wp\/v2\/categories?post=2499"},{"taxonomy":"post_tag","embeddable":true,"href":"https:\/\/verdadeon.com.br\/portal\/wp-json\/wp\/v2\/tags?post=2499"}],"curies":[{"name":"wp","href":"https:\/\/api.w.org\/{rel}","templated":true}]}}