{"id":24973,"date":"2022-05-09T17:33:34","date_gmt":"2022-05-09T20:33:34","guid":{"rendered":"https:\/\/verdadeon.com.br\/portal\/?p=24973"},"modified":"2022-05-09T17:33:34","modified_gmt":"2022-05-09T20:33:34","slug":"medico-endocrinologista-e-preso-com-anabolizantes-falsificados-em-franca","status":"publish","type":"post","link":"https:\/\/verdadeon.com.br\/portal\/2022\/05\/09\/medico-endocrinologista-e-preso-com-anabolizantes-falsificados-em-franca\/","title":{"rendered":"M\u00e9dico endocrinologista \u00e9 preso com anabolizantes falsificados em Franca"},"content":{"rendered":"<h2>Anvisa tamb\u00e9m acompanhou depoimento do profissional que atendia no bairro S\u00e3o Joaquim, na zona oeste<\/h2>\n<p>A Pol\u00edcia Civil de Franca prendeu o m\u00e9dico Rog\u00e9rio Miyashiro, por venda de anabolizantes falsos, nesta segunda-feira (9), no bairro S\u00e3o Joaquim, na zona oeste da cidade.<\/p>\n<p>Ele foi detido nas primeiras horas da manh\u00e3 em seu consult\u00f3rio, e foi levado para a Central de Pol\u00edcia Judici\u00e1ria (CPJ), onde prestou depoimento acompanhado por seu advogado, al\u00e9m disso, funcion\u00e1rios da Ag\u00eancia Nacional de Vigil\u00e2ncia Sanit\u00e1ria (ANVISA), acompanharam o procedimento.<\/p>\n<p>No consult\u00f3rio v\u00e1rios medicamentos foram apreendidos, e ser\u00e3o usados nas investiga\u00e7\u00f5es, eles ser\u00e3o periciados pela Anvisa nos pr\u00f3ximos dias. Ap\u00f3s ser ouvido o m\u00e9dico endocrinologista foi recolhido ao sistema prisional de Franca, ele vai responder por crime contra a sa\u00fade p\u00fablica.<\/p>\n<h4>Den\u00fancia<\/h4>\n<p>De acordo com a Pol\u00edcia Civil, tudo teve in\u00edcio quando um paciente de Rog\u00e9rio Miyashiro, desconfiou da efic\u00e1cia dos anabolizantes receitados e vendidos pelo m\u00e9dico. Por conta disso ele decidiu investigar o n\u00famero do lote do produto, testosterona, direto com o fabricante, foi quando ele descobriu que o lote n\u00e3o existia, al\u00e9m disso, uma das marcas n\u00e3o poderia nem mesmo ser comercializada no pa\u00eds.<\/p>\n<p>Ap\u00f3s as den\u00fancias, a Anvisa junto com a Pol\u00edcia Civil de Franca, realizaram as buscas e a pris\u00e3o nesta segunda-feira.<\/p>\n<h4>Redes sociais<\/h4>\n<p>Rog\u00e9rio Miyashiro tem mais de 17 mil seguidores nas redes sociais, principal ferramenta de trabalho dele, onde exibe resultados de pacientes satisfeitos com os procedimentos de est\u00e9tica.<\/p>\n<p>De acordo com as pr\u00f3prias publica\u00e7\u00f5es, o m\u00e9dico \u00e9 especialista em remodela\u00e7\u00e3o gl\u00fatea definitiva, emagrecimento, implantes hormonais, terapia hormonal, al\u00e9m de terapias injet\u00e1veis.<\/p>\n<p>Antes do an\u00fancio da pris\u00e3o, as redes sociais de Rog\u00e9rio eram abertas, mas a conta se tornou privada na tarde desta segunda-feira.<\/p>\n<p>A defesa n\u00e3o foi localizada at\u00e9 o fechamento desta reportagem, assim que for localizada e se manifestar, a vers\u00e3o ser\u00e1 anexada.<\/p>\n","protected":false},"excerpt":{"rendered":"<p>Anvisa tamb\u00e9m acompanhou depoimento do profissional que atendia no bairro S\u00e3o Joaquim, na zona oeste A Pol\u00edcia Civil de Franca prendeu o m\u00e9dico Rog\u00e9rio Miyashiro, por<span class=\"excerpt-hellip\"> [\u2026]<\/span><\/p>\n","protected":false},"author":7,"featured_media":24976,"comment_status":"open","ping_status":"open","sticky":false,"template":"","format":"standard","meta":{"_jetpack_memberships_contains_paid_content":false,"footnotes":"","jetpack_publicize_message":"","jetpack_publicize_feature_enabled":true,"jetpack_social_post_already_shared":false,"jetpack_social_options":{"image_generator_settings":{"template":"highway","default_image_id":0,"enabled":false},"version":2}},"categories":[28,81],"tags":[],"class_list":["post-24973","post","type-post","status-publish","format-standard","has-post-thumbnail","hentry","category-cotidiano","category-manchete"],"yoast_head":"<!-- This site is optimized with the Yoast SEO plugin v25.6 - https:\/\/yoast.com\/wordpress\/plugins\/seo\/ -->\n<title>M\u00e9dico endocrinologista \u00e9 preso com anabolizantes falsificados em Franca - VerdadeOn<\/title>\n<meta name=\"robots\" content=\"index, follow, max-snippet:-1, max-image-preview:large, max-video-preview:-1\" \/>\n<link rel=\"canonical\" href=\"https:\/\/verdadeon.com.br\/portal\/2022\/05\/09\/medico-endocrinologista-e-preso-com-anabolizantes-falsificados-em-franca\/\" \/>\n<meta property=\"og:locale\" content=\"pt_BR\" \/>\n<meta property=\"og:type\" content=\"article\" \/>\n<meta property=\"og:title\" content=\"M\u00e9dico endocrinologista \u00e9 preso com anabolizantes falsificados em Franca - VerdadeOn\" \/>\n<meta property=\"og:description\" content=\"Anvisa tamb\u00e9m acompanhou depoimento do profissional que atendia no bairro S\u00e3o Joaquim, na zona oeste A Pol\u00edcia Civil de Franca prendeu o m\u00e9dico Rog\u00e9rio Miyashiro, por [\u2026]\" \/>\n<meta property=\"og:url\" content=\"https:\/\/verdadeon.com.br\/portal\/2022\/05\/09\/medico-endocrinologista-e-preso-com-anabolizantes-falsificados-em-franca\/\" \/>\n<meta property=\"og:site_name\" content=\"VerdadeOn\" \/>\n<meta property=\"article:published_time\" content=\"2022-05-09T20:33:34+00:00\" \/>\n<meta property=\"og:image\" content=\"https:\/\/verdadeon.com.br\/portal\/wp-content\/uploads\/2022\/05\/WhatsApp-Image-2022-05-09-at-15.19.12.jpeg\" \/>\n\t<meta property=\"og:image:width\" content=\"1600\" \/>\n\t<meta property=\"og:image:height\" content=\"1200\" \/>\n\t<meta property=\"og:image:type\" content=\"image\/jpeg\" \/>\n<meta name=\"author\" content=\"Fernando Lima\" \/>\n<meta name=\"twitter:card\" content=\"summary_large_image\" \/>\n<meta name=\"twitter:label1\" content=\"Escrito por\" \/>\n\t<meta name=\"twitter:data1\" content=\"Fernando Lima\" \/>\n\t<meta name=\"twitter:label2\" content=\"Est. tempo de leitura\" \/>\n\t<meta name=\"twitter:data2\" content=\"2 minutos\" \/>\n<script type=\"application\/ld+json\" class=\"yoast-schema-graph\">{\"@context\":\"https:\/\/schema.org\",\"@graph\":[{\"@type\":\"WebPage\",\"@id\":\"https:\/\/verdadeon.com.br\/portal\/2022\/05\/09\/medico-endocrinologista-e-preso-com-anabolizantes-falsificados-em-franca\/\",\"url\":\"https:\/\/verdadeon.com.br\/portal\/2022\/05\/09\/medico-endocrinologista-e-preso-com-anabolizantes-falsificados-em-franca\/\",\"name\":\"M\u00e9dico endocrinologista \u00e9 preso com anabolizantes falsificados em Franca - VerdadeOn\",\"isPartOf\":{\"@id\":\"https:\/\/verdadeon.com.br\/portal\/#website\"},\"primaryImageOfPage\":{\"@id\":\"https:\/\/verdadeon.com.br\/portal\/2022\/05\/09\/medico-endocrinologista-e-preso-com-anabolizantes-falsificados-em-franca\/#primaryimage\"},\"image\":{\"@id\":\"https:\/\/verdadeon.com.br\/portal\/2022\/05\/09\/medico-endocrinologista-e-preso-com-anabolizantes-falsificados-em-franca\/#primaryimage\"},\"thumbnailUrl\":\"https:\/\/i0.wp.com\/verdadeon.com.br\/portal\/wp-content\/uploads\/2022\/05\/WhatsApp-Image-2022-05-09-at-15.19.12.jpeg?fit=1600%2C1200&ssl=1\",\"datePublished\":\"2022-05-09T20:33:34+00:00\",\"author\":{\"@id\":\"https:\/\/verdadeon.com.br\/portal\/#\/schema\/person\/cc32be22b8e8599387c480bc83e1d11a\"},\"breadcrumb\":{\"@id\":\"https:\/\/verdadeon.com.br\/portal\/2022\/05\/09\/medico-endocrinologista-e-preso-com-anabolizantes-falsificados-em-franca\/#breadcrumb\"},\"inLanguage\":\"pt-BR\",\"potentialAction\":[{\"@type\":\"ReadAction\",\"target\":[\"https:\/\/verdadeon.com.br\/portal\/2022\/05\/09\/medico-endocrinologista-e-preso-com-anabolizantes-falsificados-em-franca\/\"]}]},{\"@type\":\"ImageObject\",\"inLanguage\":\"pt-BR\",\"@id\":\"https:\/\/verdadeon.com.br\/portal\/2022\/05\/09\/medico-endocrinologista-e-preso-com-anabolizantes-falsificados-em-franca\/#primaryimage\",\"url\":\"https:\/\/i0.wp.com\/verdadeon.com.br\/portal\/wp-content\/uploads\/2022\/05\/WhatsApp-Image-2022-05-09-at-15.19.12.jpeg?fit=1600%2C1200&ssl=1\",\"contentUrl\":\"https:\/\/i0.wp.com\/verdadeon.com.br\/portal\/wp-content\/uploads\/2022\/05\/WhatsApp-Image-2022-05-09-at-15.19.12.jpeg?fit=1600%2C1200&ssl=1\",\"width\":1600,\"height\":1200,\"caption\":\"Medicamentos eram falsos, um deles n\u00e3o tem autoriza\u00e7\u00e3o para ser vendido no Brasil | Foto: Divulga\u00e7\u00e3o\"},{\"@type\":\"BreadcrumbList\",\"@id\":\"https:\/\/verdadeon.com.br\/portal\/2022\/05\/09\/medico-endocrinologista-e-preso-com-anabolizantes-falsificados-em-franca\/#breadcrumb\",\"itemListElement\":[{\"@type\":\"ListItem\",\"position\":1,\"name\":\"In\u00edcio\",\"item\":\"https:\/\/verdadeon.com.br\/portal\/\"},{\"@type\":\"ListItem\",\"position\":2,\"name\":\"M\u00e9dico endocrinologista \u00e9 preso com anabolizantes falsificados em Franca\"}]},{\"@type\":\"WebSite\",\"@id\":\"https:\/\/verdadeon.com.br\/portal\/#website\",\"url\":\"https:\/\/verdadeon.com.br\/portal\/\",\"name\":\"VerdadeOn\",\"description\":\"Not\u00edcias di\u00e1rias sobre Franca, Regi\u00e3o, Esporte, Cultura, Cotidiano, Colunas. Cobertura nos principais eventos da cidade \u00e9 aqui - Verdadeon Franca\",\"potentialAction\":[{\"@type\":\"SearchAction\",\"target\":{\"@type\":\"EntryPoint\",\"urlTemplate\":\"https:\/\/verdadeon.com.br\/portal\/?s={search_term_string}\"},\"query-input\":{\"@type\":\"PropertyValueSpecification\",\"valueRequired\":true,\"valueName\":\"search_term_string\"}}],\"inLanguage\":\"pt-BR\"},{\"@type\":\"Person\",\"@id\":\"https:\/\/verdadeon.com.br\/portal\/#\/schema\/person\/cc32be22b8e8599387c480bc83e1d11a\",\"name\":\"Fernando Lima\",\"image\":{\"@type\":\"ImageObject\",\"inLanguage\":\"pt-BR\",\"@id\":\"https:\/\/verdadeon.com.br\/portal\/#\/schema\/person\/image\/\",\"url\":\"https:\/\/secure.gravatar.com\/avatar\/df4c8e132080d2b3a4841d5d232045464e0eed11a1d6e43115ca0843d48768d3?s=96&d=mm&r=g\",\"contentUrl\":\"https:\/\/secure.gravatar.com\/avatar\/df4c8e132080d2b3a4841d5d232045464e0eed11a1d6e43115ca0843d48768d3?s=96&d=mm&r=g\",\"caption\":\"Fernando Lima\"},\"sameAs\":[\"http:\/\/verdadeon.com.br\/\"],\"url\":\"https:\/\/verdadeon.com.br\/portal\/author\/fernando-lima\/\"}]}<\/script>\n<!-- \/ Yoast SEO plugin. -->","yoast_head_json":{"title":"M\u00e9dico endocrinologista \u00e9 preso com anabolizantes falsificados em Franca - VerdadeOn","robots":{"index":"index","follow":"follow","max-snippet":"max-snippet:-1","max-image-preview":"max-image-preview:large","max-video-preview":"max-video-preview:-1"},"canonical":"https:\/\/verdadeon.com.br\/portal\/2022\/05\/09\/medico-endocrinologista-e-preso-com-anabolizantes-falsificados-em-franca\/","og_locale":"pt_BR","og_type":"article","og_title":"M\u00e9dico endocrinologista \u00e9 preso com anabolizantes falsificados em Franca - VerdadeOn","og_description":"Anvisa tamb\u00e9m acompanhou depoimento do profissional que atendia no bairro S\u00e3o Joaquim, na zona oeste A Pol\u00edcia Civil de Franca prendeu o m\u00e9dico Rog\u00e9rio Miyashiro, por [\u2026]","og_url":"https:\/\/verdadeon.com.br\/portal\/2022\/05\/09\/medico-endocrinologista-e-preso-com-anabolizantes-falsificados-em-franca\/","og_site_name":"VerdadeOn","article_published_time":"2022-05-09T20:33:34+00:00","og_image":[{"width":1600,"height":1200,"url":"https:\/\/verdadeon.com.br\/portal\/wp-content\/uploads\/2022\/05\/WhatsApp-Image-2022-05-09-at-15.19.12.jpeg","type":"image\/jpeg"}],"author":"Fernando Lima","twitter_card":"summary_large_image","twitter_misc":{"Escrito por":"Fernando Lima","Est. tempo de leitura":"2 minutos"},"schema":{"@context":"https:\/\/schema.org","@graph":[{"@type":"WebPage","@id":"https:\/\/verdadeon.com.br\/portal\/2022\/05\/09\/medico-endocrinologista-e-preso-com-anabolizantes-falsificados-em-franca\/","url":"https:\/\/verdadeon.com.br\/portal\/2022\/05\/09\/medico-endocrinologista-e-preso-com-anabolizantes-falsificados-em-franca\/","name":"M\u00e9dico endocrinologista \u00e9 preso com anabolizantes falsificados em Franca - VerdadeOn","isPartOf":{"@id":"https:\/\/verdadeon.com.br\/portal\/#website"},"primaryImageOfPage":{"@id":"https:\/\/verdadeon.com.br\/portal\/2022\/05\/09\/medico-endocrinologista-e-preso-com-anabolizantes-falsificados-em-franca\/#primaryimage"},"image":{"@id":"https:\/\/verdadeon.com.br\/portal\/2022\/05\/09\/medico-endocrinologista-e-preso-com-anabolizantes-falsificados-em-franca\/#primaryimage"},"thumbnailUrl":"https:\/\/i0.wp.com\/verdadeon.com.br\/portal\/wp-content\/uploads\/2022\/05\/WhatsApp-Image-2022-05-09-at-15.19.12.jpeg?fit=1600%2C1200&ssl=1","datePublished":"2022-05-09T20:33:34+00:00","author":{"@id":"https:\/\/verdadeon.com.br\/portal\/#\/schema\/person\/cc32be22b8e8599387c480bc83e1d11a"},"breadcrumb":{"@id":"https:\/\/verdadeon.com.br\/portal\/2022\/05\/09\/medico-endocrinologista-e-preso-com-anabolizantes-falsificados-em-franca\/#breadcrumb"},"inLanguage":"pt-BR","potentialAction":[{"@type":"ReadAction","target":["https:\/\/verdadeon.com.br\/portal\/2022\/05\/09\/medico-endocrinologista-e-preso-com-anabolizantes-falsificados-em-franca\/"]}]},{"@type":"ImageObject","inLanguage":"pt-BR","@id":"https:\/\/verdadeon.com.br\/portal\/2022\/05\/09\/medico-endocrinologista-e-preso-com-anabolizantes-falsificados-em-franca\/#primaryimage","url":"https:\/\/i0.wp.com\/verdadeon.com.br\/portal\/wp-content\/uploads\/2022\/05\/WhatsApp-Image-2022-05-09-at-15.19.12.jpeg?fit=1600%2C1200&ssl=1","contentUrl":"https:\/\/i0.wp.com\/verdadeon.com.br\/portal\/wp-content\/uploads\/2022\/05\/WhatsApp-Image-2022-05-09-at-15.19.12.jpeg?fit=1600%2C1200&ssl=1","width":1600,"height":1200,"caption":"Medicamentos eram falsos, um deles n\u00e3o tem autoriza\u00e7\u00e3o para ser vendido no Brasil | Foto: Divulga\u00e7\u00e3o"},{"@type":"BreadcrumbList","@id":"https:\/\/verdadeon.com.br\/portal\/2022\/05\/09\/medico-endocrinologista-e-preso-com-anabolizantes-falsificados-em-franca\/#breadcrumb","itemListElement":[{"@type":"ListItem","position":1,"name":"In\u00edcio","item":"https:\/\/verdadeon.com.br\/portal\/"},{"@type":"ListItem","position":2,"name":"M\u00e9dico endocrinologista \u00e9 preso com anabolizantes falsificados em Franca"}]},{"@type":"WebSite","@id":"https:\/\/verdadeon.com.br\/portal\/#website","url":"https:\/\/verdadeon.com.br\/portal\/","name":"VerdadeOn","description":"Not\u00edcias di\u00e1rias sobre Franca, Regi\u00e3o, Esporte, Cultura, Cotidiano, Colunas. Cobertura nos principais eventos da cidade \u00e9 aqui - Verdadeon Franca","potentialAction":[{"@type":"SearchAction","target":{"@type":"EntryPoint","urlTemplate":"https:\/\/verdadeon.com.br\/portal\/?s={search_term_string}"},"query-input":{"@type":"PropertyValueSpecification","valueRequired":true,"valueName":"search_term_string"}}],"inLanguage":"pt-BR"},{"@type":"Person","@id":"https:\/\/verdadeon.com.br\/portal\/#\/schema\/person\/cc32be22b8e8599387c480bc83e1d11a","name":"Fernando Lima","image":{"@type":"ImageObject","inLanguage":"pt-BR","@id":"https:\/\/verdadeon.com.br\/portal\/#\/schema\/person\/image\/","url":"https:\/\/secure.gravatar.com\/avatar\/df4c8e132080d2b3a4841d5d232045464e0eed11a1d6e43115ca0843d48768d3?s=96&d=mm&r=g","contentUrl":"https:\/\/secure.gravatar.com\/avatar\/df4c8e132080d2b3a4841d5d232045464e0eed11a1d6e43115ca0843d48768d3?s=96&d=mm&r=g","caption":"Fernando Lima"},"sameAs":["http:\/\/verdadeon.com.br\/"],"url":"https:\/\/verdadeon.com.br\/portal\/author\/fernando-lima\/"}]}},"jetpack_publicize_connections":[],"jetpack_featured_media_url":"https:\/\/i0.wp.com\/verdadeon.com.br\/portal\/wp-content\/uploads\/2022\/05\/WhatsApp-Image-2022-05-09-at-15.19.12.jpeg?fit=1600%2C1200&ssl=1","jetpack_sharing_enabled":true,"_links":{"self":[{"href":"https:\/\/verdadeon.com.br\/portal\/wp-json\/wp\/v2\/posts\/24973","targetHints":{"allow":["GET"]}}],"collection":[{"href":"https:\/\/verdadeon.com.br\/portal\/wp-json\/wp\/v2\/posts"}],"about":[{"href":"https:\/\/verdadeon.com.br\/portal\/wp-json\/wp\/v2\/types\/post"}],"author":[{"embeddable":true,"href":"https:\/\/verdadeon.com.br\/portal\/wp-json\/wp\/v2\/users\/7"}],"replies":[{"embeddable":true,"href":"https:\/\/verdadeon.com.br\/portal\/wp-json\/wp\/v2\/comments?post=24973"}],"version-history":[{"count":1,"href":"https:\/\/verdadeon.com.br\/portal\/wp-json\/wp\/v2\/posts\/24973\/revisions"}],"predecessor-version":[{"id":24977,"href":"https:\/\/verdadeon.com.br\/portal\/wp-json\/wp\/v2\/posts\/24973\/revisions\/24977"}],"wp:featuredmedia":[{"embeddable":true,"href":"https:\/\/verdadeon.com.br\/portal\/wp-json\/wp\/v2\/media\/24976"}],"wp:attachment":[{"href":"https:\/\/verdadeon.com.br\/portal\/wp-json\/wp\/v2\/media?parent=24973"}],"wp:term":[{"taxonomy":"category","embeddable":true,"href":"https:\/\/verdadeon.com.br\/portal\/wp-json\/wp\/v2\/categories?post=24973"},{"taxonomy":"post_tag","embeddable":true,"href":"https:\/\/verdadeon.com.br\/portal\/wp-json\/wp\/v2\/tags?post=24973"}],"curies":[{"name":"wp","href":"https:\/\/api.w.org\/{rel}","templated":true}]}}