{"id":24960,"date":"2022-05-09T14:57:36","date_gmt":"2022-05-09T17:57:36","guid":{"rendered":"https:\/\/verdadeon.com.br\/portal\/?p=24960"},"modified":"2022-05-09T14:57:36","modified_gmt":"2022-05-09T17:57:36","slug":"petrobras-aumenta-em-887-preco-do-diesel","status":"publish","type":"post","link":"https:\/\/verdadeon.com.br\/portal\/2022\/05\/09\/petrobras-aumenta-em-887-preco-do-diesel\/","title":{"rendered":"Petrobras aumenta em 8,87% pre\u00e7o do diesel"},"content":{"rendered":"<h2 class=\"col-10 offset-1 animated fadeInDown dealy-900 display-8 display-md-8 alt-font font-italic my-1 text-center\">Gasolina e g\u00e1s tiveram pre\u00e7os mantidos, esse \u00e9 o primeiro reajuste do combust\u00edvel em 60 dias segundo empresa<\/h2>\n<p>A Petrobras anunciou nesta segunda-feira (9), um reajuste de 8,87% no pre\u00e7o do diesel para as distribuidoras. De acordo com a empresa, o pre\u00e7o do litro do combust\u00edvel no atacado passar\u00e1 de R$ 4,51 para R$ 4,91, um aumento de R$ 0,40 a partir desta ter\u00e7a-feira (10).<\/p>\n<p>Segundo a empresa, esse \u00e9 o primeiro reajuste do combust\u00edvel em 60 dias. A gasolina e o GLP tiveram seus pre\u00e7os mantidos.<\/p>\n<p>Com o reajuste, a mistura obrigat\u00f3ria de 90% de diesel A e 10% de biodiesel passar\u00e1 a custar para a distribuidora R$ 4,42 por litro, em vez dos atuais R$ 4,06, uma alta de R$ 0,36.\u00a0Essa \u00e9 a parcela da Petrobras no pre\u00e7o cobrado do consumidor, que ainda inclui custos e margens de lucro das distribuidoras e dos postos de combust\u00edvel, al\u00e9m do ICMS.<\/p>\n<p>A empresa justifica o aumento informando que o balan\u00e7o global de diesel est\u00e1 sendo impactado, nesse momento, por uma redu\u00e7\u00e3o da oferta frente \u00e0 demanda. \u201cOs estoques globais est\u00e3o reduzidos e abaixo das m\u00ednimas sazonais dos \u00faltimos cinco anos nas principais regi\u00f5es supridoras. Esse desequil\u00edbrio resultou na eleva\u00e7\u00e3o dos pre\u00e7os de diesel no mundo inteiro, com a valoriza\u00e7\u00e3o deste combust\u00edvel muito acima da valoriza\u00e7\u00e3o do petr\u00f3leo. A diferen\u00e7a entre o pre\u00e7o do diesel e o pre\u00e7o do petr\u00f3leo nunca esteve t\u00e3o alta\u201d, informa a empresa na nota divulgada \u00e0 imprensa.<\/p>\n<p>A Petrobras informa ainda que suas refinarias est\u00e3o operando pr\u00f3ximo ao n\u00edvel m\u00e1ximo e que o refino nacional n\u00e3o tem capacidade de atender a toda a demanda do pa\u00eds.<\/p>\n<p>\u201cDessa forma, cerca de 30% do consumo brasileiro de diesel \u00e9 atendido por outros refinadores ou importadores. Isso significa que o equil\u00edbrio de pre\u00e7os com o mercado \u00e9 condi\u00e7\u00e3o necess\u00e1ria para o adequado suprimento de toda a demanda, de forma natural, por muitos fornecedores que asseguram o abastecimento adequado\u201d, explica a Petrobras na nota.<\/p>\n<p>Fonte: Ag\u00eancia Brasil<\/p>\n","protected":false},"excerpt":{"rendered":"<p>Gasolina e g\u00e1s tiveram pre\u00e7os mantidos, esse \u00e9 o primeiro reajuste do combust\u00edvel em 60 dias segundo empresa A Petrobras anunciou nesta segunda-feira (9), um reajuste<span class=\"excerpt-hellip\"> [\u2026]<\/span><\/p>\n","protected":false},"author":7,"featured_media":24961,"comment_status":"open","ping_status":"open","sticky":false,"template":"","format":"standard","meta":{"_jetpack_memberships_contains_paid_content":false,"footnotes":"","jetpack_publicize_message":"","jetpack_publicize_feature_enabled":true,"jetpack_social_post_already_shared":false,"jetpack_social_options":{"image_generator_settings":{"template":"highway","default_image_id":0,"enabled":false},"version":2}},"categories":[28,81],"tags":[],"class_list":["post-24960","post","type-post","status-publish","format-standard","has-post-thumbnail","hentry","category-cotidiano","category-manchete"],"yoast_head":"<!-- This site is optimized with the Yoast SEO plugin v25.6 - https:\/\/yoast.com\/wordpress\/plugins\/seo\/ -->\n<title>Petrobras aumenta em 8,87% pre\u00e7o do diesel - VerdadeOn<\/title>\n<meta name=\"robots\" content=\"index, follow, max-snippet:-1, max-image-preview:large, max-video-preview:-1\" \/>\n<link rel=\"canonical\" href=\"https:\/\/verdadeon.com.br\/portal\/2022\/05\/09\/petrobras-aumenta-em-887-preco-do-diesel\/\" \/>\n<meta property=\"og:locale\" content=\"pt_BR\" \/>\n<meta property=\"og:type\" content=\"article\" \/>\n<meta property=\"og:title\" content=\"Petrobras aumenta em 8,87% pre\u00e7o do diesel - VerdadeOn\" \/>\n<meta property=\"og:description\" content=\"Gasolina e g\u00e1s tiveram pre\u00e7os mantidos, esse \u00e9 o primeiro reajuste do combust\u00edvel em 60 dias segundo empresa A Petrobras anunciou nesta segunda-feira (9), um reajuste [\u2026]\" \/>\n<meta property=\"og:url\" content=\"https:\/\/verdadeon.com.br\/portal\/2022\/05\/09\/petrobras-aumenta-em-887-preco-do-diesel\/\" \/>\n<meta property=\"og:site_name\" content=\"VerdadeOn\" \/>\n<meta property=\"article:published_time\" content=\"2022-05-09T17:57:36+00:00\" \/>\n<meta property=\"og:image\" content=\"https:\/\/verdadeon.com.br\/portal\/wp-content\/uploads\/2022\/05\/PETROBRAS-e1652118961361.jpg\" \/>\n\t<meta property=\"og:image:width\" content=\"1000\" \/>\n\t<meta property=\"og:image:height\" content=\"669\" \/>\n\t<meta property=\"og:image:type\" content=\"image\/jpeg\" \/>\n<meta name=\"author\" content=\"Fernando Lima\" \/>\n<meta name=\"twitter:card\" content=\"summary_large_image\" \/>\n<meta name=\"twitter:label1\" content=\"Escrito por\" \/>\n\t<meta name=\"twitter:data1\" content=\"Fernando Lima\" \/>\n\t<meta name=\"twitter:label2\" content=\"Est. tempo de leitura\" \/>\n\t<meta name=\"twitter:data2\" content=\"2 minutos\" \/>\n<script type=\"application\/ld+json\" class=\"yoast-schema-graph\">{\"@context\":\"https:\/\/schema.org\",\"@graph\":[{\"@type\":\"WebPage\",\"@id\":\"https:\/\/verdadeon.com.br\/portal\/2022\/05\/09\/petrobras-aumenta-em-887-preco-do-diesel\/\",\"url\":\"https:\/\/verdadeon.com.br\/portal\/2022\/05\/09\/petrobras-aumenta-em-887-preco-do-diesel\/\",\"name\":\"Petrobras aumenta em 8,87% pre\u00e7o do diesel - VerdadeOn\",\"isPartOf\":{\"@id\":\"https:\/\/verdadeon.com.br\/portal\/#website\"},\"primaryImageOfPage\":{\"@id\":\"https:\/\/verdadeon.com.br\/portal\/2022\/05\/09\/petrobras-aumenta-em-887-preco-do-diesel\/#primaryimage\"},\"image\":{\"@id\":\"https:\/\/verdadeon.com.br\/portal\/2022\/05\/09\/petrobras-aumenta-em-887-preco-do-diesel\/#primaryimage\"},\"thumbnailUrl\":\"https:\/\/i0.wp.com\/verdadeon.com.br\/portal\/wp-content\/uploads\/2022\/05\/PETROBRAS-e1652118961361.jpg?fit=1000%2C669&ssl=1\",\"datePublished\":\"2022-05-09T17:57:36+00:00\",\"author\":{\"@id\":\"https:\/\/verdadeon.com.br\/portal\/#\/schema\/person\/cc32be22b8e8599387c480bc83e1d11a\"},\"breadcrumb\":{\"@id\":\"https:\/\/verdadeon.com.br\/portal\/2022\/05\/09\/petrobras-aumenta-em-887-preco-do-diesel\/#breadcrumb\"},\"inLanguage\":\"pt-BR\",\"potentialAction\":[{\"@type\":\"ReadAction\",\"target\":[\"https:\/\/verdadeon.com.br\/portal\/2022\/05\/09\/petrobras-aumenta-em-887-preco-do-diesel\/\"]}]},{\"@type\":\"ImageObject\",\"inLanguage\":\"pt-BR\",\"@id\":\"https:\/\/verdadeon.com.br\/portal\/2022\/05\/09\/petrobras-aumenta-em-887-preco-do-diesel\/#primaryimage\",\"url\":\"https:\/\/i0.wp.com\/verdadeon.com.br\/portal\/wp-content\/uploads\/2022\/05\/PETROBRAS-e1652118961361.jpg?fit=1000%2C669&ssl=1\",\"contentUrl\":\"https:\/\/i0.wp.com\/verdadeon.com.br\/portal\/wp-content\/uploads\/2022\/05\/PETROBRAS-e1652118961361.jpg?fit=1000%2C669&ssl=1\",\"width\":1000,\"height\":669,\"caption\":\"An\u00fancio foi feito nesta quinta-feira pela estatal | Foto: Ag\u00eancia Brasil\"},{\"@type\":\"BreadcrumbList\",\"@id\":\"https:\/\/verdadeon.com.br\/portal\/2022\/05\/09\/petrobras-aumenta-em-887-preco-do-diesel\/#breadcrumb\",\"itemListElement\":[{\"@type\":\"ListItem\",\"position\":1,\"name\":\"In\u00edcio\",\"item\":\"https:\/\/verdadeon.com.br\/portal\/\"},{\"@type\":\"ListItem\",\"position\":2,\"name\":\"Petrobras aumenta em 8,87% pre\u00e7o do diesel\"}]},{\"@type\":\"WebSite\",\"@id\":\"https:\/\/verdadeon.com.br\/portal\/#website\",\"url\":\"https:\/\/verdadeon.com.br\/portal\/\",\"name\":\"VerdadeOn\",\"description\":\"Not\u00edcias di\u00e1rias sobre Franca, Regi\u00e3o, Esporte, Cultura, Cotidiano, Colunas. Cobertura nos principais eventos da cidade \u00e9 aqui - Verdadeon Franca\",\"potentialAction\":[{\"@type\":\"SearchAction\",\"target\":{\"@type\":\"EntryPoint\",\"urlTemplate\":\"https:\/\/verdadeon.com.br\/portal\/?s={search_term_string}\"},\"query-input\":{\"@type\":\"PropertyValueSpecification\",\"valueRequired\":true,\"valueName\":\"search_term_string\"}}],\"inLanguage\":\"pt-BR\"},{\"@type\":\"Person\",\"@id\":\"https:\/\/verdadeon.com.br\/portal\/#\/schema\/person\/cc32be22b8e8599387c480bc83e1d11a\",\"name\":\"Fernando Lima\",\"image\":{\"@type\":\"ImageObject\",\"inLanguage\":\"pt-BR\",\"@id\":\"https:\/\/verdadeon.com.br\/portal\/#\/schema\/person\/image\/\",\"url\":\"https:\/\/secure.gravatar.com\/avatar\/df4c8e132080d2b3a4841d5d232045464e0eed11a1d6e43115ca0843d48768d3?s=96&d=mm&r=g\",\"contentUrl\":\"https:\/\/secure.gravatar.com\/avatar\/df4c8e132080d2b3a4841d5d232045464e0eed11a1d6e43115ca0843d48768d3?s=96&d=mm&r=g\",\"caption\":\"Fernando Lima\"},\"sameAs\":[\"http:\/\/verdadeon.com.br\/\"],\"url\":\"https:\/\/verdadeon.com.br\/portal\/author\/fernando-lima\/\"}]}<\/script>\n<!-- \/ Yoast SEO plugin. -->","yoast_head_json":{"title":"Petrobras aumenta em 8,87% pre\u00e7o do diesel - VerdadeOn","robots":{"index":"index","follow":"follow","max-snippet":"max-snippet:-1","max-image-preview":"max-image-preview:large","max-video-preview":"max-video-preview:-1"},"canonical":"https:\/\/verdadeon.com.br\/portal\/2022\/05\/09\/petrobras-aumenta-em-887-preco-do-diesel\/","og_locale":"pt_BR","og_type":"article","og_title":"Petrobras aumenta em 8,87% pre\u00e7o do diesel - VerdadeOn","og_description":"Gasolina e g\u00e1s tiveram pre\u00e7os mantidos, esse \u00e9 o primeiro reajuste do combust\u00edvel em 60 dias segundo empresa A Petrobras anunciou nesta segunda-feira (9), um reajuste [\u2026]","og_url":"https:\/\/verdadeon.com.br\/portal\/2022\/05\/09\/petrobras-aumenta-em-887-preco-do-diesel\/","og_site_name":"VerdadeOn","article_published_time":"2022-05-09T17:57:36+00:00","og_image":[{"width":1000,"height":669,"url":"https:\/\/verdadeon.com.br\/portal\/wp-content\/uploads\/2022\/05\/PETROBRAS-e1652118961361.jpg","type":"image\/jpeg"}],"author":"Fernando Lima","twitter_card":"summary_large_image","twitter_misc":{"Escrito por":"Fernando Lima","Est. tempo de leitura":"2 minutos"},"schema":{"@context":"https:\/\/schema.org","@graph":[{"@type":"WebPage","@id":"https:\/\/verdadeon.com.br\/portal\/2022\/05\/09\/petrobras-aumenta-em-887-preco-do-diesel\/","url":"https:\/\/verdadeon.com.br\/portal\/2022\/05\/09\/petrobras-aumenta-em-887-preco-do-diesel\/","name":"Petrobras aumenta em 8,87% pre\u00e7o do diesel - VerdadeOn","isPartOf":{"@id":"https:\/\/verdadeon.com.br\/portal\/#website"},"primaryImageOfPage":{"@id":"https:\/\/verdadeon.com.br\/portal\/2022\/05\/09\/petrobras-aumenta-em-887-preco-do-diesel\/#primaryimage"},"image":{"@id":"https:\/\/verdadeon.com.br\/portal\/2022\/05\/09\/petrobras-aumenta-em-887-preco-do-diesel\/#primaryimage"},"thumbnailUrl":"https:\/\/i0.wp.com\/verdadeon.com.br\/portal\/wp-content\/uploads\/2022\/05\/PETROBRAS-e1652118961361.jpg?fit=1000%2C669&ssl=1","datePublished":"2022-05-09T17:57:36+00:00","author":{"@id":"https:\/\/verdadeon.com.br\/portal\/#\/schema\/person\/cc32be22b8e8599387c480bc83e1d11a"},"breadcrumb":{"@id":"https:\/\/verdadeon.com.br\/portal\/2022\/05\/09\/petrobras-aumenta-em-887-preco-do-diesel\/#breadcrumb"},"inLanguage":"pt-BR","potentialAction":[{"@type":"ReadAction","target":["https:\/\/verdadeon.com.br\/portal\/2022\/05\/09\/petrobras-aumenta-em-887-preco-do-diesel\/"]}]},{"@type":"ImageObject","inLanguage":"pt-BR","@id":"https:\/\/verdadeon.com.br\/portal\/2022\/05\/09\/petrobras-aumenta-em-887-preco-do-diesel\/#primaryimage","url":"https:\/\/i0.wp.com\/verdadeon.com.br\/portal\/wp-content\/uploads\/2022\/05\/PETROBRAS-e1652118961361.jpg?fit=1000%2C669&ssl=1","contentUrl":"https:\/\/i0.wp.com\/verdadeon.com.br\/portal\/wp-content\/uploads\/2022\/05\/PETROBRAS-e1652118961361.jpg?fit=1000%2C669&ssl=1","width":1000,"height":669,"caption":"An\u00fancio foi feito nesta quinta-feira pela estatal | Foto: Ag\u00eancia Brasil"},{"@type":"BreadcrumbList","@id":"https:\/\/verdadeon.com.br\/portal\/2022\/05\/09\/petrobras-aumenta-em-887-preco-do-diesel\/#breadcrumb","itemListElement":[{"@type":"ListItem","position":1,"name":"In\u00edcio","item":"https:\/\/verdadeon.com.br\/portal\/"},{"@type":"ListItem","position":2,"name":"Petrobras aumenta em 8,87% pre\u00e7o do diesel"}]},{"@type":"WebSite","@id":"https:\/\/verdadeon.com.br\/portal\/#website","url":"https:\/\/verdadeon.com.br\/portal\/","name":"VerdadeOn","description":"Not\u00edcias di\u00e1rias sobre Franca, Regi\u00e3o, Esporte, Cultura, Cotidiano, Colunas. Cobertura nos principais eventos da cidade \u00e9 aqui - Verdadeon Franca","potentialAction":[{"@type":"SearchAction","target":{"@type":"EntryPoint","urlTemplate":"https:\/\/verdadeon.com.br\/portal\/?s={search_term_string}"},"query-input":{"@type":"PropertyValueSpecification","valueRequired":true,"valueName":"search_term_string"}}],"inLanguage":"pt-BR"},{"@type":"Person","@id":"https:\/\/verdadeon.com.br\/portal\/#\/schema\/person\/cc32be22b8e8599387c480bc83e1d11a","name":"Fernando Lima","image":{"@type":"ImageObject","inLanguage":"pt-BR","@id":"https:\/\/verdadeon.com.br\/portal\/#\/schema\/person\/image\/","url":"https:\/\/secure.gravatar.com\/avatar\/df4c8e132080d2b3a4841d5d232045464e0eed11a1d6e43115ca0843d48768d3?s=96&d=mm&r=g","contentUrl":"https:\/\/secure.gravatar.com\/avatar\/df4c8e132080d2b3a4841d5d232045464e0eed11a1d6e43115ca0843d48768d3?s=96&d=mm&r=g","caption":"Fernando Lima"},"sameAs":["http:\/\/verdadeon.com.br\/"],"url":"https:\/\/verdadeon.com.br\/portal\/author\/fernando-lima\/"}]}},"jetpack_publicize_connections":[],"jetpack_featured_media_url":"https:\/\/i0.wp.com\/verdadeon.com.br\/portal\/wp-content\/uploads\/2022\/05\/PETROBRAS-e1652118961361.jpg?fit=1000%2C669&ssl=1","jetpack_sharing_enabled":true,"_links":{"self":[{"href":"https:\/\/verdadeon.com.br\/portal\/wp-json\/wp\/v2\/posts\/24960","targetHints":{"allow":["GET"]}}],"collection":[{"href":"https:\/\/verdadeon.com.br\/portal\/wp-json\/wp\/v2\/posts"}],"about":[{"href":"https:\/\/verdadeon.com.br\/portal\/wp-json\/wp\/v2\/types\/post"}],"author":[{"embeddable":true,"href":"https:\/\/verdadeon.com.br\/portal\/wp-json\/wp\/v2\/users\/7"}],"replies":[{"embeddable":true,"href":"https:\/\/verdadeon.com.br\/portal\/wp-json\/wp\/v2\/comments?post=24960"}],"version-history":[{"count":1,"href":"https:\/\/verdadeon.com.br\/portal\/wp-json\/wp\/v2\/posts\/24960\/revisions"}],"predecessor-version":[{"id":24962,"href":"https:\/\/verdadeon.com.br\/portal\/wp-json\/wp\/v2\/posts\/24960\/revisions\/24962"}],"wp:featuredmedia":[{"embeddable":true,"href":"https:\/\/verdadeon.com.br\/portal\/wp-json\/wp\/v2\/media\/24961"}],"wp:attachment":[{"href":"https:\/\/verdadeon.com.br\/portal\/wp-json\/wp\/v2\/media?parent=24960"}],"wp:term":[{"taxonomy":"category","embeddable":true,"href":"https:\/\/verdadeon.com.br\/portal\/wp-json\/wp\/v2\/categories?post=24960"},{"taxonomy":"post_tag","embeddable":true,"href":"https:\/\/verdadeon.com.br\/portal\/wp-json\/wp\/v2\/tags?post=24960"}],"curies":[{"name":"wp","href":"https:\/\/api.w.org\/{rel}","templated":true}]}}