{"id":24951,"date":"2022-05-08T07:05:38","date_gmt":"2022-05-08T10:05:38","guid":{"rendered":"https:\/\/verdadeon.com.br\/portal\/?p=24951"},"modified":"2022-05-07T14:18:43","modified_gmt":"2022-05-07T17:18:43","slug":"quando-estava-internada-e-minhas-filhas-pediam-pra-fazer-chamada-de-video-eu-recuperava-as-minhas-forcas","status":"publish","type":"post","link":"https:\/\/verdadeon.com.br\/portal\/2022\/05\/08\/quando-estava-internada-e-minhas-filhas-pediam-pra-fazer-chamada-de-video-eu-recuperava-as-minhas-forcas\/","title":{"rendered":"&#8216;Quando estava internada e minhas filhas pediam pra fazer chamada de v\u00eddeo, eu recuperava as minhas for\u00e7as&#8217;"},"content":{"rendered":"<h2>A fala \u00e9 Eliane Bonine, que j\u00e1 enfrentou duas doen\u00e7as graves ao longo da vida, e viu no fato de ser m\u00e3e, a for\u00e7a para vencer<\/h2>\n<p>Fernando Lima<\/p>\n<p>No especial do Dia das M\u00e3es, o Jornal Verdade traz uma entrevista com a fundadora do IANSA, Eliane Bonine. Al\u00e9m do c\u00e2ncer ela enfrentou recentemente a Covid-19, chegou a ficar em estado grave, mas al\u00e9m da f\u00e9, a francana viu na fam\u00edlia a for\u00e7a para vencer os obst\u00e1culos.<\/p>\n<p>Na conversa, Eliane contou ainda como \u00e9 a rela\u00e7\u00e3o de m\u00e3e e filha que ela mant\u00e9m com Nossa Senhora Aparecida, a qual inclusive, o nome da institui\u00e7\u00e3o \u00e9 dedicado. Confira!<\/p>\n<p><strong>Eliane, a gente sabe que voc\u00ea enfrentou um c\u00e2ncer e felizmente o venceu. Como foi esse processo?\u00a0<\/strong><\/p>\n<p>Sim, no come\u00e7o fiquei muito abalada com o diagn\u00f3stico de C\u00e2ncer, principalmente por ter na \u00e9poca duas filhas pequenas, pensava muito como seria enfrentar uma &#8220;senten\u00e7a de morte&#8221;, pensava eu. Gra\u00e7as a Deus a minha f\u00e9 foi me direcionando e me encorajando\u00a0 e comecei a encarar de frente o problema e minha fam\u00edlia foi minha for\u00e7a e a coragem para enfrentar um c\u00e2ncer de mama.<\/p>\n<p>&nbsp;<\/p>\n<p><strong>Voc\u00ea \u00e9 m\u00e3e, acredita que o fato de ser m\u00e3e, tamb\u00e9m te ajudou a ter for\u00e7as para vencer essa batalha? No sentido de pensar em n\u00e3o se entregar, j\u00e1 que tinha que continuar cumprindo esse papel? <\/strong><\/p>\n<p>Muito, minha fam\u00edlia contribuiu\u00a0 para fortalecer em mim a f\u00e9 e a esperan\u00e7a. Acreditava na for\u00e7a de Deus e isso me estimulava a querer viver e a enfrentar o problema de frente. No momento do diagn\u00f3stico passa um turbilh\u00e3o de emo\u00e7\u00f5es que faz voc\u00ea rever muitos conceitos. E o apoio da fam\u00edlia foi essencial para minha recupera\u00e7\u00e3o. As ora\u00e7\u00f5es me fortaleceram e me faziam acreditar que tudo ia dar certo.<\/p>\n<p>&nbsp;<\/p>\n<p><strong>Recentemente voc\u00ea enfrentou outras adversidades tamb\u00e9m, como a Covid-19. Qual foi o papel da sua fam\u00edlia nessa recupera\u00e7\u00e3o? <\/strong><\/p>\n<p>Foi um susto muito grande quando me disseram que eu seria internada. Pensei novamente na morte. O papel da fam\u00edlia foi fundamental para minha recupera\u00e7\u00e3o. Tanto que quando estava internada e minhas filhas pediam pra fazer chamada de v\u00eddeo eu recuperava as minhas for\u00e7as e mostrava que eu estava lutando para sair dessa, sempre me mostrava forte pra elas. A todo momento me mandavam mensagem de f\u00e9 e\u00a0 de for\u00e7a e me estimulavam a lutar para vencer essa outra batalha que foi a covid onde fiquei 11 dias internada em estado grave<\/p>\n<p>&nbsp;<\/p>\n<p><strong>Para voc\u00ea, o que \u00e9 ser m\u00e3e? <\/strong><\/p>\n<p>Ser m\u00e3e \u00e9 uma ben\u00e7\u00e3o de Deus, algo extraordin\u00e1rio, um amor incondicional que voc\u00ea quer proteger com toda sua garra e ao mesmo tempo a consci\u00eancia de prepara-las pra esse mund\u00e3o.\u00a0 Agrade\u00e7o a Deus o presente que Ele me deu de ser m\u00e3e de duas filhas maravilhosas, respons\u00e1veis, amorosas\u2026\u00a0 Tentei passar para as minhas filhas o que recebi de exemplo da minha m\u00e3e, os valores, o respeito, a uni\u00e3o,\u00a0 e estimul\u00e1-las a sempre fazer a diferen\u00e7a na vida dos outros.<\/p>\n<p>&nbsp;<\/p>\n<p><strong>Sempre teve o sonho de ser m\u00e3e? <\/strong><\/p>\n<p>Sim, acho que \u00e9 o sonho de quase todas as mulheres. Eu, quando solteira, j\u00e1 sabia o nome da minha primeira filha. Constituir fam\u00edlia sempre esteve nos meus sonhos.<\/p>\n<p>&nbsp;<\/p>\n<p><strong>Como \u00e9 a rela\u00e7\u00e3o com suas filhas? <\/strong><\/p>\n<p>A rela\u00e7\u00e3o \u00e9 de amor, de respeito, companheirismo, de corre\u00e7\u00e3o; com elas tentei exercer o papel de m\u00e3e, sempre mostrando que\u00a0 sim \u00e9 sim e que n\u00e3o \u00e9 n\u00e3o, o que \u00e9 sempre desafiador. Coloco pra elas que Deus e a f\u00e9 vem primeiro lugar. Sempre busquei\u00a0 mostrar a ess\u00eancia da fam\u00edlia , estar sempre com a fam\u00edlia\u00a0 \u00e9 muito importante pra mim. Acredito que somos espelhos e elas aprendem com as nossas atitudes, comportamentos e nossos valores.<\/p>\n<p>&nbsp;<\/p>\n<p><strong>No IANSA voc\u00ea com certeza deve atender muitas m\u00e3es, por vezes debilitadas por conta do tratamento que sabemos que n\u00e3o \u00e9 t\u00e3o f\u00e1cil. Tem alguma m\u00e3e que tenha passado por a\u00ed, que te marcou de algum jeito especial?<\/strong><\/p>\n<p>Sim, muitos casos que nem imaginamos s\u00e3o li\u00e7\u00f5es de vida pra mim. O que percebo \u00e9 que as m\u00e3es sempre se apegam em seus filhos para sua recupera\u00e7\u00e3o , eles s\u00e3o a for\u00e7a que elas precisam. Mas o que me marca muito s\u00e3o as m\u00e3es que perdem seus filhos para o c\u00e2ncer. Acompanhei muitos casos e percebi que as m\u00e3es perdem o norte com a perda dos filhos. Acredito que \u00e9 a pior perda.<\/p>\n<p>&nbsp;<\/p>\n<p><strong>Voc\u00ea sempre fala da sua rela\u00e7\u00e3o com Nossa Senhora Aparecida, que \u00e9 a sua m\u00e3e tamb\u00e9m. Como \u00e9 essa rela\u00e7\u00e3o com Ela?<\/strong><\/p>\n<p>Minha rela\u00e7\u00e3o com a m\u00e3ezinha do c\u00e9u \u00e9 uma rela\u00e7\u00e3o muito forte de energia que n\u00e3o d\u00e1 para explicar. Ela me sustenta com seu amor e intercede a Deus por mim em todos dos momentos em que preciso de ajuda. Ela me acalma, ela me direciona, ela me fortalece para vencer todos os obst\u00e1culos, seja conquistando-os ou n\u00e3o, de acordo com a vontade de Deus.<\/p>\n<p>&nbsp;<\/p>\n<p><strong>Qual mensagem deixa para as m\u00e3es que est\u00e3o nos acompanhando, especialmente aquelas que assim como voc\u00ea enfrentou, hoje enfrentam um tratamento contra o c\u00e2ncer?<\/strong><\/p>\n<p>Para as m\u00e3es que enfrentam o c\u00e2ncer, deixo a minha solidariedade e minhas ora\u00e7\u00f5es.\u00a0 Tudo passa,\u00a0 temos que enxergar que \u00e9 um momento de aprendizado, de crescimento, que n\u00e3o entendemos de imediato , mas Deus vai mostrando o que Ele quer de n\u00f3s. Que n\u00e3o desistam, lutem, se fortale\u00e7am na f\u00e9, que tudo tem um prop\u00f3sito e\u00a0 a vit\u00f3ria vai chegar quando voc\u00ea menos esperar.<\/p>\n<p>Feliz dia das M\u00e3es.\u00a0 Com muito amor e alegrias.<\/p>\n<p>&nbsp;<\/p>\n","protected":false},"excerpt":{"rendered":"<p>A fala \u00e9 Eliane Bonine, que j\u00e1 enfrentou duas doen\u00e7as graves ao longo da vida, e viu no fato de ser m\u00e3e, a for\u00e7a para vencer<span class=\"excerpt-hellip\"> [\u2026]<\/span><\/p>\n","protected":false},"author":7,"featured_media":3265,"comment_status":"open","ping_status":"open","sticky":false,"template":"","format":"standard","meta":{"_jetpack_memberships_contains_paid_content":false,"footnotes":"","jetpack_publicize_message":"","jetpack_publicize_feature_enabled":true,"jetpack_social_post_already_shared":false,"jetpack_social_options":{"image_generator_settings":{"template":"highway","default_image_id":0,"enabled":false},"version":2}},"categories":[28,81],"tags":[],"class_list":["post-24951","post","type-post","status-publish","format-standard","has-post-thumbnail","hentry","category-cotidiano","category-manchete"],"yoast_head":"<!-- This site is optimized with the Yoast SEO plugin v25.6 - https:\/\/yoast.com\/wordpress\/plugins\/seo\/ -->\n<title>&#039;Quando estava internada e minhas filhas pediam pra fazer chamada de v\u00eddeo, eu recuperava as minhas for\u00e7as&#039; - VerdadeOn<\/title>\n<meta name=\"robots\" content=\"index, follow, max-snippet:-1, max-image-preview:large, max-video-preview:-1\" \/>\n<link rel=\"canonical\" href=\"https:\/\/verdadeon.com.br\/portal\/2022\/05\/08\/quando-estava-internada-e-minhas-filhas-pediam-pra-fazer-chamada-de-video-eu-recuperava-as-minhas-forcas\/\" \/>\n<meta property=\"og:locale\" content=\"pt_BR\" \/>\n<meta property=\"og:type\" content=\"article\" \/>\n<meta property=\"og:title\" content=\"&#039;Quando estava internada e minhas filhas pediam pra fazer chamada de v\u00eddeo, eu recuperava as minhas for\u00e7as&#039; - VerdadeOn\" \/>\n<meta property=\"og:description\" content=\"A fala \u00e9 Eliane Bonine, que j\u00e1 enfrentou duas doen\u00e7as graves ao longo da vida, e viu no fato de ser m\u00e3e, a for\u00e7a para vencer [\u2026]\" \/>\n<meta property=\"og:url\" content=\"https:\/\/verdadeon.com.br\/portal\/2022\/05\/08\/quando-estava-internada-e-minhas-filhas-pediam-pra-fazer-chamada-de-video-eu-recuperava-as-minhas-forcas\/\" \/>\n<meta property=\"og:site_name\" content=\"VerdadeOn\" \/>\n<meta property=\"article:published_time\" content=\"2022-05-08T10:05:38+00:00\" \/>\n<meta property=\"og:image\" content=\"https:\/\/verdadeon.com.br\/portal\/wp-content\/uploads\/2020\/02\/Eliane-Bonini-Iansa-bate-papo-de-domingo-Foto-Lindomar-Cailton-8.jpg\" \/>\n\t<meta property=\"og:image:width\" content=\"1000\" \/>\n\t<meta property=\"og:image:height\" content=\"668\" \/>\n\t<meta property=\"og:image:type\" content=\"image\/jpeg\" \/>\n<meta name=\"author\" content=\"Fernando Lima\" \/>\n<meta name=\"twitter:card\" content=\"summary_large_image\" \/>\n<meta name=\"twitter:label1\" content=\"Escrito por\" \/>\n\t<meta name=\"twitter:data1\" content=\"Fernando Lima\" \/>\n\t<meta name=\"twitter:label2\" content=\"Est. tempo de leitura\" \/>\n\t<meta name=\"twitter:data2\" content=\"6 minutos\" \/>\n<script type=\"application\/ld+json\" class=\"yoast-schema-graph\">{\"@context\":\"https:\/\/schema.org\",\"@graph\":[{\"@type\":\"WebPage\",\"@id\":\"https:\/\/verdadeon.com.br\/portal\/2022\/05\/08\/quando-estava-internada-e-minhas-filhas-pediam-pra-fazer-chamada-de-video-eu-recuperava-as-minhas-forcas\/\",\"url\":\"https:\/\/verdadeon.com.br\/portal\/2022\/05\/08\/quando-estava-internada-e-minhas-filhas-pediam-pra-fazer-chamada-de-video-eu-recuperava-as-minhas-forcas\/\",\"name\":\"'Quando estava internada e minhas filhas pediam pra fazer chamada de v\u00eddeo, eu recuperava as minhas for\u00e7as' - VerdadeOn\",\"isPartOf\":{\"@id\":\"https:\/\/verdadeon.com.br\/portal\/#website\"},\"primaryImageOfPage\":{\"@id\":\"https:\/\/verdadeon.com.br\/portal\/2022\/05\/08\/quando-estava-internada-e-minhas-filhas-pediam-pra-fazer-chamada-de-video-eu-recuperava-as-minhas-forcas\/#primaryimage\"},\"image\":{\"@id\":\"https:\/\/verdadeon.com.br\/portal\/2022\/05\/08\/quando-estava-internada-e-minhas-filhas-pediam-pra-fazer-chamada-de-video-eu-recuperava-as-minhas-forcas\/#primaryimage\"},\"thumbnailUrl\":\"https:\/\/i0.wp.com\/verdadeon.com.br\/portal\/wp-content\/uploads\/2020\/02\/Eliane-Bonini-Iansa-bate-papo-de-domingo-Foto-Lindomar-Cailton-8.jpg?fit=1000%2C668&ssl=1\",\"datePublished\":\"2022-05-08T10:05:38+00:00\",\"author\":{\"@id\":\"https:\/\/verdadeon.com.br\/portal\/#\/schema\/person\/cc32be22b8e8599387c480bc83e1d11a\"},\"breadcrumb\":{\"@id\":\"https:\/\/verdadeon.com.br\/portal\/2022\/05\/08\/quando-estava-internada-e-minhas-filhas-pediam-pra-fazer-chamada-de-video-eu-recuperava-as-minhas-forcas\/#breadcrumb\"},\"inLanguage\":\"pt-BR\",\"potentialAction\":[{\"@type\":\"ReadAction\",\"target\":[\"https:\/\/verdadeon.com.br\/portal\/2022\/05\/08\/quando-estava-internada-e-minhas-filhas-pediam-pra-fazer-chamada-de-video-eu-recuperava-as-minhas-forcas\/\"]}]},{\"@type\":\"ImageObject\",\"inLanguage\":\"pt-BR\",\"@id\":\"https:\/\/verdadeon.com.br\/portal\/2022\/05\/08\/quando-estava-internada-e-minhas-filhas-pediam-pra-fazer-chamada-de-video-eu-recuperava-as-minhas-forcas\/#primaryimage\",\"url\":\"https:\/\/i0.wp.com\/verdadeon.com.br\/portal\/wp-content\/uploads\/2020\/02\/Eliane-Bonini-Iansa-bate-papo-de-domingo-Foto-Lindomar-Cailton-8.jpg?fit=1000%2C668&ssl=1\",\"contentUrl\":\"https:\/\/i0.wp.com\/verdadeon.com.br\/portal\/wp-content\/uploads\/2020\/02\/Eliane-Bonini-Iansa-bate-papo-de-domingo-Foto-Lindomar-Cailton-8.jpg?fit=1000%2C668&ssl=1\",\"width\":1000,\"height\":668,\"caption\":\"Eliane Bonine, fundadora da casa de apoio Iansa, convida a popula\u00e7\u00e3o para prestigiar a Festa das Na\u00e7\u00f5es | Foto: Jornal Verdade\"},{\"@type\":\"BreadcrumbList\",\"@id\":\"https:\/\/verdadeon.com.br\/portal\/2022\/05\/08\/quando-estava-internada-e-minhas-filhas-pediam-pra-fazer-chamada-de-video-eu-recuperava-as-minhas-forcas\/#breadcrumb\",\"itemListElement\":[{\"@type\":\"ListItem\",\"position\":1,\"name\":\"In\u00edcio\",\"item\":\"https:\/\/verdadeon.com.br\/portal\/\"},{\"@type\":\"ListItem\",\"position\":2,\"name\":\"&#8216;Quando estava internada e minhas filhas pediam pra fazer chamada de v\u00eddeo, eu recuperava as minhas for\u00e7as&#8217;\"}]},{\"@type\":\"WebSite\",\"@id\":\"https:\/\/verdadeon.com.br\/portal\/#website\",\"url\":\"https:\/\/verdadeon.com.br\/portal\/\",\"name\":\"VerdadeOn\",\"description\":\"Not\u00edcias di\u00e1rias sobre Franca, Regi\u00e3o, Esporte, Cultura, Cotidiano, Colunas. Cobertura nos principais eventos da cidade \u00e9 aqui - Verdadeon Franca\",\"potentialAction\":[{\"@type\":\"SearchAction\",\"target\":{\"@type\":\"EntryPoint\",\"urlTemplate\":\"https:\/\/verdadeon.com.br\/portal\/?s={search_term_string}\"},\"query-input\":{\"@type\":\"PropertyValueSpecification\",\"valueRequired\":true,\"valueName\":\"search_term_string\"}}],\"inLanguage\":\"pt-BR\"},{\"@type\":\"Person\",\"@id\":\"https:\/\/verdadeon.com.br\/portal\/#\/schema\/person\/cc32be22b8e8599387c480bc83e1d11a\",\"name\":\"Fernando Lima\",\"image\":{\"@type\":\"ImageObject\",\"inLanguage\":\"pt-BR\",\"@id\":\"https:\/\/verdadeon.com.br\/portal\/#\/schema\/person\/image\/\",\"url\":\"https:\/\/secure.gravatar.com\/avatar\/df4c8e132080d2b3a4841d5d232045464e0eed11a1d6e43115ca0843d48768d3?s=96&d=mm&r=g\",\"contentUrl\":\"https:\/\/secure.gravatar.com\/avatar\/df4c8e132080d2b3a4841d5d232045464e0eed11a1d6e43115ca0843d48768d3?s=96&d=mm&r=g\",\"caption\":\"Fernando Lima\"},\"sameAs\":[\"http:\/\/verdadeon.com.br\/\"],\"url\":\"https:\/\/verdadeon.com.br\/portal\/author\/fernando-lima\/\"}]}<\/script>\n<!-- \/ Yoast SEO plugin. -->","yoast_head_json":{"title":"'Quando estava internada e minhas filhas pediam pra fazer chamada de v\u00eddeo, eu recuperava as minhas for\u00e7as' - VerdadeOn","robots":{"index":"index","follow":"follow","max-snippet":"max-snippet:-1","max-image-preview":"max-image-preview:large","max-video-preview":"max-video-preview:-1"},"canonical":"https:\/\/verdadeon.com.br\/portal\/2022\/05\/08\/quando-estava-internada-e-minhas-filhas-pediam-pra-fazer-chamada-de-video-eu-recuperava-as-minhas-forcas\/","og_locale":"pt_BR","og_type":"article","og_title":"'Quando estava internada e minhas filhas pediam pra fazer chamada de v\u00eddeo, eu recuperava as minhas for\u00e7as' - VerdadeOn","og_description":"A fala \u00e9 Eliane Bonine, que j\u00e1 enfrentou duas doen\u00e7as graves ao longo da vida, e viu no fato de ser m\u00e3e, a for\u00e7a para vencer [\u2026]","og_url":"https:\/\/verdadeon.com.br\/portal\/2022\/05\/08\/quando-estava-internada-e-minhas-filhas-pediam-pra-fazer-chamada-de-video-eu-recuperava-as-minhas-forcas\/","og_site_name":"VerdadeOn","article_published_time":"2022-05-08T10:05:38+00:00","og_image":[{"width":1000,"height":668,"url":"https:\/\/verdadeon.com.br\/portal\/wp-content\/uploads\/2020\/02\/Eliane-Bonini-Iansa-bate-papo-de-domingo-Foto-Lindomar-Cailton-8.jpg","type":"image\/jpeg"}],"author":"Fernando Lima","twitter_card":"summary_large_image","twitter_misc":{"Escrito por":"Fernando Lima","Est. tempo de leitura":"6 minutos"},"schema":{"@context":"https:\/\/schema.org","@graph":[{"@type":"WebPage","@id":"https:\/\/verdadeon.com.br\/portal\/2022\/05\/08\/quando-estava-internada-e-minhas-filhas-pediam-pra-fazer-chamada-de-video-eu-recuperava-as-minhas-forcas\/","url":"https:\/\/verdadeon.com.br\/portal\/2022\/05\/08\/quando-estava-internada-e-minhas-filhas-pediam-pra-fazer-chamada-de-video-eu-recuperava-as-minhas-forcas\/","name":"'Quando estava internada e minhas filhas pediam pra fazer chamada de v\u00eddeo, eu recuperava as minhas for\u00e7as' - VerdadeOn","isPartOf":{"@id":"https:\/\/verdadeon.com.br\/portal\/#website"},"primaryImageOfPage":{"@id":"https:\/\/verdadeon.com.br\/portal\/2022\/05\/08\/quando-estava-internada-e-minhas-filhas-pediam-pra-fazer-chamada-de-video-eu-recuperava-as-minhas-forcas\/#primaryimage"},"image":{"@id":"https:\/\/verdadeon.com.br\/portal\/2022\/05\/08\/quando-estava-internada-e-minhas-filhas-pediam-pra-fazer-chamada-de-video-eu-recuperava-as-minhas-forcas\/#primaryimage"},"thumbnailUrl":"https:\/\/i0.wp.com\/verdadeon.com.br\/portal\/wp-content\/uploads\/2020\/02\/Eliane-Bonini-Iansa-bate-papo-de-domingo-Foto-Lindomar-Cailton-8.jpg?fit=1000%2C668&ssl=1","datePublished":"2022-05-08T10:05:38+00:00","author":{"@id":"https:\/\/verdadeon.com.br\/portal\/#\/schema\/person\/cc32be22b8e8599387c480bc83e1d11a"},"breadcrumb":{"@id":"https:\/\/verdadeon.com.br\/portal\/2022\/05\/08\/quando-estava-internada-e-minhas-filhas-pediam-pra-fazer-chamada-de-video-eu-recuperava-as-minhas-forcas\/#breadcrumb"},"inLanguage":"pt-BR","potentialAction":[{"@type":"ReadAction","target":["https:\/\/verdadeon.com.br\/portal\/2022\/05\/08\/quando-estava-internada-e-minhas-filhas-pediam-pra-fazer-chamada-de-video-eu-recuperava-as-minhas-forcas\/"]}]},{"@type":"ImageObject","inLanguage":"pt-BR","@id":"https:\/\/verdadeon.com.br\/portal\/2022\/05\/08\/quando-estava-internada-e-minhas-filhas-pediam-pra-fazer-chamada-de-video-eu-recuperava-as-minhas-forcas\/#primaryimage","url":"https:\/\/i0.wp.com\/verdadeon.com.br\/portal\/wp-content\/uploads\/2020\/02\/Eliane-Bonini-Iansa-bate-papo-de-domingo-Foto-Lindomar-Cailton-8.jpg?fit=1000%2C668&ssl=1","contentUrl":"https:\/\/i0.wp.com\/verdadeon.com.br\/portal\/wp-content\/uploads\/2020\/02\/Eliane-Bonini-Iansa-bate-papo-de-domingo-Foto-Lindomar-Cailton-8.jpg?fit=1000%2C668&ssl=1","width":1000,"height":668,"caption":"Eliane Bonine, fundadora da casa de apoio Iansa, convida a popula\u00e7\u00e3o para prestigiar a Festa das Na\u00e7\u00f5es | Foto: Jornal Verdade"},{"@type":"BreadcrumbList","@id":"https:\/\/verdadeon.com.br\/portal\/2022\/05\/08\/quando-estava-internada-e-minhas-filhas-pediam-pra-fazer-chamada-de-video-eu-recuperava-as-minhas-forcas\/#breadcrumb","itemListElement":[{"@type":"ListItem","position":1,"name":"In\u00edcio","item":"https:\/\/verdadeon.com.br\/portal\/"},{"@type":"ListItem","position":2,"name":"&#8216;Quando estava internada e minhas filhas pediam pra fazer chamada de v\u00eddeo, eu recuperava as minhas for\u00e7as&#8217;"}]},{"@type":"WebSite","@id":"https:\/\/verdadeon.com.br\/portal\/#website","url":"https:\/\/verdadeon.com.br\/portal\/","name":"VerdadeOn","description":"Not\u00edcias di\u00e1rias sobre Franca, Regi\u00e3o, Esporte, Cultura, Cotidiano, Colunas. Cobertura nos principais eventos da cidade \u00e9 aqui - Verdadeon Franca","potentialAction":[{"@type":"SearchAction","target":{"@type":"EntryPoint","urlTemplate":"https:\/\/verdadeon.com.br\/portal\/?s={search_term_string}"},"query-input":{"@type":"PropertyValueSpecification","valueRequired":true,"valueName":"search_term_string"}}],"inLanguage":"pt-BR"},{"@type":"Person","@id":"https:\/\/verdadeon.com.br\/portal\/#\/schema\/person\/cc32be22b8e8599387c480bc83e1d11a","name":"Fernando Lima","image":{"@type":"ImageObject","inLanguage":"pt-BR","@id":"https:\/\/verdadeon.com.br\/portal\/#\/schema\/person\/image\/","url":"https:\/\/secure.gravatar.com\/avatar\/df4c8e132080d2b3a4841d5d232045464e0eed11a1d6e43115ca0843d48768d3?s=96&d=mm&r=g","contentUrl":"https:\/\/secure.gravatar.com\/avatar\/df4c8e132080d2b3a4841d5d232045464e0eed11a1d6e43115ca0843d48768d3?s=96&d=mm&r=g","caption":"Fernando Lima"},"sameAs":["http:\/\/verdadeon.com.br\/"],"url":"https:\/\/verdadeon.com.br\/portal\/author\/fernando-lima\/"}]}},"jetpack_publicize_connections":[],"jetpack_featured_media_url":"https:\/\/i0.wp.com\/verdadeon.com.br\/portal\/wp-content\/uploads\/2020\/02\/Eliane-Bonini-Iansa-bate-papo-de-domingo-Foto-Lindomar-Cailton-8.jpg?fit=1000%2C668&ssl=1","jetpack_sharing_enabled":true,"_links":{"self":[{"href":"https:\/\/verdadeon.com.br\/portal\/wp-json\/wp\/v2\/posts\/24951","targetHints":{"allow":["GET"]}}],"collection":[{"href":"https:\/\/verdadeon.com.br\/portal\/wp-json\/wp\/v2\/posts"}],"about":[{"href":"https:\/\/verdadeon.com.br\/portal\/wp-json\/wp\/v2\/types\/post"}],"author":[{"embeddable":true,"href":"https:\/\/verdadeon.com.br\/portal\/wp-json\/wp\/v2\/users\/7"}],"replies":[{"embeddable":true,"href":"https:\/\/verdadeon.com.br\/portal\/wp-json\/wp\/v2\/comments?post=24951"}],"version-history":[{"count":1,"href":"https:\/\/verdadeon.com.br\/portal\/wp-json\/wp\/v2\/posts\/24951\/revisions"}],"predecessor-version":[{"id":24952,"href":"https:\/\/verdadeon.com.br\/portal\/wp-json\/wp\/v2\/posts\/24951\/revisions\/24952"}],"wp:featuredmedia":[{"embeddable":true,"href":"https:\/\/verdadeon.com.br\/portal\/wp-json\/wp\/v2\/media\/3265"}],"wp:attachment":[{"href":"https:\/\/verdadeon.com.br\/portal\/wp-json\/wp\/v2\/media?parent=24951"}],"wp:term":[{"taxonomy":"category","embeddable":true,"href":"https:\/\/verdadeon.com.br\/portal\/wp-json\/wp\/v2\/categories?post=24951"},{"taxonomy":"post_tag","embeddable":true,"href":"https:\/\/verdadeon.com.br\/portal\/wp-json\/wp\/v2\/tags?post=24951"}],"curies":[{"name":"wp","href":"https:\/\/api.w.org\/{rel}","templated":true}]}}