{"id":24908,"date":"2022-05-06T17:17:05","date_gmt":"2022-05-06T20:17:05","guid":{"rendered":"https:\/\/verdadeon.com.br\/portal\/?p=24908"},"modified":"2022-05-06T17:17:05","modified_gmt":"2022-05-06T20:17:05","slug":"setor-da-caridade-aposta-em-eventos-para-levantar-fundos-no-periodo-pos-pandemia","status":"publish","type":"post","link":"https:\/\/verdadeon.com.br\/portal\/2022\/05\/06\/setor-da-caridade-aposta-em-eventos-para-levantar-fundos-no-periodo-pos-pandemia\/","title":{"rendered":"Setor da caridade aposta em eventos para levantar fundos no per\u00edodo p\u00f3s pandemia"},"content":{"rendered":"<h2>IANSA, Ber\u00e7\u00e1rio Dona Nina, Apae, entre outras institui\u00e7\u00f5es, retomam eventos presenciais com for\u00e7a em 2022<\/h2>\n<p>Fernando Lima<\/p>\n<p>O per\u00edodo da pandemia foi marcado por incertezas, tanto na quest\u00e3o da sa\u00fade, quanto na quest\u00e3o econ\u00f4mica. O terceiro setor foi um dos que mais sofreu, porque ao mesmo tempo em que viu as doa\u00e7\u00f5es diminu\u00edrem , a demanda aumentou, \u00e9 como se a conta n\u00e3o fechasse.\u00a0Agora no per\u00edodo p\u00f3s-pand\u00eamico, as entidades da cidade apostam em eventos, principalmente os presenciais para arrecadar fundos e continuar prestando os servi\u00e7os.<\/p>\n<p>&#8220;Esse bazar tem\u00e1tico do Dia das m\u00e3es \u00e9 em prol da manuten\u00e7\u00e3o da casa de apoio, a expectativa \u00e9 que d\u00ea para pagar parte dessas despesas de custeio, que gira em torno de 36 mil mensais&#8221;, explicou Eliane Bonine, fundadora do Instituto de Apoio Nossa Senhora Aparecida (IANSA), que acolhe de forma completamente gratuita, pacientes que enfrentam o c\u00e2ncer.<\/p>\n<p>O bazar da entidade acontece neste s\u00e1bado (7), a partir das 9h da manh\u00e3, na rua Jo\u00e3o Goes Conrado 2.570, no bairro S\u00e3o Jos\u00e9. &#8220;A sua ajuda possibilitar\u00e1 a continuidade de diversas a\u00e7\u00f5es desenvolvidas pelo IANSA, cujo objetivo \u00e9 propiciar bem-estar, dignidade, respeito e solidariedade para nossos atendidos e acompanhantes que passam por um momento dif\u00edcil: o adoecer&#8221;, explicou a institui\u00e7\u00e3o nas redes sociais.\u00a0Ser\u00e3o vendidos artesanatos em geral, artigos religiosos, roupas, cal\u00e7ados e presentes.<\/p>\n<p>Na \u00faltima semana o IANSA tamb\u00e9m realizou um jantar dan\u00e7ante, onde ingressos foram vendidos para arrecadar fundos. O principal objetivo \u00e9 arrecadar dinheiro para construir a sede pr\u00f3pria para atender melhor os que s\u00e3o assistidos pela institui\u00e7\u00e3o.<\/p>\n<h4>Dona Nina<\/h4>\n<p>Outra institui\u00e7\u00e3o que tamb\u00e9m continua realizando eventos \u00e9 o Ber\u00e7\u00e1rio Dona Nina, que arrecada fundos para construir uma creche que vai atender as crian\u00e7as assistidas pela institui\u00e7\u00e3o. Ao mesmo tempo em que mant\u00e9m o bazar permanente, o Dona Nina prepara uma feijoada beneficente para o pr\u00f3ximo dia 21 de maio.<\/p>\n<p>As reservas podem ser feitas atrav\u00e9s dos telefones: (16) 3720-0512, (16) 9.9965-0391. Elas tamb\u00e9m podem ser feitas pessoalmente na rua Deoclides Barbosa Leme, 411.\u00a0 As entregas ser\u00e3o feitas no dia 21 de maio, das 10h \u00e0s 13h, no pr\u00f3prio Ber\u00e7\u00e1rio.<\/p>\n<h4>Imposto de renda<\/h4>\n<p>Muita gente n\u00e3o sabe, ou pelo menos n\u00e3o se importa, mas ao declarar o Imposto de Renda \u00e9 poss\u00edvel destinar parte do IR, sem custos, para a\u00e7\u00f5es em prol de crian\u00e7as, adolescentes e idosos. Ao fazer a declara\u00e7\u00e3o do IR, \u00e9 poss\u00edvel reverter parte do imposto j\u00e1 pago para entidades assistenciais, mas especialmente em Franca a ades\u00e3o \u00e9 muito baixa.<\/p>\n<p>Segundo Fernando Campos, presidente da Aeaf (Associa\u00e7\u00e3o das Entidades Assistenciais de Franca), a cidade tem potencial para doar R$ 10,5 milh\u00f5es e no ano passado o valor destinado \u00e0s entidades foi pouco acima de R$ 700 mil. \u201cHistoricamente, as doa\u00e7\u00f5es do Imposto de Renda em Franca ficam muito abaixo do potencial que existe. Existem campanhas e divulga\u00e7\u00e3o, mas a ades\u00e3o \u00e9 pequena, mesmo que a pessoa n\u00e3o precise gastar nada al\u00e9m, mas ela n\u00e3o doa\u201d, afirmou ele.<\/p>\n<p>Empresas podem destinar 1% do imposto pago para as a\u00e7\u00f5es com crian\u00e7as, jovens e idosos e pessoas f\u00edsicas, 6%, mas para isso tem que direcionar a doa\u00e7\u00e3o durante o preenchimento da declara\u00e7\u00e3o do Imposto de Renda. \u201cO governo deveria destinar o valor de forma direta para as a\u00e7\u00f5es assistenciais, j\u00e1 seria um valor importante para auxiliar as despesas das entidades, que desempenham um papel essencial para atender a comunidade e cobrem uma lacuna que o Poder P\u00fablico n\u00e3o consegue atender\u201d, afirmou Fernando Campos.<\/p>\n<p>As doa\u00e7\u00f5es podem ser feitas com anu\u00eancia do Conselho Municipal dos Direitos da Crian\u00e7a e do Adolescente, a partir do plano de trabalho apresentado pelas entidades assistenciais, ou diretamente para os projetos\/institui\u00e7\u00f5es.<\/p>\n","protected":false},"excerpt":{"rendered":"<p>IANSA, Ber\u00e7\u00e1rio Dona Nina, Apae, entre outras institui\u00e7\u00f5es, retomam eventos presenciais com for\u00e7a em 2022 Fernando Lima O per\u00edodo da pandemia foi marcado por incertezas, tanto<span class=\"excerpt-hellip\"> [\u2026]<\/span><\/p>\n","protected":false},"author":7,"featured_media":23788,"comment_status":"open","ping_status":"open","sticky":false,"template":"","format":"standard","meta":{"_jetpack_memberships_contains_paid_content":false,"footnotes":"","jetpack_publicize_message":"","jetpack_publicize_feature_enabled":true,"jetpack_social_post_already_shared":false,"jetpack_social_options":{"image_generator_settings":{"template":"highway","default_image_id":0,"enabled":false},"version":2}},"categories":[28,81],"tags":[],"class_list":["post-24908","post","type-post","status-publish","format-standard","has-post-thumbnail","hentry","category-cotidiano","category-manchete"],"yoast_head":"<!-- This site is optimized with the Yoast SEO plugin v25.6 - https:\/\/yoast.com\/wordpress\/plugins\/seo\/ -->\n<title>Setor da caridade aposta em eventos para levantar fundos no per\u00edodo p\u00f3s pandemia - VerdadeOn<\/title>\n<meta name=\"robots\" content=\"index, follow, max-snippet:-1, max-image-preview:large, max-video-preview:-1\" \/>\n<link rel=\"canonical\" href=\"https:\/\/verdadeon.com.br\/portal\/2022\/05\/06\/setor-da-caridade-aposta-em-eventos-para-levantar-fundos-no-periodo-pos-pandemia\/\" \/>\n<meta property=\"og:locale\" content=\"pt_BR\" \/>\n<meta property=\"og:type\" content=\"article\" \/>\n<meta property=\"og:title\" content=\"Setor da caridade aposta em eventos para levantar fundos no per\u00edodo p\u00f3s pandemia - VerdadeOn\" \/>\n<meta property=\"og:description\" content=\"IANSA, Ber\u00e7\u00e1rio Dona Nina, Apae, entre outras institui\u00e7\u00f5es, retomam eventos presenciais com for\u00e7a em 2022 Fernando Lima O per\u00edodo da pandemia foi marcado por incertezas, tanto [\u2026]\" \/>\n<meta property=\"og:url\" content=\"https:\/\/verdadeon.com.br\/portal\/2022\/05\/06\/setor-da-caridade-aposta-em-eventos-para-levantar-fundos-no-periodo-pos-pandemia\/\" \/>\n<meta property=\"og:site_name\" content=\"VerdadeOn\" \/>\n<meta property=\"article:published_time\" content=\"2022-05-06T20:17:05+00:00\" \/>\n<meta property=\"og:image\" content=\"https:\/\/verdadeon.com.br\/portal\/wp-content\/uploads\/2022\/03\/CONSTRUCAO-NOVA-SEDE-IANSA.jpeg\" \/>\n\t<meta property=\"og:image:width\" content=\"1000\" \/>\n\t<meta property=\"og:image:height\" content=\"670\" \/>\n\t<meta property=\"og:image:type\" content=\"image\/jpeg\" \/>\n<meta name=\"author\" content=\"Fernando Lima\" \/>\n<meta name=\"twitter:card\" content=\"summary_large_image\" \/>\n<meta name=\"twitter:label1\" content=\"Escrito por\" \/>\n\t<meta name=\"twitter:data1\" content=\"Fernando Lima\" \/>\n\t<meta name=\"twitter:label2\" content=\"Est. tempo de leitura\" \/>\n\t<meta name=\"twitter:data2\" content=\"4 minutos\" \/>\n<script type=\"application\/ld+json\" class=\"yoast-schema-graph\">{\"@context\":\"https:\/\/schema.org\",\"@graph\":[{\"@type\":\"WebPage\",\"@id\":\"https:\/\/verdadeon.com.br\/portal\/2022\/05\/06\/setor-da-caridade-aposta-em-eventos-para-levantar-fundos-no-periodo-pos-pandemia\/\",\"url\":\"https:\/\/verdadeon.com.br\/portal\/2022\/05\/06\/setor-da-caridade-aposta-em-eventos-para-levantar-fundos-no-periodo-pos-pandemia\/\",\"name\":\"Setor da caridade aposta em eventos para levantar fundos no per\u00edodo p\u00f3s pandemia - VerdadeOn\",\"isPartOf\":{\"@id\":\"https:\/\/verdadeon.com.br\/portal\/#website\"},\"primaryImageOfPage\":{\"@id\":\"https:\/\/verdadeon.com.br\/portal\/2022\/05\/06\/setor-da-caridade-aposta-em-eventos-para-levantar-fundos-no-periodo-pos-pandemia\/#primaryimage\"},\"image\":{\"@id\":\"https:\/\/verdadeon.com.br\/portal\/2022\/05\/06\/setor-da-caridade-aposta-em-eventos-para-levantar-fundos-no-periodo-pos-pandemia\/#primaryimage\"},\"thumbnailUrl\":\"https:\/\/i0.wp.com\/verdadeon.com.br\/portal\/wp-content\/uploads\/2022\/03\/CONSTRUCAO-NOVA-SEDE-IANSA.jpeg?fit=1000%2C670&ssl=1\",\"datePublished\":\"2022-05-06T20:17:05+00:00\",\"author\":{\"@id\":\"https:\/\/verdadeon.com.br\/portal\/#\/schema\/person\/cc32be22b8e8599387c480bc83e1d11a\"},\"breadcrumb\":{\"@id\":\"https:\/\/verdadeon.com.br\/portal\/2022\/05\/06\/setor-da-caridade-aposta-em-eventos-para-levantar-fundos-no-periodo-pos-pandemia\/#breadcrumb\"},\"inLanguage\":\"pt-BR\",\"potentialAction\":[{\"@type\":\"ReadAction\",\"target\":[\"https:\/\/verdadeon.com.br\/portal\/2022\/05\/06\/setor-da-caridade-aposta-em-eventos-para-levantar-fundos-no-periodo-pos-pandemia\/\"]}]},{\"@type\":\"ImageObject\",\"inLanguage\":\"pt-BR\",\"@id\":\"https:\/\/verdadeon.com.br\/portal\/2022\/05\/06\/setor-da-caridade-aposta-em-eventos-para-levantar-fundos-no-periodo-pos-pandemia\/#primaryimage\",\"url\":\"https:\/\/i0.wp.com\/verdadeon.com.br\/portal\/wp-content\/uploads\/2022\/03\/CONSTRUCAO-NOVA-SEDE-IANSA.jpeg?fit=1000%2C670&ssl=1\",\"contentUrl\":\"https:\/\/i0.wp.com\/verdadeon.com.br\/portal\/wp-content\/uploads\/2022\/03\/CONSTRUCAO-NOVA-SEDE-IANSA.jpeg?fit=1000%2C670&ssl=1\",\"width\":1000,\"height\":670,\"caption\":\"As futuras instala\u00e7\u00f5es da Casa de Apoio Iansa ser\u00e3o na Rua Eus\u00e9bio Cassiano Costa, no Jardim do \u00c9den | Foto: Divulga\u00e7\u00e3o\"},{\"@type\":\"BreadcrumbList\",\"@id\":\"https:\/\/verdadeon.com.br\/portal\/2022\/05\/06\/setor-da-caridade-aposta-em-eventos-para-levantar-fundos-no-periodo-pos-pandemia\/#breadcrumb\",\"itemListElement\":[{\"@type\":\"ListItem\",\"position\":1,\"name\":\"In\u00edcio\",\"item\":\"https:\/\/verdadeon.com.br\/portal\/\"},{\"@type\":\"ListItem\",\"position\":2,\"name\":\"Setor da caridade aposta em eventos para levantar fundos no per\u00edodo p\u00f3s pandemia\"}]},{\"@type\":\"WebSite\",\"@id\":\"https:\/\/verdadeon.com.br\/portal\/#website\",\"url\":\"https:\/\/verdadeon.com.br\/portal\/\",\"name\":\"VerdadeOn\",\"description\":\"Not\u00edcias di\u00e1rias sobre Franca, Regi\u00e3o, Esporte, Cultura, Cotidiano, Colunas. Cobertura nos principais eventos da cidade \u00e9 aqui - Verdadeon Franca\",\"potentialAction\":[{\"@type\":\"SearchAction\",\"target\":{\"@type\":\"EntryPoint\",\"urlTemplate\":\"https:\/\/verdadeon.com.br\/portal\/?s={search_term_string}\"},\"query-input\":{\"@type\":\"PropertyValueSpecification\",\"valueRequired\":true,\"valueName\":\"search_term_string\"}}],\"inLanguage\":\"pt-BR\"},{\"@type\":\"Person\",\"@id\":\"https:\/\/verdadeon.com.br\/portal\/#\/schema\/person\/cc32be22b8e8599387c480bc83e1d11a\",\"name\":\"Fernando Lima\",\"image\":{\"@type\":\"ImageObject\",\"inLanguage\":\"pt-BR\",\"@id\":\"https:\/\/verdadeon.com.br\/portal\/#\/schema\/person\/image\/\",\"url\":\"https:\/\/secure.gravatar.com\/avatar\/df4c8e132080d2b3a4841d5d232045464e0eed11a1d6e43115ca0843d48768d3?s=96&d=mm&r=g\",\"contentUrl\":\"https:\/\/secure.gravatar.com\/avatar\/df4c8e132080d2b3a4841d5d232045464e0eed11a1d6e43115ca0843d48768d3?s=96&d=mm&r=g\",\"caption\":\"Fernando Lima\"},\"sameAs\":[\"http:\/\/verdadeon.com.br\/\"],\"url\":\"https:\/\/verdadeon.com.br\/portal\/author\/fernando-lima\/\"}]}<\/script>\n<!-- \/ Yoast SEO plugin. -->","yoast_head_json":{"title":"Setor da caridade aposta em eventos para levantar fundos no per\u00edodo p\u00f3s pandemia - VerdadeOn","robots":{"index":"index","follow":"follow","max-snippet":"max-snippet:-1","max-image-preview":"max-image-preview:large","max-video-preview":"max-video-preview:-1"},"canonical":"https:\/\/verdadeon.com.br\/portal\/2022\/05\/06\/setor-da-caridade-aposta-em-eventos-para-levantar-fundos-no-periodo-pos-pandemia\/","og_locale":"pt_BR","og_type":"article","og_title":"Setor da caridade aposta em eventos para levantar fundos no per\u00edodo p\u00f3s pandemia - VerdadeOn","og_description":"IANSA, Ber\u00e7\u00e1rio Dona Nina, Apae, entre outras institui\u00e7\u00f5es, retomam eventos presenciais com for\u00e7a em 2022 Fernando Lima O per\u00edodo da pandemia foi marcado por incertezas, tanto [\u2026]","og_url":"https:\/\/verdadeon.com.br\/portal\/2022\/05\/06\/setor-da-caridade-aposta-em-eventos-para-levantar-fundos-no-periodo-pos-pandemia\/","og_site_name":"VerdadeOn","article_published_time":"2022-05-06T20:17:05+00:00","og_image":[{"width":1000,"height":670,"url":"https:\/\/verdadeon.com.br\/portal\/wp-content\/uploads\/2022\/03\/CONSTRUCAO-NOVA-SEDE-IANSA.jpeg","type":"image\/jpeg"}],"author":"Fernando Lima","twitter_card":"summary_large_image","twitter_misc":{"Escrito por":"Fernando Lima","Est. tempo de leitura":"4 minutos"},"schema":{"@context":"https:\/\/schema.org","@graph":[{"@type":"WebPage","@id":"https:\/\/verdadeon.com.br\/portal\/2022\/05\/06\/setor-da-caridade-aposta-em-eventos-para-levantar-fundos-no-periodo-pos-pandemia\/","url":"https:\/\/verdadeon.com.br\/portal\/2022\/05\/06\/setor-da-caridade-aposta-em-eventos-para-levantar-fundos-no-periodo-pos-pandemia\/","name":"Setor da caridade aposta em eventos para levantar fundos no per\u00edodo p\u00f3s pandemia - VerdadeOn","isPartOf":{"@id":"https:\/\/verdadeon.com.br\/portal\/#website"},"primaryImageOfPage":{"@id":"https:\/\/verdadeon.com.br\/portal\/2022\/05\/06\/setor-da-caridade-aposta-em-eventos-para-levantar-fundos-no-periodo-pos-pandemia\/#primaryimage"},"image":{"@id":"https:\/\/verdadeon.com.br\/portal\/2022\/05\/06\/setor-da-caridade-aposta-em-eventos-para-levantar-fundos-no-periodo-pos-pandemia\/#primaryimage"},"thumbnailUrl":"https:\/\/i0.wp.com\/verdadeon.com.br\/portal\/wp-content\/uploads\/2022\/03\/CONSTRUCAO-NOVA-SEDE-IANSA.jpeg?fit=1000%2C670&ssl=1","datePublished":"2022-05-06T20:17:05+00:00","author":{"@id":"https:\/\/verdadeon.com.br\/portal\/#\/schema\/person\/cc32be22b8e8599387c480bc83e1d11a"},"breadcrumb":{"@id":"https:\/\/verdadeon.com.br\/portal\/2022\/05\/06\/setor-da-caridade-aposta-em-eventos-para-levantar-fundos-no-periodo-pos-pandemia\/#breadcrumb"},"inLanguage":"pt-BR","potentialAction":[{"@type":"ReadAction","target":["https:\/\/verdadeon.com.br\/portal\/2022\/05\/06\/setor-da-caridade-aposta-em-eventos-para-levantar-fundos-no-periodo-pos-pandemia\/"]}]},{"@type":"ImageObject","inLanguage":"pt-BR","@id":"https:\/\/verdadeon.com.br\/portal\/2022\/05\/06\/setor-da-caridade-aposta-em-eventos-para-levantar-fundos-no-periodo-pos-pandemia\/#primaryimage","url":"https:\/\/i0.wp.com\/verdadeon.com.br\/portal\/wp-content\/uploads\/2022\/03\/CONSTRUCAO-NOVA-SEDE-IANSA.jpeg?fit=1000%2C670&ssl=1","contentUrl":"https:\/\/i0.wp.com\/verdadeon.com.br\/portal\/wp-content\/uploads\/2022\/03\/CONSTRUCAO-NOVA-SEDE-IANSA.jpeg?fit=1000%2C670&ssl=1","width":1000,"height":670,"caption":"As futuras instala\u00e7\u00f5es da Casa de Apoio Iansa ser\u00e3o na Rua Eus\u00e9bio Cassiano Costa, no Jardim do \u00c9den | Foto: Divulga\u00e7\u00e3o"},{"@type":"BreadcrumbList","@id":"https:\/\/verdadeon.com.br\/portal\/2022\/05\/06\/setor-da-caridade-aposta-em-eventos-para-levantar-fundos-no-periodo-pos-pandemia\/#breadcrumb","itemListElement":[{"@type":"ListItem","position":1,"name":"In\u00edcio","item":"https:\/\/verdadeon.com.br\/portal\/"},{"@type":"ListItem","position":2,"name":"Setor da caridade aposta em eventos para levantar fundos no per\u00edodo p\u00f3s pandemia"}]},{"@type":"WebSite","@id":"https:\/\/verdadeon.com.br\/portal\/#website","url":"https:\/\/verdadeon.com.br\/portal\/","name":"VerdadeOn","description":"Not\u00edcias di\u00e1rias sobre Franca, Regi\u00e3o, Esporte, Cultura, Cotidiano, Colunas. Cobertura nos principais eventos da cidade \u00e9 aqui - Verdadeon Franca","potentialAction":[{"@type":"SearchAction","target":{"@type":"EntryPoint","urlTemplate":"https:\/\/verdadeon.com.br\/portal\/?s={search_term_string}"},"query-input":{"@type":"PropertyValueSpecification","valueRequired":true,"valueName":"search_term_string"}}],"inLanguage":"pt-BR"},{"@type":"Person","@id":"https:\/\/verdadeon.com.br\/portal\/#\/schema\/person\/cc32be22b8e8599387c480bc83e1d11a","name":"Fernando Lima","image":{"@type":"ImageObject","inLanguage":"pt-BR","@id":"https:\/\/verdadeon.com.br\/portal\/#\/schema\/person\/image\/","url":"https:\/\/secure.gravatar.com\/avatar\/df4c8e132080d2b3a4841d5d232045464e0eed11a1d6e43115ca0843d48768d3?s=96&d=mm&r=g","contentUrl":"https:\/\/secure.gravatar.com\/avatar\/df4c8e132080d2b3a4841d5d232045464e0eed11a1d6e43115ca0843d48768d3?s=96&d=mm&r=g","caption":"Fernando Lima"},"sameAs":["http:\/\/verdadeon.com.br\/"],"url":"https:\/\/verdadeon.com.br\/portal\/author\/fernando-lima\/"}]}},"jetpack_publicize_connections":[],"jetpack_featured_media_url":"https:\/\/i0.wp.com\/verdadeon.com.br\/portal\/wp-content\/uploads\/2022\/03\/CONSTRUCAO-NOVA-SEDE-IANSA.jpeg?fit=1000%2C670&ssl=1","jetpack_sharing_enabled":true,"_links":{"self":[{"href":"https:\/\/verdadeon.com.br\/portal\/wp-json\/wp\/v2\/posts\/24908","targetHints":{"allow":["GET"]}}],"collection":[{"href":"https:\/\/verdadeon.com.br\/portal\/wp-json\/wp\/v2\/posts"}],"about":[{"href":"https:\/\/verdadeon.com.br\/portal\/wp-json\/wp\/v2\/types\/post"}],"author":[{"embeddable":true,"href":"https:\/\/verdadeon.com.br\/portal\/wp-json\/wp\/v2\/users\/7"}],"replies":[{"embeddable":true,"href":"https:\/\/verdadeon.com.br\/portal\/wp-json\/wp\/v2\/comments?post=24908"}],"version-history":[{"count":1,"href":"https:\/\/verdadeon.com.br\/portal\/wp-json\/wp\/v2\/posts\/24908\/revisions"}],"predecessor-version":[{"id":24910,"href":"https:\/\/verdadeon.com.br\/portal\/wp-json\/wp\/v2\/posts\/24908\/revisions\/24910"}],"wp:featuredmedia":[{"embeddable":true,"href":"https:\/\/verdadeon.com.br\/portal\/wp-json\/wp\/v2\/media\/23788"}],"wp:attachment":[{"href":"https:\/\/verdadeon.com.br\/portal\/wp-json\/wp\/v2\/media?parent=24908"}],"wp:term":[{"taxonomy":"category","embeddable":true,"href":"https:\/\/verdadeon.com.br\/portal\/wp-json\/wp\/v2\/categories?post=24908"},{"taxonomy":"post_tag","embeddable":true,"href":"https:\/\/verdadeon.com.br\/portal\/wp-json\/wp\/v2\/tags?post=24908"}],"curies":[{"name":"wp","href":"https:\/\/api.w.org\/{rel}","templated":true}]}}